{"id":33682,"date":"2007-11-13T00:00:00","date_gmt":"2007-11-13T02:00:00","guid":{"rendered":"https:\/\/clam.fw2web.com.br\/es\/2007\/11\/13\/conversatorio-politicas-publicas-de-mujer-y-genero\/"},"modified":"2007-11-13T00:00:00","modified_gmt":"2007-11-13T02:00:00","slug":"conversatorio-politicas-publicas-de-mujer-y-genero","status":"publish","type":"post","link":"https:\/\/clam.org.br\/es\/agenda\/conversatorio-politicas-publicas-de-mujer-y-genero\/33682\/","title":{"rendered":"Conversatorio: pol\u00edticas p\u00fablicas de mujer y g\u00e9nero"},"content":{"rendered":"<p><P>La Mesa por el Derecho a la Ciudad es una iniciativa que viene trabajando de manera ininterrumpida desde 2004; est\u00e1 actualmente integrada por la Fundaci\u00f3n Foro Nacional por Colombia, la Asociaci\u00f3n de Trabajo Interdisciplinario ATI, Fedevivienda, Viva la Ciudadan\u00eda y la Universidad Javeriana. <\/P> <P>Durante el 2006 la Mesa por el Derecho a la Ciudad concentr\u00f3 sus esfuerzos en un Seminario Interno de discusi\u00f3n y reflexi\u00f3n con el fin de profundizar en la elaboraci\u00f3n conceptual del derecho a la ciudad. Este seminario cont\u00f3 con la participaci\u00f3n de destacados expertos en temas como derechos humanos, gobierno de la ciudad, h\u00e1bitat, identidad y territorio, Derechos Econ\u00f3micos Sociales y Culturales y Ciudad-Regi\u00f3n. Las memorias de este ejercicio de discusi\u00f3n interna fueron publicadas e incluyen un pr\u00f3logo de Enrique Ortiz presidente de la Coalici\u00f3n Internacional para el H\u00e1bitat de Am\u00e9rica Latina.<\/P> <P>Para este a\u00f1o, la Mesa est\u00e1 trabajando en el dise\u00f1o de la C\u00e1tedra por el Derecho a la Ciudad que tiene como prop\u00f3sito contribuir a la consolidaci\u00f3n de una ciudadan\u00eda con una mejor comprensi\u00f3n de la problem\u00e1tica urbana en Colombia y una mayor sensibilidad hacia la afirmaci\u00f3n y la conquista pol\u00edtica del derecho a la ciudad. <\/P> <P>La estrategia con la que se materializa dicho objetivo es la generaci\u00f3n de conversatorios: espacios de deliberaci\u00f3n donde se logren negociar significados relativos a los temas de la ciudad y donde se posibilite la participaci\u00f3n de los diferentes grupos de la ciudad. Todo esto, encaminado a la generaci\u00f3n de propuestas que ser\u00e1n presentadas a la nueva administraci\u00f3n de la Alcald\u00eda de Bogota. <\/P> <P>La Mesa por el Derecho a la Ciudad convida a su Conversartorio &ldquo;Pol\u00edticas p\u00fablicas de mujer y g\u00e9nero a realizarse el 22 de noviembre a las 16 hs en el auditorio Casa Gal\u00e1n. La Mesa por el Derecho a la Ciudad es una iniciativa que trabaja de manera ininterrumpida desde 2004; est\u00e1 actualmente integrada por la Fundaci\u00f3n Foro Nacional por Colombia, la Asociaci\u00f3n de Trabajo Interdisciplinario ATI, Fedevivienda, Viva la Ciudadan\u00eda y la Universidad Javeriana.<\/P> <P>Durante el 2006 la Mesa por el Derecho a la Ciudad concentr\u00f3 sus esfuerzos en un Seminario Interno de discusi\u00f3n y reflexi\u00f3n con el fin de profundizar en la elaboraci\u00f3n conceptual del derecho a la ciudad. Este seminario cont\u00f3 con la participaci\u00f3n de destacados expertos en temas como derechos humanos, gobierno de la ciudad, h\u00e1bitat, identidad y territorio, Derechos Econ\u00f3micos Sociales y Culturales y Ciudad-Regi\u00f3n. Las memorias de este ejercicio de discusi\u00f3n interna fueron publicadas e incluyen un pr\u00f3logo de Enrique Ortiz presidente de la Coalici\u00f3n Internacional para el H\u00e1bitat de Am\u00e9rica Latina.  <P>Para este a\u00f1o, la Mesa est\u00e1 trabajando en el dise\u00f1o de la C\u00e1tedra por el Derecho a la Ciudad que tiene como prop\u00f3sito contribuir a la consolidaci\u00f3n de una ciudadan\u00eda con una mejor comprensi\u00f3n de la problem\u00e1tica urbana en Colombia y una mayor sensibilidad hacia la afirmaci\u00f3n y la conquista pol\u00edtica del derecho a la ciudad.  <P>La estrategia con la que se materializa dicho objetivo es la generaci\u00f3n de conversatorios: espacios de deliberaci\u00f3n donde se logren negociar significados relativos a los temas de la ciudad y donde se posibilite la participaci\u00f3n de los diferentes grupos de la ciudad. Todo esto, encaminado a la generaci\u00f3n de propuestas que ser\u00e1n presentadas a la nueva administraci\u00f3n de la Alcald\u00eda de Bogota.  <P>Hasta el momento hemos desarrollado 6 conversatorios. Quisi\u00e9ramos que usted nos acompa\u00f1ara en el pr\u00f3ximo, el cual se llevar\u00e1 a cabo el jueves 22\u00b0 de noviembre y tratar\u00e1 sobre la situaci\u00f3n de exclusi\u00f3n de las mujeres en la ciudad. Espec\u00edficamente, nos gustar\u00eda conocer las pol\u00edticas p\u00fablicas de la ciudad al respecto, adem\u00e1s de otras reflexiones producto de su experiencia al frente de la oficina que dirige.  <P>Organiza: Universidad Javeriana.  <P>Invita: La Mesa por el Derecho a la Ciudad <P>Lugar: Auditorio Casa Gal\u00e1n, Calle 34 No 15-77 <P>Hora: 4:00 p.m.  <P>Agradecemos su participaci\u00f3n, y su confirmaci\u00f3n a <A href=\"mailto:mgafaro@javeriana.edu.co\">mgafaro@javeriana.edu.co<\/A>. <\/P><\/p>\n","protected":false},"excerpt":{"rendered":"<p>La Mesa por el Derecho a la Ciudad convida a su Conversartorio &ldquo;Pol\u00edticas p\u00fablicas de mujer y g\u00e9nero a realizarse el 22 de noviembre a las 16 hs en el auditorio Casa Gal\u00e1n.<\/p>\n","protected":false},"author":1,"featured_media":0,"comment_status":"open","ping_status":"open","sticky":false,"template":"","format":"standard","meta":{"_acf_changed":false,"site-sidebar-layout":"default","site-content-layout":"default","ast-global-header-display":"","ast-main-header-display":"","ast-hfb-above-header-display":"","ast-hfb-below-header-display":"","ast-hfb-mobile-header-display":"","site-post-title":"","ast-breadcrumbs-content":"","ast-featured-img":"","footer-sml-layout":"","theme-transparent-header-meta":"","adv-header-id-meta":"","stick-header-meta":"","header-above-stick-meta":"","header-main-stick-meta":"","header-below-stick-meta":"","_jetpack_memberships_contains_paid_content":false,"footnotes":""},"categories":[28],"tags":[],"class_list":["post-33682","post","type-post","status-publish","format-standard","hentry","category-agenda"],"acf":[],"yoast_head":"<!-- This site is optimized with the Yoast SEO plugin v26.1.1 - https:\/\/yoast.com\/wordpress\/plugins\/seo\/ -->\n<title>Conversatorio: pol\u00edticas p\u00fablicas de mujer y g\u00e9nero - CLAM - ES<\/title>\n<meta name=\"robots\" content=\"index, follow, max-snippet:-1, max-image-preview:large, max-video-preview:-1\" \/>\n<link rel=\"canonical\" href=\"https:\/\/clam.org.br\/es\/agenda\/conversatorio-politicas-publicas-de-mujer-y-genero\/33682\/\" \/>\n<meta property=\"og:locale\" content=\"es_ES\" \/>\n<meta property=\"og:type\" content=\"article\" \/>\n<meta property=\"og:title\" content=\"Conversatorio: pol\u00edticas p\u00fablicas de mujer y g\u00e9nero - CLAM - ES\" \/>\n<meta property=\"og:description\" content=\"La Mesa por el Derecho a la Ciudad convida a su Conversartorio &ldquo;Pol\u00edticas p\u00fablicas de mujer y g\u00e9nero a realizarse el 22 de noviembre a las 16 hs en el auditorio Casa Gal\u00e1n.\" \/>\n<meta property=\"og:url\" content=\"https:\/\/clam.org.br\/es\/agenda\/conversatorio-politicas-publicas-de-mujer-y-genero\/33682\/\" \/>\n<meta property=\"og:site_name\" content=\"CLAM - ES\" \/>\n<meta property=\"article:published_time\" content=\"2007-11-13T02:00:00+00:00\" \/>\n<meta name=\"author\" content=\"fw2\" \/>\n<meta name=\"twitter:card\" content=\"summary_large_image\" \/>\n<meta name=\"twitter:label1\" content=\"Escrito por\" \/>\n\t<meta name=\"twitter:data1\" content=\"fw2\" \/>\n\t<meta name=\"twitter:label2\" content=\"Tiempo de lectura\" \/>\n\t<meta name=\"twitter:data2\" content=\"4 minutos\" \/>\n<script type=\"application\/ld+json\" class=\"yoast-schema-graph\">{\"@context\":\"https:\/\/schema.org\",\"@graph\":[{\"@type\":\"WebPage\",\"@id\":\"https:\/\/clam.org.br\/es\/agenda\/conversatorio-politicas-publicas-de-mujer-y-genero\/33682\/\",\"url\":\"https:\/\/clam.org.br\/es\/agenda\/conversatorio-politicas-publicas-de-mujer-y-genero\/33682\/\",\"name\":\"Conversatorio: pol\u00edticas p\u00fablicas de mujer y g\u00e9nero - CLAM - ES\",\"isPartOf\":{\"@id\":\"https:\/\/clam.org.br\/es\/#website\"},\"datePublished\":\"2007-11-13T02:00:00+00:00\",\"author\":{\"@id\":\"https:\/\/clam.org.br\/es\/#\/schema\/person\/fbd9a86032bf7479f94b0ded196f1010\"},\"breadcrumb\":{\"@id\":\"https:\/\/clam.org.br\/es\/agenda\/conversatorio-politicas-publicas-de-mujer-y-genero\/33682\/#breadcrumb\"},\"inLanguage\":\"es\",\"potentialAction\":[{\"@type\":\"ReadAction\",\"target\":[\"https:\/\/clam.org.br\/es\/agenda\/conversatorio-politicas-publicas-de-mujer-y-genero\/33682\/\"]}]},{\"@type\":\"BreadcrumbList\",\"@id\":\"https:\/\/clam.org.br\/es\/agenda\/conversatorio-politicas-publicas-de-mujer-y-genero\/33682\/#breadcrumb\",\"itemListElement\":[{\"@type\":\"ListItem\",\"position\":1,\"name\":\"In\u00edcio\",\"item\":\"https:\/\/clam.org.br\/es\/\"},{\"@type\":\"ListItem\",\"position\":2,\"name\":\"Conversatorio: pol\u00edticas p\u00fablicas de mujer y g\u00e9nero\"}]},{\"@type\":\"WebSite\",\"@id\":\"https:\/\/clam.org.br\/es\/#website\",\"url\":\"https:\/\/clam.org.br\/es\/\",\"name\":\"CLAM - ES\",\"description\":\"S\u00f3 mais um site CLAM - Centro Latino-Americano em Sexualidade e Direitos Humanos sites\",\"potentialAction\":[{\"@type\":\"SearchAction\",\"target\":{\"@type\":\"EntryPoint\",\"urlTemplate\":\"https:\/\/clam.org.br\/es\/?s={search_term_string}\"},\"query-input\":{\"@type\":\"PropertyValueSpecification\",\"valueRequired\":true,\"valueName\":\"search_term_string\"}}],\"inLanguage\":\"es\"},{\"@type\":\"Person\",\"@id\":\"https:\/\/clam.org.br\/es\/#\/schema\/person\/fbd9a86032bf7479f94b0ded196f1010\",\"name\":\"fw2\",\"image\":{\"@type\":\"ImageObject\",\"inLanguage\":\"es\",\"@id\":\"https:\/\/clam.org.br\/es\/#\/schema\/person\/image\/\",\"url\":\"https:\/\/secure.gravatar.com\/avatar\/c38472c0cdbde82d9b6fcc26adb3779d?s=96&d=mm&r=g\",\"contentUrl\":\"https:\/\/secure.gravatar.com\/avatar\/c38472c0cdbde82d9b6fcc26adb3779d?s=96&d=mm&r=g\",\"caption\":\"fw2\"},\"sameAs\":[\"https:\/\/clam.fw2web.com.br\"],\"url\":\"https:\/\/clam.org.br\/es\/author\/fw2\/\"}]}<\/script>\n<!-- \/ Yoast SEO plugin. -->","yoast_head_json":{"title":"Conversatorio: pol\u00edticas p\u00fablicas de mujer y g\u00e9nero - CLAM - ES","robots":{"index":"index","follow":"follow","max-snippet":"max-snippet:-1","max-image-preview":"max-image-preview:large","max-video-preview":"max-video-preview:-1"},"canonical":"https:\/\/clam.org.br\/es\/agenda\/conversatorio-politicas-publicas-de-mujer-y-genero\/33682\/","og_locale":"es_ES","og_type":"article","og_title":"Conversatorio: pol\u00edticas p\u00fablicas de mujer y g\u00e9nero - CLAM - ES","og_description":"La Mesa por el Derecho a la Ciudad convida a su Conversartorio &ldquo;Pol\u00edticas p\u00fablicas de mujer y g\u00e9nero a realizarse el 22 de noviembre a las 16 hs en el auditorio Casa Gal\u00e1n.","og_url":"https:\/\/clam.org.br\/es\/agenda\/conversatorio-politicas-publicas-de-mujer-y-genero\/33682\/","og_site_name":"CLAM - ES","article_published_time":"2007-11-13T02:00:00+00:00","author":"fw2","twitter_card":"summary_large_image","twitter_misc":{"Escrito por":"fw2","Tiempo de lectura":"4 minutos"},"schema":{"@context":"https:\/\/schema.org","@graph":[{"@type":"WebPage","@id":"https:\/\/clam.org.br\/es\/agenda\/conversatorio-politicas-publicas-de-mujer-y-genero\/33682\/","url":"https:\/\/clam.org.br\/es\/agenda\/conversatorio-politicas-publicas-de-mujer-y-genero\/33682\/","name":"Conversatorio: pol\u00edticas p\u00fablicas de mujer y g\u00e9nero - CLAM - ES","isPartOf":{"@id":"https:\/\/clam.org.br\/es\/#website"},"datePublished":"2007-11-13T02:00:00+00:00","author":{"@id":"https:\/\/clam.org.br\/es\/#\/schema\/person\/fbd9a86032bf7479f94b0ded196f1010"},"breadcrumb":{"@id":"https:\/\/clam.org.br\/es\/agenda\/conversatorio-politicas-publicas-de-mujer-y-genero\/33682\/#breadcrumb"},"inLanguage":"es","potentialAction":[{"@type":"ReadAction","target":["https:\/\/clam.org.br\/es\/agenda\/conversatorio-politicas-publicas-de-mujer-y-genero\/33682\/"]}]},{"@type":"BreadcrumbList","@id":"https:\/\/clam.org.br\/es\/agenda\/conversatorio-politicas-publicas-de-mujer-y-genero\/33682\/#breadcrumb","itemListElement":[{"@type":"ListItem","position":1,"name":"In\u00edcio","item":"https:\/\/clam.org.br\/es\/"},{"@type":"ListItem","position":2,"name":"Conversatorio: pol\u00edticas p\u00fablicas de mujer y g\u00e9nero"}]},{"@type":"WebSite","@id":"https:\/\/clam.org.br\/es\/#website","url":"https:\/\/clam.org.br\/es\/","name":"CLAM - ES","description":"S\u00f3 mais um site CLAM - Centro Latino-Americano em Sexualidade e Direitos Humanos sites","potentialAction":[{"@type":"SearchAction","target":{"@type":"EntryPoint","urlTemplate":"https:\/\/clam.org.br\/es\/?s={search_term_string}"},"query-input":{"@type":"PropertyValueSpecification","valueRequired":true,"valueName":"search_term_string"}}],"inLanguage":"es"},{"@type":"Person","@id":"https:\/\/clam.org.br\/es\/#\/schema\/person\/fbd9a86032bf7479f94b0ded196f1010","name":"fw2","image":{"@type":"ImageObject","inLanguage":"es","@id":"https:\/\/clam.org.br\/es\/#\/schema\/person\/image\/","url":"https:\/\/secure.gravatar.com\/avatar\/c38472c0cdbde82d9b6fcc26adb3779d?s=96&d=mm&r=g","contentUrl":"https:\/\/secure.gravatar.com\/avatar\/c38472c0cdbde82d9b6fcc26adb3779d?s=96&d=mm&r=g","caption":"fw2"},"sameAs":["https:\/\/clam.fw2web.com.br"],"url":"https:\/\/clam.org.br\/es\/author\/fw2\/"}]}},"jetpack_featured_media_url":"","jetpack_sharing_enabled":true,"_links":{"self":[{"href":"https:\/\/clam.org.br\/es\/wp-json\/wp\/v2\/posts\/33682","targetHints":{"allow":["GET"]}}],"collection":[{"href":"https:\/\/clam.org.br\/es\/wp-json\/wp\/v2\/posts"}],"about":[{"href":"https:\/\/clam.org.br\/es\/wp-json\/wp\/v2\/types\/post"}],"author":[{"embeddable":true,"href":"https:\/\/clam.org.br\/es\/wp-json\/wp\/v2\/users\/1"}],"replies":[{"embeddable":true,"href":"https:\/\/clam.org.br\/es\/wp-json\/wp\/v2\/comments?post=33682"}],"version-history":[{"count":0,"href":"https:\/\/clam.org.br\/es\/wp-json\/wp\/v2\/posts\/33682\/revisions"}],"wp:attachment":[{"href":"https:\/\/clam.org.br\/es\/wp-json\/wp\/v2\/media?parent=33682"}],"wp:term":[{"taxonomy":"category","embeddable":true,"href":"https:\/\/clam.org.br\/es\/wp-json\/wp\/v2\/categories?post=33682"},{"taxonomy":"post_tag","embeddable":true,"href":"https:\/\/clam.org.br\/es\/wp-json\/wp\/v2\/tags?post=33682"}],"curies":[{"name":"wp","href":"https:\/\/api.w.org\/{rel}","templated":true}]}}