{"id":33689,"date":"2007-11-22T00:00:00","date_gmt":"2007-11-22T02:00:00","guid":{"rendered":"https:\/\/clam.fw2web.com.br\/es\/2007\/11\/22\/gt-37-sexualidades-culturas-etnicas-raciais-e-identidades-da-26a-reuniao-da-associacao-brasileira-de-antropologia-desigualdade-na-diversidade\/"},"modified":"2007-11-22T00:00:00","modified_gmt":"2007-11-22T02:00:00","slug":"gt-37-sexualidades-culturas-etnicas-raciais-e-identidades-da-26a-reuniao-da-associacao-brasileira-de-antropologia-desigualdade-na-diversidade","status":"publish","type":"post","link":"https:\/\/clam.org.br\/es\/agenda\/gt-37-sexualidades-culturas-etnicas-raciais-e-identidades-da-26a-reuniao-da-associacao-brasileira-de-antropologia-desigualdade-na-diversidade\/33689\/","title":{"rendered":"GT 37 &#8211; SEXUALIDADES, CULTURAS \u00c9TNICAS\/RACIAIS E IDENTIDADES da 26\u00aa Reuni\u00e3o da Associa\u00e7\u00e3o Brasileira de Antropologia (Desigualdade na diversidade)"},"content":{"rendered":"<p>GT 37 &#8211; SEXUALIDADES, CULTURAS \u00c9TNICAS\/RACIAIS E IDENTIDADESCoordenador: Fabiano Gontijo (UFPI) Laura Moutinho (USP)<BR>  <P><B>Ementa<\/B>  <P>Este grupo de trabalho objetiva agregar as pesquisas que v\u00eam sendorealizadas nos mais diversos estados brasileiros em torno dos temas dassexualidades, das identidades de g\u00eanero, da orienta\u00e7\u00e3o sexual,ra\u00e7a\/racismo e das culturas sexuais. Atrav\u00e9s da interface entre(homos)sexualidade e ra\u00e7a pretende-se refletir sobre a intimidade (e acomplexidade) da rela\u00e7\u00e3o entre sexualidade, cor\/ra\u00e7a e outros marcadoressociais da diferen\u00e7a. Deste modo, ser\u00e3o abordados e discutidos os aparatoste\u00f3rico e metodol\u00f3gico que v\u00eam sendo utilizados nas pesquisas sobre taistem\u00e1ticas. Mais especificamente, interessa-nos colocar em perspectiva deque modo as diferentes tradi\u00e7\u00f5es pol\u00edticas e culturais determinampercursos individuais e coletivos diversos, em cada situa\u00e7\u00e3o localparticular estudada. Quais as quest\u00f5es que v\u00eam sendo mais abordadas? Onderesidem as resist\u00eancias sociais? Quais as m\u00faltiplas faces do preconceito,da discrimina\u00e7\u00e3o, do sexismo e da homofobia? Poder\u00e3o, ainda, ser abordadosneste grupo de trabalho, os temas: masculinidades, feminilidades erepresenta\u00e7\u00f5es de g\u00eanero; direitos sexuais e direitos humanos; m\u00eddia,estere\u00f3tipos e sexualidade; ativismo e milit\u00e2ncia; produ\u00e7\u00e3o liter\u00e1ria esexualidade; ra\u00e7a e sexualidade; juventude e envelhecimento; culturashomossexuais; preconceito, discrimina\u00e7\u00e3o, sexismo e homofobia; viol\u00eancia ecultura; transg\u00eaneros; corpo e corporeidade; sexualidades urbanas;contesta\u00e7\u00e3o e movimentos sociais; teoria queer; homoerotismo; dentreoutros eixos de an\u00e1lise.<BR>  <P><a href=\"http:\/\/201.48.149.89\/abant\/\" target=\"_blank\" rel=\"noopener\">Informa\u00e7\u00f5es e inscri\u00e7\u00f5es<\/A><\/P><\/p>\n","protected":false},"excerpt":{"rendered":"<p>Prazo final para aceita\u00e7\u00e3o de submiss\u00e3o de propostas de apresenta\u00e7\u00e3o oral ou p\u00f4ster: 29 de janeiro de 2008. De acordo com os crit\u00e9rios estabelecidos pela atual presid\u00eancia da ABA, ter\u00e3o prioridade os s\u00f3cios da ABA e os orientandos de s\u00f3cios da ABA (em dia com a anuidade).<\/p>\n","protected":false},"author":1,"featured_media":0,"comment_status":"open","ping_status":"open","sticky":false,"template":"","format":"standard","meta":{"_acf_changed":false,"site-sidebar-layout":"default","site-content-layout":"default","ast-global-header-display":"","ast-main-header-display":"","ast-hfb-above-header-display":"","ast-hfb-below-header-display":"","ast-hfb-mobile-header-display":"","site-post-title":"","ast-breadcrumbs-content":"","ast-featured-img":"","footer-sml-layout":"","theme-transparent-header-meta":"","adv-header-id-meta":"","stick-header-meta":"","header-above-stick-meta":"","header-main-stick-meta":"","header-below-stick-meta":"","_jetpack_memberships_contains_paid_content":false,"footnotes":""},"categories":[28],"tags":[],"class_list":["post-33689","post","type-post","status-publish","format-standard","hentry","category-agenda"],"acf":[],"yoast_head":"<!-- This site is optimized with the Yoast SEO plugin v26.1.1 - https:\/\/yoast.com\/wordpress\/plugins\/seo\/ -->\n<title>GT 37 - SEXUALIDADES, CULTURAS \u00c9TNICAS\/RACIAIS E IDENTIDADES da 26\u00aa Reuni\u00e3o da Associa\u00e7\u00e3o Brasileira de Antropologia (Desigualdade na diversidade) - CLAM - ES<\/title>\n<meta name=\"robots\" content=\"index, follow, max-snippet:-1, max-image-preview:large, max-video-preview:-1\" \/>\n<link rel=\"canonical\" href=\"https:\/\/clam.org.br\/es\/agenda\/gt-37-sexualidades-culturas-etnicas-raciais-e-identidades-da-26a-reuniao-da-associacao-brasileira-de-antropologia-desigualdade-na-diversidade\/33689\/\" \/>\n<meta property=\"og:locale\" content=\"es_ES\" \/>\n<meta property=\"og:type\" content=\"article\" \/>\n<meta property=\"og:title\" content=\"GT 37 - SEXUALIDADES, CULTURAS \u00c9TNICAS\/RACIAIS E IDENTIDADES da 26\u00aa Reuni\u00e3o da Associa\u00e7\u00e3o Brasileira de Antropologia (Desigualdade na diversidade) - CLAM - ES\" \/>\n<meta property=\"og:description\" content=\"Prazo final para aceita\u00e7\u00e3o de submiss\u00e3o de propostas de apresenta\u00e7\u00e3o oral ou p\u00f4ster: 29 de janeiro de 2008. De acordo com os crit\u00e9rios estabelecidos pela atual presid\u00eancia da ABA, ter\u00e3o prioridade os s\u00f3cios da ABA e os orientandos de s\u00f3cios da ABA (em dia com a anuidade).\" \/>\n<meta property=\"og:url\" content=\"https:\/\/clam.org.br\/es\/agenda\/gt-37-sexualidades-culturas-etnicas-raciais-e-identidades-da-26a-reuniao-da-associacao-brasileira-de-antropologia-desigualdade-na-diversidade\/33689\/\" \/>\n<meta property=\"og:site_name\" content=\"CLAM - ES\" \/>\n<meta property=\"article:published_time\" content=\"2007-11-22T02:00:00+00:00\" \/>\n<meta name=\"author\" content=\"fw2\" \/>\n<meta name=\"twitter:card\" content=\"summary_large_image\" \/>\n<meta name=\"twitter:label1\" content=\"Escrito por\" \/>\n\t<meta name=\"twitter:data1\" content=\"fw2\" \/>\n\t<meta name=\"twitter:label2\" content=\"Tiempo de lectura\" \/>\n\t<meta name=\"twitter:data2\" content=\"1 minuto\" \/>\n<script type=\"application\/ld+json\" class=\"yoast-schema-graph\">{\"@context\":\"https:\/\/schema.org\",\"@graph\":[{\"@type\":\"WebPage\",\"@id\":\"https:\/\/clam.org.br\/es\/agenda\/gt-37-sexualidades-culturas-etnicas-raciais-e-identidades-da-26a-reuniao-da-associacao-brasileira-de-antropologia-desigualdade-na-diversidade\/33689\/\",\"url\":\"https:\/\/clam.org.br\/es\/agenda\/gt-37-sexualidades-culturas-etnicas-raciais-e-identidades-da-26a-reuniao-da-associacao-brasileira-de-antropologia-desigualdade-na-diversidade\/33689\/\",\"name\":\"GT 37 - SEXUALIDADES, CULTURAS \u00c9TNICAS\/RACIAIS E IDENTIDADES da 26\u00aa Reuni\u00e3o da Associa\u00e7\u00e3o Brasileira de Antropologia (Desigualdade na diversidade) - CLAM - ES\",\"isPartOf\":{\"@id\":\"https:\/\/clam.org.br\/es\/#website\"},\"datePublished\":\"2007-11-22T02:00:00+00:00\",\"author\":{\"@id\":\"https:\/\/clam.org.br\/es\/#\/schema\/person\/fbd9a86032bf7479f94b0ded196f1010\"},\"breadcrumb\":{\"@id\":\"https:\/\/clam.org.br\/es\/agenda\/gt-37-sexualidades-culturas-etnicas-raciais-e-identidades-da-26a-reuniao-da-associacao-brasileira-de-antropologia-desigualdade-na-diversidade\/33689\/#breadcrumb\"},\"inLanguage\":\"es\",\"potentialAction\":[{\"@type\":\"ReadAction\",\"target\":[\"https:\/\/clam.org.br\/es\/agenda\/gt-37-sexualidades-culturas-etnicas-raciais-e-identidades-da-26a-reuniao-da-associacao-brasileira-de-antropologia-desigualdade-na-diversidade\/33689\/\"]}]},{\"@type\":\"BreadcrumbList\",\"@id\":\"https:\/\/clam.org.br\/es\/agenda\/gt-37-sexualidades-culturas-etnicas-raciais-e-identidades-da-26a-reuniao-da-associacao-brasileira-de-antropologia-desigualdade-na-diversidade\/33689\/#breadcrumb\",\"itemListElement\":[{\"@type\":\"ListItem\",\"position\":1,\"name\":\"In\u00edcio\",\"item\":\"https:\/\/clam.org.br\/es\/\"},{\"@type\":\"ListItem\",\"position\":2,\"name\":\"GT 37 &#8211; SEXUALIDADES, CULTURAS \u00c9TNICAS\/RACIAIS E IDENTIDADES da 26\u00aa Reuni\u00e3o da Associa\u00e7\u00e3o Brasileira de Antropologia (Desigualdade na diversidade)\"}]},{\"@type\":\"WebSite\",\"@id\":\"https:\/\/clam.org.br\/es\/#website\",\"url\":\"https:\/\/clam.org.br\/es\/\",\"name\":\"CLAM - ES\",\"description\":\"S\u00f3 mais um site CLAM - Centro Latino-Americano em Sexualidade e Direitos Humanos sites\",\"potentialAction\":[{\"@type\":\"SearchAction\",\"target\":{\"@type\":\"EntryPoint\",\"urlTemplate\":\"https:\/\/clam.org.br\/es\/?s={search_term_string}\"},\"query-input\":{\"@type\":\"PropertyValueSpecification\",\"valueRequired\":true,\"valueName\":\"search_term_string\"}}],\"inLanguage\":\"es\"},{\"@type\":\"Person\",\"@id\":\"https:\/\/clam.org.br\/es\/#\/schema\/person\/fbd9a86032bf7479f94b0ded196f1010\",\"name\":\"fw2\",\"image\":{\"@type\":\"ImageObject\",\"inLanguage\":\"es\",\"@id\":\"https:\/\/clam.org.br\/es\/#\/schema\/person\/image\/\",\"url\":\"https:\/\/secure.gravatar.com\/avatar\/c38472c0cdbde82d9b6fcc26adb3779d?s=96&d=mm&r=g\",\"contentUrl\":\"https:\/\/secure.gravatar.com\/avatar\/c38472c0cdbde82d9b6fcc26adb3779d?s=96&d=mm&r=g\",\"caption\":\"fw2\"},\"sameAs\":[\"https:\/\/clam.fw2web.com.br\"],\"url\":\"https:\/\/clam.org.br\/es\/author\/fw2\/\"}]}<\/script>\n<!-- \/ Yoast SEO plugin. -->","yoast_head_json":{"title":"GT 37 - SEXUALIDADES, CULTURAS \u00c9TNICAS\/RACIAIS E IDENTIDADES da 26\u00aa Reuni\u00e3o da Associa\u00e7\u00e3o Brasileira de Antropologia (Desigualdade na diversidade) - CLAM - ES","robots":{"index":"index","follow":"follow","max-snippet":"max-snippet:-1","max-image-preview":"max-image-preview:large","max-video-preview":"max-video-preview:-1"},"canonical":"https:\/\/clam.org.br\/es\/agenda\/gt-37-sexualidades-culturas-etnicas-raciais-e-identidades-da-26a-reuniao-da-associacao-brasileira-de-antropologia-desigualdade-na-diversidade\/33689\/","og_locale":"es_ES","og_type":"article","og_title":"GT 37 - SEXUALIDADES, CULTURAS \u00c9TNICAS\/RACIAIS E IDENTIDADES da 26\u00aa Reuni\u00e3o da Associa\u00e7\u00e3o Brasileira de Antropologia (Desigualdade na diversidade) - CLAM - ES","og_description":"Prazo final para aceita\u00e7\u00e3o de submiss\u00e3o de propostas de apresenta\u00e7\u00e3o oral ou p\u00f4ster: 29 de janeiro de 2008. De acordo com os crit\u00e9rios estabelecidos pela atual presid\u00eancia da ABA, ter\u00e3o prioridade os s\u00f3cios da ABA e os orientandos de s\u00f3cios da ABA (em dia com a anuidade).","og_url":"https:\/\/clam.org.br\/es\/agenda\/gt-37-sexualidades-culturas-etnicas-raciais-e-identidades-da-26a-reuniao-da-associacao-brasileira-de-antropologia-desigualdade-na-diversidade\/33689\/","og_site_name":"CLAM - ES","article_published_time":"2007-11-22T02:00:00+00:00","author":"fw2","twitter_card":"summary_large_image","twitter_misc":{"Escrito por":"fw2","Tiempo de lectura":"1 minuto"},"schema":{"@context":"https:\/\/schema.org","@graph":[{"@type":"WebPage","@id":"https:\/\/clam.org.br\/es\/agenda\/gt-37-sexualidades-culturas-etnicas-raciais-e-identidades-da-26a-reuniao-da-associacao-brasileira-de-antropologia-desigualdade-na-diversidade\/33689\/","url":"https:\/\/clam.org.br\/es\/agenda\/gt-37-sexualidades-culturas-etnicas-raciais-e-identidades-da-26a-reuniao-da-associacao-brasileira-de-antropologia-desigualdade-na-diversidade\/33689\/","name":"GT 37 - SEXUALIDADES, CULTURAS \u00c9TNICAS\/RACIAIS E IDENTIDADES da 26\u00aa Reuni\u00e3o da Associa\u00e7\u00e3o Brasileira de Antropologia (Desigualdade na diversidade) - CLAM - ES","isPartOf":{"@id":"https:\/\/clam.org.br\/es\/#website"},"datePublished":"2007-11-22T02:00:00+00:00","author":{"@id":"https:\/\/clam.org.br\/es\/#\/schema\/person\/fbd9a86032bf7479f94b0ded196f1010"},"breadcrumb":{"@id":"https:\/\/clam.org.br\/es\/agenda\/gt-37-sexualidades-culturas-etnicas-raciais-e-identidades-da-26a-reuniao-da-associacao-brasileira-de-antropologia-desigualdade-na-diversidade\/33689\/#breadcrumb"},"inLanguage":"es","potentialAction":[{"@type":"ReadAction","target":["https:\/\/clam.org.br\/es\/agenda\/gt-37-sexualidades-culturas-etnicas-raciais-e-identidades-da-26a-reuniao-da-associacao-brasileira-de-antropologia-desigualdade-na-diversidade\/33689\/"]}]},{"@type":"BreadcrumbList","@id":"https:\/\/clam.org.br\/es\/agenda\/gt-37-sexualidades-culturas-etnicas-raciais-e-identidades-da-26a-reuniao-da-associacao-brasileira-de-antropologia-desigualdade-na-diversidade\/33689\/#breadcrumb","itemListElement":[{"@type":"ListItem","position":1,"name":"In\u00edcio","item":"https:\/\/clam.org.br\/es\/"},{"@type":"ListItem","position":2,"name":"GT 37 &#8211; SEXUALIDADES, CULTURAS \u00c9TNICAS\/RACIAIS E IDENTIDADES da 26\u00aa Reuni\u00e3o da Associa\u00e7\u00e3o Brasileira de Antropologia (Desigualdade na diversidade)"}]},{"@type":"WebSite","@id":"https:\/\/clam.org.br\/es\/#website","url":"https:\/\/clam.org.br\/es\/","name":"CLAM - ES","description":"S\u00f3 mais um site CLAM - Centro Latino-Americano em Sexualidade e Direitos Humanos sites","potentialAction":[{"@type":"SearchAction","target":{"@type":"EntryPoint","urlTemplate":"https:\/\/clam.org.br\/es\/?s={search_term_string}"},"query-input":{"@type":"PropertyValueSpecification","valueRequired":true,"valueName":"search_term_string"}}],"inLanguage":"es"},{"@type":"Person","@id":"https:\/\/clam.org.br\/es\/#\/schema\/person\/fbd9a86032bf7479f94b0ded196f1010","name":"fw2","image":{"@type":"ImageObject","inLanguage":"es","@id":"https:\/\/clam.org.br\/es\/#\/schema\/person\/image\/","url":"https:\/\/secure.gravatar.com\/avatar\/c38472c0cdbde82d9b6fcc26adb3779d?s=96&d=mm&r=g","contentUrl":"https:\/\/secure.gravatar.com\/avatar\/c38472c0cdbde82d9b6fcc26adb3779d?s=96&d=mm&r=g","caption":"fw2"},"sameAs":["https:\/\/clam.fw2web.com.br"],"url":"https:\/\/clam.org.br\/es\/author\/fw2\/"}]}},"jetpack_featured_media_url":"","jetpack_sharing_enabled":true,"_links":{"self":[{"href":"https:\/\/clam.org.br\/es\/wp-json\/wp\/v2\/posts\/33689","targetHints":{"allow":["GET"]}}],"collection":[{"href":"https:\/\/clam.org.br\/es\/wp-json\/wp\/v2\/posts"}],"about":[{"href":"https:\/\/clam.org.br\/es\/wp-json\/wp\/v2\/types\/post"}],"author":[{"embeddable":true,"href":"https:\/\/clam.org.br\/es\/wp-json\/wp\/v2\/users\/1"}],"replies":[{"embeddable":true,"href":"https:\/\/clam.org.br\/es\/wp-json\/wp\/v2\/comments?post=33689"}],"version-history":[{"count":0,"href":"https:\/\/clam.org.br\/es\/wp-json\/wp\/v2\/posts\/33689\/revisions"}],"wp:attachment":[{"href":"https:\/\/clam.org.br\/es\/wp-json\/wp\/v2\/media?parent=33689"}],"wp:term":[{"taxonomy":"category","embeddable":true,"href":"https:\/\/clam.org.br\/es\/wp-json\/wp\/v2\/categories?post=33689"},{"taxonomy":"post_tag","embeddable":true,"href":"https:\/\/clam.org.br\/es\/wp-json\/wp\/v2\/tags?post=33689"}],"curies":[{"name":"wp","href":"https:\/\/api.w.org\/{rel}","templated":true}]}}