{"id":33690,"date":"2007-11-22T00:00:00","date_gmt":"2007-11-22T02:00:00","guid":{"rendered":"https:\/\/clam.fw2web.com.br\/es\/2007\/11\/22\/26va-jornada-feminista-de-mujeres\/"},"modified":"2007-11-22T00:00:00","modified_gmt":"2007-11-22T02:00:00","slug":"26va-jornada-feminista-de-mujeres","status":"publish","type":"post","link":"https:\/\/clam.org.br\/es\/agenda\/26va-jornada-feminista-de-mujeres\/33690\/","title":{"rendered":"26va jornada feminista de mujeres"},"content":{"rendered":"<p><P>Lugar: Salta 1064, Capital Federal  <P>Fecha: 1 de diciembre de 2007, 9 a 20 horas.  <P>Inscripci\u00f3n: $ 15.- Se pueden solicitar becas y medias becas, que comprenden solamente la inscripci\u00f3n. Asimismo se pueden presentar ponencias y proponer talleres.  <P>Correo electr\u00f3nico: <A href=\"mailto:atem@cpacf.org.ar\">atem@cpacf.org.ar<\/A> <\/P>Temas <P>Eje I.-  <P>&#8211; Mercantilizaci\u00f3n de la sexualidad <P>&#8211; Discursos sobre la libertad sexual.  <P>&#8211; El papel de los medios de comunicaci\u00f3n.  <P>&#8211; La prostituci\u00f3n y la trata de mujeres y ni\u00f1as.  <P>&#8211; An\u00e1lisis cr\u00edtico de las alternativas religiosas y conservadoras.  <P>&#8211; Enfoques feministas.  <P>Eje II.-  <P>&#8211; Reflexiones sobre el XXII Encuentro nacional de Mujeres.  <P>9,30 hs., TALLERES <P>11 a 13 hs., Mesa redonda y debate <P>Panelistas: M\u00f3nica Tarducci, Gabriela Barcaglioni, ATEM &ldquo;25 de noviembre&rdquo;, Trabajo colectivo (de E. San Mart\u00edn, C. Caride, I. Fuscova, P. Oria)  <P>15 hs., Debate sobre la mesa y talleres <P>16,30 hs., An\u00e1lisis y Debate sobre el XXII Encuentro Nacional de Mujeres, C\u00f3rboba 2007.  <P>18 hs., las autoras presentan sus obras. Mar\u00eda Moreno: &ldquo;Banco a la sombra&rdquo;  <P>19,30hs., brindis y cierre<\/P><\/p>\n","protected":false},"excerpt":{"rendered":"<p>&nbsp;&ldquo;ATEM 25 de Noviembre&rdquo;, Asociaci\u00f3n de trabajo y estudio de la Mujer invita a participar de la 26va jornada feminista de mujeres: &ldquo;DE LA LIBERTAD SEXUAL A LA SEXUALIDAD DE MERCADO&rdquo;, que tendr\u00e1 lugar el d\u00eda s\u00e1bado 1\u00ba de diciembre 2007.<\/p>\n","protected":false},"author":1,"featured_media":0,"comment_status":"open","ping_status":"open","sticky":false,"template":"","format":"standard","meta":{"_acf_changed":false,"site-sidebar-layout":"default","site-content-layout":"default","ast-global-header-display":"","ast-main-header-display":"","ast-hfb-above-header-display":"","ast-hfb-below-header-display":"","ast-hfb-mobile-header-display":"","site-post-title":"","ast-breadcrumbs-content":"","ast-featured-img":"","footer-sml-layout":"","theme-transparent-header-meta":"","adv-header-id-meta":"","stick-header-meta":"","header-above-stick-meta":"","header-main-stick-meta":"","header-below-stick-meta":"","_jetpack_memberships_contains_paid_content":false,"footnotes":""},"categories":[28],"tags":[],"class_list":["post-33690","post","type-post","status-publish","format-standard","hentry","category-agenda"],"acf":[],"yoast_head":"<!-- This site is optimized with the Yoast SEO plugin v26.1.1 - https:\/\/yoast.com\/wordpress\/plugins\/seo\/ -->\n<title>26va jornada feminista de mujeres - CLAM - ES<\/title>\n<meta name=\"robots\" content=\"index, follow, max-snippet:-1, max-image-preview:large, max-video-preview:-1\" \/>\n<link rel=\"canonical\" href=\"https:\/\/clam.org.br\/es\/agenda\/26va-jornada-feminista-de-mujeres\/33690\/\" \/>\n<meta property=\"og:locale\" content=\"es_ES\" \/>\n<meta property=\"og:type\" content=\"article\" \/>\n<meta property=\"og:title\" content=\"26va jornada feminista de mujeres - CLAM - ES\" \/>\n<meta property=\"og:description\" content=\"&nbsp;&ldquo;ATEM 25 de Noviembre&rdquo;, Asociaci\u00f3n de trabajo y estudio de la Mujer invita a participar de la 26va jornada feminista de mujeres: &ldquo;DE LA LIBERTAD SEXUAL A LA SEXUALIDAD DE MERCADO&rdquo;, que tendr\u00e1 lugar el d\u00eda s\u00e1bado 1\u00ba de diciembre 2007.\" \/>\n<meta property=\"og:url\" content=\"https:\/\/clam.org.br\/es\/agenda\/26va-jornada-feminista-de-mujeres\/33690\/\" \/>\n<meta property=\"og:site_name\" content=\"CLAM - ES\" \/>\n<meta property=\"article:published_time\" content=\"2007-11-22T02:00:00+00:00\" \/>\n<meta name=\"author\" content=\"fw2\" \/>\n<meta name=\"twitter:card\" content=\"summary_large_image\" \/>\n<meta name=\"twitter:label1\" content=\"Escrito por\" \/>\n\t<meta name=\"twitter:data1\" content=\"fw2\" \/>\n\t<meta name=\"twitter:label2\" content=\"Tiempo de lectura\" \/>\n\t<meta name=\"twitter:data2\" content=\"1 minuto\" \/>\n<script type=\"application\/ld+json\" class=\"yoast-schema-graph\">{\"@context\":\"https:\/\/schema.org\",\"@graph\":[{\"@type\":\"WebPage\",\"@id\":\"https:\/\/clam.org.br\/es\/agenda\/26va-jornada-feminista-de-mujeres\/33690\/\",\"url\":\"https:\/\/clam.org.br\/es\/agenda\/26va-jornada-feminista-de-mujeres\/33690\/\",\"name\":\"26va jornada feminista de mujeres - CLAM - ES\",\"isPartOf\":{\"@id\":\"https:\/\/clam.org.br\/es\/#website\"},\"datePublished\":\"2007-11-22T02:00:00+00:00\",\"author\":{\"@id\":\"https:\/\/clam.org.br\/es\/#\/schema\/person\/fbd9a86032bf7479f94b0ded196f1010\"},\"breadcrumb\":{\"@id\":\"https:\/\/clam.org.br\/es\/agenda\/26va-jornada-feminista-de-mujeres\/33690\/#breadcrumb\"},\"inLanguage\":\"es\",\"potentialAction\":[{\"@type\":\"ReadAction\",\"target\":[\"https:\/\/clam.org.br\/es\/agenda\/26va-jornada-feminista-de-mujeres\/33690\/\"]}]},{\"@type\":\"BreadcrumbList\",\"@id\":\"https:\/\/clam.org.br\/es\/agenda\/26va-jornada-feminista-de-mujeres\/33690\/#breadcrumb\",\"itemListElement\":[{\"@type\":\"ListItem\",\"position\":1,\"name\":\"In\u00edcio\",\"item\":\"https:\/\/clam.org.br\/es\/\"},{\"@type\":\"ListItem\",\"position\":2,\"name\":\"26va jornada feminista de mujeres\"}]},{\"@type\":\"WebSite\",\"@id\":\"https:\/\/clam.org.br\/es\/#website\",\"url\":\"https:\/\/clam.org.br\/es\/\",\"name\":\"CLAM - ES\",\"description\":\"S\u00f3 mais um site CLAM - Centro Latino-Americano em Sexualidade e Direitos Humanos sites\",\"potentialAction\":[{\"@type\":\"SearchAction\",\"target\":{\"@type\":\"EntryPoint\",\"urlTemplate\":\"https:\/\/clam.org.br\/es\/?s={search_term_string}\"},\"query-input\":{\"@type\":\"PropertyValueSpecification\",\"valueRequired\":true,\"valueName\":\"search_term_string\"}}],\"inLanguage\":\"es\"},{\"@type\":\"Person\",\"@id\":\"https:\/\/clam.org.br\/es\/#\/schema\/person\/fbd9a86032bf7479f94b0ded196f1010\",\"name\":\"fw2\",\"image\":{\"@type\":\"ImageObject\",\"inLanguage\":\"es\",\"@id\":\"https:\/\/clam.org.br\/es\/#\/schema\/person\/image\/\",\"url\":\"https:\/\/secure.gravatar.com\/avatar\/c38472c0cdbde82d9b6fcc26adb3779d?s=96&d=mm&r=g\",\"contentUrl\":\"https:\/\/secure.gravatar.com\/avatar\/c38472c0cdbde82d9b6fcc26adb3779d?s=96&d=mm&r=g\",\"caption\":\"fw2\"},\"sameAs\":[\"https:\/\/clam.fw2web.com.br\"],\"url\":\"https:\/\/clam.org.br\/es\/author\/fw2\/\"}]}<\/script>\n<!-- \/ Yoast SEO plugin. -->","yoast_head_json":{"title":"26va jornada feminista de mujeres - CLAM - ES","robots":{"index":"index","follow":"follow","max-snippet":"max-snippet:-1","max-image-preview":"max-image-preview:large","max-video-preview":"max-video-preview:-1"},"canonical":"https:\/\/clam.org.br\/es\/agenda\/26va-jornada-feminista-de-mujeres\/33690\/","og_locale":"es_ES","og_type":"article","og_title":"26va jornada feminista de mujeres - CLAM - ES","og_description":"&nbsp;&ldquo;ATEM 25 de Noviembre&rdquo;, Asociaci\u00f3n de trabajo y estudio de la Mujer invita a participar de la 26va jornada feminista de mujeres: &ldquo;DE LA LIBERTAD SEXUAL A LA SEXUALIDAD DE MERCADO&rdquo;, que tendr\u00e1 lugar el d\u00eda s\u00e1bado 1\u00ba de diciembre 2007.","og_url":"https:\/\/clam.org.br\/es\/agenda\/26va-jornada-feminista-de-mujeres\/33690\/","og_site_name":"CLAM - ES","article_published_time":"2007-11-22T02:00:00+00:00","author":"fw2","twitter_card":"summary_large_image","twitter_misc":{"Escrito por":"fw2","Tiempo de lectura":"1 minuto"},"schema":{"@context":"https:\/\/schema.org","@graph":[{"@type":"WebPage","@id":"https:\/\/clam.org.br\/es\/agenda\/26va-jornada-feminista-de-mujeres\/33690\/","url":"https:\/\/clam.org.br\/es\/agenda\/26va-jornada-feminista-de-mujeres\/33690\/","name":"26va jornada feminista de mujeres - CLAM - ES","isPartOf":{"@id":"https:\/\/clam.org.br\/es\/#website"},"datePublished":"2007-11-22T02:00:00+00:00","author":{"@id":"https:\/\/clam.org.br\/es\/#\/schema\/person\/fbd9a86032bf7479f94b0ded196f1010"},"breadcrumb":{"@id":"https:\/\/clam.org.br\/es\/agenda\/26va-jornada-feminista-de-mujeres\/33690\/#breadcrumb"},"inLanguage":"es","potentialAction":[{"@type":"ReadAction","target":["https:\/\/clam.org.br\/es\/agenda\/26va-jornada-feminista-de-mujeres\/33690\/"]}]},{"@type":"BreadcrumbList","@id":"https:\/\/clam.org.br\/es\/agenda\/26va-jornada-feminista-de-mujeres\/33690\/#breadcrumb","itemListElement":[{"@type":"ListItem","position":1,"name":"In\u00edcio","item":"https:\/\/clam.org.br\/es\/"},{"@type":"ListItem","position":2,"name":"26va jornada feminista de mujeres"}]},{"@type":"WebSite","@id":"https:\/\/clam.org.br\/es\/#website","url":"https:\/\/clam.org.br\/es\/","name":"CLAM - ES","description":"S\u00f3 mais um site CLAM - Centro Latino-Americano em Sexualidade e Direitos Humanos sites","potentialAction":[{"@type":"SearchAction","target":{"@type":"EntryPoint","urlTemplate":"https:\/\/clam.org.br\/es\/?s={search_term_string}"},"query-input":{"@type":"PropertyValueSpecification","valueRequired":true,"valueName":"search_term_string"}}],"inLanguage":"es"},{"@type":"Person","@id":"https:\/\/clam.org.br\/es\/#\/schema\/person\/fbd9a86032bf7479f94b0ded196f1010","name":"fw2","image":{"@type":"ImageObject","inLanguage":"es","@id":"https:\/\/clam.org.br\/es\/#\/schema\/person\/image\/","url":"https:\/\/secure.gravatar.com\/avatar\/c38472c0cdbde82d9b6fcc26adb3779d?s=96&d=mm&r=g","contentUrl":"https:\/\/secure.gravatar.com\/avatar\/c38472c0cdbde82d9b6fcc26adb3779d?s=96&d=mm&r=g","caption":"fw2"},"sameAs":["https:\/\/clam.fw2web.com.br"],"url":"https:\/\/clam.org.br\/es\/author\/fw2\/"}]}},"jetpack_featured_media_url":"","jetpack_sharing_enabled":true,"_links":{"self":[{"href":"https:\/\/clam.org.br\/es\/wp-json\/wp\/v2\/posts\/33690","targetHints":{"allow":["GET"]}}],"collection":[{"href":"https:\/\/clam.org.br\/es\/wp-json\/wp\/v2\/posts"}],"about":[{"href":"https:\/\/clam.org.br\/es\/wp-json\/wp\/v2\/types\/post"}],"author":[{"embeddable":true,"href":"https:\/\/clam.org.br\/es\/wp-json\/wp\/v2\/users\/1"}],"replies":[{"embeddable":true,"href":"https:\/\/clam.org.br\/es\/wp-json\/wp\/v2\/comments?post=33690"}],"version-history":[{"count":0,"href":"https:\/\/clam.org.br\/es\/wp-json\/wp\/v2\/posts\/33690\/revisions"}],"wp:attachment":[{"href":"https:\/\/clam.org.br\/es\/wp-json\/wp\/v2\/media?parent=33690"}],"wp:term":[{"taxonomy":"category","embeddable":true,"href":"https:\/\/clam.org.br\/es\/wp-json\/wp\/v2\/categories?post=33690"},{"taxonomy":"post_tag","embeddable":true,"href":"https:\/\/clam.org.br\/es\/wp-json\/wp\/v2\/tags?post=33690"}],"curies":[{"name":"wp","href":"https:\/\/api.w.org\/{rel}","templated":true}]}}