{"id":33696,"date":"2007-11-27T00:00:00","date_gmt":"2007-11-27T02:00:00","guid":{"rendered":"https:\/\/clam.fw2web.com.br\/es\/2007\/11\/27\/lanzamiento-de-la-revista-el-teje\/"},"modified":"2007-11-27T00:00:00","modified_gmt":"2007-11-27T02:00:00","slug":"lanzamiento-de-la-revista-el-teje","status":"publish","type":"post","link":"https:\/\/clam.org.br\/es\/agenda\/lanzamiento-de-la-revista-el-teje\/33696\/","title":{"rendered":"Lanzamiento de la Revista El Teje"},"content":{"rendered":"<p>Fiesta de presentaci\u00f3n de la Revista El Teje<BR>  <P>A lo largo de este a\u00f1o las \u00c1reas de Comunicaci\u00f3n y de Tecnolog\u00edas del G\u00e9nero llevaron adelante junto a la organizaci\u00f3n Futuro Transgen\u00e9rico, un proyecto de capacitaci\u00f3n en periodismo para personas travestis y transexuales. El Teje &mdash;palabra todo terreno en el vocabulario travesti que alude a lo que no se dice, lo oculto, lo que se trama, lo ilegal, lo sobre entendido&mdash; es el t\u00edtulo de la revista surgida de dicha experiencia de trabajo que hoy deseamos compartir y celebrar con el resto de la comunidad.<BR>  <P>La misma tiene por prop\u00f3sito, en palabras de su editora Marlene Wayar:<BR>  <P>&ldquo;ser la punta de la red (de acci\u00f3n conjunta) para evitar caer en las redes (de la polic\u00eda, del gobierno de turno, de los que creen que s\u00f3lo hay dos maneras de ser-hombre o mujer).<BR>  <P>Cada vez que leemos un diario y una revista, para poder identificarnos, las travestis tenemos que imaginarnos en otros cuerpos y en otras formas de sentir y de pensar.<BR>  <P>El teje se propone como el espejo de nuestro sentir y pensar, es decir las formas en que reaccionamos internamente ante nuestra propia percepci\u00f3n de qu\u00e9 y como somos en relaci\u00f3n al mundo exterior: no somos hombres.<BR>  <P>A veces sentimos que las sociedad toda dice por nosotras, en nuestro lugar. Otra veces sentimos que decimos algo que luego no se traduce en hechos.<BR>  <P>El teje quiere ser el lugar desde donde decir y actuar en este sentido: traducir en representaciones culturales y acciones pol\u00edticas transformadoras del afuera\/otro\/a colectivo\/a, estos discursos internos de sentir y pensar. A esta traducci\u00f3n del pensar y sentir travesti, queremos aportar desde &ldquo;El Teje&rdquo; herramientas te\u00f3ricas, espacios de discusi\u00f3n, de dialogo entre compa\u00f1eras, la reflexi\u00f3n conjunta y &mdash;\u00bfpor qu\u00e9 no?&mdash; la risa en voz alta. Nuestro objetivo \u00faltimo es transmitirnos unas a otras nuestras diversas experiencias y conocimientos para combatir aquello que nos oprime. El teje piensa y trabaja para poner un l\u00edmite a la cultura hegem\u00f3nica, limit\u00e1ndola en su producci\u00f3n de violencia, discriminaci\u00f3n, exclusi\u00f3n, desaparici\u00f3n y muerte.<BR>  <P>La tarea que enfrentamos de modo valiente y solidario tiene un sentido primario: otros mundos posibles, diversos, equitativos, justos, inclusivos&#8230;. pero aportando adem\u00e1s nuestros sue\u00f1os.&rdquo;<BR>  <P>Presentaci\u00f3n El Teje<BR>  <P>Mi\u00e9rcoles 28 a las 19.30hs<BR>  <P>Sala Batato Barea \/ Av. Corrientes 2038<BR>  <P>Capacidad 140 localidades<BR>  <P>Entrada gratuita<BR>  <P>Prensa y Comunicaci\u00f3n<BR>  <P>Centro Cultural Ricardo Rojas UBA<BR>  <P>Tel 4953-3556\/4954-8352<BR>  <P>prenroj@rec.uba.ar<BR>  <P><a href=\"http:\/\/www.rojas.uba.ar\/\" target=\"_blank\" rel=\"noopener\">www.rojas.uba.ar<\/A><\/P><\/p>\n","protected":false},"excerpt":{"rendered":"<p>Las \u00c1reas de Comunicaci\u00f3n y de Tecnolog\u00edas del G\u00e9nero del Centro Cultural Rojas de la ciudad de Buenos Aires invitan a la fiesta de presentaci\u00f3n la revista El Teje que se llevar\u00e1 a cabo el mi\u00e9rcoles 28 a las 19.30hs en la Sala Batato Barea de dicho Centro.<\/p>\n","protected":false},"author":1,"featured_media":0,"comment_status":"open","ping_status":"open","sticky":false,"template":"","format":"standard","meta":{"_acf_changed":false,"site-sidebar-layout":"default","site-content-layout":"default","ast-global-header-display":"","ast-main-header-display":"","ast-hfb-above-header-display":"","ast-hfb-below-header-display":"","ast-hfb-mobile-header-display":"","site-post-title":"","ast-breadcrumbs-content":"","ast-featured-img":"","footer-sml-layout":"","theme-transparent-header-meta":"","adv-header-id-meta":"","stick-header-meta":"","header-above-stick-meta":"","header-main-stick-meta":"","header-below-stick-meta":"","_jetpack_memberships_contains_paid_content":false,"footnotes":""},"categories":[28],"tags":[],"class_list":["post-33696","post","type-post","status-publish","format-standard","hentry","category-agenda"],"acf":[],"yoast_head":"<!-- This site is optimized with the Yoast SEO plugin v26.1.1 - https:\/\/yoast.com\/wordpress\/plugins\/seo\/ -->\n<title>Lanzamiento de la Revista El Teje - CLAM - ES<\/title>\n<meta name=\"robots\" content=\"index, follow, max-snippet:-1, max-image-preview:large, max-video-preview:-1\" \/>\n<link rel=\"canonical\" href=\"https:\/\/clam.org.br\/es\/agenda\/lanzamiento-de-la-revista-el-teje\/33696\/\" \/>\n<meta property=\"og:locale\" content=\"es_ES\" \/>\n<meta property=\"og:type\" content=\"article\" \/>\n<meta property=\"og:title\" content=\"Lanzamiento de la Revista El Teje - CLAM - ES\" \/>\n<meta property=\"og:description\" content=\"Las \u00c1reas de Comunicaci\u00f3n y de Tecnolog\u00edas del G\u00e9nero del Centro Cultural Rojas de la ciudad de Buenos Aires invitan a la fiesta de presentaci\u00f3n la revista El Teje que se llevar\u00e1 a cabo el mi\u00e9rcoles 28 a las 19.30hs en la Sala Batato Barea de dicho Centro.\" \/>\n<meta property=\"og:url\" content=\"https:\/\/clam.org.br\/es\/agenda\/lanzamiento-de-la-revista-el-teje\/33696\/\" \/>\n<meta property=\"og:site_name\" content=\"CLAM - ES\" \/>\n<meta property=\"article:published_time\" content=\"2007-11-27T02:00:00+00:00\" \/>\n<meta name=\"author\" content=\"fw2\" \/>\n<meta name=\"twitter:card\" content=\"summary_large_image\" \/>\n<meta name=\"twitter:label1\" content=\"Escrito por\" \/>\n\t<meta name=\"twitter:data1\" content=\"fw2\" \/>\n\t<meta name=\"twitter:label2\" content=\"Tiempo de lectura\" \/>\n\t<meta name=\"twitter:data2\" content=\"2 minutos\" \/>\n<script type=\"application\/ld+json\" class=\"yoast-schema-graph\">{\"@context\":\"https:\/\/schema.org\",\"@graph\":[{\"@type\":\"WebPage\",\"@id\":\"https:\/\/clam.org.br\/es\/agenda\/lanzamiento-de-la-revista-el-teje\/33696\/\",\"url\":\"https:\/\/clam.org.br\/es\/agenda\/lanzamiento-de-la-revista-el-teje\/33696\/\",\"name\":\"Lanzamiento de la Revista El Teje - CLAM - ES\",\"isPartOf\":{\"@id\":\"https:\/\/clam.org.br\/es\/#website\"},\"datePublished\":\"2007-11-27T02:00:00+00:00\",\"author\":{\"@id\":\"https:\/\/clam.org.br\/es\/#\/schema\/person\/fbd9a86032bf7479f94b0ded196f1010\"},\"breadcrumb\":{\"@id\":\"https:\/\/clam.org.br\/es\/agenda\/lanzamiento-de-la-revista-el-teje\/33696\/#breadcrumb\"},\"inLanguage\":\"es\",\"potentialAction\":[{\"@type\":\"ReadAction\",\"target\":[\"https:\/\/clam.org.br\/es\/agenda\/lanzamiento-de-la-revista-el-teje\/33696\/\"]}]},{\"@type\":\"BreadcrumbList\",\"@id\":\"https:\/\/clam.org.br\/es\/agenda\/lanzamiento-de-la-revista-el-teje\/33696\/#breadcrumb\",\"itemListElement\":[{\"@type\":\"ListItem\",\"position\":1,\"name\":\"In\u00edcio\",\"item\":\"https:\/\/clam.org.br\/es\/\"},{\"@type\":\"ListItem\",\"position\":2,\"name\":\"Lanzamiento de la Revista El Teje\"}]},{\"@type\":\"WebSite\",\"@id\":\"https:\/\/clam.org.br\/es\/#website\",\"url\":\"https:\/\/clam.org.br\/es\/\",\"name\":\"CLAM - ES\",\"description\":\"S\u00f3 mais um site CLAM - Centro Latino-Americano em Sexualidade e Direitos Humanos sites\",\"potentialAction\":[{\"@type\":\"SearchAction\",\"target\":{\"@type\":\"EntryPoint\",\"urlTemplate\":\"https:\/\/clam.org.br\/es\/?s={search_term_string}\"},\"query-input\":{\"@type\":\"PropertyValueSpecification\",\"valueRequired\":true,\"valueName\":\"search_term_string\"}}],\"inLanguage\":\"es\"},{\"@type\":\"Person\",\"@id\":\"https:\/\/clam.org.br\/es\/#\/schema\/person\/fbd9a86032bf7479f94b0ded196f1010\",\"name\":\"fw2\",\"image\":{\"@type\":\"ImageObject\",\"inLanguage\":\"es\",\"@id\":\"https:\/\/clam.org.br\/es\/#\/schema\/person\/image\/\",\"url\":\"https:\/\/secure.gravatar.com\/avatar\/c38472c0cdbde82d9b6fcc26adb3779d?s=96&d=mm&r=g\",\"contentUrl\":\"https:\/\/secure.gravatar.com\/avatar\/c38472c0cdbde82d9b6fcc26adb3779d?s=96&d=mm&r=g\",\"caption\":\"fw2\"},\"sameAs\":[\"https:\/\/clam.fw2web.com.br\"],\"url\":\"https:\/\/clam.org.br\/es\/author\/fw2\/\"}]}<\/script>\n<!-- \/ Yoast SEO plugin. -->","yoast_head_json":{"title":"Lanzamiento de la Revista El Teje - CLAM - ES","robots":{"index":"index","follow":"follow","max-snippet":"max-snippet:-1","max-image-preview":"max-image-preview:large","max-video-preview":"max-video-preview:-1"},"canonical":"https:\/\/clam.org.br\/es\/agenda\/lanzamiento-de-la-revista-el-teje\/33696\/","og_locale":"es_ES","og_type":"article","og_title":"Lanzamiento de la Revista El Teje - CLAM - ES","og_description":"Las \u00c1reas de Comunicaci\u00f3n y de Tecnolog\u00edas del G\u00e9nero del Centro Cultural Rojas de la ciudad de Buenos Aires invitan a la fiesta de presentaci\u00f3n la revista El Teje que se llevar\u00e1 a cabo el mi\u00e9rcoles 28 a las 19.30hs en la Sala Batato Barea de dicho Centro.","og_url":"https:\/\/clam.org.br\/es\/agenda\/lanzamiento-de-la-revista-el-teje\/33696\/","og_site_name":"CLAM - ES","article_published_time":"2007-11-27T02:00:00+00:00","author":"fw2","twitter_card":"summary_large_image","twitter_misc":{"Escrito por":"fw2","Tiempo de lectura":"2 minutos"},"schema":{"@context":"https:\/\/schema.org","@graph":[{"@type":"WebPage","@id":"https:\/\/clam.org.br\/es\/agenda\/lanzamiento-de-la-revista-el-teje\/33696\/","url":"https:\/\/clam.org.br\/es\/agenda\/lanzamiento-de-la-revista-el-teje\/33696\/","name":"Lanzamiento de la Revista El Teje - CLAM - ES","isPartOf":{"@id":"https:\/\/clam.org.br\/es\/#website"},"datePublished":"2007-11-27T02:00:00+00:00","author":{"@id":"https:\/\/clam.org.br\/es\/#\/schema\/person\/fbd9a86032bf7479f94b0ded196f1010"},"breadcrumb":{"@id":"https:\/\/clam.org.br\/es\/agenda\/lanzamiento-de-la-revista-el-teje\/33696\/#breadcrumb"},"inLanguage":"es","potentialAction":[{"@type":"ReadAction","target":["https:\/\/clam.org.br\/es\/agenda\/lanzamiento-de-la-revista-el-teje\/33696\/"]}]},{"@type":"BreadcrumbList","@id":"https:\/\/clam.org.br\/es\/agenda\/lanzamiento-de-la-revista-el-teje\/33696\/#breadcrumb","itemListElement":[{"@type":"ListItem","position":1,"name":"In\u00edcio","item":"https:\/\/clam.org.br\/es\/"},{"@type":"ListItem","position":2,"name":"Lanzamiento de la Revista El Teje"}]},{"@type":"WebSite","@id":"https:\/\/clam.org.br\/es\/#website","url":"https:\/\/clam.org.br\/es\/","name":"CLAM - ES","description":"S\u00f3 mais um site CLAM - Centro Latino-Americano em Sexualidade e Direitos Humanos sites","potentialAction":[{"@type":"SearchAction","target":{"@type":"EntryPoint","urlTemplate":"https:\/\/clam.org.br\/es\/?s={search_term_string}"},"query-input":{"@type":"PropertyValueSpecification","valueRequired":true,"valueName":"search_term_string"}}],"inLanguage":"es"},{"@type":"Person","@id":"https:\/\/clam.org.br\/es\/#\/schema\/person\/fbd9a86032bf7479f94b0ded196f1010","name":"fw2","image":{"@type":"ImageObject","inLanguage":"es","@id":"https:\/\/clam.org.br\/es\/#\/schema\/person\/image\/","url":"https:\/\/secure.gravatar.com\/avatar\/c38472c0cdbde82d9b6fcc26adb3779d?s=96&d=mm&r=g","contentUrl":"https:\/\/secure.gravatar.com\/avatar\/c38472c0cdbde82d9b6fcc26adb3779d?s=96&d=mm&r=g","caption":"fw2"},"sameAs":["https:\/\/clam.fw2web.com.br"],"url":"https:\/\/clam.org.br\/es\/author\/fw2\/"}]}},"jetpack_featured_media_url":"","jetpack_sharing_enabled":true,"_links":{"self":[{"href":"https:\/\/clam.org.br\/es\/wp-json\/wp\/v2\/posts\/33696","targetHints":{"allow":["GET"]}}],"collection":[{"href":"https:\/\/clam.org.br\/es\/wp-json\/wp\/v2\/posts"}],"about":[{"href":"https:\/\/clam.org.br\/es\/wp-json\/wp\/v2\/types\/post"}],"author":[{"embeddable":true,"href":"https:\/\/clam.org.br\/es\/wp-json\/wp\/v2\/users\/1"}],"replies":[{"embeddable":true,"href":"https:\/\/clam.org.br\/es\/wp-json\/wp\/v2\/comments?post=33696"}],"version-history":[{"count":0,"href":"https:\/\/clam.org.br\/es\/wp-json\/wp\/v2\/posts\/33696\/revisions"}],"wp:attachment":[{"href":"https:\/\/clam.org.br\/es\/wp-json\/wp\/v2\/media?parent=33696"}],"wp:term":[{"taxonomy":"category","embeddable":true,"href":"https:\/\/clam.org.br\/es\/wp-json\/wp\/v2\/categories?post=33696"},{"taxonomy":"post_tag","embeddable":true,"href":"https:\/\/clam.org.br\/es\/wp-json\/wp\/v2\/tags?post=33696"}],"curies":[{"name":"wp","href":"https:\/\/api.w.org\/{rel}","templated":true}]}}