{"id":33699,"date":"2007-12-04T00:00:00","date_gmt":"2007-12-04T02:00:00","guid":{"rendered":"https:\/\/clam.fw2web.com.br\/es\/2007\/12\/04\/ciclo-de-cine-documentales-y-cortos-gays-y-lesbicos-patrocinados-por-fundacion-triangulo-de-espana\/"},"modified":"2007-12-04T00:00:00","modified_gmt":"2007-12-04T02:00:00","slug":"ciclo-de-cine-documentales-y-cortos-gays-y-lesbicos-patrocinados-por-fundacion-triangulo-de-espana","status":"publish","type":"post","link":"https:\/\/clam.org.br\/es\/agenda\/ciclo-de-cine-documentales-y-cortos-gays-y-lesbicos-patrocinados-por-fundacion-triangulo-de-espana\/33699\/","title":{"rendered":"Ciclo de cine, documentales y cortos gays y l\u00e9sbicos patrocinados por Fundaci\u00f3n Tri\u00e1ngulo de Espa\u00f1a"},"content":{"rendered":"<p><P>Un taxista a punto de jubilarse conoce a un hombre de negocios y empiezan a salir y conocerse. Poco a poco se aproximan y ocurre lo inevitable. \u00abWen I m 64\u00bb es un filme donde el tema de la homosexualidad en la tercera edad es tab\u00fa en la sociedad actual. <\/P> <P>Historias de este tipo se pueden ver en el Ciclo de cine, documentales y cortos gays y l\u00e9sbicos, que se realiza hasta el 14 de diciembre en la Biblioteca de Santiago. Esta primera muestra cinematogr\u00e1fica presenta pel\u00edculas in\u00e9ditas en nuestro pa\u00eds, las que fueron prestadas gratuitamente por la Fundaci\u00f3n Tri\u00e1ngulo, de Espa\u00f1a, organizaci\u00f3n que realiza el festival de cine gay, l\u00e9sbico y trans hace 15 a\u00f1os, siendo el m\u00e1s grande de Europa. <\/P> <P>\u00abCon esta iniciativa esperamos instalar el ciclo como una tradici\u00f3n, tambi\u00e9n queremos que esta misma muestra sea instalada entre la segunda y tercera semana de enero en La Serena; incluso tenemos en mente sacarla a la calle, buscar un lugar p\u00fablico poner sillas, bancas y una pantalla gigante\u00bb, explica Rolando Jim\u00e9nez, representante del Movimiento de Integraci\u00f3n y Liberaci\u00f3n Homosexual (Movilh).  <P>PROGRAMACI\u00d3N <P>6 de diciembre <P>\u00abChutney popcorn\u00bb, comedia provocativa que habla sobre la familia moderna y sobre Sarita, quien reci\u00e9n casada se entera que no puede tener hijos, y por primera vez en su vida Reena puede hacer algo que su perfecta hermana no puede: quedar embarazada. Obsesionada por ayudar a Sarita, decide que tendr\u00e1 un beb\u00e9 para hacer felices a su hermana y cu\u00f1ado. Ahora deber\u00e1 convencer a su compa\u00f1era para que la apoye con la descabellada idea.  <P>7 de diciembre <P>\u00abWe are dad\u00bb, este documental sigue la vida de una inusual familia, compuesta por dos hombres gays VIH positivo y cinco chicos. Cuatro de ellos tienen VIH, tres son negros y dos blancos. Esta familia est\u00e1 peleando en el Estado de Florida el derecho de adopci\u00f3n por parte de parejas gays, y as\u00ed poder conservar a su hijo sano. La corte se ha negado a escuchar el caso, haciendo uso de una antigua ley que permite discriminar.  <P>14 de diciembre <P>\u00abQueer spawn\u00bb, documental dirigido por Anna Boluda, que habla sobre los m\u00e1s de diez millones de personas con padres gays o madres lesbianas en Estados Unidos. \u00bfSe ven afectados por su tipo de familia? Desde la liberal Nueva York a la conservadoras Texas, varios adolescentes y sus familias exponen sus experiencias y opiniones.<\/P><\/p>\n","protected":false},"excerpt":{"rendered":"<p>La Fundaci\u00f3n Tri\u00e1ngulo de Espa\u00f1a invita al ciclo de cine, documentales y cortos gays y l\u00e9sbicos a realizarse los dias 6, 7 y 14 de diciembre en la Biblioteca de Santiago.<\/p>\n","protected":false},"author":1,"featured_media":0,"comment_status":"open","ping_status":"open","sticky":false,"template":"","format":"standard","meta":{"_acf_changed":false,"site-sidebar-layout":"default","site-content-layout":"default","ast-global-header-display":"","ast-main-header-display":"","ast-hfb-above-header-display":"","ast-hfb-below-header-display":"","ast-hfb-mobile-header-display":"","site-post-title":"","ast-breadcrumbs-content":"","ast-featured-img":"","footer-sml-layout":"","theme-transparent-header-meta":"","adv-header-id-meta":"","stick-header-meta":"","header-above-stick-meta":"","header-main-stick-meta":"","header-below-stick-meta":"","_jetpack_memberships_contains_paid_content":false,"footnotes":""},"categories":[28],"tags":[],"class_list":["post-33699","post","type-post","status-publish","format-standard","hentry","category-agenda"],"acf":[],"yoast_head":"<!-- This site is optimized with the Yoast SEO plugin v26.1.1 - https:\/\/yoast.com\/wordpress\/plugins\/seo\/ -->\n<title>Ciclo de cine, documentales y cortos gays y l\u00e9sbicos patrocinados por Fundaci\u00f3n Tri\u00e1ngulo de Espa\u00f1a - CLAM - ES<\/title>\n<meta name=\"robots\" content=\"index, follow, max-snippet:-1, max-image-preview:large, max-video-preview:-1\" \/>\n<link rel=\"canonical\" href=\"https:\/\/clam.org.br\/es\/agenda\/ciclo-de-cine-documentales-y-cortos-gays-y-lesbicos-patrocinados-por-fundacion-triangulo-de-espana\/33699\/\" \/>\n<meta property=\"og:locale\" content=\"es_ES\" \/>\n<meta property=\"og:type\" content=\"article\" \/>\n<meta property=\"og:title\" content=\"Ciclo de cine, documentales y cortos gays y l\u00e9sbicos patrocinados por Fundaci\u00f3n Tri\u00e1ngulo de Espa\u00f1a - CLAM - ES\" \/>\n<meta property=\"og:description\" content=\"La Fundaci\u00f3n Tri\u00e1ngulo de Espa\u00f1a invita al ciclo de cine, documentales y cortos gays y l\u00e9sbicos a realizarse los dias 6, 7 y 14 de diciembre en la Biblioteca de Santiago.\" \/>\n<meta property=\"og:url\" content=\"https:\/\/clam.org.br\/es\/agenda\/ciclo-de-cine-documentales-y-cortos-gays-y-lesbicos-patrocinados-por-fundacion-triangulo-de-espana\/33699\/\" \/>\n<meta property=\"og:site_name\" content=\"CLAM - ES\" \/>\n<meta property=\"article:published_time\" content=\"2007-12-04T02:00:00+00:00\" \/>\n<meta name=\"author\" content=\"fw2\" \/>\n<meta name=\"twitter:card\" content=\"summary_large_image\" \/>\n<meta name=\"twitter:label1\" content=\"Escrito por\" \/>\n\t<meta name=\"twitter:data1\" content=\"fw2\" \/>\n\t<meta name=\"twitter:label2\" content=\"Tiempo de lectura\" \/>\n\t<meta name=\"twitter:data2\" content=\"2 minutos\" \/>\n<script type=\"application\/ld+json\" class=\"yoast-schema-graph\">{\"@context\":\"https:\/\/schema.org\",\"@graph\":[{\"@type\":\"WebPage\",\"@id\":\"https:\/\/clam.org.br\/es\/agenda\/ciclo-de-cine-documentales-y-cortos-gays-y-lesbicos-patrocinados-por-fundacion-triangulo-de-espana\/33699\/\",\"url\":\"https:\/\/clam.org.br\/es\/agenda\/ciclo-de-cine-documentales-y-cortos-gays-y-lesbicos-patrocinados-por-fundacion-triangulo-de-espana\/33699\/\",\"name\":\"Ciclo de cine, documentales y cortos gays y l\u00e9sbicos patrocinados por Fundaci\u00f3n Tri\u00e1ngulo de Espa\u00f1a - CLAM - ES\",\"isPartOf\":{\"@id\":\"https:\/\/clam.org.br\/es\/#website\"},\"datePublished\":\"2007-12-04T02:00:00+00:00\",\"author\":{\"@id\":\"https:\/\/clam.org.br\/es\/#\/schema\/person\/fbd9a86032bf7479f94b0ded196f1010\"},\"breadcrumb\":{\"@id\":\"https:\/\/clam.org.br\/es\/agenda\/ciclo-de-cine-documentales-y-cortos-gays-y-lesbicos-patrocinados-por-fundacion-triangulo-de-espana\/33699\/#breadcrumb\"},\"inLanguage\":\"es\",\"potentialAction\":[{\"@type\":\"ReadAction\",\"target\":[\"https:\/\/clam.org.br\/es\/agenda\/ciclo-de-cine-documentales-y-cortos-gays-y-lesbicos-patrocinados-por-fundacion-triangulo-de-espana\/33699\/\"]}]},{\"@type\":\"BreadcrumbList\",\"@id\":\"https:\/\/clam.org.br\/es\/agenda\/ciclo-de-cine-documentales-y-cortos-gays-y-lesbicos-patrocinados-por-fundacion-triangulo-de-espana\/33699\/#breadcrumb\",\"itemListElement\":[{\"@type\":\"ListItem\",\"position\":1,\"name\":\"In\u00edcio\",\"item\":\"https:\/\/clam.org.br\/es\/\"},{\"@type\":\"ListItem\",\"position\":2,\"name\":\"Ciclo de cine, documentales y cortos gays y l\u00e9sbicos patrocinados por Fundaci\u00f3n Tri\u00e1ngulo de Espa\u00f1a\"}]},{\"@type\":\"WebSite\",\"@id\":\"https:\/\/clam.org.br\/es\/#website\",\"url\":\"https:\/\/clam.org.br\/es\/\",\"name\":\"CLAM - ES\",\"description\":\"S\u00f3 mais um site CLAM - Centro Latino-Americano em Sexualidade e Direitos Humanos sites\",\"potentialAction\":[{\"@type\":\"SearchAction\",\"target\":{\"@type\":\"EntryPoint\",\"urlTemplate\":\"https:\/\/clam.org.br\/es\/?s={search_term_string}\"},\"query-input\":{\"@type\":\"PropertyValueSpecification\",\"valueRequired\":true,\"valueName\":\"search_term_string\"}}],\"inLanguage\":\"es\"},{\"@type\":\"Person\",\"@id\":\"https:\/\/clam.org.br\/es\/#\/schema\/person\/fbd9a86032bf7479f94b0ded196f1010\",\"name\":\"fw2\",\"image\":{\"@type\":\"ImageObject\",\"inLanguage\":\"es\",\"@id\":\"https:\/\/clam.org.br\/es\/#\/schema\/person\/image\/\",\"url\":\"https:\/\/secure.gravatar.com\/avatar\/c38472c0cdbde82d9b6fcc26adb3779d?s=96&d=mm&r=g\",\"contentUrl\":\"https:\/\/secure.gravatar.com\/avatar\/c38472c0cdbde82d9b6fcc26adb3779d?s=96&d=mm&r=g\",\"caption\":\"fw2\"},\"sameAs\":[\"https:\/\/clam.fw2web.com.br\"],\"url\":\"https:\/\/clam.org.br\/es\/author\/fw2\/\"}]}<\/script>\n<!-- \/ Yoast SEO plugin. -->","yoast_head_json":{"title":"Ciclo de cine, documentales y cortos gays y l\u00e9sbicos patrocinados por Fundaci\u00f3n Tri\u00e1ngulo de Espa\u00f1a - CLAM - ES","robots":{"index":"index","follow":"follow","max-snippet":"max-snippet:-1","max-image-preview":"max-image-preview:large","max-video-preview":"max-video-preview:-1"},"canonical":"https:\/\/clam.org.br\/es\/agenda\/ciclo-de-cine-documentales-y-cortos-gays-y-lesbicos-patrocinados-por-fundacion-triangulo-de-espana\/33699\/","og_locale":"es_ES","og_type":"article","og_title":"Ciclo de cine, documentales y cortos gays y l\u00e9sbicos patrocinados por Fundaci\u00f3n Tri\u00e1ngulo de Espa\u00f1a - CLAM - ES","og_description":"La Fundaci\u00f3n Tri\u00e1ngulo de Espa\u00f1a invita al ciclo de cine, documentales y cortos gays y l\u00e9sbicos a realizarse los dias 6, 7 y 14 de diciembre en la Biblioteca de Santiago.","og_url":"https:\/\/clam.org.br\/es\/agenda\/ciclo-de-cine-documentales-y-cortos-gays-y-lesbicos-patrocinados-por-fundacion-triangulo-de-espana\/33699\/","og_site_name":"CLAM - ES","article_published_time":"2007-12-04T02:00:00+00:00","author":"fw2","twitter_card":"summary_large_image","twitter_misc":{"Escrito por":"fw2","Tiempo de lectura":"2 minutos"},"schema":{"@context":"https:\/\/schema.org","@graph":[{"@type":"WebPage","@id":"https:\/\/clam.org.br\/es\/agenda\/ciclo-de-cine-documentales-y-cortos-gays-y-lesbicos-patrocinados-por-fundacion-triangulo-de-espana\/33699\/","url":"https:\/\/clam.org.br\/es\/agenda\/ciclo-de-cine-documentales-y-cortos-gays-y-lesbicos-patrocinados-por-fundacion-triangulo-de-espana\/33699\/","name":"Ciclo de cine, documentales y cortos gays y l\u00e9sbicos patrocinados por Fundaci\u00f3n Tri\u00e1ngulo de Espa\u00f1a - CLAM - ES","isPartOf":{"@id":"https:\/\/clam.org.br\/es\/#website"},"datePublished":"2007-12-04T02:00:00+00:00","author":{"@id":"https:\/\/clam.org.br\/es\/#\/schema\/person\/fbd9a86032bf7479f94b0ded196f1010"},"breadcrumb":{"@id":"https:\/\/clam.org.br\/es\/agenda\/ciclo-de-cine-documentales-y-cortos-gays-y-lesbicos-patrocinados-por-fundacion-triangulo-de-espana\/33699\/#breadcrumb"},"inLanguage":"es","potentialAction":[{"@type":"ReadAction","target":["https:\/\/clam.org.br\/es\/agenda\/ciclo-de-cine-documentales-y-cortos-gays-y-lesbicos-patrocinados-por-fundacion-triangulo-de-espana\/33699\/"]}]},{"@type":"BreadcrumbList","@id":"https:\/\/clam.org.br\/es\/agenda\/ciclo-de-cine-documentales-y-cortos-gays-y-lesbicos-patrocinados-por-fundacion-triangulo-de-espana\/33699\/#breadcrumb","itemListElement":[{"@type":"ListItem","position":1,"name":"In\u00edcio","item":"https:\/\/clam.org.br\/es\/"},{"@type":"ListItem","position":2,"name":"Ciclo de cine, documentales y cortos gays y l\u00e9sbicos patrocinados por Fundaci\u00f3n Tri\u00e1ngulo de Espa\u00f1a"}]},{"@type":"WebSite","@id":"https:\/\/clam.org.br\/es\/#website","url":"https:\/\/clam.org.br\/es\/","name":"CLAM - ES","description":"S\u00f3 mais um site CLAM - Centro Latino-Americano em Sexualidade e Direitos Humanos sites","potentialAction":[{"@type":"SearchAction","target":{"@type":"EntryPoint","urlTemplate":"https:\/\/clam.org.br\/es\/?s={search_term_string}"},"query-input":{"@type":"PropertyValueSpecification","valueRequired":true,"valueName":"search_term_string"}}],"inLanguage":"es"},{"@type":"Person","@id":"https:\/\/clam.org.br\/es\/#\/schema\/person\/fbd9a86032bf7479f94b0ded196f1010","name":"fw2","image":{"@type":"ImageObject","inLanguage":"es","@id":"https:\/\/clam.org.br\/es\/#\/schema\/person\/image\/","url":"https:\/\/secure.gravatar.com\/avatar\/c38472c0cdbde82d9b6fcc26adb3779d?s=96&d=mm&r=g","contentUrl":"https:\/\/secure.gravatar.com\/avatar\/c38472c0cdbde82d9b6fcc26adb3779d?s=96&d=mm&r=g","caption":"fw2"},"sameAs":["https:\/\/clam.fw2web.com.br"],"url":"https:\/\/clam.org.br\/es\/author\/fw2\/"}]}},"jetpack_featured_media_url":"","jetpack_sharing_enabled":true,"_links":{"self":[{"href":"https:\/\/clam.org.br\/es\/wp-json\/wp\/v2\/posts\/33699","targetHints":{"allow":["GET"]}}],"collection":[{"href":"https:\/\/clam.org.br\/es\/wp-json\/wp\/v2\/posts"}],"about":[{"href":"https:\/\/clam.org.br\/es\/wp-json\/wp\/v2\/types\/post"}],"author":[{"embeddable":true,"href":"https:\/\/clam.org.br\/es\/wp-json\/wp\/v2\/users\/1"}],"replies":[{"embeddable":true,"href":"https:\/\/clam.org.br\/es\/wp-json\/wp\/v2\/comments?post=33699"}],"version-history":[{"count":0,"href":"https:\/\/clam.org.br\/es\/wp-json\/wp\/v2\/posts\/33699\/revisions"}],"wp:attachment":[{"href":"https:\/\/clam.org.br\/es\/wp-json\/wp\/v2\/media?parent=33699"}],"wp:term":[{"taxonomy":"category","embeddable":true,"href":"https:\/\/clam.org.br\/es\/wp-json\/wp\/v2\/categories?post=33699"},{"taxonomy":"post_tag","embeddable":true,"href":"https:\/\/clam.org.br\/es\/wp-json\/wp\/v2\/tags?post=33699"}],"curies":[{"name":"wp","href":"https:\/\/api.w.org\/{rel}","templated":true}]}}