{"id":33702,"date":"2007-12-04T00:00:00","date_gmt":"2007-12-04T02:00:00","guid":{"rendered":"https:\/\/clam.fw2web.com.br\/es\/2007\/12\/04\/1a-conferencia-nacional-de-gays-lesbicas-bissexuais-travestis-e-transexuais-glbt\/"},"modified":"2007-12-04T00:00:00","modified_gmt":"2007-12-04T02:00:00","slug":"1a-conferencia-nacional-de-gays-lesbicas-bissexuais-travestis-e-transexuais-glbt","status":"publish","type":"post","link":"https:\/\/clam.org.br\/es\/agenda\/1a-conferencia-nacional-de-gays-lesbicas-bissexuais-travestis-e-transexuais-glbt\/33702\/","title":{"rendered":"1\u00aa Confer\u00eancia Nacional de Gays, L\u00e9sbicas, Bissexuais, Travestis e Transexuais (GLBT)"},"content":{"rendered":"<p>Com a tem\u00e1tica \u00abDireitos Humanos e Pol\u00edticas P\u00fablicas: O caminho para garantir a cidadania de Gays, L\u00e9sbicas, Bissexuais, Travestis e Transexuais\u00bb, a Confer\u00eancia Nacional ser\u00e1 realizada em Bras\u00edlia de 06 a 08 de Junho de 2008, com 60% de participa\u00e7\u00e3o da sociedade civil e 40% participa\u00e7\u00e3o do governo. Espera-se a participa\u00e7\u00e3o de aproximadamente 700 pessoas.<BR>  <P>O objetivo da Confer\u00eancia \u00e9 propor as diretrizes para a implementa\u00e7\u00e3o de pol\u00edticas p\u00fablicas e o plano nacional de promo\u00e7\u00e3o da cidadania e direitos humanos de Gays, L\u00e9sbicas, Bissexuais, Travestis e Transexuais, bem como avaliar e propor estrat\u00e9gias para fortalecer o Programa Brasil Sem Homofobia.<BR>  <P>Antes da Confer\u00eancia Nacional, confer\u00eancias ser\u00e3o realizadas em todos os estados brasileiros a fim de desenvolver propostas iniciais e eleger os(as) delegados(as) que participar\u00e3o da Confer\u00eancia Nacional.<BR>  <P>A 1\u00aa Confer\u00eancia Nacional de GLBT segue o exemplo de outras confer\u00eancias nacionais realizadas para determinar pol\u00edticas p\u00fablicas em \u00e1reas espec\u00edficas, como a sa\u00fade, mulheres, idosos e igualdade racial.<BR>  <P>Uma Comiss\u00e3o Organizadora abrangente composta por 16 minist\u00e9rios, a Frente Parlamentar pela Cidadania GLBT e 18 representantes dos movimentos GLBT tem a tarefa de elaborar o regimento interno da Confer\u00eancia, orientar as confer\u00eancias estaduais e acompanhar a organiza\u00e7\u00e3o da Confer\u00eancia. A Secretaria Especial dos Direitos Humanos da Presid\u00eancia da Rep\u00fablica \u00e9 respons\u00e1vel pela organiza\u00e7\u00e3o do processo.<BR>  <P>Os 16 minist\u00e9rios participando da comiss\u00e3o organizadora s\u00e3o: Secretaria Especial dos Direitos Humanos (2 vagas), Educa\u00e7\u00e3o, Sa\u00fade, Trabalho e Emprego, Justi\u00e7a, Cultura, Esportes, Cidades, Previd\u00eancia, Desenvolvimento Social, Rela\u00e7\u00f5es Exteriores, Igualdade Racial, Pol\u00edticas para as Mulheres, Turismo, Comunica\u00e7\u00f5es e a Secretaria Geral da Presid\u00eancia da Rep\u00fablica.<BR>  <P>A Frente Parlamentar pela Cidadania GLBT, que ter\u00e1 uma vaga na comiss\u00e3o organizadora, \u00e9 composta por 208 Deputados(as) Federais e 16 Senadores(as), e \u00e9 atuante na promo\u00e7\u00e3o de quest\u00f5es GLBT no Congresso Nacional e em articula\u00e7\u00f5es com o Governo Federal a este respeito.<BR>  <P>Os 18 representantes GLBT v\u00eam das seguintes organiza\u00e7\u00f5es: ABGLT (Associa\u00e7\u00e3o Brasileira de Gays, L\u00e9sbicas, Bissexuais, Travestis e Transexuais) &#8211; 7 vagas; ANTRA (Articula\u00e7\u00e3o Nacional de Travestis e Transexuais) &ndash; 2 vagas; Coletivo Nacional de Transexuais &#8211; 2 vagas; Articula\u00e7\u00e3o Brasileira de L\u00e9sbicas &ndash; 2 vagas; Rede Afro GLBT&ndash; 1 vaga; Liga Brasileira de L\u00e9sbicas &ndash; 2 vagas; ABRAGAY (Associa\u00e7\u00e3o Brasileira de Gays) &ndash; 1 vaga; Grupo E-Jovem &ndash; 1 vaga.<\/P><\/p>\n","protected":false},"excerpt":{"rendered":"<p>O Presidente Lula assinou em 28 de novembro um decreto in\u00e9dito convocando a realiza\u00e7\u00e3o da 1\u00aa Confer\u00eancia Nacional de Gays, L\u00e9sbicas, Bissexuais, Travestis e Transexuais (GLBT). O decreto foi publicado no Di\u00e1rio Oficial da Uni\u00e3o no dia 29 de novembro de 2007.<\/p>\n","protected":false},"author":1,"featured_media":0,"comment_status":"open","ping_status":"open","sticky":false,"template":"","format":"standard","meta":{"_acf_changed":false,"site-sidebar-layout":"default","site-content-layout":"default","ast-global-header-display":"","ast-main-header-display":"","ast-hfb-above-header-display":"","ast-hfb-below-header-display":"","ast-hfb-mobile-header-display":"","site-post-title":"","ast-breadcrumbs-content":"","ast-featured-img":"","footer-sml-layout":"","theme-transparent-header-meta":"","adv-header-id-meta":"","stick-header-meta":"","header-above-stick-meta":"","header-main-stick-meta":"","header-below-stick-meta":"","_jetpack_memberships_contains_paid_content":false,"footnotes":""},"categories":[28],"tags":[],"class_list":["post-33702","post","type-post","status-publish","format-standard","hentry","category-agenda"],"acf":[],"yoast_head":"<!-- This site is optimized with the Yoast SEO plugin v26.1.1 - https:\/\/yoast.com\/wordpress\/plugins\/seo\/ -->\n<title>1\u00aa Confer\u00eancia Nacional de Gays, L\u00e9sbicas, Bissexuais, Travestis e Transexuais (GLBT) - CLAM - ES<\/title>\n<meta name=\"robots\" content=\"index, follow, max-snippet:-1, max-image-preview:large, max-video-preview:-1\" \/>\n<link rel=\"canonical\" href=\"https:\/\/clam.org.br\/es\/agenda\/1a-conferencia-nacional-de-gays-lesbicas-bissexuais-travestis-e-transexuais-glbt\/33702\/\" \/>\n<meta property=\"og:locale\" content=\"es_ES\" \/>\n<meta property=\"og:type\" content=\"article\" \/>\n<meta property=\"og:title\" content=\"1\u00aa Confer\u00eancia Nacional de Gays, L\u00e9sbicas, Bissexuais, Travestis e Transexuais (GLBT) - CLAM - ES\" \/>\n<meta property=\"og:description\" content=\"O Presidente Lula assinou em 28 de novembro um decreto in\u00e9dito convocando a realiza\u00e7\u00e3o da 1\u00aa Confer\u00eancia Nacional de Gays, L\u00e9sbicas, Bissexuais, Travestis e Transexuais (GLBT). O decreto foi publicado no Di\u00e1rio Oficial da Uni\u00e3o no dia 29 de novembro de 2007.\" \/>\n<meta property=\"og:url\" content=\"https:\/\/clam.org.br\/es\/agenda\/1a-conferencia-nacional-de-gays-lesbicas-bissexuais-travestis-e-transexuais-glbt\/33702\/\" \/>\n<meta property=\"og:site_name\" content=\"CLAM - ES\" \/>\n<meta property=\"article:published_time\" content=\"2007-12-04T02:00:00+00:00\" \/>\n<meta name=\"author\" content=\"fw2\" \/>\n<meta name=\"twitter:card\" content=\"summary_large_image\" \/>\n<meta name=\"twitter:label1\" content=\"Escrito por\" \/>\n\t<meta name=\"twitter:data1\" content=\"fw2\" \/>\n\t<meta name=\"twitter:label2\" content=\"Tiempo de lectura\" \/>\n\t<meta name=\"twitter:data2\" content=\"2 minutos\" \/>\n<script type=\"application\/ld+json\" class=\"yoast-schema-graph\">{\"@context\":\"https:\/\/schema.org\",\"@graph\":[{\"@type\":\"WebPage\",\"@id\":\"https:\/\/clam.org.br\/es\/agenda\/1a-conferencia-nacional-de-gays-lesbicas-bissexuais-travestis-e-transexuais-glbt\/33702\/\",\"url\":\"https:\/\/clam.org.br\/es\/agenda\/1a-conferencia-nacional-de-gays-lesbicas-bissexuais-travestis-e-transexuais-glbt\/33702\/\",\"name\":\"1\u00aa Confer\u00eancia Nacional de Gays, L\u00e9sbicas, Bissexuais, Travestis e Transexuais (GLBT) - CLAM - ES\",\"isPartOf\":{\"@id\":\"https:\/\/clam.org.br\/es\/#website\"},\"datePublished\":\"2007-12-04T02:00:00+00:00\",\"author\":{\"@id\":\"https:\/\/clam.org.br\/es\/#\/schema\/person\/fbd9a86032bf7479f94b0ded196f1010\"},\"breadcrumb\":{\"@id\":\"https:\/\/clam.org.br\/es\/agenda\/1a-conferencia-nacional-de-gays-lesbicas-bissexuais-travestis-e-transexuais-glbt\/33702\/#breadcrumb\"},\"inLanguage\":\"es\",\"potentialAction\":[{\"@type\":\"ReadAction\",\"target\":[\"https:\/\/clam.org.br\/es\/agenda\/1a-conferencia-nacional-de-gays-lesbicas-bissexuais-travestis-e-transexuais-glbt\/33702\/\"]}]},{\"@type\":\"BreadcrumbList\",\"@id\":\"https:\/\/clam.org.br\/es\/agenda\/1a-conferencia-nacional-de-gays-lesbicas-bissexuais-travestis-e-transexuais-glbt\/33702\/#breadcrumb\",\"itemListElement\":[{\"@type\":\"ListItem\",\"position\":1,\"name\":\"In\u00edcio\",\"item\":\"https:\/\/clam.org.br\/es\/\"},{\"@type\":\"ListItem\",\"position\":2,\"name\":\"1\u00aa Confer\u00eancia Nacional de Gays, L\u00e9sbicas, Bissexuais, Travestis e Transexuais (GLBT)\"}]},{\"@type\":\"WebSite\",\"@id\":\"https:\/\/clam.org.br\/es\/#website\",\"url\":\"https:\/\/clam.org.br\/es\/\",\"name\":\"CLAM - ES\",\"description\":\"S\u00f3 mais um site CLAM - Centro Latino-Americano em Sexualidade e Direitos Humanos sites\",\"potentialAction\":[{\"@type\":\"SearchAction\",\"target\":{\"@type\":\"EntryPoint\",\"urlTemplate\":\"https:\/\/clam.org.br\/es\/?s={search_term_string}\"},\"query-input\":{\"@type\":\"PropertyValueSpecification\",\"valueRequired\":true,\"valueName\":\"search_term_string\"}}],\"inLanguage\":\"es\"},{\"@type\":\"Person\",\"@id\":\"https:\/\/clam.org.br\/es\/#\/schema\/person\/fbd9a86032bf7479f94b0ded196f1010\",\"name\":\"fw2\",\"image\":{\"@type\":\"ImageObject\",\"inLanguage\":\"es\",\"@id\":\"https:\/\/clam.org.br\/es\/#\/schema\/person\/image\/\",\"url\":\"https:\/\/secure.gravatar.com\/avatar\/c38472c0cdbde82d9b6fcc26adb3779d?s=96&d=mm&r=g\",\"contentUrl\":\"https:\/\/secure.gravatar.com\/avatar\/c38472c0cdbde82d9b6fcc26adb3779d?s=96&d=mm&r=g\",\"caption\":\"fw2\"},\"sameAs\":[\"https:\/\/clam.fw2web.com.br\"],\"url\":\"https:\/\/clam.org.br\/es\/author\/fw2\/\"}]}<\/script>\n<!-- \/ Yoast SEO plugin. -->","yoast_head_json":{"title":"1\u00aa Confer\u00eancia Nacional de Gays, L\u00e9sbicas, Bissexuais, Travestis e Transexuais (GLBT) - CLAM - ES","robots":{"index":"index","follow":"follow","max-snippet":"max-snippet:-1","max-image-preview":"max-image-preview:large","max-video-preview":"max-video-preview:-1"},"canonical":"https:\/\/clam.org.br\/es\/agenda\/1a-conferencia-nacional-de-gays-lesbicas-bissexuais-travestis-e-transexuais-glbt\/33702\/","og_locale":"es_ES","og_type":"article","og_title":"1\u00aa Confer\u00eancia Nacional de Gays, L\u00e9sbicas, Bissexuais, Travestis e Transexuais (GLBT) - CLAM - ES","og_description":"O Presidente Lula assinou em 28 de novembro um decreto in\u00e9dito convocando a realiza\u00e7\u00e3o da 1\u00aa Confer\u00eancia Nacional de Gays, L\u00e9sbicas, Bissexuais, Travestis e Transexuais (GLBT). O decreto foi publicado no Di\u00e1rio Oficial da Uni\u00e3o no dia 29 de novembro de 2007.","og_url":"https:\/\/clam.org.br\/es\/agenda\/1a-conferencia-nacional-de-gays-lesbicas-bissexuais-travestis-e-transexuais-glbt\/33702\/","og_site_name":"CLAM - ES","article_published_time":"2007-12-04T02:00:00+00:00","author":"fw2","twitter_card":"summary_large_image","twitter_misc":{"Escrito por":"fw2","Tiempo de lectura":"2 minutos"},"schema":{"@context":"https:\/\/schema.org","@graph":[{"@type":"WebPage","@id":"https:\/\/clam.org.br\/es\/agenda\/1a-conferencia-nacional-de-gays-lesbicas-bissexuais-travestis-e-transexuais-glbt\/33702\/","url":"https:\/\/clam.org.br\/es\/agenda\/1a-conferencia-nacional-de-gays-lesbicas-bissexuais-travestis-e-transexuais-glbt\/33702\/","name":"1\u00aa Confer\u00eancia Nacional de Gays, L\u00e9sbicas, Bissexuais, Travestis e Transexuais (GLBT) - CLAM - ES","isPartOf":{"@id":"https:\/\/clam.org.br\/es\/#website"},"datePublished":"2007-12-04T02:00:00+00:00","author":{"@id":"https:\/\/clam.org.br\/es\/#\/schema\/person\/fbd9a86032bf7479f94b0ded196f1010"},"breadcrumb":{"@id":"https:\/\/clam.org.br\/es\/agenda\/1a-conferencia-nacional-de-gays-lesbicas-bissexuais-travestis-e-transexuais-glbt\/33702\/#breadcrumb"},"inLanguage":"es","potentialAction":[{"@type":"ReadAction","target":["https:\/\/clam.org.br\/es\/agenda\/1a-conferencia-nacional-de-gays-lesbicas-bissexuais-travestis-e-transexuais-glbt\/33702\/"]}]},{"@type":"BreadcrumbList","@id":"https:\/\/clam.org.br\/es\/agenda\/1a-conferencia-nacional-de-gays-lesbicas-bissexuais-travestis-e-transexuais-glbt\/33702\/#breadcrumb","itemListElement":[{"@type":"ListItem","position":1,"name":"In\u00edcio","item":"https:\/\/clam.org.br\/es\/"},{"@type":"ListItem","position":2,"name":"1\u00aa Confer\u00eancia Nacional de Gays, L\u00e9sbicas, Bissexuais, Travestis e Transexuais (GLBT)"}]},{"@type":"WebSite","@id":"https:\/\/clam.org.br\/es\/#website","url":"https:\/\/clam.org.br\/es\/","name":"CLAM - ES","description":"S\u00f3 mais um site CLAM - Centro Latino-Americano em Sexualidade e Direitos Humanos sites","potentialAction":[{"@type":"SearchAction","target":{"@type":"EntryPoint","urlTemplate":"https:\/\/clam.org.br\/es\/?s={search_term_string}"},"query-input":{"@type":"PropertyValueSpecification","valueRequired":true,"valueName":"search_term_string"}}],"inLanguage":"es"},{"@type":"Person","@id":"https:\/\/clam.org.br\/es\/#\/schema\/person\/fbd9a86032bf7479f94b0ded196f1010","name":"fw2","image":{"@type":"ImageObject","inLanguage":"es","@id":"https:\/\/clam.org.br\/es\/#\/schema\/person\/image\/","url":"https:\/\/secure.gravatar.com\/avatar\/c38472c0cdbde82d9b6fcc26adb3779d?s=96&d=mm&r=g","contentUrl":"https:\/\/secure.gravatar.com\/avatar\/c38472c0cdbde82d9b6fcc26adb3779d?s=96&d=mm&r=g","caption":"fw2"},"sameAs":["https:\/\/clam.fw2web.com.br"],"url":"https:\/\/clam.org.br\/es\/author\/fw2\/"}]}},"jetpack_featured_media_url":"","jetpack_sharing_enabled":true,"_links":{"self":[{"href":"https:\/\/clam.org.br\/es\/wp-json\/wp\/v2\/posts\/33702","targetHints":{"allow":["GET"]}}],"collection":[{"href":"https:\/\/clam.org.br\/es\/wp-json\/wp\/v2\/posts"}],"about":[{"href":"https:\/\/clam.org.br\/es\/wp-json\/wp\/v2\/types\/post"}],"author":[{"embeddable":true,"href":"https:\/\/clam.org.br\/es\/wp-json\/wp\/v2\/users\/1"}],"replies":[{"embeddable":true,"href":"https:\/\/clam.org.br\/es\/wp-json\/wp\/v2\/comments?post=33702"}],"version-history":[{"count":0,"href":"https:\/\/clam.org.br\/es\/wp-json\/wp\/v2\/posts\/33702\/revisions"}],"wp:attachment":[{"href":"https:\/\/clam.org.br\/es\/wp-json\/wp\/v2\/media?parent=33702"}],"wp:term":[{"taxonomy":"category","embeddable":true,"href":"https:\/\/clam.org.br\/es\/wp-json\/wp\/v2\/categories?post=33702"},{"taxonomy":"post_tag","embeddable":true,"href":"https:\/\/clam.org.br\/es\/wp-json\/wp\/v2\/tags?post=33702"}],"curies":[{"name":"wp","href":"https:\/\/api.w.org\/{rel}","templated":true}]}}