{"id":33704,"date":"2007-12-11T00:00:00","date_gmt":"2007-12-11T02:00:00","guid":{"rendered":"https:\/\/clam.fw2web.com.br\/es\/2007\/12\/11\/en-mexico-no-hablamos-de-racismo-mujeres-mestizaje-y-practicas-contemporaneas-del-racismo\/"},"modified":"2007-12-11T00:00:00","modified_gmt":"2007-12-11T02:00:00","slug":"en-mexico-no-hablamos-de-racismo-mujeres-mestizaje-y-practicas-contemporaneas-del-racismo","status":"publish","type":"post","link":"https:\/\/clam.org.br\/es\/agenda\/en-mexico-no-hablamos-de-racismo-mujeres-mestizaje-y-practicas-contemporaneas-del-racismo\/33704\/","title":{"rendered":"En M\u00e9xico no hablamos de racismo: Mujeres, mestizaje y pr\u00e1cticas contempor\u00e1neas del racismo"},"content":{"rendered":"<p>Impartida por la doctora M\u00f3nica Moreno Figueroa, investigadora de la Universidad de Nottingham, especialista en el tema del mestizaje en M\u00e9xico, esta conferencia se realizar\u00e1 el martes 18 de diciembre a las 17:00 horas en el aula 2247 de El Colegio de M\u00e9xico.<BR>  <P>Convoca el Programa Interdisciplinario de Estudios de la Mujer. El Colegio de M\u00e9xico est\u00e1 ubicado en Camino al Ajusco n\u00famero 20, col. Pedregal de Santa Teresa, en el sur de la ciudad de M\u00e9xico. <\/P><\/p>\n","protected":false},"excerpt":{"rendered":"<p>&nbsp;El Programa Interdisciplinario de Estudios de la Mujer invita a la Conferencia &ldquo;En M\u00e9xico no hablamos de racismo: Mujeres, mestizaje y pr\u00e1cticas contempor\u00e1neas del racismo&rdquo;, que se realizar\u00e1 el 18 de diciembre a las 17 hs en el Colegio de M\u00e9xico.<\/p>\n","protected":false},"author":1,"featured_media":0,"comment_status":"open","ping_status":"open","sticky":false,"template":"","format":"standard","meta":{"_acf_changed":false,"site-sidebar-layout":"default","site-content-layout":"default","ast-global-header-display":"","ast-main-header-display":"","ast-hfb-above-header-display":"","ast-hfb-below-header-display":"","ast-hfb-mobile-header-display":"","site-post-title":"","ast-breadcrumbs-content":"","ast-featured-img":"","footer-sml-layout":"","theme-transparent-header-meta":"","adv-header-id-meta":"","stick-header-meta":"","header-above-stick-meta":"","header-main-stick-meta":"","header-below-stick-meta":"","_jetpack_memberships_contains_paid_content":false,"footnotes":""},"categories":[28],"tags":[],"class_list":["post-33704","post","type-post","status-publish","format-standard","hentry","category-agenda"],"acf":[],"yoast_head":"<!-- This site is optimized with the Yoast SEO plugin v26.1.1 - https:\/\/yoast.com\/wordpress\/plugins\/seo\/ -->\n<title>En M\u00e9xico no hablamos de racismo: Mujeres, mestizaje y pr\u00e1cticas contempor\u00e1neas del racismo - CLAM - ES<\/title>\n<meta name=\"robots\" content=\"index, follow, max-snippet:-1, max-image-preview:large, max-video-preview:-1\" \/>\n<link rel=\"canonical\" href=\"https:\/\/clam.org.br\/es\/agenda\/en-mexico-no-hablamos-de-racismo-mujeres-mestizaje-y-practicas-contemporaneas-del-racismo\/33704\/\" \/>\n<meta property=\"og:locale\" content=\"es_ES\" \/>\n<meta property=\"og:type\" content=\"article\" \/>\n<meta property=\"og:title\" content=\"En M\u00e9xico no hablamos de racismo: Mujeres, mestizaje y pr\u00e1cticas contempor\u00e1neas del racismo - CLAM - ES\" \/>\n<meta property=\"og:description\" content=\"&nbsp;El Programa Interdisciplinario de Estudios de la Mujer invita a la Conferencia &ldquo;En M\u00e9xico no hablamos de racismo: Mujeres, mestizaje y pr\u00e1cticas contempor\u00e1neas del racismo&rdquo;, que se realizar\u00e1 el 18 de diciembre a las 17 hs en el Colegio de M\u00e9xico.\" \/>\n<meta property=\"og:url\" content=\"https:\/\/clam.org.br\/es\/agenda\/en-mexico-no-hablamos-de-racismo-mujeres-mestizaje-y-practicas-contemporaneas-del-racismo\/33704\/\" \/>\n<meta property=\"og:site_name\" content=\"CLAM - ES\" \/>\n<meta property=\"article:published_time\" content=\"2007-12-11T02:00:00+00:00\" \/>\n<meta name=\"author\" content=\"fw2\" \/>\n<meta name=\"twitter:card\" content=\"summary_large_image\" \/>\n<meta name=\"twitter:label1\" content=\"Escrito por\" \/>\n\t<meta name=\"twitter:data1\" content=\"fw2\" \/>\n<script type=\"application\/ld+json\" class=\"yoast-schema-graph\">{\"@context\":\"https:\/\/schema.org\",\"@graph\":[{\"@type\":\"WebPage\",\"@id\":\"https:\/\/clam.org.br\/es\/agenda\/en-mexico-no-hablamos-de-racismo-mujeres-mestizaje-y-practicas-contemporaneas-del-racismo\/33704\/\",\"url\":\"https:\/\/clam.org.br\/es\/agenda\/en-mexico-no-hablamos-de-racismo-mujeres-mestizaje-y-practicas-contemporaneas-del-racismo\/33704\/\",\"name\":\"En M\u00e9xico no hablamos de racismo: Mujeres, mestizaje y pr\u00e1cticas contempor\u00e1neas del racismo - CLAM - ES\",\"isPartOf\":{\"@id\":\"https:\/\/clam.org.br\/es\/#website\"},\"datePublished\":\"2007-12-11T02:00:00+00:00\",\"author\":{\"@id\":\"https:\/\/clam.org.br\/es\/#\/schema\/person\/fbd9a86032bf7479f94b0ded196f1010\"},\"breadcrumb\":{\"@id\":\"https:\/\/clam.org.br\/es\/agenda\/en-mexico-no-hablamos-de-racismo-mujeres-mestizaje-y-practicas-contemporaneas-del-racismo\/33704\/#breadcrumb\"},\"inLanguage\":\"es\",\"potentialAction\":[{\"@type\":\"ReadAction\",\"target\":[\"https:\/\/clam.org.br\/es\/agenda\/en-mexico-no-hablamos-de-racismo-mujeres-mestizaje-y-practicas-contemporaneas-del-racismo\/33704\/\"]}]},{\"@type\":\"BreadcrumbList\",\"@id\":\"https:\/\/clam.org.br\/es\/agenda\/en-mexico-no-hablamos-de-racismo-mujeres-mestizaje-y-practicas-contemporaneas-del-racismo\/33704\/#breadcrumb\",\"itemListElement\":[{\"@type\":\"ListItem\",\"position\":1,\"name\":\"In\u00edcio\",\"item\":\"https:\/\/clam.org.br\/es\/\"},{\"@type\":\"ListItem\",\"position\":2,\"name\":\"En M\u00e9xico no hablamos de racismo: Mujeres, mestizaje y pr\u00e1cticas contempor\u00e1neas del racismo\"}]},{\"@type\":\"WebSite\",\"@id\":\"https:\/\/clam.org.br\/es\/#website\",\"url\":\"https:\/\/clam.org.br\/es\/\",\"name\":\"CLAM - ES\",\"description\":\"S\u00f3 mais um site CLAM - Centro Latino-Americano em Sexualidade e Direitos Humanos sites\",\"potentialAction\":[{\"@type\":\"SearchAction\",\"target\":{\"@type\":\"EntryPoint\",\"urlTemplate\":\"https:\/\/clam.org.br\/es\/?s={search_term_string}\"},\"query-input\":{\"@type\":\"PropertyValueSpecification\",\"valueRequired\":true,\"valueName\":\"search_term_string\"}}],\"inLanguage\":\"es\"},{\"@type\":\"Person\",\"@id\":\"https:\/\/clam.org.br\/es\/#\/schema\/person\/fbd9a86032bf7479f94b0ded196f1010\",\"name\":\"fw2\",\"image\":{\"@type\":\"ImageObject\",\"inLanguage\":\"es\",\"@id\":\"https:\/\/clam.org.br\/es\/#\/schema\/person\/image\/\",\"url\":\"https:\/\/secure.gravatar.com\/avatar\/c38472c0cdbde82d9b6fcc26adb3779d?s=96&d=mm&r=g\",\"contentUrl\":\"https:\/\/secure.gravatar.com\/avatar\/c38472c0cdbde82d9b6fcc26adb3779d?s=96&d=mm&r=g\",\"caption\":\"fw2\"},\"sameAs\":[\"https:\/\/clam.fw2web.com.br\"],\"url\":\"https:\/\/clam.org.br\/es\/author\/fw2\/\"}]}<\/script>\n<!-- \/ Yoast SEO plugin. -->","yoast_head_json":{"title":"En M\u00e9xico no hablamos de racismo: Mujeres, mestizaje y pr\u00e1cticas contempor\u00e1neas del racismo - CLAM - ES","robots":{"index":"index","follow":"follow","max-snippet":"max-snippet:-1","max-image-preview":"max-image-preview:large","max-video-preview":"max-video-preview:-1"},"canonical":"https:\/\/clam.org.br\/es\/agenda\/en-mexico-no-hablamos-de-racismo-mujeres-mestizaje-y-practicas-contemporaneas-del-racismo\/33704\/","og_locale":"es_ES","og_type":"article","og_title":"En M\u00e9xico no hablamos de racismo: Mujeres, mestizaje y pr\u00e1cticas contempor\u00e1neas del racismo - CLAM - ES","og_description":"&nbsp;El Programa Interdisciplinario de Estudios de la Mujer invita a la Conferencia &ldquo;En M\u00e9xico no hablamos de racismo: Mujeres, mestizaje y pr\u00e1cticas contempor\u00e1neas del racismo&rdquo;, que se realizar\u00e1 el 18 de diciembre a las 17 hs en el Colegio de M\u00e9xico.","og_url":"https:\/\/clam.org.br\/es\/agenda\/en-mexico-no-hablamos-de-racismo-mujeres-mestizaje-y-practicas-contemporaneas-del-racismo\/33704\/","og_site_name":"CLAM - ES","article_published_time":"2007-12-11T02:00:00+00:00","author":"fw2","twitter_card":"summary_large_image","twitter_misc":{"Escrito por":"fw2"},"schema":{"@context":"https:\/\/schema.org","@graph":[{"@type":"WebPage","@id":"https:\/\/clam.org.br\/es\/agenda\/en-mexico-no-hablamos-de-racismo-mujeres-mestizaje-y-practicas-contemporaneas-del-racismo\/33704\/","url":"https:\/\/clam.org.br\/es\/agenda\/en-mexico-no-hablamos-de-racismo-mujeres-mestizaje-y-practicas-contemporaneas-del-racismo\/33704\/","name":"En M\u00e9xico no hablamos de racismo: Mujeres, mestizaje y pr\u00e1cticas contempor\u00e1neas del racismo - CLAM - ES","isPartOf":{"@id":"https:\/\/clam.org.br\/es\/#website"},"datePublished":"2007-12-11T02:00:00+00:00","author":{"@id":"https:\/\/clam.org.br\/es\/#\/schema\/person\/fbd9a86032bf7479f94b0ded196f1010"},"breadcrumb":{"@id":"https:\/\/clam.org.br\/es\/agenda\/en-mexico-no-hablamos-de-racismo-mujeres-mestizaje-y-practicas-contemporaneas-del-racismo\/33704\/#breadcrumb"},"inLanguage":"es","potentialAction":[{"@type":"ReadAction","target":["https:\/\/clam.org.br\/es\/agenda\/en-mexico-no-hablamos-de-racismo-mujeres-mestizaje-y-practicas-contemporaneas-del-racismo\/33704\/"]}]},{"@type":"BreadcrumbList","@id":"https:\/\/clam.org.br\/es\/agenda\/en-mexico-no-hablamos-de-racismo-mujeres-mestizaje-y-practicas-contemporaneas-del-racismo\/33704\/#breadcrumb","itemListElement":[{"@type":"ListItem","position":1,"name":"In\u00edcio","item":"https:\/\/clam.org.br\/es\/"},{"@type":"ListItem","position":2,"name":"En M\u00e9xico no hablamos de racismo: Mujeres, mestizaje y pr\u00e1cticas contempor\u00e1neas del racismo"}]},{"@type":"WebSite","@id":"https:\/\/clam.org.br\/es\/#website","url":"https:\/\/clam.org.br\/es\/","name":"CLAM - ES","description":"S\u00f3 mais um site CLAM - Centro Latino-Americano em Sexualidade e Direitos Humanos sites","potentialAction":[{"@type":"SearchAction","target":{"@type":"EntryPoint","urlTemplate":"https:\/\/clam.org.br\/es\/?s={search_term_string}"},"query-input":{"@type":"PropertyValueSpecification","valueRequired":true,"valueName":"search_term_string"}}],"inLanguage":"es"},{"@type":"Person","@id":"https:\/\/clam.org.br\/es\/#\/schema\/person\/fbd9a86032bf7479f94b0ded196f1010","name":"fw2","image":{"@type":"ImageObject","inLanguage":"es","@id":"https:\/\/clam.org.br\/es\/#\/schema\/person\/image\/","url":"https:\/\/secure.gravatar.com\/avatar\/c38472c0cdbde82d9b6fcc26adb3779d?s=96&d=mm&r=g","contentUrl":"https:\/\/secure.gravatar.com\/avatar\/c38472c0cdbde82d9b6fcc26adb3779d?s=96&d=mm&r=g","caption":"fw2"},"sameAs":["https:\/\/clam.fw2web.com.br"],"url":"https:\/\/clam.org.br\/es\/author\/fw2\/"}]}},"jetpack_featured_media_url":"","jetpack_sharing_enabled":true,"_links":{"self":[{"href":"https:\/\/clam.org.br\/es\/wp-json\/wp\/v2\/posts\/33704","targetHints":{"allow":["GET"]}}],"collection":[{"href":"https:\/\/clam.org.br\/es\/wp-json\/wp\/v2\/posts"}],"about":[{"href":"https:\/\/clam.org.br\/es\/wp-json\/wp\/v2\/types\/post"}],"author":[{"embeddable":true,"href":"https:\/\/clam.org.br\/es\/wp-json\/wp\/v2\/users\/1"}],"replies":[{"embeddable":true,"href":"https:\/\/clam.org.br\/es\/wp-json\/wp\/v2\/comments?post=33704"}],"version-history":[{"count":0,"href":"https:\/\/clam.org.br\/es\/wp-json\/wp\/v2\/posts\/33704\/revisions"}],"wp:attachment":[{"href":"https:\/\/clam.org.br\/es\/wp-json\/wp\/v2\/media?parent=33704"}],"wp:term":[{"taxonomy":"category","embeddable":true,"href":"https:\/\/clam.org.br\/es\/wp-json\/wp\/v2\/categories?post=33704"},{"taxonomy":"post_tag","embeddable":true,"href":"https:\/\/clam.org.br\/es\/wp-json\/wp\/v2\/tags?post=33704"}],"curies":[{"name":"wp","href":"https:\/\/api.w.org\/{rel}","templated":true}]}}