{"id":33719,"date":"2008-01-29T00:00:00","date_gmt":"2008-01-29T02:00:00","guid":{"rendered":"https:\/\/clam.fw2web.com.br\/es\/2008\/01\/29\/presentacion-del-libro-escritos-de-una-lesbiana-oscura\/"},"modified":"2008-01-29T00:00:00","modified_gmt":"2008-01-29T02:00:00","slug":"presentacion-del-libro-escritos-de-una-lesbiana-oscura","status":"publish","type":"post","link":"https:\/\/clam.org.br\/es\/agenda\/presentacion-del-libro-escritos-de-una-lesbiana-oscura\/33719\/","title":{"rendered":"Presentaci\u00f3n del libro: Escritos de una lesbiana oscura"},"content":{"rendered":"<p>La presentaci\u00f3n contar\u00e1 con la participaci\u00f3n de Amalia Fisher, Mara Viveros y Ochy Curiel. <P>Yuderkys Espinosa es mag\u00edster en Ciencias Sociales y doctoranda en Filosof\u00eda de la Universidad de Buenos Aires. Es activista feminista desde finales de los a\u00f1os ochentas y desde 1995 incursiona en la teor\u00eda feminista y l\u00e9sbica.  <P>Fecha: Jueves 31 de enero de 2008.  <P>Hora: 6:00 PM <P>Lugar: Sal\u00f3n Oval. Edificio de Postgrados Ciencias Humanas. Universidad Nacional de Colombia.  <P>Informes: tel\u00e9fono 3165000 ext. 18631, 18624. Correo electr\u00f3nico: <A href=\"mailto:escgenco_fchbog@unal.edu.co\">escgenco_fchbog@unal.edu.co<\/A> &nbsp;<\/P><\/p>\n","protected":false},"excerpt":{"rendered":"<p>El Grupo Interdisciplinario de Estudios de G\u00e9nero y la Escuela de Estudios de G\u00e9nero invitan a la presentaci\u00f3n del libro \u00abEscritos de una lesbiana oscura\u00bb. Reflexiones cr\u00edticas sobre feminismo y pol\u00edtica de identidad en Am\u00e9rica Latina, de Yuderkys Espinosa que se llevar\u00e1 a cabo el 31 de enero a las 18 hs. en el Sal\u00f3n Oval del Edificio de Postgrados Ciencias Humanas, Universidad Nacional de Colombia.<\/p>\n","protected":false},"author":1,"featured_media":0,"comment_status":"open","ping_status":"open","sticky":false,"template":"","format":"standard","meta":{"_acf_changed":false,"site-sidebar-layout":"default","site-content-layout":"default","ast-global-header-display":"","ast-main-header-display":"","ast-hfb-above-header-display":"","ast-hfb-below-header-display":"","ast-hfb-mobile-header-display":"","site-post-title":"","ast-breadcrumbs-content":"","ast-featured-img":"","footer-sml-layout":"","theme-transparent-header-meta":"","adv-header-id-meta":"","stick-header-meta":"","header-above-stick-meta":"","header-main-stick-meta":"","header-below-stick-meta":"","_jetpack_memberships_contains_paid_content":false,"footnotes":""},"categories":[28],"tags":[],"class_list":["post-33719","post","type-post","status-publish","format-standard","hentry","category-agenda"],"acf":[],"yoast_head":"<!-- This site is optimized with the Yoast SEO plugin v26.1.1 - https:\/\/yoast.com\/wordpress\/plugins\/seo\/ -->\n<title>Presentaci\u00f3n del libro: Escritos de una lesbiana oscura - CLAM - ES<\/title>\n<meta name=\"robots\" content=\"index, follow, max-snippet:-1, max-image-preview:large, max-video-preview:-1\" \/>\n<link rel=\"canonical\" href=\"https:\/\/clam.org.br\/es\/agenda\/presentacion-del-libro-escritos-de-una-lesbiana-oscura\/33719\/\" \/>\n<meta property=\"og:locale\" content=\"es_ES\" \/>\n<meta property=\"og:type\" content=\"article\" \/>\n<meta property=\"og:title\" content=\"Presentaci\u00f3n del libro: Escritos de una lesbiana oscura - CLAM - ES\" \/>\n<meta property=\"og:description\" content=\"El Grupo Interdisciplinario de Estudios de G\u00e9nero y la Escuela de Estudios de G\u00e9nero invitan a la presentaci\u00f3n del libro &quot;Escritos de una lesbiana oscura&quot;. Reflexiones cr\u00edticas sobre feminismo y pol\u00edtica de identidad en Am\u00e9rica Latina, de Yuderkys Espinosa que se llevar\u00e1 a cabo el 31 de enero a las 18 hs. en el Sal\u00f3n Oval del Edificio de Postgrados Ciencias Humanas, Universidad Nacional de Colombia.\" \/>\n<meta property=\"og:url\" content=\"https:\/\/clam.org.br\/es\/agenda\/presentacion-del-libro-escritos-de-una-lesbiana-oscura\/33719\/\" \/>\n<meta property=\"og:site_name\" content=\"CLAM - ES\" \/>\n<meta property=\"article:published_time\" content=\"2008-01-29T02:00:00+00:00\" \/>\n<meta name=\"author\" content=\"fw2\" \/>\n<meta name=\"twitter:card\" content=\"summary_large_image\" \/>\n<meta name=\"twitter:label1\" content=\"Escrito por\" \/>\n\t<meta name=\"twitter:data1\" content=\"fw2\" \/>\n<script type=\"application\/ld+json\" class=\"yoast-schema-graph\">{\"@context\":\"https:\/\/schema.org\",\"@graph\":[{\"@type\":\"WebPage\",\"@id\":\"https:\/\/clam.org.br\/es\/agenda\/presentacion-del-libro-escritos-de-una-lesbiana-oscura\/33719\/\",\"url\":\"https:\/\/clam.org.br\/es\/agenda\/presentacion-del-libro-escritos-de-una-lesbiana-oscura\/33719\/\",\"name\":\"Presentaci\u00f3n del libro: Escritos de una lesbiana oscura - CLAM - ES\",\"isPartOf\":{\"@id\":\"https:\/\/clam.org.br\/es\/#website\"},\"datePublished\":\"2008-01-29T02:00:00+00:00\",\"author\":{\"@id\":\"https:\/\/clam.org.br\/es\/#\/schema\/person\/fbd9a86032bf7479f94b0ded196f1010\"},\"breadcrumb\":{\"@id\":\"https:\/\/clam.org.br\/es\/agenda\/presentacion-del-libro-escritos-de-una-lesbiana-oscura\/33719\/#breadcrumb\"},\"inLanguage\":\"es\",\"potentialAction\":[{\"@type\":\"ReadAction\",\"target\":[\"https:\/\/clam.org.br\/es\/agenda\/presentacion-del-libro-escritos-de-una-lesbiana-oscura\/33719\/\"]}]},{\"@type\":\"BreadcrumbList\",\"@id\":\"https:\/\/clam.org.br\/es\/agenda\/presentacion-del-libro-escritos-de-una-lesbiana-oscura\/33719\/#breadcrumb\",\"itemListElement\":[{\"@type\":\"ListItem\",\"position\":1,\"name\":\"In\u00edcio\",\"item\":\"https:\/\/clam.org.br\/es\/\"},{\"@type\":\"ListItem\",\"position\":2,\"name\":\"Presentaci\u00f3n del libro: Escritos de una lesbiana oscura\"}]},{\"@type\":\"WebSite\",\"@id\":\"https:\/\/clam.org.br\/es\/#website\",\"url\":\"https:\/\/clam.org.br\/es\/\",\"name\":\"CLAM - ES\",\"description\":\"S\u00f3 mais um site CLAM - Centro Latino-Americano em Sexualidade e Direitos Humanos sites\",\"potentialAction\":[{\"@type\":\"SearchAction\",\"target\":{\"@type\":\"EntryPoint\",\"urlTemplate\":\"https:\/\/clam.org.br\/es\/?s={search_term_string}\"},\"query-input\":{\"@type\":\"PropertyValueSpecification\",\"valueRequired\":true,\"valueName\":\"search_term_string\"}}],\"inLanguage\":\"es\"},{\"@type\":\"Person\",\"@id\":\"https:\/\/clam.org.br\/es\/#\/schema\/person\/fbd9a86032bf7479f94b0ded196f1010\",\"name\":\"fw2\",\"image\":{\"@type\":\"ImageObject\",\"inLanguage\":\"es\",\"@id\":\"https:\/\/clam.org.br\/es\/#\/schema\/person\/image\/\",\"url\":\"https:\/\/secure.gravatar.com\/avatar\/c38472c0cdbde82d9b6fcc26adb3779d?s=96&d=mm&r=g\",\"contentUrl\":\"https:\/\/secure.gravatar.com\/avatar\/c38472c0cdbde82d9b6fcc26adb3779d?s=96&d=mm&r=g\",\"caption\":\"fw2\"},\"sameAs\":[\"https:\/\/clam.fw2web.com.br\"],\"url\":\"https:\/\/clam.org.br\/es\/author\/fw2\/\"}]}<\/script>\n<!-- \/ Yoast SEO plugin. -->","yoast_head_json":{"title":"Presentaci\u00f3n del libro: Escritos de una lesbiana oscura - CLAM - ES","robots":{"index":"index","follow":"follow","max-snippet":"max-snippet:-1","max-image-preview":"max-image-preview:large","max-video-preview":"max-video-preview:-1"},"canonical":"https:\/\/clam.org.br\/es\/agenda\/presentacion-del-libro-escritos-de-una-lesbiana-oscura\/33719\/","og_locale":"es_ES","og_type":"article","og_title":"Presentaci\u00f3n del libro: Escritos de una lesbiana oscura - CLAM - ES","og_description":"El Grupo Interdisciplinario de Estudios de G\u00e9nero y la Escuela de Estudios de G\u00e9nero invitan a la presentaci\u00f3n del libro \"Escritos de una lesbiana oscura\". Reflexiones cr\u00edticas sobre feminismo y pol\u00edtica de identidad en Am\u00e9rica Latina, de Yuderkys Espinosa que se llevar\u00e1 a cabo el 31 de enero a las 18 hs. en el Sal\u00f3n Oval del Edificio de Postgrados Ciencias Humanas, Universidad Nacional de Colombia.","og_url":"https:\/\/clam.org.br\/es\/agenda\/presentacion-del-libro-escritos-de-una-lesbiana-oscura\/33719\/","og_site_name":"CLAM - ES","article_published_time":"2008-01-29T02:00:00+00:00","author":"fw2","twitter_card":"summary_large_image","twitter_misc":{"Escrito por":"fw2"},"schema":{"@context":"https:\/\/schema.org","@graph":[{"@type":"WebPage","@id":"https:\/\/clam.org.br\/es\/agenda\/presentacion-del-libro-escritos-de-una-lesbiana-oscura\/33719\/","url":"https:\/\/clam.org.br\/es\/agenda\/presentacion-del-libro-escritos-de-una-lesbiana-oscura\/33719\/","name":"Presentaci\u00f3n del libro: Escritos de una lesbiana oscura - CLAM - ES","isPartOf":{"@id":"https:\/\/clam.org.br\/es\/#website"},"datePublished":"2008-01-29T02:00:00+00:00","author":{"@id":"https:\/\/clam.org.br\/es\/#\/schema\/person\/fbd9a86032bf7479f94b0ded196f1010"},"breadcrumb":{"@id":"https:\/\/clam.org.br\/es\/agenda\/presentacion-del-libro-escritos-de-una-lesbiana-oscura\/33719\/#breadcrumb"},"inLanguage":"es","potentialAction":[{"@type":"ReadAction","target":["https:\/\/clam.org.br\/es\/agenda\/presentacion-del-libro-escritos-de-una-lesbiana-oscura\/33719\/"]}]},{"@type":"BreadcrumbList","@id":"https:\/\/clam.org.br\/es\/agenda\/presentacion-del-libro-escritos-de-una-lesbiana-oscura\/33719\/#breadcrumb","itemListElement":[{"@type":"ListItem","position":1,"name":"In\u00edcio","item":"https:\/\/clam.org.br\/es\/"},{"@type":"ListItem","position":2,"name":"Presentaci\u00f3n del libro: Escritos de una lesbiana oscura"}]},{"@type":"WebSite","@id":"https:\/\/clam.org.br\/es\/#website","url":"https:\/\/clam.org.br\/es\/","name":"CLAM - ES","description":"S\u00f3 mais um site CLAM - Centro Latino-Americano em Sexualidade e Direitos Humanos sites","potentialAction":[{"@type":"SearchAction","target":{"@type":"EntryPoint","urlTemplate":"https:\/\/clam.org.br\/es\/?s={search_term_string}"},"query-input":{"@type":"PropertyValueSpecification","valueRequired":true,"valueName":"search_term_string"}}],"inLanguage":"es"},{"@type":"Person","@id":"https:\/\/clam.org.br\/es\/#\/schema\/person\/fbd9a86032bf7479f94b0ded196f1010","name":"fw2","image":{"@type":"ImageObject","inLanguage":"es","@id":"https:\/\/clam.org.br\/es\/#\/schema\/person\/image\/","url":"https:\/\/secure.gravatar.com\/avatar\/c38472c0cdbde82d9b6fcc26adb3779d?s=96&d=mm&r=g","contentUrl":"https:\/\/secure.gravatar.com\/avatar\/c38472c0cdbde82d9b6fcc26adb3779d?s=96&d=mm&r=g","caption":"fw2"},"sameAs":["https:\/\/clam.fw2web.com.br"],"url":"https:\/\/clam.org.br\/es\/author\/fw2\/"}]}},"jetpack_featured_media_url":"","jetpack_sharing_enabled":true,"_links":{"self":[{"href":"https:\/\/clam.org.br\/es\/wp-json\/wp\/v2\/posts\/33719","targetHints":{"allow":["GET"]}}],"collection":[{"href":"https:\/\/clam.org.br\/es\/wp-json\/wp\/v2\/posts"}],"about":[{"href":"https:\/\/clam.org.br\/es\/wp-json\/wp\/v2\/types\/post"}],"author":[{"embeddable":true,"href":"https:\/\/clam.org.br\/es\/wp-json\/wp\/v2\/users\/1"}],"replies":[{"embeddable":true,"href":"https:\/\/clam.org.br\/es\/wp-json\/wp\/v2\/comments?post=33719"}],"version-history":[{"count":0,"href":"https:\/\/clam.org.br\/es\/wp-json\/wp\/v2\/posts\/33719\/revisions"}],"wp:attachment":[{"href":"https:\/\/clam.org.br\/es\/wp-json\/wp\/v2\/media?parent=33719"}],"wp:term":[{"taxonomy":"category","embeddable":true,"href":"https:\/\/clam.org.br\/es\/wp-json\/wp\/v2\/categories?post=33719"},{"taxonomy":"post_tag","embeddable":true,"href":"https:\/\/clam.org.br\/es\/wp-json\/wp\/v2\/tags?post=33719"}],"curies":[{"name":"wp","href":"https:\/\/api.w.org\/{rel}","templated":true}]}}