{"id":33723,"date":"2008-02-12T00:00:00","date_gmt":"2008-02-12T02:00:00","guid":{"rendered":"https:\/\/clam.fw2web.com.br\/es\/2008\/02\/12\/i-encuentro-nacional-de-mujeres-lesbianas-y-bisexuales\/"},"modified":"2008-02-12T00:00:00","modified_gmt":"2008-02-12T02:00:00","slug":"i-encuentro-nacional-de-mujeres-lesbianas-y-bisexuales","status":"publish","type":"post","link":"https:\/\/clam.org.br\/es\/agenda\/i-encuentro-nacional-de-mujeres-lesbianas-y-bisexuales\/33723\/","title":{"rendered":"I Encuentro nacional de mujeres lesbianas y bisexuales"},"content":{"rendered":"<p>La organizaci\u00f3n del encuentro esta a cargo de Espartiles -Espacio de Articulaci\u00f3n L\u00e9sbica- que surge como un espacio de encuentro entre activistas lesbianas de diversas organizaciones e independientes que estuvieron presentes en el Taller de Activismo L\u00e9sbico, creado por primera vez en el XIX Encuentro Nacional de Mujeres (Mendoza, 2004), para el debate en torno a la pol\u00edtica l\u00e9sbica y a la posibilidad de delinear acciones conjuntas que promuevan la visibilidad, las discusiones sobre las problem\u00e1ticas y los derechos de las lesbianas.  <P>Para la organizaci\u00f3n del Primer Encuentro Nacional de Mujeres Lesbianas y Bisexuales cuentan con el apoyo financiero del Fondo Global para la Mujer.  <P>Se desarrollar\u00e1 principalmente en forma de talleres, pero tambi\u00e9n habr\u00e1 conferencias, actividades recreativas y tampoco faltar\u00e1 la celebraci\u00f3n. Durante las dos jornadas del encuentro se realizar\u00e1n los siguientes talleres:  <P>Taller vivencial: mujeres lesbianas  <P>Taller vivencial: mujeres bisexuales  <P>Taller vivencial trans lesbianas  <P>Repensando nuestra salud  <P>Juguetes y fantas\u00edas sexuales  <P>Erotismo y sexualidad entre mujeres  <P>Diversidad familiar  <P>Pol\u00edticas de articulaci\u00f3n con otros movimientos sociales  <P>Intercambios y deseos de activismo  <P>Discriminaci\u00f3n en la vida cotidiana  <P>Comunicaci\u00f3n, estereotipos y representaciones culturales  <P>Violencia entre mujeres  <P>Los miedos y la autoestima <P>Literatura y er\u00f3tica entre mujeres  <P>Feminismos  <P>Mujeres LB de Iberoam\u00e9rica <P>Para informes e inscripci\u00f3n:  <P>L\u00ednea Gratuita facilitada por INADI: 0800-999-46234 <P>Correo electr\u00f3nico: <A href=\"mailto:informes@encuentrolb.com.ar\">informes@encuentrolb.com.ar<\/A>  <P>P\u00e1gina web: <a href=\"http:\/\/www.encuentrolb.com.ar\/\" target=\"_blank\" rel=\"noopener\">www.encuentrolb.com.ar <\/A><\/P><\/p>\n","protected":false},"excerpt":{"rendered":"<p>Los d\u00edas 3 y 4 de mayo tendr\u00e1 lugar en la ciudad de Rosario, provincia de Santa Fe el I Encuentro nacional de mujeres lesbianas y bisexuales.<\/p>\n","protected":false},"author":1,"featured_media":0,"comment_status":"open","ping_status":"open","sticky":false,"template":"","format":"standard","meta":{"_acf_changed":false,"site-sidebar-layout":"default","site-content-layout":"default","ast-global-header-display":"","ast-main-header-display":"","ast-hfb-above-header-display":"","ast-hfb-below-header-display":"","ast-hfb-mobile-header-display":"","site-post-title":"","ast-breadcrumbs-content":"","ast-featured-img":"","footer-sml-layout":"","theme-transparent-header-meta":"","adv-header-id-meta":"","stick-header-meta":"","header-above-stick-meta":"","header-main-stick-meta":"","header-below-stick-meta":"","_jetpack_memberships_contains_paid_content":false,"footnotes":""},"categories":[28],"tags":[],"class_list":["post-33723","post","type-post","status-publish","format-standard","hentry","category-agenda"],"acf":[],"yoast_head":"<!-- This site is optimized with the Yoast SEO plugin v26.1.1 - https:\/\/yoast.com\/wordpress\/plugins\/seo\/ -->\n<title>I Encuentro nacional de mujeres lesbianas y bisexuales - CLAM - ES<\/title>\n<meta name=\"robots\" content=\"index, follow, max-snippet:-1, max-image-preview:large, max-video-preview:-1\" \/>\n<link rel=\"canonical\" href=\"https:\/\/clam.org.br\/es\/agenda\/i-encuentro-nacional-de-mujeres-lesbianas-y-bisexuales\/33723\/\" \/>\n<meta property=\"og:locale\" content=\"es_ES\" \/>\n<meta property=\"og:type\" content=\"article\" \/>\n<meta property=\"og:title\" content=\"I Encuentro nacional de mujeres lesbianas y bisexuales - CLAM - ES\" \/>\n<meta property=\"og:description\" content=\"Los d\u00edas 3 y 4 de mayo tendr\u00e1 lugar en la ciudad de Rosario, provincia de Santa Fe el I Encuentro nacional de mujeres lesbianas y bisexuales.\" \/>\n<meta property=\"og:url\" content=\"https:\/\/clam.org.br\/es\/agenda\/i-encuentro-nacional-de-mujeres-lesbianas-y-bisexuales\/33723\/\" \/>\n<meta property=\"og:site_name\" content=\"CLAM - ES\" \/>\n<meta property=\"article:published_time\" content=\"2008-02-12T02:00:00+00:00\" \/>\n<meta name=\"author\" content=\"fw2\" \/>\n<meta name=\"twitter:card\" content=\"summary_large_image\" \/>\n<meta name=\"twitter:label1\" content=\"Escrito por\" \/>\n\t<meta name=\"twitter:data1\" content=\"fw2\" \/>\n\t<meta name=\"twitter:label2\" content=\"Tiempo de lectura\" \/>\n\t<meta name=\"twitter:data2\" content=\"1 minuto\" \/>\n<script type=\"application\/ld+json\" class=\"yoast-schema-graph\">{\"@context\":\"https:\/\/schema.org\",\"@graph\":[{\"@type\":\"WebPage\",\"@id\":\"https:\/\/clam.org.br\/es\/agenda\/i-encuentro-nacional-de-mujeres-lesbianas-y-bisexuales\/33723\/\",\"url\":\"https:\/\/clam.org.br\/es\/agenda\/i-encuentro-nacional-de-mujeres-lesbianas-y-bisexuales\/33723\/\",\"name\":\"I Encuentro nacional de mujeres lesbianas y bisexuales - CLAM - ES\",\"isPartOf\":{\"@id\":\"https:\/\/clam.org.br\/es\/#website\"},\"datePublished\":\"2008-02-12T02:00:00+00:00\",\"author\":{\"@id\":\"https:\/\/clam.org.br\/es\/#\/schema\/person\/fbd9a86032bf7479f94b0ded196f1010\"},\"breadcrumb\":{\"@id\":\"https:\/\/clam.org.br\/es\/agenda\/i-encuentro-nacional-de-mujeres-lesbianas-y-bisexuales\/33723\/#breadcrumb\"},\"inLanguage\":\"es\",\"potentialAction\":[{\"@type\":\"ReadAction\",\"target\":[\"https:\/\/clam.org.br\/es\/agenda\/i-encuentro-nacional-de-mujeres-lesbianas-y-bisexuales\/33723\/\"]}]},{\"@type\":\"BreadcrumbList\",\"@id\":\"https:\/\/clam.org.br\/es\/agenda\/i-encuentro-nacional-de-mujeres-lesbianas-y-bisexuales\/33723\/#breadcrumb\",\"itemListElement\":[{\"@type\":\"ListItem\",\"position\":1,\"name\":\"In\u00edcio\",\"item\":\"https:\/\/clam.org.br\/es\/\"},{\"@type\":\"ListItem\",\"position\":2,\"name\":\"I Encuentro nacional de mujeres lesbianas y bisexuales\"}]},{\"@type\":\"WebSite\",\"@id\":\"https:\/\/clam.org.br\/es\/#website\",\"url\":\"https:\/\/clam.org.br\/es\/\",\"name\":\"CLAM - ES\",\"description\":\"S\u00f3 mais um site CLAM - Centro Latino-Americano em Sexualidade e Direitos Humanos sites\",\"potentialAction\":[{\"@type\":\"SearchAction\",\"target\":{\"@type\":\"EntryPoint\",\"urlTemplate\":\"https:\/\/clam.org.br\/es\/?s={search_term_string}\"},\"query-input\":{\"@type\":\"PropertyValueSpecification\",\"valueRequired\":true,\"valueName\":\"search_term_string\"}}],\"inLanguage\":\"es\"},{\"@type\":\"Person\",\"@id\":\"https:\/\/clam.org.br\/es\/#\/schema\/person\/fbd9a86032bf7479f94b0ded196f1010\",\"name\":\"fw2\",\"image\":{\"@type\":\"ImageObject\",\"inLanguage\":\"es\",\"@id\":\"https:\/\/clam.org.br\/es\/#\/schema\/person\/image\/\",\"url\":\"https:\/\/secure.gravatar.com\/avatar\/c38472c0cdbde82d9b6fcc26adb3779d?s=96&d=mm&r=g\",\"contentUrl\":\"https:\/\/secure.gravatar.com\/avatar\/c38472c0cdbde82d9b6fcc26adb3779d?s=96&d=mm&r=g\",\"caption\":\"fw2\"},\"sameAs\":[\"https:\/\/clam.fw2web.com.br\"],\"url\":\"https:\/\/clam.org.br\/es\/author\/fw2\/\"}]}<\/script>\n<!-- \/ Yoast SEO plugin. -->","yoast_head_json":{"title":"I Encuentro nacional de mujeres lesbianas y bisexuales - CLAM - ES","robots":{"index":"index","follow":"follow","max-snippet":"max-snippet:-1","max-image-preview":"max-image-preview:large","max-video-preview":"max-video-preview:-1"},"canonical":"https:\/\/clam.org.br\/es\/agenda\/i-encuentro-nacional-de-mujeres-lesbianas-y-bisexuales\/33723\/","og_locale":"es_ES","og_type":"article","og_title":"I Encuentro nacional de mujeres lesbianas y bisexuales - CLAM - ES","og_description":"Los d\u00edas 3 y 4 de mayo tendr\u00e1 lugar en la ciudad de Rosario, provincia de Santa Fe el I Encuentro nacional de mujeres lesbianas y bisexuales.","og_url":"https:\/\/clam.org.br\/es\/agenda\/i-encuentro-nacional-de-mujeres-lesbianas-y-bisexuales\/33723\/","og_site_name":"CLAM - ES","article_published_time":"2008-02-12T02:00:00+00:00","author":"fw2","twitter_card":"summary_large_image","twitter_misc":{"Escrito por":"fw2","Tiempo de lectura":"1 minuto"},"schema":{"@context":"https:\/\/schema.org","@graph":[{"@type":"WebPage","@id":"https:\/\/clam.org.br\/es\/agenda\/i-encuentro-nacional-de-mujeres-lesbianas-y-bisexuales\/33723\/","url":"https:\/\/clam.org.br\/es\/agenda\/i-encuentro-nacional-de-mujeres-lesbianas-y-bisexuales\/33723\/","name":"I Encuentro nacional de mujeres lesbianas y bisexuales - CLAM - ES","isPartOf":{"@id":"https:\/\/clam.org.br\/es\/#website"},"datePublished":"2008-02-12T02:00:00+00:00","author":{"@id":"https:\/\/clam.org.br\/es\/#\/schema\/person\/fbd9a86032bf7479f94b0ded196f1010"},"breadcrumb":{"@id":"https:\/\/clam.org.br\/es\/agenda\/i-encuentro-nacional-de-mujeres-lesbianas-y-bisexuales\/33723\/#breadcrumb"},"inLanguage":"es","potentialAction":[{"@type":"ReadAction","target":["https:\/\/clam.org.br\/es\/agenda\/i-encuentro-nacional-de-mujeres-lesbianas-y-bisexuales\/33723\/"]}]},{"@type":"BreadcrumbList","@id":"https:\/\/clam.org.br\/es\/agenda\/i-encuentro-nacional-de-mujeres-lesbianas-y-bisexuales\/33723\/#breadcrumb","itemListElement":[{"@type":"ListItem","position":1,"name":"In\u00edcio","item":"https:\/\/clam.org.br\/es\/"},{"@type":"ListItem","position":2,"name":"I Encuentro nacional de mujeres lesbianas y bisexuales"}]},{"@type":"WebSite","@id":"https:\/\/clam.org.br\/es\/#website","url":"https:\/\/clam.org.br\/es\/","name":"CLAM - ES","description":"S\u00f3 mais um site CLAM - Centro Latino-Americano em Sexualidade e Direitos Humanos sites","potentialAction":[{"@type":"SearchAction","target":{"@type":"EntryPoint","urlTemplate":"https:\/\/clam.org.br\/es\/?s={search_term_string}"},"query-input":{"@type":"PropertyValueSpecification","valueRequired":true,"valueName":"search_term_string"}}],"inLanguage":"es"},{"@type":"Person","@id":"https:\/\/clam.org.br\/es\/#\/schema\/person\/fbd9a86032bf7479f94b0ded196f1010","name":"fw2","image":{"@type":"ImageObject","inLanguage":"es","@id":"https:\/\/clam.org.br\/es\/#\/schema\/person\/image\/","url":"https:\/\/secure.gravatar.com\/avatar\/c38472c0cdbde82d9b6fcc26adb3779d?s=96&d=mm&r=g","contentUrl":"https:\/\/secure.gravatar.com\/avatar\/c38472c0cdbde82d9b6fcc26adb3779d?s=96&d=mm&r=g","caption":"fw2"},"sameAs":["https:\/\/clam.fw2web.com.br"],"url":"https:\/\/clam.org.br\/es\/author\/fw2\/"}]}},"jetpack_featured_media_url":"","jetpack_sharing_enabled":true,"_links":{"self":[{"href":"https:\/\/clam.org.br\/es\/wp-json\/wp\/v2\/posts\/33723","targetHints":{"allow":["GET"]}}],"collection":[{"href":"https:\/\/clam.org.br\/es\/wp-json\/wp\/v2\/posts"}],"about":[{"href":"https:\/\/clam.org.br\/es\/wp-json\/wp\/v2\/types\/post"}],"author":[{"embeddable":true,"href":"https:\/\/clam.org.br\/es\/wp-json\/wp\/v2\/users\/1"}],"replies":[{"embeddable":true,"href":"https:\/\/clam.org.br\/es\/wp-json\/wp\/v2\/comments?post=33723"}],"version-history":[{"count":0,"href":"https:\/\/clam.org.br\/es\/wp-json\/wp\/v2\/posts\/33723\/revisions"}],"wp:attachment":[{"href":"https:\/\/clam.org.br\/es\/wp-json\/wp\/v2\/media?parent=33723"}],"wp:term":[{"taxonomy":"category","embeddable":true,"href":"https:\/\/clam.org.br\/es\/wp-json\/wp\/v2\/categories?post=33723"},{"taxonomy":"post_tag","embeddable":true,"href":"https:\/\/clam.org.br\/es\/wp-json\/wp\/v2\/tags?post=33723"}],"curies":[{"name":"wp","href":"https:\/\/api.w.org\/{rel}","templated":true}]}}