{"id":33774,"date":"2008-06-17T00:00:00","date_gmt":"2008-06-17T03:00:00","guid":{"rendered":"https:\/\/clam.fw2web.com.br\/es\/2008\/06\/17\/trocando-em-miudos-homofobia-o-que-nos-psicologos-temos-a-ver-com-isso\/"},"modified":"2008-06-17T00:00:00","modified_gmt":"2008-06-17T03:00:00","slug":"trocando-em-miudos-homofobia-o-que-nos-psicologos-temos-a-ver-com-isso","status":"publish","type":"post","link":"https:\/\/clam.org.br\/es\/agenda\/trocando-em-miudos-homofobia-o-que-nos-psicologos-temos-a-ver-com-isso\/33774\/","title":{"rendered":"Trocando em Mi\u00fados: Homofobia: o que n\u00f3s, psic\u00f3logos, temos a ver com isso?"},"content":{"rendered":"<p>Em junho de 2008 aconteceu a primeira Confer\u00eancia Nacional LGTB do Brasil, que teve entre seus objetivos discutir estrat\u00e9gias de enfrentamento da homofobia. Por conta disso, a Comiss\u00e3o de Direitos Humanos do CRP-RJ estar\u00e1 discutindo no pr\u00f3ximo Trocando em Mi\u00fados os efeitos da Confer\u00eancia e as estrat\u00e9gias locais de enfrentamento \u00e0 homofobia.  <P><I>Participar\u00e3o da mesa redonda:<\/I> <P><B>Yone Lindgren<\/B>. Vice-presidente da ABGLT, coordenadora pol\u00edtica da ABL, coordenadora geral do movimento D&#8217;Ella <P><B>Isadora Garcia<\/B>. Psic\u00f3loga (CRP 05 \/28520), mestre em Psicologia Cl\u00ednica pela PUC-RJ, assistente do Programa G\u00eanero e Preven\u00e7\u00e3o de Viol\u00eancia do Instituto Promundo. <P><B>Pedro Paulo Gastalho de Bicalho<\/B>. Psic\u00f3logo (CRP 05\/26077), conselheiro do CRP-RJ e professor do Institudo de Psicologia da UFRJ. <P>O evento ser\u00e1 realizado no audit\u00f3rio da sede do CRP-RJ, na Rua Delgado de Carvalho, 53, Tijuca (pr\u00f3ximo ao Largo da Segunda-Feira). A entrada \u00e9 franca e n\u00e3o \u00e9 necess\u00e1rio fazer inscri\u00e7\u00f5es antecipadas. <P>Informa\u00e7\u00f5es: (21) 2139-5406 ou ascom@crprj.org.br<\/P><\/p>\n","protected":false},"excerpt":{"rendered":"<p>No dia 27 de junho, a partir das 18h, a Comiss\u00e3o Regional de Direitos Humanos do CRP-RJ realiza o segundo Trocando em Mi\u00fados de 2008.<\/p>\n","protected":false},"author":1,"featured_media":0,"comment_status":"open","ping_status":"open","sticky":false,"template":"","format":"standard","meta":{"_acf_changed":false,"site-sidebar-layout":"default","site-content-layout":"default","ast-global-header-display":"","ast-main-header-display":"","ast-hfb-above-header-display":"","ast-hfb-below-header-display":"","ast-hfb-mobile-header-display":"","site-post-title":"","ast-breadcrumbs-content":"","ast-featured-img":"","footer-sml-layout":"","theme-transparent-header-meta":"","adv-header-id-meta":"","stick-header-meta":"","header-above-stick-meta":"","header-main-stick-meta":"","header-below-stick-meta":"","_jetpack_memberships_contains_paid_content":false,"footnotes":""},"categories":[28],"tags":[],"class_list":["post-33774","post","type-post","status-publish","format-standard","hentry","category-agenda"],"acf":[],"yoast_head":"<!-- This site is optimized with the Yoast SEO plugin v26.1.1 - https:\/\/yoast.com\/wordpress\/plugins\/seo\/ -->\n<title>Trocando em Mi\u00fados: Homofobia: o que n\u00f3s, psic\u00f3logos, temos a ver com isso? - CLAM - ES<\/title>\n<meta name=\"robots\" content=\"index, follow, max-snippet:-1, max-image-preview:large, max-video-preview:-1\" \/>\n<link rel=\"canonical\" href=\"https:\/\/clam.org.br\/es\/agenda\/trocando-em-miudos-homofobia-o-que-nos-psicologos-temos-a-ver-com-isso\/33774\/\" \/>\n<meta property=\"og:locale\" content=\"es_ES\" \/>\n<meta property=\"og:type\" content=\"article\" \/>\n<meta property=\"og:title\" content=\"Trocando em Mi\u00fados: Homofobia: o que n\u00f3s, psic\u00f3logos, temos a ver com isso? - CLAM - ES\" \/>\n<meta property=\"og:description\" content=\"No dia 27 de junho, a partir das 18h, a Comiss\u00e3o Regional de Direitos Humanos do CRP-RJ realiza o segundo Trocando em Mi\u00fados de 2008.\" \/>\n<meta property=\"og:url\" content=\"https:\/\/clam.org.br\/es\/agenda\/trocando-em-miudos-homofobia-o-que-nos-psicologos-temos-a-ver-com-isso\/33774\/\" \/>\n<meta property=\"og:site_name\" content=\"CLAM - ES\" \/>\n<meta property=\"article:published_time\" content=\"2008-06-17T03:00:00+00:00\" \/>\n<meta name=\"author\" content=\"fw2\" \/>\n<meta name=\"twitter:card\" content=\"summary_large_image\" \/>\n<meta name=\"twitter:label1\" content=\"Escrito por\" \/>\n\t<meta name=\"twitter:data1\" content=\"fw2\" \/>\n\t<meta name=\"twitter:label2\" content=\"Tiempo de lectura\" \/>\n\t<meta name=\"twitter:data2\" content=\"1 minuto\" \/>\n<script type=\"application\/ld+json\" class=\"yoast-schema-graph\">{\"@context\":\"https:\/\/schema.org\",\"@graph\":[{\"@type\":\"WebPage\",\"@id\":\"https:\/\/clam.org.br\/es\/agenda\/trocando-em-miudos-homofobia-o-que-nos-psicologos-temos-a-ver-com-isso\/33774\/\",\"url\":\"https:\/\/clam.org.br\/es\/agenda\/trocando-em-miudos-homofobia-o-que-nos-psicologos-temos-a-ver-com-isso\/33774\/\",\"name\":\"Trocando em Mi\u00fados: Homofobia: o que n\u00f3s, psic\u00f3logos, temos a ver com isso? - CLAM - ES\",\"isPartOf\":{\"@id\":\"https:\/\/clam.org.br\/es\/#website\"},\"datePublished\":\"2008-06-17T03:00:00+00:00\",\"author\":{\"@id\":\"https:\/\/clam.org.br\/es\/#\/schema\/person\/fbd9a86032bf7479f94b0ded196f1010\"},\"breadcrumb\":{\"@id\":\"https:\/\/clam.org.br\/es\/agenda\/trocando-em-miudos-homofobia-o-que-nos-psicologos-temos-a-ver-com-isso\/33774\/#breadcrumb\"},\"inLanguage\":\"es\",\"potentialAction\":[{\"@type\":\"ReadAction\",\"target\":[\"https:\/\/clam.org.br\/es\/agenda\/trocando-em-miudos-homofobia-o-que-nos-psicologos-temos-a-ver-com-isso\/33774\/\"]}]},{\"@type\":\"BreadcrumbList\",\"@id\":\"https:\/\/clam.org.br\/es\/agenda\/trocando-em-miudos-homofobia-o-que-nos-psicologos-temos-a-ver-com-isso\/33774\/#breadcrumb\",\"itemListElement\":[{\"@type\":\"ListItem\",\"position\":1,\"name\":\"In\u00edcio\",\"item\":\"https:\/\/clam.org.br\/es\/\"},{\"@type\":\"ListItem\",\"position\":2,\"name\":\"Trocando em Mi\u00fados: Homofobia: o que n\u00f3s, psic\u00f3logos, temos a ver com isso?\"}]},{\"@type\":\"WebSite\",\"@id\":\"https:\/\/clam.org.br\/es\/#website\",\"url\":\"https:\/\/clam.org.br\/es\/\",\"name\":\"CLAM - ES\",\"description\":\"S\u00f3 mais um site CLAM - Centro Latino-Americano em Sexualidade e Direitos Humanos sites\",\"potentialAction\":[{\"@type\":\"SearchAction\",\"target\":{\"@type\":\"EntryPoint\",\"urlTemplate\":\"https:\/\/clam.org.br\/es\/?s={search_term_string}\"},\"query-input\":{\"@type\":\"PropertyValueSpecification\",\"valueRequired\":true,\"valueName\":\"search_term_string\"}}],\"inLanguage\":\"es\"},{\"@type\":\"Person\",\"@id\":\"https:\/\/clam.org.br\/es\/#\/schema\/person\/fbd9a86032bf7479f94b0ded196f1010\",\"name\":\"fw2\",\"image\":{\"@type\":\"ImageObject\",\"inLanguage\":\"es\",\"@id\":\"https:\/\/clam.org.br\/es\/#\/schema\/person\/image\/\",\"url\":\"https:\/\/secure.gravatar.com\/avatar\/c38472c0cdbde82d9b6fcc26adb3779d?s=96&d=mm&r=g\",\"contentUrl\":\"https:\/\/secure.gravatar.com\/avatar\/c38472c0cdbde82d9b6fcc26adb3779d?s=96&d=mm&r=g\",\"caption\":\"fw2\"},\"sameAs\":[\"https:\/\/clam.fw2web.com.br\"],\"url\":\"https:\/\/clam.org.br\/es\/author\/fw2\/\"}]}<\/script>\n<!-- \/ Yoast SEO plugin. -->","yoast_head_json":{"title":"Trocando em Mi\u00fados: Homofobia: o que n\u00f3s, psic\u00f3logos, temos a ver com isso? - CLAM - ES","robots":{"index":"index","follow":"follow","max-snippet":"max-snippet:-1","max-image-preview":"max-image-preview:large","max-video-preview":"max-video-preview:-1"},"canonical":"https:\/\/clam.org.br\/es\/agenda\/trocando-em-miudos-homofobia-o-que-nos-psicologos-temos-a-ver-com-isso\/33774\/","og_locale":"es_ES","og_type":"article","og_title":"Trocando em Mi\u00fados: Homofobia: o que n\u00f3s, psic\u00f3logos, temos a ver com isso? - CLAM - ES","og_description":"No dia 27 de junho, a partir das 18h, a Comiss\u00e3o Regional de Direitos Humanos do CRP-RJ realiza o segundo Trocando em Mi\u00fados de 2008.","og_url":"https:\/\/clam.org.br\/es\/agenda\/trocando-em-miudos-homofobia-o-que-nos-psicologos-temos-a-ver-com-isso\/33774\/","og_site_name":"CLAM - ES","article_published_time":"2008-06-17T03:00:00+00:00","author":"fw2","twitter_card":"summary_large_image","twitter_misc":{"Escrito por":"fw2","Tiempo de lectura":"1 minuto"},"schema":{"@context":"https:\/\/schema.org","@graph":[{"@type":"WebPage","@id":"https:\/\/clam.org.br\/es\/agenda\/trocando-em-miudos-homofobia-o-que-nos-psicologos-temos-a-ver-com-isso\/33774\/","url":"https:\/\/clam.org.br\/es\/agenda\/trocando-em-miudos-homofobia-o-que-nos-psicologos-temos-a-ver-com-isso\/33774\/","name":"Trocando em Mi\u00fados: Homofobia: o que n\u00f3s, psic\u00f3logos, temos a ver com isso? - CLAM - ES","isPartOf":{"@id":"https:\/\/clam.org.br\/es\/#website"},"datePublished":"2008-06-17T03:00:00+00:00","author":{"@id":"https:\/\/clam.org.br\/es\/#\/schema\/person\/fbd9a86032bf7479f94b0ded196f1010"},"breadcrumb":{"@id":"https:\/\/clam.org.br\/es\/agenda\/trocando-em-miudos-homofobia-o-que-nos-psicologos-temos-a-ver-com-isso\/33774\/#breadcrumb"},"inLanguage":"es","potentialAction":[{"@type":"ReadAction","target":["https:\/\/clam.org.br\/es\/agenda\/trocando-em-miudos-homofobia-o-que-nos-psicologos-temos-a-ver-com-isso\/33774\/"]}]},{"@type":"BreadcrumbList","@id":"https:\/\/clam.org.br\/es\/agenda\/trocando-em-miudos-homofobia-o-que-nos-psicologos-temos-a-ver-com-isso\/33774\/#breadcrumb","itemListElement":[{"@type":"ListItem","position":1,"name":"In\u00edcio","item":"https:\/\/clam.org.br\/es\/"},{"@type":"ListItem","position":2,"name":"Trocando em Mi\u00fados: Homofobia: o que n\u00f3s, psic\u00f3logos, temos a ver com isso?"}]},{"@type":"WebSite","@id":"https:\/\/clam.org.br\/es\/#website","url":"https:\/\/clam.org.br\/es\/","name":"CLAM - ES","description":"S\u00f3 mais um site CLAM - Centro Latino-Americano em Sexualidade e Direitos Humanos sites","potentialAction":[{"@type":"SearchAction","target":{"@type":"EntryPoint","urlTemplate":"https:\/\/clam.org.br\/es\/?s={search_term_string}"},"query-input":{"@type":"PropertyValueSpecification","valueRequired":true,"valueName":"search_term_string"}}],"inLanguage":"es"},{"@type":"Person","@id":"https:\/\/clam.org.br\/es\/#\/schema\/person\/fbd9a86032bf7479f94b0ded196f1010","name":"fw2","image":{"@type":"ImageObject","inLanguage":"es","@id":"https:\/\/clam.org.br\/es\/#\/schema\/person\/image\/","url":"https:\/\/secure.gravatar.com\/avatar\/c38472c0cdbde82d9b6fcc26adb3779d?s=96&d=mm&r=g","contentUrl":"https:\/\/secure.gravatar.com\/avatar\/c38472c0cdbde82d9b6fcc26adb3779d?s=96&d=mm&r=g","caption":"fw2"},"sameAs":["https:\/\/clam.fw2web.com.br"],"url":"https:\/\/clam.org.br\/es\/author\/fw2\/"}]}},"jetpack_featured_media_url":"","jetpack_sharing_enabled":true,"_links":{"self":[{"href":"https:\/\/clam.org.br\/es\/wp-json\/wp\/v2\/posts\/33774","targetHints":{"allow":["GET"]}}],"collection":[{"href":"https:\/\/clam.org.br\/es\/wp-json\/wp\/v2\/posts"}],"about":[{"href":"https:\/\/clam.org.br\/es\/wp-json\/wp\/v2\/types\/post"}],"author":[{"embeddable":true,"href":"https:\/\/clam.org.br\/es\/wp-json\/wp\/v2\/users\/1"}],"replies":[{"embeddable":true,"href":"https:\/\/clam.org.br\/es\/wp-json\/wp\/v2\/comments?post=33774"}],"version-history":[{"count":0,"href":"https:\/\/clam.org.br\/es\/wp-json\/wp\/v2\/posts\/33774\/revisions"}],"wp:attachment":[{"href":"https:\/\/clam.org.br\/es\/wp-json\/wp\/v2\/media?parent=33774"}],"wp:term":[{"taxonomy":"category","embeddable":true,"href":"https:\/\/clam.org.br\/es\/wp-json\/wp\/v2\/categories?post=33774"},{"taxonomy":"post_tag","embeddable":true,"href":"https:\/\/clam.org.br\/es\/wp-json\/wp\/v2\/tags?post=33774"}],"curies":[{"name":"wp","href":"https:\/\/api.w.org\/{rel}","templated":true}]}}