{"id":33807,"date":"2008-08-12T00:00:00","date_gmt":"2008-08-12T03:00:00","guid":{"rendered":"https:\/\/clam.fw2web.com.br\/es\/2008\/08\/12\/1er-congreso-de-derechos-humanos-19-20-y-21-de-agosto\/"},"modified":"2008-08-12T00:00:00","modified_gmt":"2008-08-12T03:00:00","slug":"1er-congreso-de-derechos-humanos-19-20-y-21-de-agosto","status":"publish","type":"post","link":"https:\/\/clam.org.br\/es\/agenda\/1er-congreso-de-derechos-humanos-19-20-y-21-de-agosto\/33807\/","title":{"rendered":"1er. Congreso de Derechos Humanos, 19, 20 y 21 de Agosto."},"content":{"rendered":"<p><P>&nbsp;A los presentes se les facilitar\u00e1 su estad\u00eda en el pa\u00eds a trav\u00e9s de un convenio con el Fondo de Cultura Econ\u00f3mica.&nbsp;&nbsp;Las Comisiones, se desarrollar\u00e1n en las aulas de Facultad de Derecho de la Universidad de Chile, durante las ma\u00f1anas<\/P> <P>Ubicaci\u00f3n: P\u00edo Nono N\u00ba1, Providencia.Metro Baquedano. <\/P> <P>Los Plenarios, se desarrollar\u00e1n en el Teatro de la Universidad de Chile. <\/P> <P>Ubicaci\u00f3n: Providencia 043, Providencia. Metro Baquedano. <\/P> <P>M\u00e1s informaciones: <a href=\"http:\/\/www.congresoddhh.cl\/\" target=\"_blank\" rel=\"noopener\">http:\/\/www.congresoddhh.cl\/<\/A>, <A href=\"mailto:congresodederechoshumanos@gmail.com\">congresodederechoshumanos@gmail.com<\/A> &nbsp;<\/P><\/p>\n","protected":false},"excerpt":{"rendered":"<p>&nbsp;Los estudiantes de la Universidad de Chile convocan a los estudiantes de derecho y ciencias sociales a presentar trabajos en el primer Congreso de Derechos Humanos, que contar\u00e1 con la presencia de destacados expertos nacionales y extranjeros, as\u00ed como la participaci\u00f3n de estudiantes de otros pa\u00edses.El Congreso se realizar\u00e1 los d\u00edas 19, 20 y 21 de agosto.<\/p>\n","protected":false},"author":1,"featured_media":0,"comment_status":"open","ping_status":"open","sticky":false,"template":"","format":"standard","meta":{"_acf_changed":false,"site-sidebar-layout":"default","site-content-layout":"default","ast-global-header-display":"","ast-main-header-display":"","ast-hfb-above-header-display":"","ast-hfb-below-header-display":"","ast-hfb-mobile-header-display":"","site-post-title":"","ast-breadcrumbs-content":"","ast-featured-img":"","footer-sml-layout":"","theme-transparent-header-meta":"","adv-header-id-meta":"","stick-header-meta":"","header-above-stick-meta":"","header-main-stick-meta":"","header-below-stick-meta":"","_jetpack_memberships_contains_paid_content":false,"footnotes":""},"categories":[28],"tags":[],"class_list":["post-33807","post","type-post","status-publish","format-standard","hentry","category-agenda"],"acf":[],"yoast_head":"<!-- This site is optimized with the Yoast SEO plugin v26.1.1 - https:\/\/yoast.com\/wordpress\/plugins\/seo\/ -->\n<title>1er. Congreso de Derechos Humanos, 19, 20 y 21 de Agosto. - CLAM - ES<\/title>\n<meta name=\"robots\" content=\"index, follow, max-snippet:-1, max-image-preview:large, max-video-preview:-1\" \/>\n<link rel=\"canonical\" href=\"https:\/\/clam.org.br\/es\/agenda\/1er-congreso-de-derechos-humanos-19-20-y-21-de-agosto\/33807\/\" \/>\n<meta property=\"og:locale\" content=\"es_ES\" \/>\n<meta property=\"og:type\" content=\"article\" \/>\n<meta property=\"og:title\" content=\"1er. Congreso de Derechos Humanos, 19, 20 y 21 de Agosto. - CLAM - ES\" \/>\n<meta property=\"og:description\" content=\"&nbsp;Los estudiantes de la Universidad de Chile convocan a los estudiantes de derecho y ciencias sociales a presentar trabajos en el primer Congreso de Derechos Humanos, que contar\u00e1 con la presencia de destacados expertos nacionales y extranjeros, as\u00ed como la participaci\u00f3n de estudiantes de otros pa\u00edses.El Congreso se realizar\u00e1 los d\u00edas 19, 20 y 21 de agosto.\" \/>\n<meta property=\"og:url\" content=\"https:\/\/clam.org.br\/es\/agenda\/1er-congreso-de-derechos-humanos-19-20-y-21-de-agosto\/33807\/\" \/>\n<meta property=\"og:site_name\" content=\"CLAM - ES\" \/>\n<meta property=\"article:published_time\" content=\"2008-08-12T03:00:00+00:00\" \/>\n<meta name=\"author\" content=\"fw2\" \/>\n<meta name=\"twitter:card\" content=\"summary_large_image\" \/>\n<meta name=\"twitter:label1\" content=\"Escrito por\" \/>\n\t<meta name=\"twitter:data1\" content=\"fw2\" \/>\n<script type=\"application\/ld+json\" class=\"yoast-schema-graph\">{\"@context\":\"https:\/\/schema.org\",\"@graph\":[{\"@type\":\"WebPage\",\"@id\":\"https:\/\/clam.org.br\/es\/agenda\/1er-congreso-de-derechos-humanos-19-20-y-21-de-agosto\/33807\/\",\"url\":\"https:\/\/clam.org.br\/es\/agenda\/1er-congreso-de-derechos-humanos-19-20-y-21-de-agosto\/33807\/\",\"name\":\"1er. Congreso de Derechos Humanos, 19, 20 y 21 de Agosto. - CLAM - ES\",\"isPartOf\":{\"@id\":\"https:\/\/clam.org.br\/es\/#website\"},\"datePublished\":\"2008-08-12T03:00:00+00:00\",\"author\":{\"@id\":\"https:\/\/clam.org.br\/es\/#\/schema\/person\/fbd9a86032bf7479f94b0ded196f1010\"},\"breadcrumb\":{\"@id\":\"https:\/\/clam.org.br\/es\/agenda\/1er-congreso-de-derechos-humanos-19-20-y-21-de-agosto\/33807\/#breadcrumb\"},\"inLanguage\":\"es\",\"potentialAction\":[{\"@type\":\"ReadAction\",\"target\":[\"https:\/\/clam.org.br\/es\/agenda\/1er-congreso-de-derechos-humanos-19-20-y-21-de-agosto\/33807\/\"]}]},{\"@type\":\"BreadcrumbList\",\"@id\":\"https:\/\/clam.org.br\/es\/agenda\/1er-congreso-de-derechos-humanos-19-20-y-21-de-agosto\/33807\/#breadcrumb\",\"itemListElement\":[{\"@type\":\"ListItem\",\"position\":1,\"name\":\"In\u00edcio\",\"item\":\"https:\/\/clam.org.br\/es\/\"},{\"@type\":\"ListItem\",\"position\":2,\"name\":\"1er. Congreso de Derechos Humanos, 19, 20 y 21 de Agosto.\"}]},{\"@type\":\"WebSite\",\"@id\":\"https:\/\/clam.org.br\/es\/#website\",\"url\":\"https:\/\/clam.org.br\/es\/\",\"name\":\"CLAM - ES\",\"description\":\"S\u00f3 mais um site CLAM - Centro Latino-Americano em Sexualidade e Direitos Humanos sites\",\"potentialAction\":[{\"@type\":\"SearchAction\",\"target\":{\"@type\":\"EntryPoint\",\"urlTemplate\":\"https:\/\/clam.org.br\/es\/?s={search_term_string}\"},\"query-input\":{\"@type\":\"PropertyValueSpecification\",\"valueRequired\":true,\"valueName\":\"search_term_string\"}}],\"inLanguage\":\"es\"},{\"@type\":\"Person\",\"@id\":\"https:\/\/clam.org.br\/es\/#\/schema\/person\/fbd9a86032bf7479f94b0ded196f1010\",\"name\":\"fw2\",\"image\":{\"@type\":\"ImageObject\",\"inLanguage\":\"es\",\"@id\":\"https:\/\/clam.org.br\/es\/#\/schema\/person\/image\/\",\"url\":\"https:\/\/secure.gravatar.com\/avatar\/c38472c0cdbde82d9b6fcc26adb3779d?s=96&d=mm&r=g\",\"contentUrl\":\"https:\/\/secure.gravatar.com\/avatar\/c38472c0cdbde82d9b6fcc26adb3779d?s=96&d=mm&r=g\",\"caption\":\"fw2\"},\"sameAs\":[\"https:\/\/clam.fw2web.com.br\"],\"url\":\"https:\/\/clam.org.br\/es\/author\/fw2\/\"}]}<\/script>\n<!-- \/ Yoast SEO plugin. -->","yoast_head_json":{"title":"1er. Congreso de Derechos Humanos, 19, 20 y 21 de Agosto. - CLAM - ES","robots":{"index":"index","follow":"follow","max-snippet":"max-snippet:-1","max-image-preview":"max-image-preview:large","max-video-preview":"max-video-preview:-1"},"canonical":"https:\/\/clam.org.br\/es\/agenda\/1er-congreso-de-derechos-humanos-19-20-y-21-de-agosto\/33807\/","og_locale":"es_ES","og_type":"article","og_title":"1er. Congreso de Derechos Humanos, 19, 20 y 21 de Agosto. - CLAM - ES","og_description":"&nbsp;Los estudiantes de la Universidad de Chile convocan a los estudiantes de derecho y ciencias sociales a presentar trabajos en el primer Congreso de Derechos Humanos, que contar\u00e1 con la presencia de destacados expertos nacionales y extranjeros, as\u00ed como la participaci\u00f3n de estudiantes de otros pa\u00edses.El Congreso se realizar\u00e1 los d\u00edas 19, 20 y 21 de agosto.","og_url":"https:\/\/clam.org.br\/es\/agenda\/1er-congreso-de-derechos-humanos-19-20-y-21-de-agosto\/33807\/","og_site_name":"CLAM - ES","article_published_time":"2008-08-12T03:00:00+00:00","author":"fw2","twitter_card":"summary_large_image","twitter_misc":{"Escrito por":"fw2"},"schema":{"@context":"https:\/\/schema.org","@graph":[{"@type":"WebPage","@id":"https:\/\/clam.org.br\/es\/agenda\/1er-congreso-de-derechos-humanos-19-20-y-21-de-agosto\/33807\/","url":"https:\/\/clam.org.br\/es\/agenda\/1er-congreso-de-derechos-humanos-19-20-y-21-de-agosto\/33807\/","name":"1er. Congreso de Derechos Humanos, 19, 20 y 21 de Agosto. - CLAM - ES","isPartOf":{"@id":"https:\/\/clam.org.br\/es\/#website"},"datePublished":"2008-08-12T03:00:00+00:00","author":{"@id":"https:\/\/clam.org.br\/es\/#\/schema\/person\/fbd9a86032bf7479f94b0ded196f1010"},"breadcrumb":{"@id":"https:\/\/clam.org.br\/es\/agenda\/1er-congreso-de-derechos-humanos-19-20-y-21-de-agosto\/33807\/#breadcrumb"},"inLanguage":"es","potentialAction":[{"@type":"ReadAction","target":["https:\/\/clam.org.br\/es\/agenda\/1er-congreso-de-derechos-humanos-19-20-y-21-de-agosto\/33807\/"]}]},{"@type":"BreadcrumbList","@id":"https:\/\/clam.org.br\/es\/agenda\/1er-congreso-de-derechos-humanos-19-20-y-21-de-agosto\/33807\/#breadcrumb","itemListElement":[{"@type":"ListItem","position":1,"name":"In\u00edcio","item":"https:\/\/clam.org.br\/es\/"},{"@type":"ListItem","position":2,"name":"1er. Congreso de Derechos Humanos, 19, 20 y 21 de Agosto."}]},{"@type":"WebSite","@id":"https:\/\/clam.org.br\/es\/#website","url":"https:\/\/clam.org.br\/es\/","name":"CLAM - ES","description":"S\u00f3 mais um site CLAM - Centro Latino-Americano em Sexualidade e Direitos Humanos sites","potentialAction":[{"@type":"SearchAction","target":{"@type":"EntryPoint","urlTemplate":"https:\/\/clam.org.br\/es\/?s={search_term_string}"},"query-input":{"@type":"PropertyValueSpecification","valueRequired":true,"valueName":"search_term_string"}}],"inLanguage":"es"},{"@type":"Person","@id":"https:\/\/clam.org.br\/es\/#\/schema\/person\/fbd9a86032bf7479f94b0ded196f1010","name":"fw2","image":{"@type":"ImageObject","inLanguage":"es","@id":"https:\/\/clam.org.br\/es\/#\/schema\/person\/image\/","url":"https:\/\/secure.gravatar.com\/avatar\/c38472c0cdbde82d9b6fcc26adb3779d?s=96&d=mm&r=g","contentUrl":"https:\/\/secure.gravatar.com\/avatar\/c38472c0cdbde82d9b6fcc26adb3779d?s=96&d=mm&r=g","caption":"fw2"},"sameAs":["https:\/\/clam.fw2web.com.br"],"url":"https:\/\/clam.org.br\/es\/author\/fw2\/"}]}},"jetpack_featured_media_url":"","jetpack_sharing_enabled":true,"_links":{"self":[{"href":"https:\/\/clam.org.br\/es\/wp-json\/wp\/v2\/posts\/33807","targetHints":{"allow":["GET"]}}],"collection":[{"href":"https:\/\/clam.org.br\/es\/wp-json\/wp\/v2\/posts"}],"about":[{"href":"https:\/\/clam.org.br\/es\/wp-json\/wp\/v2\/types\/post"}],"author":[{"embeddable":true,"href":"https:\/\/clam.org.br\/es\/wp-json\/wp\/v2\/users\/1"}],"replies":[{"embeddable":true,"href":"https:\/\/clam.org.br\/es\/wp-json\/wp\/v2\/comments?post=33807"}],"version-history":[{"count":0,"href":"https:\/\/clam.org.br\/es\/wp-json\/wp\/v2\/posts\/33807\/revisions"}],"wp:attachment":[{"href":"https:\/\/clam.org.br\/es\/wp-json\/wp\/v2\/media?parent=33807"}],"wp:term":[{"taxonomy":"category","embeddable":true,"href":"https:\/\/clam.org.br\/es\/wp-json\/wp\/v2\/categories?post=33807"},{"taxonomy":"post_tag","embeddable":true,"href":"https:\/\/clam.org.br\/es\/wp-json\/wp\/v2\/tags?post=33807"}],"curies":[{"name":"wp","href":"https:\/\/api.w.org\/{rel}","templated":true}]}}