{"id":33936,"date":"2009-06-02T00:00:00","date_gmt":"2009-06-02T03:00:00","guid":{"rendered":"https:\/\/clam.fw2web.com.br\/es\/2009\/06\/02\/coloquio-internacional-miradas-francesas-sobre-a-umbanda-e-o-candomble-arte-ciencia-e-religiao\/"},"modified":"2009-06-02T00:00:00","modified_gmt":"2009-06-02T03:00:00","slug":"coloquio-internacional-miradas-francesas-sobre-a-umbanda-e-o-candomble-arte-ciencia-e-religiao","status":"publish","type":"post","link":"https:\/\/clam.org.br\/es\/agenda\/coloquio-internacional-miradas-francesas-sobre-a-umbanda-e-o-candomble-arte-ciencia-e-religiao\/33936\/","title":{"rendered":"Col\u00f3quio internacional Miradas francesas sobre a umbanda e o candombl\u00e9: arte, ci\u00eancia e religi\u00e3o"},"content":{"rendered":"<p><P>Fruto de uma parceria entre o CRBC\/EHESS, o Departamento de Antropologia da USP e o PPGSA -IFCS\/UFRJ, o objetivo \u00e9 lan\u00e7ar uma reflex\u00e3o ampliada sobre as articula\u00e7\u00f5es entre arte ci\u00eancia e religi\u00e3o, a partir do exame da obra e da trajet\u00f3ria de pesquisadores e artistas franceses que se interessaram, de modos distintos, pelo candombl\u00e9 e pela umbanda. A id\u00e9ia central \u00e9 cruzar perspectivas lan\u00e7adas sobre a religiosidade popular brasileira, colocando em di\u00e1logo vozes nem sempre aproximadas pelas an\u00e1lises. <\/P> <P>Veja&nbsp;o programa completo do evento:&nbsp;<\/P> <P>Local: (PPGSA-IFCS\/UFRJ) Largo de S\u00e3o Francisco, n. 1. Centro, Rio de Janeiro, RJ, sala 10 <\/P> <P>Data: 17\/06\/2009<\/P> <P><STRONG>Programa\u00e7\u00e3o <\/STRONG><\/P> <P><STRONG>9:30 hs \u00e0s 12:30 hs &ndash; Mesa I <\/STRONG><\/P> <P>Coordena\u00e7\u00e3o: Marion Aubr\u00e9e (CRBC\/EHESS) <\/P> <P>Expositores : <\/P> <P>M\u00e1rcio Goldman (Antropologia &ndash; Museu Nacional\/ UFRJ). <\/P> <P><EM>Roger Bastide e as transforma\u00e7\u00f5es das religi\u00f5es de matriz africana no Brasil<\/EM> <\/P> <P>Fernanda Peixoto (Antropologia &ndash; USP) <\/P> <P><EM>Barroco e candombl\u00e9: dois \u00e2ngulos e uma perspectiva<\/EM> <\/P> <P>Jer\u00f4me Souty (Antropologia &ndash; EHESS\/ UERJ) <\/P> <P><EM>Escrita imag\u00e9tica e experi\u00eancia inici\u00e1tica: trajetos cient\u00edficos de Pierre Verger<\/EM> <\/P> <P>Gis\u00e8le Cossard (Dr. antropologia &ndash; Paris-Sorbonne\/l\u00edder religiosa) <\/P> <P><EM>Um percurso da ci\u00eancia \u00e0 religi\u00e3o<\/EM> <\/P> <P>&nbsp;<\/P> <P><STRONG>14:30 hs \u00e0s 18:00 hs &ndash; Mesa II <\/STRONG><\/P> <P>Coordena\u00e7\u00e3o: Fernanda Peixoto (Antropologia &ndash; USP) <\/P> <P>Expositores : <\/P> <P>Marco Antonio Gon\u00e7alves (Antropologia &ndash; IFCS\/UFRJ) <\/P> <P><EM>Possess\u00e3o, ritual e cinema: Jean Rouch e a constru\u00e7\u00e3o do conhecimento atrav\u00e9s das imagens<\/EM> <\/P> <P>Emerson Giumbelli (Antropologia &ndash; IFCS\/UFRJ) <\/P> <P><EM>Macumba surrealista: Benjamin P\u00e9ret e seu relato dos anos 30<\/EM> <\/P> <P>Mari\u00f3n Aubr\u00e9e (Antropologia &ndash; CRBC\/CEIFR &#8211; EHESS) <\/P> <P><EM>Os cientistas franceses e o seu interesse pelo candombl\u00e9<\/EM> <\/P> <P>Nadine Wanono (Cinema etnol\u00f3gico &ndash; CEMAF\/CNRS) <\/P> <P><EM>O cruzamento de fronteiras na obra de Jean Rouch<\/EM><\/P><\/p>\n","protected":false},"excerpt":{"rendered":"<p>Fruto de uma parceria entre o CRBC\/EHESS, o Departamento de Antropologia da USP e o PPGSA -IFCS\/UFRJ, o objetivo \u00e9 lan\u00e7ar uma reflex\u00e3o ampliada sobre as articula\u00e7\u00f5es entre arte ci\u00eancia e religi\u00e3o, a partir do exame da obra e da trajet\u00f3ria de pesquisadores e artistas franceses que se interessaram, de modos distintos, pelo candombl\u00e9 e pela umbanda.<\/p>\n","protected":false},"author":1,"featured_media":0,"comment_status":"open","ping_status":"open","sticky":false,"template":"","format":"standard","meta":{"_acf_changed":false,"site-sidebar-layout":"default","site-content-layout":"default","ast-global-header-display":"","ast-main-header-display":"","ast-hfb-above-header-display":"","ast-hfb-below-header-display":"","ast-hfb-mobile-header-display":"","site-post-title":"","ast-breadcrumbs-content":"","ast-featured-img":"","footer-sml-layout":"","theme-transparent-header-meta":"","adv-header-id-meta":"","stick-header-meta":"","header-above-stick-meta":"","header-main-stick-meta":"","header-below-stick-meta":"","_jetpack_memberships_contains_paid_content":false,"footnotes":""},"categories":[28],"tags":[],"class_list":["post-33936","post","type-post","status-publish","format-standard","hentry","category-agenda"],"acf":[],"yoast_head":"<!-- This site is optimized with the Yoast SEO plugin v26.1.1 - https:\/\/yoast.com\/wordpress\/plugins\/seo\/ -->\n<title>Col\u00f3quio internacional Miradas francesas sobre a umbanda e o candombl\u00e9: arte, ci\u00eancia e religi\u00e3o - CLAM - ES<\/title>\n<meta name=\"robots\" content=\"index, follow, max-snippet:-1, max-image-preview:large, max-video-preview:-1\" \/>\n<link rel=\"canonical\" href=\"https:\/\/clam.org.br\/es\/agenda\/coloquio-internacional-miradas-francesas-sobre-a-umbanda-e-o-candomble-arte-ciencia-e-religiao\/33936\/\" \/>\n<meta property=\"og:locale\" content=\"es_ES\" \/>\n<meta property=\"og:type\" content=\"article\" \/>\n<meta property=\"og:title\" content=\"Col\u00f3quio internacional Miradas francesas sobre a umbanda e o candombl\u00e9: arte, ci\u00eancia e religi\u00e3o - CLAM - ES\" \/>\n<meta property=\"og:description\" content=\"Fruto de uma parceria entre o CRBC\/EHESS, o Departamento de Antropologia da USP e o PPGSA -IFCS\/UFRJ, o objetivo \u00e9 lan\u00e7ar uma reflex\u00e3o ampliada sobre as articula\u00e7\u00f5es entre arte ci\u00eancia e religi\u00e3o, a partir do exame da obra e da trajet\u00f3ria de pesquisadores e artistas franceses que se interessaram, de modos distintos, pelo candombl\u00e9 e pela umbanda.\" \/>\n<meta property=\"og:url\" content=\"https:\/\/clam.org.br\/es\/agenda\/coloquio-internacional-miradas-francesas-sobre-a-umbanda-e-o-candomble-arte-ciencia-e-religiao\/33936\/\" \/>\n<meta property=\"og:site_name\" content=\"CLAM - ES\" \/>\n<meta property=\"article:published_time\" content=\"2009-06-02T03:00:00+00:00\" \/>\n<meta name=\"author\" content=\"fw2\" \/>\n<meta name=\"twitter:card\" content=\"summary_large_image\" \/>\n<meta name=\"twitter:label1\" content=\"Escrito por\" \/>\n\t<meta name=\"twitter:data1\" content=\"fw2\" \/>\n\t<meta name=\"twitter:label2\" content=\"Tiempo de lectura\" \/>\n\t<meta name=\"twitter:data2\" content=\"1 minuto\" \/>\n<script type=\"application\/ld+json\" class=\"yoast-schema-graph\">{\"@context\":\"https:\/\/schema.org\",\"@graph\":[{\"@type\":\"WebPage\",\"@id\":\"https:\/\/clam.org.br\/es\/agenda\/coloquio-internacional-miradas-francesas-sobre-a-umbanda-e-o-candomble-arte-ciencia-e-religiao\/33936\/\",\"url\":\"https:\/\/clam.org.br\/es\/agenda\/coloquio-internacional-miradas-francesas-sobre-a-umbanda-e-o-candomble-arte-ciencia-e-religiao\/33936\/\",\"name\":\"Col\u00f3quio internacional Miradas francesas sobre a umbanda e o candombl\u00e9: arte, ci\u00eancia e religi\u00e3o - CLAM - ES\",\"isPartOf\":{\"@id\":\"https:\/\/clam.org.br\/es\/#website\"},\"datePublished\":\"2009-06-02T03:00:00+00:00\",\"author\":{\"@id\":\"https:\/\/clam.org.br\/es\/#\/schema\/person\/fbd9a86032bf7479f94b0ded196f1010\"},\"breadcrumb\":{\"@id\":\"https:\/\/clam.org.br\/es\/agenda\/coloquio-internacional-miradas-francesas-sobre-a-umbanda-e-o-candomble-arte-ciencia-e-religiao\/33936\/#breadcrumb\"},\"inLanguage\":\"es\",\"potentialAction\":[{\"@type\":\"ReadAction\",\"target\":[\"https:\/\/clam.org.br\/es\/agenda\/coloquio-internacional-miradas-francesas-sobre-a-umbanda-e-o-candomble-arte-ciencia-e-religiao\/33936\/\"]}]},{\"@type\":\"BreadcrumbList\",\"@id\":\"https:\/\/clam.org.br\/es\/agenda\/coloquio-internacional-miradas-francesas-sobre-a-umbanda-e-o-candomble-arte-ciencia-e-religiao\/33936\/#breadcrumb\",\"itemListElement\":[{\"@type\":\"ListItem\",\"position\":1,\"name\":\"In\u00edcio\",\"item\":\"https:\/\/clam.org.br\/es\/\"},{\"@type\":\"ListItem\",\"position\":2,\"name\":\"Col\u00f3quio internacional Miradas francesas sobre a umbanda e o candombl\u00e9: arte, ci\u00eancia e religi\u00e3o\"}]},{\"@type\":\"WebSite\",\"@id\":\"https:\/\/clam.org.br\/es\/#website\",\"url\":\"https:\/\/clam.org.br\/es\/\",\"name\":\"CLAM - ES\",\"description\":\"S\u00f3 mais um site CLAM - Centro Latino-Americano em Sexualidade e Direitos Humanos sites\",\"potentialAction\":[{\"@type\":\"SearchAction\",\"target\":{\"@type\":\"EntryPoint\",\"urlTemplate\":\"https:\/\/clam.org.br\/es\/?s={search_term_string}\"},\"query-input\":{\"@type\":\"PropertyValueSpecification\",\"valueRequired\":true,\"valueName\":\"search_term_string\"}}],\"inLanguage\":\"es\"},{\"@type\":\"Person\",\"@id\":\"https:\/\/clam.org.br\/es\/#\/schema\/person\/fbd9a86032bf7479f94b0ded196f1010\",\"name\":\"fw2\",\"image\":{\"@type\":\"ImageObject\",\"inLanguage\":\"es\",\"@id\":\"https:\/\/clam.org.br\/es\/#\/schema\/person\/image\/\",\"url\":\"https:\/\/secure.gravatar.com\/avatar\/c38472c0cdbde82d9b6fcc26adb3779d?s=96&d=mm&r=g\",\"contentUrl\":\"https:\/\/secure.gravatar.com\/avatar\/c38472c0cdbde82d9b6fcc26adb3779d?s=96&d=mm&r=g\",\"caption\":\"fw2\"},\"sameAs\":[\"https:\/\/clam.fw2web.com.br\"],\"url\":\"https:\/\/clam.org.br\/es\/author\/fw2\/\"}]}<\/script>\n<!-- \/ Yoast SEO plugin. -->","yoast_head_json":{"title":"Col\u00f3quio internacional Miradas francesas sobre a umbanda e o candombl\u00e9: arte, ci\u00eancia e religi\u00e3o - CLAM - ES","robots":{"index":"index","follow":"follow","max-snippet":"max-snippet:-1","max-image-preview":"max-image-preview:large","max-video-preview":"max-video-preview:-1"},"canonical":"https:\/\/clam.org.br\/es\/agenda\/coloquio-internacional-miradas-francesas-sobre-a-umbanda-e-o-candomble-arte-ciencia-e-religiao\/33936\/","og_locale":"es_ES","og_type":"article","og_title":"Col\u00f3quio internacional Miradas francesas sobre a umbanda e o candombl\u00e9: arte, ci\u00eancia e religi\u00e3o - CLAM - ES","og_description":"Fruto de uma parceria entre o CRBC\/EHESS, o Departamento de Antropologia da USP e o PPGSA -IFCS\/UFRJ, o objetivo \u00e9 lan\u00e7ar uma reflex\u00e3o ampliada sobre as articula\u00e7\u00f5es entre arte ci\u00eancia e religi\u00e3o, a partir do exame da obra e da trajet\u00f3ria de pesquisadores e artistas franceses que se interessaram, de modos distintos, pelo candombl\u00e9 e pela umbanda.","og_url":"https:\/\/clam.org.br\/es\/agenda\/coloquio-internacional-miradas-francesas-sobre-a-umbanda-e-o-candomble-arte-ciencia-e-religiao\/33936\/","og_site_name":"CLAM - ES","article_published_time":"2009-06-02T03:00:00+00:00","author":"fw2","twitter_card":"summary_large_image","twitter_misc":{"Escrito por":"fw2","Tiempo de lectura":"1 minuto"},"schema":{"@context":"https:\/\/schema.org","@graph":[{"@type":"WebPage","@id":"https:\/\/clam.org.br\/es\/agenda\/coloquio-internacional-miradas-francesas-sobre-a-umbanda-e-o-candomble-arte-ciencia-e-religiao\/33936\/","url":"https:\/\/clam.org.br\/es\/agenda\/coloquio-internacional-miradas-francesas-sobre-a-umbanda-e-o-candomble-arte-ciencia-e-religiao\/33936\/","name":"Col\u00f3quio internacional Miradas francesas sobre a umbanda e o candombl\u00e9: arte, ci\u00eancia e religi\u00e3o - CLAM - ES","isPartOf":{"@id":"https:\/\/clam.org.br\/es\/#website"},"datePublished":"2009-06-02T03:00:00+00:00","author":{"@id":"https:\/\/clam.org.br\/es\/#\/schema\/person\/fbd9a86032bf7479f94b0ded196f1010"},"breadcrumb":{"@id":"https:\/\/clam.org.br\/es\/agenda\/coloquio-internacional-miradas-francesas-sobre-a-umbanda-e-o-candomble-arte-ciencia-e-religiao\/33936\/#breadcrumb"},"inLanguage":"es","potentialAction":[{"@type":"ReadAction","target":["https:\/\/clam.org.br\/es\/agenda\/coloquio-internacional-miradas-francesas-sobre-a-umbanda-e-o-candomble-arte-ciencia-e-religiao\/33936\/"]}]},{"@type":"BreadcrumbList","@id":"https:\/\/clam.org.br\/es\/agenda\/coloquio-internacional-miradas-francesas-sobre-a-umbanda-e-o-candomble-arte-ciencia-e-religiao\/33936\/#breadcrumb","itemListElement":[{"@type":"ListItem","position":1,"name":"In\u00edcio","item":"https:\/\/clam.org.br\/es\/"},{"@type":"ListItem","position":2,"name":"Col\u00f3quio internacional Miradas francesas sobre a umbanda e o candombl\u00e9: arte, ci\u00eancia e religi\u00e3o"}]},{"@type":"WebSite","@id":"https:\/\/clam.org.br\/es\/#website","url":"https:\/\/clam.org.br\/es\/","name":"CLAM - ES","description":"S\u00f3 mais um site CLAM - Centro Latino-Americano em Sexualidade e Direitos Humanos sites","potentialAction":[{"@type":"SearchAction","target":{"@type":"EntryPoint","urlTemplate":"https:\/\/clam.org.br\/es\/?s={search_term_string}"},"query-input":{"@type":"PropertyValueSpecification","valueRequired":true,"valueName":"search_term_string"}}],"inLanguage":"es"},{"@type":"Person","@id":"https:\/\/clam.org.br\/es\/#\/schema\/person\/fbd9a86032bf7479f94b0ded196f1010","name":"fw2","image":{"@type":"ImageObject","inLanguage":"es","@id":"https:\/\/clam.org.br\/es\/#\/schema\/person\/image\/","url":"https:\/\/secure.gravatar.com\/avatar\/c38472c0cdbde82d9b6fcc26adb3779d?s=96&d=mm&r=g","contentUrl":"https:\/\/secure.gravatar.com\/avatar\/c38472c0cdbde82d9b6fcc26adb3779d?s=96&d=mm&r=g","caption":"fw2"},"sameAs":["https:\/\/clam.fw2web.com.br"],"url":"https:\/\/clam.org.br\/es\/author\/fw2\/"}]}},"jetpack_featured_media_url":"","jetpack_sharing_enabled":true,"_links":{"self":[{"href":"https:\/\/clam.org.br\/es\/wp-json\/wp\/v2\/posts\/33936","targetHints":{"allow":["GET"]}}],"collection":[{"href":"https:\/\/clam.org.br\/es\/wp-json\/wp\/v2\/posts"}],"about":[{"href":"https:\/\/clam.org.br\/es\/wp-json\/wp\/v2\/types\/post"}],"author":[{"embeddable":true,"href":"https:\/\/clam.org.br\/es\/wp-json\/wp\/v2\/users\/1"}],"replies":[{"embeddable":true,"href":"https:\/\/clam.org.br\/es\/wp-json\/wp\/v2\/comments?post=33936"}],"version-history":[{"count":0,"href":"https:\/\/clam.org.br\/es\/wp-json\/wp\/v2\/posts\/33936\/revisions"}],"wp:attachment":[{"href":"https:\/\/clam.org.br\/es\/wp-json\/wp\/v2\/media?parent=33936"}],"wp:term":[{"taxonomy":"category","embeddable":true,"href":"https:\/\/clam.org.br\/es\/wp-json\/wp\/v2\/categories?post=33936"},{"taxonomy":"post_tag","embeddable":true,"href":"https:\/\/clam.org.br\/es\/wp-json\/wp\/v2\/tags?post=33936"}],"curies":[{"name":"wp","href":"https:\/\/api.w.org\/{rel}","templated":true}]}}