{"id":33963,"date":"2009-10-01T00:00:00","date_gmt":"2009-10-01T03:00:00","guid":{"rendered":"https:\/\/clam.fw2web.com.br\/es\/2009\/10\/01\/1o-painel-do-seminario-diversidade-nas-escolas-preconceito-e-inclusao\/"},"modified":"2009-10-01T00:00:00","modified_gmt":"2009-10-01T03:00:00","slug":"1o-painel-do-seminario-diversidade-nas-escolas-preconceito-e-inclusao","status":"publish","type":"post","link":"https:\/\/clam.org.br\/es\/agenda\/1o-painel-do-seminario-diversidade-nas-escolas-preconceito-e-inclusao\/33963\/","title":{"rendered":"1\u00ba Painel do Semin\u00e1rio Diversidade nas Escolas: preconceito e inclus\u00e3o"},"content":{"rendered":"<p><P>Participar\u00e3o do evento os ministros Fernando Haddad (Educa\u00e7\u00e3o) e Nilc\u00e9a Freire (Secretaria Especial de Pol\u00edticas para as Mulheres); Toni Reis (presidente da ABGLT); Carlos Laudari (diretor da Pathfinder do Brasil); Miriam Abramovay (soci\u00f3loga); Pedro Chequer (m\u00e9dico e coordenador do Programa Conjunto das Na\u00e7\u00f5es Unidas para o HIV\/Aids no Brasil); e o senador Fl\u00e1vio Arns (Presidente da Comiss\u00e3o de Educa\u00e7\u00e3o, Cultura e Esporte do Senado Federal).<BR> <BR> Data: 21 de outubro de 2009<BR> Hor\u00e1rio: 10 horas<BR> Local: Senado Federal<BR> Comiss\u00e3o de Educa\u00e7\u00e3o, Cultura e Esporte<BR> Anexo II, Ala Alexandre Costa, Sala 15 &ndash; Plen\u00e1rio<BR> Bras\u00edlia-DF<\/P> <P>Mais informa\u00e7\u00f5es: (61) 3303-4805\/4604 ou&nbsp;<A href=\"mailto:scomce@senado.gov.br\">scomce@senado.gov.br<\/A>.<\/P><\/p>\n","protected":false},"excerpt":{"rendered":"<p>O Senado Federal promove dia 21 de outubro o 1\u00ba Painel do Semin\u00e1rio \u00abDiversidade nas Escolas: preconceito e inclus\u00e3o\u00bb, que ter\u00e1 como eixo central a orienta\u00e7\u00e3o sexual e as rela\u00e7\u00f5es de g\u00eanero.<\/p>\n","protected":false},"author":1,"featured_media":0,"comment_status":"open","ping_status":"open","sticky":false,"template":"","format":"standard","meta":{"_acf_changed":false,"site-sidebar-layout":"default","site-content-layout":"default","ast-global-header-display":"","ast-main-header-display":"","ast-hfb-above-header-display":"","ast-hfb-below-header-display":"","ast-hfb-mobile-header-display":"","site-post-title":"","ast-breadcrumbs-content":"","ast-featured-img":"","footer-sml-layout":"","theme-transparent-header-meta":"","adv-header-id-meta":"","stick-header-meta":"","header-above-stick-meta":"","header-main-stick-meta":"","header-below-stick-meta":"","_jetpack_memberships_contains_paid_content":false,"footnotes":""},"categories":[28],"tags":[],"class_list":["post-33963","post","type-post","status-publish","format-standard","hentry","category-agenda"],"acf":[],"yoast_head":"<!-- This site is optimized with the Yoast SEO plugin v26.1.1 - https:\/\/yoast.com\/wordpress\/plugins\/seo\/ -->\n<title>1\u00ba Painel do Semin\u00e1rio Diversidade nas Escolas: preconceito e inclus\u00e3o - CLAM - ES<\/title>\n<meta name=\"robots\" content=\"index, follow, max-snippet:-1, max-image-preview:large, max-video-preview:-1\" \/>\n<link rel=\"canonical\" href=\"https:\/\/clam.org.br\/es\/agenda\/1o-painel-do-seminario-diversidade-nas-escolas-preconceito-e-inclusao\/33963\/\" \/>\n<meta property=\"og:locale\" content=\"es_ES\" \/>\n<meta property=\"og:type\" content=\"article\" \/>\n<meta property=\"og:title\" content=\"1\u00ba Painel do Semin\u00e1rio Diversidade nas Escolas: preconceito e inclus\u00e3o - CLAM - ES\" \/>\n<meta property=\"og:description\" content=\"O Senado Federal promove dia 21 de outubro o 1\u00ba Painel do Semin\u00e1rio &quot;Diversidade nas Escolas: preconceito e inclus\u00e3o&quot;, que ter\u00e1 como eixo central a orienta\u00e7\u00e3o sexual e as rela\u00e7\u00f5es de g\u00eanero.\" \/>\n<meta property=\"og:url\" content=\"https:\/\/clam.org.br\/es\/agenda\/1o-painel-do-seminario-diversidade-nas-escolas-preconceito-e-inclusao\/33963\/\" \/>\n<meta property=\"og:site_name\" content=\"CLAM - ES\" \/>\n<meta property=\"article:published_time\" content=\"2009-10-01T03:00:00+00:00\" \/>\n<meta name=\"author\" content=\"fw2\" \/>\n<meta name=\"twitter:card\" content=\"summary_large_image\" \/>\n<meta name=\"twitter:label1\" content=\"Escrito por\" \/>\n\t<meta name=\"twitter:data1\" content=\"fw2\" \/>\n\t<meta name=\"twitter:label2\" content=\"Tiempo de lectura\" \/>\n\t<meta name=\"twitter:data2\" content=\"1 minuto\" \/>\n<script type=\"application\/ld+json\" class=\"yoast-schema-graph\">{\"@context\":\"https:\/\/schema.org\",\"@graph\":[{\"@type\":\"WebPage\",\"@id\":\"https:\/\/clam.org.br\/es\/agenda\/1o-painel-do-seminario-diversidade-nas-escolas-preconceito-e-inclusao\/33963\/\",\"url\":\"https:\/\/clam.org.br\/es\/agenda\/1o-painel-do-seminario-diversidade-nas-escolas-preconceito-e-inclusao\/33963\/\",\"name\":\"1\u00ba Painel do Semin\u00e1rio Diversidade nas Escolas: preconceito e inclus\u00e3o - CLAM - ES\",\"isPartOf\":{\"@id\":\"https:\/\/clam.org.br\/es\/#website\"},\"datePublished\":\"2009-10-01T03:00:00+00:00\",\"author\":{\"@id\":\"https:\/\/clam.org.br\/es\/#\/schema\/person\/fbd9a86032bf7479f94b0ded196f1010\"},\"breadcrumb\":{\"@id\":\"https:\/\/clam.org.br\/es\/agenda\/1o-painel-do-seminario-diversidade-nas-escolas-preconceito-e-inclusao\/33963\/#breadcrumb\"},\"inLanguage\":\"es\",\"potentialAction\":[{\"@type\":\"ReadAction\",\"target\":[\"https:\/\/clam.org.br\/es\/agenda\/1o-painel-do-seminario-diversidade-nas-escolas-preconceito-e-inclusao\/33963\/\"]}]},{\"@type\":\"BreadcrumbList\",\"@id\":\"https:\/\/clam.org.br\/es\/agenda\/1o-painel-do-seminario-diversidade-nas-escolas-preconceito-e-inclusao\/33963\/#breadcrumb\",\"itemListElement\":[{\"@type\":\"ListItem\",\"position\":1,\"name\":\"In\u00edcio\",\"item\":\"https:\/\/clam.org.br\/es\/\"},{\"@type\":\"ListItem\",\"position\":2,\"name\":\"1\u00ba Painel do Semin\u00e1rio Diversidade nas Escolas: preconceito e inclus\u00e3o\"}]},{\"@type\":\"WebSite\",\"@id\":\"https:\/\/clam.org.br\/es\/#website\",\"url\":\"https:\/\/clam.org.br\/es\/\",\"name\":\"CLAM - ES\",\"description\":\"S\u00f3 mais um site CLAM - Centro Latino-Americano em Sexualidade e Direitos Humanos sites\",\"potentialAction\":[{\"@type\":\"SearchAction\",\"target\":{\"@type\":\"EntryPoint\",\"urlTemplate\":\"https:\/\/clam.org.br\/es\/?s={search_term_string}\"},\"query-input\":{\"@type\":\"PropertyValueSpecification\",\"valueRequired\":true,\"valueName\":\"search_term_string\"}}],\"inLanguage\":\"es\"},{\"@type\":\"Person\",\"@id\":\"https:\/\/clam.org.br\/es\/#\/schema\/person\/fbd9a86032bf7479f94b0ded196f1010\",\"name\":\"fw2\",\"image\":{\"@type\":\"ImageObject\",\"inLanguage\":\"es\",\"@id\":\"https:\/\/clam.org.br\/es\/#\/schema\/person\/image\/\",\"url\":\"https:\/\/secure.gravatar.com\/avatar\/c38472c0cdbde82d9b6fcc26adb3779d?s=96&d=mm&r=g\",\"contentUrl\":\"https:\/\/secure.gravatar.com\/avatar\/c38472c0cdbde82d9b6fcc26adb3779d?s=96&d=mm&r=g\",\"caption\":\"fw2\"},\"sameAs\":[\"https:\/\/clam.fw2web.com.br\"],\"url\":\"https:\/\/clam.org.br\/es\/author\/fw2\/\"}]}<\/script>\n<!-- \/ Yoast SEO plugin. -->","yoast_head_json":{"title":"1\u00ba Painel do Semin\u00e1rio Diversidade nas Escolas: preconceito e inclus\u00e3o - CLAM - ES","robots":{"index":"index","follow":"follow","max-snippet":"max-snippet:-1","max-image-preview":"max-image-preview:large","max-video-preview":"max-video-preview:-1"},"canonical":"https:\/\/clam.org.br\/es\/agenda\/1o-painel-do-seminario-diversidade-nas-escolas-preconceito-e-inclusao\/33963\/","og_locale":"es_ES","og_type":"article","og_title":"1\u00ba Painel do Semin\u00e1rio Diversidade nas Escolas: preconceito e inclus\u00e3o - CLAM - ES","og_description":"O Senado Federal promove dia 21 de outubro o 1\u00ba Painel do Semin\u00e1rio \"Diversidade nas Escolas: preconceito e inclus\u00e3o\", que ter\u00e1 como eixo central a orienta\u00e7\u00e3o sexual e as rela\u00e7\u00f5es de g\u00eanero.","og_url":"https:\/\/clam.org.br\/es\/agenda\/1o-painel-do-seminario-diversidade-nas-escolas-preconceito-e-inclusao\/33963\/","og_site_name":"CLAM - ES","article_published_time":"2009-10-01T03:00:00+00:00","author":"fw2","twitter_card":"summary_large_image","twitter_misc":{"Escrito por":"fw2","Tiempo de lectura":"1 minuto"},"schema":{"@context":"https:\/\/schema.org","@graph":[{"@type":"WebPage","@id":"https:\/\/clam.org.br\/es\/agenda\/1o-painel-do-seminario-diversidade-nas-escolas-preconceito-e-inclusao\/33963\/","url":"https:\/\/clam.org.br\/es\/agenda\/1o-painel-do-seminario-diversidade-nas-escolas-preconceito-e-inclusao\/33963\/","name":"1\u00ba Painel do Semin\u00e1rio Diversidade nas Escolas: preconceito e inclus\u00e3o - CLAM - ES","isPartOf":{"@id":"https:\/\/clam.org.br\/es\/#website"},"datePublished":"2009-10-01T03:00:00+00:00","author":{"@id":"https:\/\/clam.org.br\/es\/#\/schema\/person\/fbd9a86032bf7479f94b0ded196f1010"},"breadcrumb":{"@id":"https:\/\/clam.org.br\/es\/agenda\/1o-painel-do-seminario-diversidade-nas-escolas-preconceito-e-inclusao\/33963\/#breadcrumb"},"inLanguage":"es","potentialAction":[{"@type":"ReadAction","target":["https:\/\/clam.org.br\/es\/agenda\/1o-painel-do-seminario-diversidade-nas-escolas-preconceito-e-inclusao\/33963\/"]}]},{"@type":"BreadcrumbList","@id":"https:\/\/clam.org.br\/es\/agenda\/1o-painel-do-seminario-diversidade-nas-escolas-preconceito-e-inclusao\/33963\/#breadcrumb","itemListElement":[{"@type":"ListItem","position":1,"name":"In\u00edcio","item":"https:\/\/clam.org.br\/es\/"},{"@type":"ListItem","position":2,"name":"1\u00ba Painel do Semin\u00e1rio Diversidade nas Escolas: preconceito e inclus\u00e3o"}]},{"@type":"WebSite","@id":"https:\/\/clam.org.br\/es\/#website","url":"https:\/\/clam.org.br\/es\/","name":"CLAM - ES","description":"S\u00f3 mais um site CLAM - Centro Latino-Americano em Sexualidade e Direitos Humanos sites","potentialAction":[{"@type":"SearchAction","target":{"@type":"EntryPoint","urlTemplate":"https:\/\/clam.org.br\/es\/?s={search_term_string}"},"query-input":{"@type":"PropertyValueSpecification","valueRequired":true,"valueName":"search_term_string"}}],"inLanguage":"es"},{"@type":"Person","@id":"https:\/\/clam.org.br\/es\/#\/schema\/person\/fbd9a86032bf7479f94b0ded196f1010","name":"fw2","image":{"@type":"ImageObject","inLanguage":"es","@id":"https:\/\/clam.org.br\/es\/#\/schema\/person\/image\/","url":"https:\/\/secure.gravatar.com\/avatar\/c38472c0cdbde82d9b6fcc26adb3779d?s=96&d=mm&r=g","contentUrl":"https:\/\/secure.gravatar.com\/avatar\/c38472c0cdbde82d9b6fcc26adb3779d?s=96&d=mm&r=g","caption":"fw2"},"sameAs":["https:\/\/clam.fw2web.com.br"],"url":"https:\/\/clam.org.br\/es\/author\/fw2\/"}]}},"jetpack_featured_media_url":"","jetpack_sharing_enabled":true,"_links":{"self":[{"href":"https:\/\/clam.org.br\/es\/wp-json\/wp\/v2\/posts\/33963","targetHints":{"allow":["GET"]}}],"collection":[{"href":"https:\/\/clam.org.br\/es\/wp-json\/wp\/v2\/posts"}],"about":[{"href":"https:\/\/clam.org.br\/es\/wp-json\/wp\/v2\/types\/post"}],"author":[{"embeddable":true,"href":"https:\/\/clam.org.br\/es\/wp-json\/wp\/v2\/users\/1"}],"replies":[{"embeddable":true,"href":"https:\/\/clam.org.br\/es\/wp-json\/wp\/v2\/comments?post=33963"}],"version-history":[{"count":0,"href":"https:\/\/clam.org.br\/es\/wp-json\/wp\/v2\/posts\/33963\/revisions"}],"wp:attachment":[{"href":"https:\/\/clam.org.br\/es\/wp-json\/wp\/v2\/media?parent=33963"}],"wp:term":[{"taxonomy":"category","embeddable":true,"href":"https:\/\/clam.org.br\/es\/wp-json\/wp\/v2\/categories?post=33963"},{"taxonomy":"post_tag","embeddable":true,"href":"https:\/\/clam.org.br\/es\/wp-json\/wp\/v2\/tags?post=33963"}],"curies":[{"name":"wp","href":"https:\/\/api.w.org\/{rel}","templated":true}]}}