{"id":34077,"date":"2010-08-03T00:00:00","date_gmt":"2010-08-03T03:00:00","guid":{"rendered":"https:\/\/clam.fw2web.com.br\/es\/2010\/08\/03\/ciclo-diverso-itinerante-de-cine-debate\/"},"modified":"2010-08-03T00:00:00","modified_gmt":"2010-08-03T03:00:00","slug":"ciclo-diverso-itinerante-de-cine-debate","status":"publish","type":"post","link":"https:\/\/clam.org.br\/es\/agenda\/ciclo-diverso-itinerante-de-cine-debate\/34077\/","title":{"rendered":"Ciclo Diverso Itinerante de Cine &#8211; Debate"},"content":{"rendered":"<p>El \u00e1rea de cultura de Devenir Diverse C\u00f3rdoba, invita al ciclo de cine debate sobre transgeneridad que se llevar\u00e1 a cabo el 4 de agosto a las 20.30 hs en la Fundaci\u00f3n Borde, Marcelo T de Alvear 837, Barrio G\u00fcemes, C\u00f3rdoba. Se proyectar\u00e1 el documental &ldquo;TransLatina&rdquo; y el film \u00abHedwig and the Angry Inch\u00bb.  <P>Las proyecciones ser\u00e1n destinadas a promover la visibilidad de personas travestis, transg\u00e9neros y transexuales, apoyar la lucha por la Ley de Identidad de G\u00e9nero y la Ley de Asistencia Sanitaria para Personas Trans.  <P>04 de agosto \u00b7 20:30 &#8211; 23:30<BR> Fundaci\u00f3n Bordes Espacio Cultural &#8211; Marcelo T de Alvear 837. Barrio G\u00fcemes.<BR> \u00ab<STRONG>TransLatina<\/STRONG>\u00ab:<BR> M\u00e1s de tres a\u00f1os de producci\u00f3n, m\u00e1s de cien horas de rodaje y entrevistas con personas de quince nacionalidades hacen que TransLatina sea una inquietante exposici\u00f3n de la realidad que enfrentan las personas transg\u00e9nero en Am\u00e9rica Latina.  <P>Los testimonios de activistas, profesionales de la salud, personas de autoridades y personas transg\u00e9nero recogidos en TransLatina muestran un mundo de exclusi\u00f3n, perseverancia y esperanza.  <P>Trailer: <U><a href=\"http:\/\/www.youtube.com\/watch?v=Ln64iGD3rko\" target=\"_blank\" rel=\"noopener\">http:\/\/www.youtube.com\/watch?v=Ln64iGD3rko <\/A><\/U> <P>\u00ab<STRONG>Hedwig and the Angry Inch<\/STRONG>\u00ab<BR> Hedwig and the Angry Inch es un musical de 1998, que fue convertido en pel\u00edcula en el a\u00f1o 2001. Trata sobre la b\u00fasqueda del amor por parte de Hedwig, la cantante transexual de una banda de Glam rock. John Cameron Mitchell escribi\u00f3 el gui\u00f3n de la obra y fue tambi\u00e9n el director y actor principal de la pel\u00edcula.  <P>Trailer: <U><a href=\"http:\/\/www.youtube.com\/watch?v=8tgy9ODhwNI\" target=\"_blank\" rel=\"noopener\">http:\/\/www.youtube.com\/watch?v=8tgy9ODhwNI <\/A><\/U> <P>Organiza: \u00c1rea de Cultura de Devenir Diverse C\u00f3rdoba<BR> Contacto: <U>devenir.diverse@gmail.com<\/U><\/P><\/p>\n","protected":false},"excerpt":{"rendered":"<p>El \u00e1rea de cultura de Devenir Diverse C\u00f3rdoba, invita al ciclo de cine debate sobre transgeneridad que se llevar\u00e1 a cabo el 4 de agosto a las 20.30 hs en la Fundaci\u00f3n Borde, Marcelo T de Alvear 837, Barrio G\u00fcemes, C\u00f3rdoba. Se proyectar\u00e1 el documental &ldquo;TransLatina&rdquo; y el film \u00abHedwig and the Angry Inch\u00bb.<\/p>\n","protected":false},"author":1,"featured_media":0,"comment_status":"open","ping_status":"open","sticky":false,"template":"","format":"standard","meta":{"_acf_changed":false,"site-sidebar-layout":"default","site-content-layout":"default","ast-global-header-display":"","ast-main-header-display":"","ast-hfb-above-header-display":"","ast-hfb-below-header-display":"","ast-hfb-mobile-header-display":"","site-post-title":"","ast-breadcrumbs-content":"","ast-featured-img":"","footer-sml-layout":"","theme-transparent-header-meta":"","adv-header-id-meta":"","stick-header-meta":"","header-above-stick-meta":"","header-main-stick-meta":"","header-below-stick-meta":"","_jetpack_memberships_contains_paid_content":false,"footnotes":""},"categories":[28],"tags":[],"class_list":["post-34077","post","type-post","status-publish","format-standard","hentry","category-agenda"],"acf":[],"yoast_head":"<!-- This site is optimized with the Yoast SEO plugin v26.1.1 - https:\/\/yoast.com\/wordpress\/plugins\/seo\/ -->\n<title>Ciclo Diverso Itinerante de Cine - Debate - CLAM - ES<\/title>\n<meta name=\"robots\" content=\"index, follow, max-snippet:-1, max-image-preview:large, max-video-preview:-1\" \/>\n<link rel=\"canonical\" href=\"https:\/\/clam.org.br\/es\/agenda\/ciclo-diverso-itinerante-de-cine-debate\/34077\/\" \/>\n<meta property=\"og:locale\" content=\"es_ES\" \/>\n<meta property=\"og:type\" content=\"article\" \/>\n<meta property=\"og:title\" content=\"Ciclo Diverso Itinerante de Cine - Debate - CLAM - ES\" \/>\n<meta property=\"og:description\" content=\"El \u00e1rea de cultura de Devenir Diverse C\u00f3rdoba, invita al ciclo de cine debate sobre transgeneridad que se llevar\u00e1 a cabo el 4 de agosto a las 20.30 hs en la Fundaci\u00f3n Borde, Marcelo T de Alvear 837, Barrio G\u00fcemes, C\u00f3rdoba. Se proyectar\u00e1 el documental &ldquo;TransLatina&rdquo; y el film &quot;Hedwig and the Angry Inch&quot;.\" \/>\n<meta property=\"og:url\" content=\"https:\/\/clam.org.br\/es\/agenda\/ciclo-diverso-itinerante-de-cine-debate\/34077\/\" \/>\n<meta property=\"og:site_name\" content=\"CLAM - ES\" \/>\n<meta property=\"article:published_time\" content=\"2010-08-03T03:00:00+00:00\" \/>\n<meta name=\"author\" content=\"fw2\" \/>\n<meta name=\"twitter:card\" content=\"summary_large_image\" \/>\n<meta name=\"twitter:label1\" content=\"Escrito por\" \/>\n\t<meta name=\"twitter:data1\" content=\"fw2\" \/>\n\t<meta name=\"twitter:label2\" content=\"Tiempo de lectura\" \/>\n\t<meta name=\"twitter:data2\" content=\"1 minuto\" \/>\n<script type=\"application\/ld+json\" class=\"yoast-schema-graph\">{\"@context\":\"https:\/\/schema.org\",\"@graph\":[{\"@type\":\"WebPage\",\"@id\":\"https:\/\/clam.org.br\/es\/agenda\/ciclo-diverso-itinerante-de-cine-debate\/34077\/\",\"url\":\"https:\/\/clam.org.br\/es\/agenda\/ciclo-diverso-itinerante-de-cine-debate\/34077\/\",\"name\":\"Ciclo Diverso Itinerante de Cine - Debate - CLAM - ES\",\"isPartOf\":{\"@id\":\"https:\/\/clam.org.br\/es\/#website\"},\"datePublished\":\"2010-08-03T03:00:00+00:00\",\"author\":{\"@id\":\"https:\/\/clam.org.br\/es\/#\/schema\/person\/fbd9a86032bf7479f94b0ded196f1010\"},\"breadcrumb\":{\"@id\":\"https:\/\/clam.org.br\/es\/agenda\/ciclo-diverso-itinerante-de-cine-debate\/34077\/#breadcrumb\"},\"inLanguage\":\"es\",\"potentialAction\":[{\"@type\":\"ReadAction\",\"target\":[\"https:\/\/clam.org.br\/es\/agenda\/ciclo-diverso-itinerante-de-cine-debate\/34077\/\"]}]},{\"@type\":\"BreadcrumbList\",\"@id\":\"https:\/\/clam.org.br\/es\/agenda\/ciclo-diverso-itinerante-de-cine-debate\/34077\/#breadcrumb\",\"itemListElement\":[{\"@type\":\"ListItem\",\"position\":1,\"name\":\"In\u00edcio\",\"item\":\"https:\/\/clam.org.br\/es\/\"},{\"@type\":\"ListItem\",\"position\":2,\"name\":\"Ciclo Diverso Itinerante de Cine &#8211; Debate\"}]},{\"@type\":\"WebSite\",\"@id\":\"https:\/\/clam.org.br\/es\/#website\",\"url\":\"https:\/\/clam.org.br\/es\/\",\"name\":\"CLAM - ES\",\"description\":\"S\u00f3 mais um site CLAM - Centro Latino-Americano em Sexualidade e Direitos Humanos sites\",\"potentialAction\":[{\"@type\":\"SearchAction\",\"target\":{\"@type\":\"EntryPoint\",\"urlTemplate\":\"https:\/\/clam.org.br\/es\/?s={search_term_string}\"},\"query-input\":{\"@type\":\"PropertyValueSpecification\",\"valueRequired\":true,\"valueName\":\"search_term_string\"}}],\"inLanguage\":\"es\"},{\"@type\":\"Person\",\"@id\":\"https:\/\/clam.org.br\/es\/#\/schema\/person\/fbd9a86032bf7479f94b0ded196f1010\",\"name\":\"fw2\",\"image\":{\"@type\":\"ImageObject\",\"inLanguage\":\"es\",\"@id\":\"https:\/\/clam.org.br\/es\/#\/schema\/person\/image\/\",\"url\":\"https:\/\/secure.gravatar.com\/avatar\/c38472c0cdbde82d9b6fcc26adb3779d?s=96&d=mm&r=g\",\"contentUrl\":\"https:\/\/secure.gravatar.com\/avatar\/c38472c0cdbde82d9b6fcc26adb3779d?s=96&d=mm&r=g\",\"caption\":\"fw2\"},\"sameAs\":[\"https:\/\/clam.fw2web.com.br\"],\"url\":\"https:\/\/clam.org.br\/es\/author\/fw2\/\"}]}<\/script>\n<!-- \/ Yoast SEO plugin. -->","yoast_head_json":{"title":"Ciclo Diverso Itinerante de Cine - Debate - CLAM - ES","robots":{"index":"index","follow":"follow","max-snippet":"max-snippet:-1","max-image-preview":"max-image-preview:large","max-video-preview":"max-video-preview:-1"},"canonical":"https:\/\/clam.org.br\/es\/agenda\/ciclo-diverso-itinerante-de-cine-debate\/34077\/","og_locale":"es_ES","og_type":"article","og_title":"Ciclo Diverso Itinerante de Cine - Debate - CLAM - ES","og_description":"El \u00e1rea de cultura de Devenir Diverse C\u00f3rdoba, invita al ciclo de cine debate sobre transgeneridad que se llevar\u00e1 a cabo el 4 de agosto a las 20.30 hs en la Fundaci\u00f3n Borde, Marcelo T de Alvear 837, Barrio G\u00fcemes, C\u00f3rdoba. Se proyectar\u00e1 el documental &ldquo;TransLatina&rdquo; y el film \"Hedwig and the Angry Inch\".","og_url":"https:\/\/clam.org.br\/es\/agenda\/ciclo-diverso-itinerante-de-cine-debate\/34077\/","og_site_name":"CLAM - ES","article_published_time":"2010-08-03T03:00:00+00:00","author":"fw2","twitter_card":"summary_large_image","twitter_misc":{"Escrito por":"fw2","Tiempo de lectura":"1 minuto"},"schema":{"@context":"https:\/\/schema.org","@graph":[{"@type":"WebPage","@id":"https:\/\/clam.org.br\/es\/agenda\/ciclo-diverso-itinerante-de-cine-debate\/34077\/","url":"https:\/\/clam.org.br\/es\/agenda\/ciclo-diverso-itinerante-de-cine-debate\/34077\/","name":"Ciclo Diverso Itinerante de Cine - Debate - CLAM - ES","isPartOf":{"@id":"https:\/\/clam.org.br\/es\/#website"},"datePublished":"2010-08-03T03:00:00+00:00","author":{"@id":"https:\/\/clam.org.br\/es\/#\/schema\/person\/fbd9a86032bf7479f94b0ded196f1010"},"breadcrumb":{"@id":"https:\/\/clam.org.br\/es\/agenda\/ciclo-diverso-itinerante-de-cine-debate\/34077\/#breadcrumb"},"inLanguage":"es","potentialAction":[{"@type":"ReadAction","target":["https:\/\/clam.org.br\/es\/agenda\/ciclo-diverso-itinerante-de-cine-debate\/34077\/"]}]},{"@type":"BreadcrumbList","@id":"https:\/\/clam.org.br\/es\/agenda\/ciclo-diverso-itinerante-de-cine-debate\/34077\/#breadcrumb","itemListElement":[{"@type":"ListItem","position":1,"name":"In\u00edcio","item":"https:\/\/clam.org.br\/es\/"},{"@type":"ListItem","position":2,"name":"Ciclo Diverso Itinerante de Cine &#8211; Debate"}]},{"@type":"WebSite","@id":"https:\/\/clam.org.br\/es\/#website","url":"https:\/\/clam.org.br\/es\/","name":"CLAM - ES","description":"S\u00f3 mais um site CLAM - Centro Latino-Americano em Sexualidade e Direitos Humanos sites","potentialAction":[{"@type":"SearchAction","target":{"@type":"EntryPoint","urlTemplate":"https:\/\/clam.org.br\/es\/?s={search_term_string}"},"query-input":{"@type":"PropertyValueSpecification","valueRequired":true,"valueName":"search_term_string"}}],"inLanguage":"es"},{"@type":"Person","@id":"https:\/\/clam.org.br\/es\/#\/schema\/person\/fbd9a86032bf7479f94b0ded196f1010","name":"fw2","image":{"@type":"ImageObject","inLanguage":"es","@id":"https:\/\/clam.org.br\/es\/#\/schema\/person\/image\/","url":"https:\/\/secure.gravatar.com\/avatar\/c38472c0cdbde82d9b6fcc26adb3779d?s=96&d=mm&r=g","contentUrl":"https:\/\/secure.gravatar.com\/avatar\/c38472c0cdbde82d9b6fcc26adb3779d?s=96&d=mm&r=g","caption":"fw2"},"sameAs":["https:\/\/clam.fw2web.com.br"],"url":"https:\/\/clam.org.br\/es\/author\/fw2\/"}]}},"jetpack_featured_media_url":"","jetpack_sharing_enabled":true,"_links":{"self":[{"href":"https:\/\/clam.org.br\/es\/wp-json\/wp\/v2\/posts\/34077","targetHints":{"allow":["GET"]}}],"collection":[{"href":"https:\/\/clam.org.br\/es\/wp-json\/wp\/v2\/posts"}],"about":[{"href":"https:\/\/clam.org.br\/es\/wp-json\/wp\/v2\/types\/post"}],"author":[{"embeddable":true,"href":"https:\/\/clam.org.br\/es\/wp-json\/wp\/v2\/users\/1"}],"replies":[{"embeddable":true,"href":"https:\/\/clam.org.br\/es\/wp-json\/wp\/v2\/comments?post=34077"}],"version-history":[{"count":0,"href":"https:\/\/clam.org.br\/es\/wp-json\/wp\/v2\/posts\/34077\/revisions"}],"wp:attachment":[{"href":"https:\/\/clam.org.br\/es\/wp-json\/wp\/v2\/media?parent=34077"}],"wp:term":[{"taxonomy":"category","embeddable":true,"href":"https:\/\/clam.org.br\/es\/wp-json\/wp\/v2\/categories?post=34077"},{"taxonomy":"post_tag","embeddable":true,"href":"https:\/\/clam.org.br\/es\/wp-json\/wp\/v2\/tags?post=34077"}],"curies":[{"name":"wp","href":"https:\/\/api.w.org\/{rel}","templated":true}]}}