{"id":34168,"date":"2011-03-02T00:00:00","date_gmt":"2011-03-02T03:00:00","guid":{"rendered":"https:\/\/clam.fw2web.com.br\/es\/2011\/03\/02\/conferencias-por-el-dia-internacional-de-la-mujer-donde-estamos-y-hacia-donde-vamos\/"},"modified":"2011-03-02T00:00:00","modified_gmt":"2011-03-02T03:00:00","slug":"conferencias-por-el-dia-internacional-de-la-mujer-donde-estamos-y-hacia-donde-vamos","status":"publish","type":"post","link":"https:\/\/clam.org.br\/es\/agenda\/conferencias-por-el-dia-internacional-de-la-mujer-donde-estamos-y-hacia-donde-vamos\/34168\/","title":{"rendered":"Conferencias por el D\u00eda Internacional de la Mujer: \u00bfD\u00f3nde Estamos y Hacia D\u00f3nde Vamos?"},"content":{"rendered":"<p><P>El Consejo Provincial de la Mujer de la provincia de C\u00f3rdoba invita a las conferencias magistrales &ldquo;\u00bfD\u00f3nde Estamos y Hacia D\u00f3nde Vamos?&rdquo; dictadas por la Dra. Alda Facio y la Lic. Josefina Semill\u00e1n, en conmemoraci\u00f3n del D\u00eda Internacional de la Mujer. El evento se llevar\u00e1 a cabo el 9 de marzo a las 16.30 hs en la Sala Mayor del Teatro del Libertador San Mart\u00edn, V\u00e9lez Sarsfield 365, C\u00f3rdoba. <\/P> <P>Expositoras: <\/P> <P>Dra. Alda Facio (Costa Rica) &ldquo;Obligaciones del Estado con respecto a la eliminaci\u00f3n de las discriminaciones contra las mujeres&rdquo;.<BR> Lic. Josefina Semill\u00e1n (Argentina) &ldquo;Cambios de paradigmas: Mujer, complejidad y contemporaneidad&rdquo;. <\/P> <P>9 de marzo, 16.30 hs.<BR> Sala Mayor, Teatro del Libertador San Mart\u00edn (V\u00e9lez S\u00e1rsfield 365, C\u00f3rdoba)<BR> Entrada Libre y Gratuita. Organiza: Consejo Provincial de la Mujer, C\u00f3rdoba. M\u00e1s informaci\u00f3n en www.consejodelamujercba.gov.ar www.libredeviolencias.com.ar Tambi\u00e9n puede comunicarse al 0351 4341355\/6 o dirigirse a la sede del Consejo en Col\u00f3n 297, C\u00f3rdoba.<\/P> <P>DRA. ALDA FACIO<BR> Jurista y escritora, con un posgrado en Jurisprudencia Comparada y Derecho Internacional con \u00e9nfasis en Derecho de la Mujer de la Universidad de Nueva York. Considerada una experta internacional en asuntos de g\u00e9nero y derechos humanos de las mujeres. Desde 1991 es Directora del Programa Mujer, Justicia y G\u00e9nero del Instituto Layinoamericano de las Naciones Unidas para la Prevenci\u00f3n del Delito (ILANUD) con sede en Costa Rica. Particip\u00f3 en la elaboraci\u00f3n de gu\u00edas para incorporar la perspectiva de g\u00e9nero en el desarrollo y en el trabajo de promoci\u00f3n y defensa de los derechos humanos del sistema de la ONU, OEA y de otros organismos internacionales.<BR>  <P>LIC. JOSEFINA SEMILL\u00c1N DARTIGUELONGUE<BR> Fil\u00f3sofa con especialidad en Antropolog\u00eda Filos\u00f3fica y Filosof\u00eda Social. Profesora universitaria. Investigadora. Capacitadora. Colaboradora en medios period\u00edsticos. Fue miembro de la Delegaci\u00f3n Argentina de la IV Conferencia sobre la Mujer, Beijing, 1995. Tambi\u00e9n integr\u00f3 la Delegaci\u00f3n Argentina a la Asamblea General de las Naciones Unidas &ldquo;La mujer en el a\u00f1o 2000: igualdad entre los g\u00e9neros, desarrollo t paz en el siglo XXI (Beijing+5). New York, 2000 Jurista y escritora, con un posgrado en Jurisprudencia Comparada y Derecho Internacional con \u00e9nfasis en Derecho de la Mujer de la Universidad de Nueva York. Considerada una experta internacional en asuntos de g\u00e9nero y derechos humanos de las mujeres. Desde 1991 es Directora del Programa Mujer, Justicia y G\u00e9nero del Instituto Layinoamericano de las Naciones Unidas para la Prevenci\u00f3n del Delito (ILANUD) con sede en Costa Rica. Particip\u00f3 en la elaboraci\u00f3n de gu\u00edas para incorporar la perspectiva de g\u00e9nero en el desarrollo y en el trabajo de promoci\u00f3n y defensa de los derechos humanos del sistema de la ONU, OEA y de otros organismos internacionales. <\/P><\/p>\n","protected":false},"excerpt":{"rendered":"<p>El Consejo Provincial de la Mujer de la provincia de C\u00f3rdoba invita a las conferencias magistrales &ldquo;\u00bfD\u00f3nde Estamos y Hacia D\u00f3nde Vamos?&rdquo; dictadas por la Dra. Alda Facio y la Lic. Josefina Semill\u00e1n, en conmemoraci\u00f3n del D\u00eda Internacional de la Mujer. El evento se llevar\u00e1 a cabo el 9 de marzo a las 16.30 hs en la Sala Mayor del Teatro del Libertador San Mart\u00edn, V\u00e9lez Sarsfield 365, C\u00f3rdoba.<\/p>\n","protected":false},"author":1,"featured_media":0,"comment_status":"open","ping_status":"open","sticky":false,"template":"","format":"standard","meta":{"_acf_changed":false,"site-sidebar-layout":"default","site-content-layout":"default","ast-global-header-display":"","ast-main-header-display":"","ast-hfb-above-header-display":"","ast-hfb-below-header-display":"","ast-hfb-mobile-header-display":"","site-post-title":"","ast-breadcrumbs-content":"","ast-featured-img":"","footer-sml-layout":"","theme-transparent-header-meta":"","adv-header-id-meta":"","stick-header-meta":"","header-above-stick-meta":"","header-main-stick-meta":"","header-below-stick-meta":"","_jetpack_memberships_contains_paid_content":false,"footnotes":""},"categories":[28],"tags":[],"class_list":["post-34168","post","type-post","status-publish","format-standard","hentry","category-agenda"],"acf":[],"yoast_head":"<!-- This site is optimized with the Yoast SEO plugin v26.1.1 - https:\/\/yoast.com\/wordpress\/plugins\/seo\/ -->\n<title>Conferencias por el D\u00eda Internacional de la Mujer: \u00bfD\u00f3nde Estamos y Hacia D\u00f3nde Vamos? - CLAM - ES<\/title>\n<meta name=\"robots\" content=\"index, follow, max-snippet:-1, max-image-preview:large, max-video-preview:-1\" \/>\n<link rel=\"canonical\" href=\"https:\/\/clam.org.br\/es\/agenda\/conferencias-por-el-dia-internacional-de-la-mujer-donde-estamos-y-hacia-donde-vamos\/34168\/\" \/>\n<meta property=\"og:locale\" content=\"es_ES\" \/>\n<meta property=\"og:type\" content=\"article\" \/>\n<meta property=\"og:title\" content=\"Conferencias por el D\u00eda Internacional de la Mujer: \u00bfD\u00f3nde Estamos y Hacia D\u00f3nde Vamos? - CLAM - ES\" \/>\n<meta property=\"og:description\" content=\"El Consejo Provincial de la Mujer de la provincia de C\u00f3rdoba invita a las conferencias magistrales &ldquo;\u00bfD\u00f3nde Estamos y Hacia D\u00f3nde Vamos?&rdquo; dictadas por la Dra. Alda Facio y la Lic. Josefina Semill\u00e1n, en conmemoraci\u00f3n del D\u00eda Internacional de la Mujer. El evento se llevar\u00e1 a cabo el 9 de marzo a las 16.30 hs en la Sala Mayor del Teatro del Libertador San Mart\u00edn, V\u00e9lez Sarsfield 365, C\u00f3rdoba.\" \/>\n<meta property=\"og:url\" content=\"https:\/\/clam.org.br\/es\/agenda\/conferencias-por-el-dia-internacional-de-la-mujer-donde-estamos-y-hacia-donde-vamos\/34168\/\" \/>\n<meta property=\"og:site_name\" content=\"CLAM - ES\" \/>\n<meta property=\"article:published_time\" content=\"2011-03-02T03:00:00+00:00\" \/>\n<meta name=\"author\" content=\"fw2\" \/>\n<meta name=\"twitter:card\" content=\"summary_large_image\" \/>\n<meta name=\"twitter:label1\" content=\"Escrito por\" \/>\n\t<meta name=\"twitter:data1\" content=\"fw2\" \/>\n\t<meta name=\"twitter:label2\" content=\"Tiempo de lectura\" \/>\n\t<meta name=\"twitter:data2\" content=\"2 minutos\" \/>\n<script type=\"application\/ld+json\" class=\"yoast-schema-graph\">{\"@context\":\"https:\/\/schema.org\",\"@graph\":[{\"@type\":\"WebPage\",\"@id\":\"https:\/\/clam.org.br\/es\/agenda\/conferencias-por-el-dia-internacional-de-la-mujer-donde-estamos-y-hacia-donde-vamos\/34168\/\",\"url\":\"https:\/\/clam.org.br\/es\/agenda\/conferencias-por-el-dia-internacional-de-la-mujer-donde-estamos-y-hacia-donde-vamos\/34168\/\",\"name\":\"Conferencias por el D\u00eda Internacional de la Mujer: \u00bfD\u00f3nde Estamos y Hacia D\u00f3nde Vamos? - CLAM - ES\",\"isPartOf\":{\"@id\":\"https:\/\/clam.org.br\/es\/#website\"},\"datePublished\":\"2011-03-02T03:00:00+00:00\",\"author\":{\"@id\":\"https:\/\/clam.org.br\/es\/#\/schema\/person\/fbd9a86032bf7479f94b0ded196f1010\"},\"breadcrumb\":{\"@id\":\"https:\/\/clam.org.br\/es\/agenda\/conferencias-por-el-dia-internacional-de-la-mujer-donde-estamos-y-hacia-donde-vamos\/34168\/#breadcrumb\"},\"inLanguage\":\"es\",\"potentialAction\":[{\"@type\":\"ReadAction\",\"target\":[\"https:\/\/clam.org.br\/es\/agenda\/conferencias-por-el-dia-internacional-de-la-mujer-donde-estamos-y-hacia-donde-vamos\/34168\/\"]}]},{\"@type\":\"BreadcrumbList\",\"@id\":\"https:\/\/clam.org.br\/es\/agenda\/conferencias-por-el-dia-internacional-de-la-mujer-donde-estamos-y-hacia-donde-vamos\/34168\/#breadcrumb\",\"itemListElement\":[{\"@type\":\"ListItem\",\"position\":1,\"name\":\"In\u00edcio\",\"item\":\"https:\/\/clam.org.br\/es\/\"},{\"@type\":\"ListItem\",\"position\":2,\"name\":\"Conferencias por el D\u00eda Internacional de la Mujer: \u00bfD\u00f3nde Estamos y Hacia D\u00f3nde Vamos?\"}]},{\"@type\":\"WebSite\",\"@id\":\"https:\/\/clam.org.br\/es\/#website\",\"url\":\"https:\/\/clam.org.br\/es\/\",\"name\":\"CLAM - ES\",\"description\":\"S\u00f3 mais um site CLAM - Centro Latino-Americano em Sexualidade e Direitos Humanos sites\",\"potentialAction\":[{\"@type\":\"SearchAction\",\"target\":{\"@type\":\"EntryPoint\",\"urlTemplate\":\"https:\/\/clam.org.br\/es\/?s={search_term_string}\"},\"query-input\":{\"@type\":\"PropertyValueSpecification\",\"valueRequired\":true,\"valueName\":\"search_term_string\"}}],\"inLanguage\":\"es\"},{\"@type\":\"Person\",\"@id\":\"https:\/\/clam.org.br\/es\/#\/schema\/person\/fbd9a86032bf7479f94b0ded196f1010\",\"name\":\"fw2\",\"image\":{\"@type\":\"ImageObject\",\"inLanguage\":\"es\",\"@id\":\"https:\/\/clam.org.br\/es\/#\/schema\/person\/image\/\",\"url\":\"https:\/\/secure.gravatar.com\/avatar\/c38472c0cdbde82d9b6fcc26adb3779d?s=96&d=mm&r=g\",\"contentUrl\":\"https:\/\/secure.gravatar.com\/avatar\/c38472c0cdbde82d9b6fcc26adb3779d?s=96&d=mm&r=g\",\"caption\":\"fw2\"},\"sameAs\":[\"https:\/\/clam.fw2web.com.br\"],\"url\":\"https:\/\/clam.org.br\/es\/author\/fw2\/\"}]}<\/script>\n<!-- \/ Yoast SEO plugin. -->","yoast_head_json":{"title":"Conferencias por el D\u00eda Internacional de la Mujer: \u00bfD\u00f3nde Estamos y Hacia D\u00f3nde Vamos? - CLAM - ES","robots":{"index":"index","follow":"follow","max-snippet":"max-snippet:-1","max-image-preview":"max-image-preview:large","max-video-preview":"max-video-preview:-1"},"canonical":"https:\/\/clam.org.br\/es\/agenda\/conferencias-por-el-dia-internacional-de-la-mujer-donde-estamos-y-hacia-donde-vamos\/34168\/","og_locale":"es_ES","og_type":"article","og_title":"Conferencias por el D\u00eda Internacional de la Mujer: \u00bfD\u00f3nde Estamos y Hacia D\u00f3nde Vamos? - CLAM - ES","og_description":"El Consejo Provincial de la Mujer de la provincia de C\u00f3rdoba invita a las conferencias magistrales &ldquo;\u00bfD\u00f3nde Estamos y Hacia D\u00f3nde Vamos?&rdquo; dictadas por la Dra. Alda Facio y la Lic. Josefina Semill\u00e1n, en conmemoraci\u00f3n del D\u00eda Internacional de la Mujer. El evento se llevar\u00e1 a cabo el 9 de marzo a las 16.30 hs en la Sala Mayor del Teatro del Libertador San Mart\u00edn, V\u00e9lez Sarsfield 365, C\u00f3rdoba.","og_url":"https:\/\/clam.org.br\/es\/agenda\/conferencias-por-el-dia-internacional-de-la-mujer-donde-estamos-y-hacia-donde-vamos\/34168\/","og_site_name":"CLAM - ES","article_published_time":"2011-03-02T03:00:00+00:00","author":"fw2","twitter_card":"summary_large_image","twitter_misc":{"Escrito por":"fw2","Tiempo de lectura":"2 minutos"},"schema":{"@context":"https:\/\/schema.org","@graph":[{"@type":"WebPage","@id":"https:\/\/clam.org.br\/es\/agenda\/conferencias-por-el-dia-internacional-de-la-mujer-donde-estamos-y-hacia-donde-vamos\/34168\/","url":"https:\/\/clam.org.br\/es\/agenda\/conferencias-por-el-dia-internacional-de-la-mujer-donde-estamos-y-hacia-donde-vamos\/34168\/","name":"Conferencias por el D\u00eda Internacional de la Mujer: \u00bfD\u00f3nde Estamos y Hacia D\u00f3nde Vamos? - CLAM - ES","isPartOf":{"@id":"https:\/\/clam.org.br\/es\/#website"},"datePublished":"2011-03-02T03:00:00+00:00","author":{"@id":"https:\/\/clam.org.br\/es\/#\/schema\/person\/fbd9a86032bf7479f94b0ded196f1010"},"breadcrumb":{"@id":"https:\/\/clam.org.br\/es\/agenda\/conferencias-por-el-dia-internacional-de-la-mujer-donde-estamos-y-hacia-donde-vamos\/34168\/#breadcrumb"},"inLanguage":"es","potentialAction":[{"@type":"ReadAction","target":["https:\/\/clam.org.br\/es\/agenda\/conferencias-por-el-dia-internacional-de-la-mujer-donde-estamos-y-hacia-donde-vamos\/34168\/"]}]},{"@type":"BreadcrumbList","@id":"https:\/\/clam.org.br\/es\/agenda\/conferencias-por-el-dia-internacional-de-la-mujer-donde-estamos-y-hacia-donde-vamos\/34168\/#breadcrumb","itemListElement":[{"@type":"ListItem","position":1,"name":"In\u00edcio","item":"https:\/\/clam.org.br\/es\/"},{"@type":"ListItem","position":2,"name":"Conferencias por el D\u00eda Internacional de la Mujer: \u00bfD\u00f3nde Estamos y Hacia D\u00f3nde Vamos?"}]},{"@type":"WebSite","@id":"https:\/\/clam.org.br\/es\/#website","url":"https:\/\/clam.org.br\/es\/","name":"CLAM - ES","description":"S\u00f3 mais um site CLAM - Centro Latino-Americano em Sexualidade e Direitos Humanos sites","potentialAction":[{"@type":"SearchAction","target":{"@type":"EntryPoint","urlTemplate":"https:\/\/clam.org.br\/es\/?s={search_term_string}"},"query-input":{"@type":"PropertyValueSpecification","valueRequired":true,"valueName":"search_term_string"}}],"inLanguage":"es"},{"@type":"Person","@id":"https:\/\/clam.org.br\/es\/#\/schema\/person\/fbd9a86032bf7479f94b0ded196f1010","name":"fw2","image":{"@type":"ImageObject","inLanguage":"es","@id":"https:\/\/clam.org.br\/es\/#\/schema\/person\/image\/","url":"https:\/\/secure.gravatar.com\/avatar\/c38472c0cdbde82d9b6fcc26adb3779d?s=96&d=mm&r=g","contentUrl":"https:\/\/secure.gravatar.com\/avatar\/c38472c0cdbde82d9b6fcc26adb3779d?s=96&d=mm&r=g","caption":"fw2"},"sameAs":["https:\/\/clam.fw2web.com.br"],"url":"https:\/\/clam.org.br\/es\/author\/fw2\/"}]}},"jetpack_featured_media_url":"","jetpack_sharing_enabled":true,"_links":{"self":[{"href":"https:\/\/clam.org.br\/es\/wp-json\/wp\/v2\/posts\/34168","targetHints":{"allow":["GET"]}}],"collection":[{"href":"https:\/\/clam.org.br\/es\/wp-json\/wp\/v2\/posts"}],"about":[{"href":"https:\/\/clam.org.br\/es\/wp-json\/wp\/v2\/types\/post"}],"author":[{"embeddable":true,"href":"https:\/\/clam.org.br\/es\/wp-json\/wp\/v2\/users\/1"}],"replies":[{"embeddable":true,"href":"https:\/\/clam.org.br\/es\/wp-json\/wp\/v2\/comments?post=34168"}],"version-history":[{"count":0,"href":"https:\/\/clam.org.br\/es\/wp-json\/wp\/v2\/posts\/34168\/revisions"}],"wp:attachment":[{"href":"https:\/\/clam.org.br\/es\/wp-json\/wp\/v2\/media?parent=34168"}],"wp:term":[{"taxonomy":"category","embeddable":true,"href":"https:\/\/clam.org.br\/es\/wp-json\/wp\/v2\/categories?post=34168"},{"taxonomy":"post_tag","embeddable":true,"href":"https:\/\/clam.org.br\/es\/wp-json\/wp\/v2\/tags?post=34168"}],"curies":[{"name":"wp","href":"https:\/\/api.w.org\/{rel}","templated":true}]}}