{"id":34185,"date":"2011-04-20T00:00:00","date_gmt":"2011-04-20T03:00:00","guid":{"rendered":"https:\/\/clam.fw2web.com.br\/es\/2011\/04\/20\/conferencia-la-desclasificacion-de-los-cuerpos-formas-esteticas-y-politicas-de-la-utopia-en-la-virgen-cabeza-de-gabriela-cabezon-camara-y-barbie-tambien-puede-estar-triste-de-albertina-carri\/"},"modified":"2011-04-20T00:00:00","modified_gmt":"2011-04-20T03:00:00","slug":"conferencia-la-desclasificacion-de-los-cuerpos-formas-esteticas-y-politicas-de-la-utopia-en-la-virgen-cabeza-de-gabriela-cabezon-camara-y-barbie-tambien-puede-estar-triste-de-albertina-carri","status":"publish","type":"post","link":"https:\/\/clam.org.br\/es\/agenda\/conferencia-la-desclasificacion-de-los-cuerpos-formas-esteticas-y-politicas-de-la-utopia-en-la-virgen-cabeza-de-gabriela-cabezon-camara-y-barbie-tambien-puede-estar-triste-de-albertina-carri\/34185\/","title":{"rendered":"Conferencia: La desclasificaci\u00f3n de los cuerpos: formas est\u00e9ticas y pol\u00edticas de la utop\u00eda en La virgen cabeza de Gabriela Cabez\u00f3n C\u00e1mara y Barbie tambi\u00e9n puede estar triste de Albertina Carri"},"content":{"rendered":"<p>El Instituto Interdisciplinario de Estudios de G\u00e9nero invita a la Conferencia de la Dra. Cecilia Gonz\u00e1lez (Universit\u00e9 Michel de Montaigne, Bordeaux, Francia) &ldquo;La desclasificaci\u00f3n de los cuerpos: formas est\u00e9ticas y pol\u00edticas de la utop\u00eda en La virgen cabeza de Gabriela Cabez\u00f3n C\u00e1mara y Barbie tambi\u00e9n puede estar triste de Albertina Carri&rdquo; que se llevar\u00e1 a cabo el 26 de abril a las 19 hs en la Biblioteca del Instituto Interdisciplinario de Estudios de G\u00eanero. <P>Martes 26, 19 horas<BR> Biblioteca del Instituto Interdisciplinario de Estudios de G\u00e9nero Pu\u00e1n 480, 5to piso <P>En continuidad con ciclos anteriores de conferencias, paneles o jornadas de debate sobre g\u00e9nero y cr\u00edtica cultural, realizados por este Instituto, invitamos en esta oportunidad a participar de esta Conferencia dedicada a leer los entramados pol\u00edticos y est\u00e9ticos de algunas ficciones del presente producidas por mujeres. La Dra. Cecilia Gonz\u00e1lez es egresada de la carrera de Letras de esta Facultad. Actualmente ense\u00f1a literatura argentina y latinoamericana en la Universidad de Bordeaux e investiga sobre ficciones de lo pol\u00edtico en la literatura argentina del siglo XXI, g\u00e9nero e interseccionalidad.  <P>Entre sus publicaciones m\u00e1s recientes figuran la edici\u00f3n del libro Las armas y las letras: la violencia pol\u00edtica en la cultura rioplatense de 1960 a nuestros d\u00edas (Bordeaux, PUB, 2010, en colaboraci\u00f3n con Dardo Scavino y Antoine Ventura) y los art\u00edculos. \u00abFlores de Imperio. Androginia y crimen en la literatura rioplatense del fin de siglo\u00bb y &ldquo;De c\u00f3mo tres escritoras latinoamericanas reescriben a los cl\u00e1sicos y conversan con ellos (Mirta Ya\u00f1ez, Griselda Gambaro, M\u00f3nica Boullosa)&rdquo; en la revista Lectures du Genre n\u00ba7, Diciembre 2010 <\/P><\/p>\n","protected":false},"excerpt":{"rendered":"<p>El Instituto Interdisciplinario de Estudios de G\u00e9nero invita a la Conferencia de la Dra. Cecilia Gonz\u00e1lez (Universit\u00e9 Michel de Montaigne, Bordeaux, Francia) &ldquo;La desclasificaci\u00f3n de los cuerpos: formas est\u00e9ticas y pol\u00edticas de la utop\u00eda en La virgen cabeza de Gabriela Cabez\u00f3n C\u00e1mara y Barbie tambi\u00e9n puede estar triste de Albertina Carri&rdquo; que se llevar\u00e1 a cabo el 26 de abril a las 19 hs en la Biblioteca del Instituto Interdisciplinario de Estudios de G\u00eanero(Pu\u00e1n 480, 5to piso, Buenos Aires).<\/p>\n","protected":false},"author":1,"featured_media":0,"comment_status":"open","ping_status":"open","sticky":false,"template":"","format":"standard","meta":{"_acf_changed":false,"site-sidebar-layout":"default","site-content-layout":"default","ast-global-header-display":"","ast-main-header-display":"","ast-hfb-above-header-display":"","ast-hfb-below-header-display":"","ast-hfb-mobile-header-display":"","site-post-title":"","ast-breadcrumbs-content":"","ast-featured-img":"","footer-sml-layout":"","theme-transparent-header-meta":"","adv-header-id-meta":"","stick-header-meta":"","header-above-stick-meta":"","header-main-stick-meta":"","header-below-stick-meta":"","_jetpack_memberships_contains_paid_content":false,"footnotes":""},"categories":[28],"tags":[],"class_list":["post-34185","post","type-post","status-publish","format-standard","hentry","category-agenda"],"acf":[],"yoast_head":"<!-- This site is optimized with the Yoast SEO plugin v26.1.1 - https:\/\/yoast.com\/wordpress\/plugins\/seo\/ -->\n<title>Conferencia: La desclasificaci\u00f3n de los cuerpos: formas est\u00e9ticas y pol\u00edticas de la utop\u00eda en La virgen cabeza de Gabriela Cabez\u00f3n C\u00e1mara y Barbie tambi\u00e9n puede estar triste de Albertina Carri - CLAM - ES<\/title>\n<meta name=\"robots\" content=\"index, follow, max-snippet:-1, max-image-preview:large, max-video-preview:-1\" \/>\n<link rel=\"canonical\" href=\"https:\/\/clam.org.br\/es\/agenda\/conferencia-la-desclasificacion-de-los-cuerpos-formas-esteticas-y-politicas-de-la-utopia-en-la-virgen-cabeza-de-gabriela-cabezon-camara-y-barbie-tambien-puede-estar-triste-de-albertina-carri\/34185\/\" \/>\n<meta property=\"og:locale\" content=\"es_ES\" \/>\n<meta property=\"og:type\" content=\"article\" \/>\n<meta property=\"og:title\" content=\"Conferencia: La desclasificaci\u00f3n de los cuerpos: formas est\u00e9ticas y pol\u00edticas de la utop\u00eda en La virgen cabeza de Gabriela Cabez\u00f3n C\u00e1mara y Barbie tambi\u00e9n puede estar triste de Albertina Carri - CLAM - ES\" \/>\n<meta property=\"og:description\" content=\"El Instituto Interdisciplinario de Estudios de G\u00e9nero invita a la Conferencia de la Dra. Cecilia Gonz\u00e1lez (Universit\u00e9 Michel de Montaigne, Bordeaux, Francia) &ldquo;La desclasificaci\u00f3n de los cuerpos: formas est\u00e9ticas y pol\u00edticas de la utop\u00eda en La virgen cabeza de Gabriela Cabez\u00f3n C\u00e1mara y Barbie tambi\u00e9n puede estar triste de Albertina Carri&rdquo; que se llevar\u00e1 a cabo el 26 de abril a las 19 hs en la Biblioteca del Instituto Interdisciplinario de Estudios de G\u00eanero(Pu\u00e1n 480, 5to piso, Buenos Aires).\" \/>\n<meta property=\"og:url\" content=\"https:\/\/clam.org.br\/es\/agenda\/conferencia-la-desclasificacion-de-los-cuerpos-formas-esteticas-y-politicas-de-la-utopia-en-la-virgen-cabeza-de-gabriela-cabezon-camara-y-barbie-tambien-puede-estar-triste-de-albertina-carri\/34185\/\" \/>\n<meta property=\"og:site_name\" content=\"CLAM - ES\" \/>\n<meta property=\"article:published_time\" content=\"2011-04-20T03:00:00+00:00\" \/>\n<meta name=\"author\" content=\"fw2\" \/>\n<meta name=\"twitter:card\" content=\"summary_large_image\" \/>\n<meta name=\"twitter:label1\" content=\"Escrito por\" \/>\n\t<meta name=\"twitter:data1\" content=\"fw2\" \/>\n\t<meta name=\"twitter:label2\" content=\"Tiempo de lectura\" \/>\n\t<meta name=\"twitter:data2\" content=\"1 minuto\" \/>\n<script type=\"application\/ld+json\" class=\"yoast-schema-graph\">{\"@context\":\"https:\/\/schema.org\",\"@graph\":[{\"@type\":\"WebPage\",\"@id\":\"https:\/\/clam.org.br\/es\/agenda\/conferencia-la-desclasificacion-de-los-cuerpos-formas-esteticas-y-politicas-de-la-utopia-en-la-virgen-cabeza-de-gabriela-cabezon-camara-y-barbie-tambien-puede-estar-triste-de-albertina-carri\/34185\/\",\"url\":\"https:\/\/clam.org.br\/es\/agenda\/conferencia-la-desclasificacion-de-los-cuerpos-formas-esteticas-y-politicas-de-la-utopia-en-la-virgen-cabeza-de-gabriela-cabezon-camara-y-barbie-tambien-puede-estar-triste-de-albertina-carri\/34185\/\",\"name\":\"Conferencia: La desclasificaci\u00f3n de los cuerpos: formas est\u00e9ticas y pol\u00edticas de la utop\u00eda en La virgen cabeza de Gabriela Cabez\u00f3n C\u00e1mara y Barbie tambi\u00e9n puede estar triste de Albertina Carri - CLAM - ES\",\"isPartOf\":{\"@id\":\"https:\/\/clam.org.br\/es\/#website\"},\"datePublished\":\"2011-04-20T03:00:00+00:00\",\"author\":{\"@id\":\"https:\/\/clam.org.br\/es\/#\/schema\/person\/fbd9a86032bf7479f94b0ded196f1010\"},\"breadcrumb\":{\"@id\":\"https:\/\/clam.org.br\/es\/agenda\/conferencia-la-desclasificacion-de-los-cuerpos-formas-esteticas-y-politicas-de-la-utopia-en-la-virgen-cabeza-de-gabriela-cabezon-camara-y-barbie-tambien-puede-estar-triste-de-albertina-carri\/34185\/#breadcrumb\"},\"inLanguage\":\"es\",\"potentialAction\":[{\"@type\":\"ReadAction\",\"target\":[\"https:\/\/clam.org.br\/es\/agenda\/conferencia-la-desclasificacion-de-los-cuerpos-formas-esteticas-y-politicas-de-la-utopia-en-la-virgen-cabeza-de-gabriela-cabezon-camara-y-barbie-tambien-puede-estar-triste-de-albertina-carri\/34185\/\"]}]},{\"@type\":\"BreadcrumbList\",\"@id\":\"https:\/\/clam.org.br\/es\/agenda\/conferencia-la-desclasificacion-de-los-cuerpos-formas-esteticas-y-politicas-de-la-utopia-en-la-virgen-cabeza-de-gabriela-cabezon-camara-y-barbie-tambien-puede-estar-triste-de-albertina-carri\/34185\/#breadcrumb\",\"itemListElement\":[{\"@type\":\"ListItem\",\"position\":1,\"name\":\"In\u00edcio\",\"item\":\"https:\/\/clam.org.br\/es\/\"},{\"@type\":\"ListItem\",\"position\":2,\"name\":\"Conferencia: La desclasificaci\u00f3n de los cuerpos: formas est\u00e9ticas y pol\u00edticas de la utop\u00eda en La virgen cabeza de Gabriela Cabez\u00f3n C\u00e1mara y Barbie tambi\u00e9n puede estar triste de Albertina Carri\"}]},{\"@type\":\"WebSite\",\"@id\":\"https:\/\/clam.org.br\/es\/#website\",\"url\":\"https:\/\/clam.org.br\/es\/\",\"name\":\"CLAM - ES\",\"description\":\"S\u00f3 mais um site CLAM - Centro Latino-Americano em Sexualidade e Direitos Humanos sites\",\"potentialAction\":[{\"@type\":\"SearchAction\",\"target\":{\"@type\":\"EntryPoint\",\"urlTemplate\":\"https:\/\/clam.org.br\/es\/?s={search_term_string}\"},\"query-input\":{\"@type\":\"PropertyValueSpecification\",\"valueRequired\":true,\"valueName\":\"search_term_string\"}}],\"inLanguage\":\"es\"},{\"@type\":\"Person\",\"@id\":\"https:\/\/clam.org.br\/es\/#\/schema\/person\/fbd9a86032bf7479f94b0ded196f1010\",\"name\":\"fw2\",\"image\":{\"@type\":\"ImageObject\",\"inLanguage\":\"es\",\"@id\":\"https:\/\/clam.org.br\/es\/#\/schema\/person\/image\/\",\"url\":\"https:\/\/secure.gravatar.com\/avatar\/c38472c0cdbde82d9b6fcc26adb3779d?s=96&d=mm&r=g\",\"contentUrl\":\"https:\/\/secure.gravatar.com\/avatar\/c38472c0cdbde82d9b6fcc26adb3779d?s=96&d=mm&r=g\",\"caption\":\"fw2\"},\"sameAs\":[\"https:\/\/clam.fw2web.com.br\"],\"url\":\"https:\/\/clam.org.br\/es\/author\/fw2\/\"}]}<\/script>\n<!-- \/ Yoast SEO plugin. -->","yoast_head_json":{"title":"Conferencia: La desclasificaci\u00f3n de los cuerpos: formas est\u00e9ticas y pol\u00edticas de la utop\u00eda en La virgen cabeza de Gabriela Cabez\u00f3n C\u00e1mara y Barbie tambi\u00e9n puede estar triste de Albertina Carri - CLAM - ES","robots":{"index":"index","follow":"follow","max-snippet":"max-snippet:-1","max-image-preview":"max-image-preview:large","max-video-preview":"max-video-preview:-1"},"canonical":"https:\/\/clam.org.br\/es\/agenda\/conferencia-la-desclasificacion-de-los-cuerpos-formas-esteticas-y-politicas-de-la-utopia-en-la-virgen-cabeza-de-gabriela-cabezon-camara-y-barbie-tambien-puede-estar-triste-de-albertina-carri\/34185\/","og_locale":"es_ES","og_type":"article","og_title":"Conferencia: La desclasificaci\u00f3n de los cuerpos: formas est\u00e9ticas y pol\u00edticas de la utop\u00eda en La virgen cabeza de Gabriela Cabez\u00f3n C\u00e1mara y Barbie tambi\u00e9n puede estar triste de Albertina Carri - CLAM - ES","og_description":"El Instituto Interdisciplinario de Estudios de G\u00e9nero invita a la Conferencia de la Dra. Cecilia Gonz\u00e1lez (Universit\u00e9 Michel de Montaigne, Bordeaux, Francia) &ldquo;La desclasificaci\u00f3n de los cuerpos: formas est\u00e9ticas y pol\u00edticas de la utop\u00eda en La virgen cabeza de Gabriela Cabez\u00f3n C\u00e1mara y Barbie tambi\u00e9n puede estar triste de Albertina Carri&rdquo; que se llevar\u00e1 a cabo el 26 de abril a las 19 hs en la Biblioteca del Instituto Interdisciplinario de Estudios de G\u00eanero(Pu\u00e1n 480, 5to piso, Buenos Aires).","og_url":"https:\/\/clam.org.br\/es\/agenda\/conferencia-la-desclasificacion-de-los-cuerpos-formas-esteticas-y-politicas-de-la-utopia-en-la-virgen-cabeza-de-gabriela-cabezon-camara-y-barbie-tambien-puede-estar-triste-de-albertina-carri\/34185\/","og_site_name":"CLAM - ES","article_published_time":"2011-04-20T03:00:00+00:00","author":"fw2","twitter_card":"summary_large_image","twitter_misc":{"Escrito por":"fw2","Tiempo de lectura":"1 minuto"},"schema":{"@context":"https:\/\/schema.org","@graph":[{"@type":"WebPage","@id":"https:\/\/clam.org.br\/es\/agenda\/conferencia-la-desclasificacion-de-los-cuerpos-formas-esteticas-y-politicas-de-la-utopia-en-la-virgen-cabeza-de-gabriela-cabezon-camara-y-barbie-tambien-puede-estar-triste-de-albertina-carri\/34185\/","url":"https:\/\/clam.org.br\/es\/agenda\/conferencia-la-desclasificacion-de-los-cuerpos-formas-esteticas-y-politicas-de-la-utopia-en-la-virgen-cabeza-de-gabriela-cabezon-camara-y-barbie-tambien-puede-estar-triste-de-albertina-carri\/34185\/","name":"Conferencia: La desclasificaci\u00f3n de los cuerpos: formas est\u00e9ticas y pol\u00edticas de la utop\u00eda en La virgen cabeza de Gabriela Cabez\u00f3n C\u00e1mara y Barbie tambi\u00e9n puede estar triste de Albertina Carri - CLAM - ES","isPartOf":{"@id":"https:\/\/clam.org.br\/es\/#website"},"datePublished":"2011-04-20T03:00:00+00:00","author":{"@id":"https:\/\/clam.org.br\/es\/#\/schema\/person\/fbd9a86032bf7479f94b0ded196f1010"},"breadcrumb":{"@id":"https:\/\/clam.org.br\/es\/agenda\/conferencia-la-desclasificacion-de-los-cuerpos-formas-esteticas-y-politicas-de-la-utopia-en-la-virgen-cabeza-de-gabriela-cabezon-camara-y-barbie-tambien-puede-estar-triste-de-albertina-carri\/34185\/#breadcrumb"},"inLanguage":"es","potentialAction":[{"@type":"ReadAction","target":["https:\/\/clam.org.br\/es\/agenda\/conferencia-la-desclasificacion-de-los-cuerpos-formas-esteticas-y-politicas-de-la-utopia-en-la-virgen-cabeza-de-gabriela-cabezon-camara-y-barbie-tambien-puede-estar-triste-de-albertina-carri\/34185\/"]}]},{"@type":"BreadcrumbList","@id":"https:\/\/clam.org.br\/es\/agenda\/conferencia-la-desclasificacion-de-los-cuerpos-formas-esteticas-y-politicas-de-la-utopia-en-la-virgen-cabeza-de-gabriela-cabezon-camara-y-barbie-tambien-puede-estar-triste-de-albertina-carri\/34185\/#breadcrumb","itemListElement":[{"@type":"ListItem","position":1,"name":"In\u00edcio","item":"https:\/\/clam.org.br\/es\/"},{"@type":"ListItem","position":2,"name":"Conferencia: La desclasificaci\u00f3n de los cuerpos: formas est\u00e9ticas y pol\u00edticas de la utop\u00eda en La virgen cabeza de Gabriela Cabez\u00f3n C\u00e1mara y Barbie tambi\u00e9n puede estar triste de Albertina Carri"}]},{"@type":"WebSite","@id":"https:\/\/clam.org.br\/es\/#website","url":"https:\/\/clam.org.br\/es\/","name":"CLAM - ES","description":"S\u00f3 mais um site CLAM - Centro Latino-Americano em Sexualidade e Direitos Humanos sites","potentialAction":[{"@type":"SearchAction","target":{"@type":"EntryPoint","urlTemplate":"https:\/\/clam.org.br\/es\/?s={search_term_string}"},"query-input":{"@type":"PropertyValueSpecification","valueRequired":true,"valueName":"search_term_string"}}],"inLanguage":"es"},{"@type":"Person","@id":"https:\/\/clam.org.br\/es\/#\/schema\/person\/fbd9a86032bf7479f94b0ded196f1010","name":"fw2","image":{"@type":"ImageObject","inLanguage":"es","@id":"https:\/\/clam.org.br\/es\/#\/schema\/person\/image\/","url":"https:\/\/secure.gravatar.com\/avatar\/c38472c0cdbde82d9b6fcc26adb3779d?s=96&d=mm&r=g","contentUrl":"https:\/\/secure.gravatar.com\/avatar\/c38472c0cdbde82d9b6fcc26adb3779d?s=96&d=mm&r=g","caption":"fw2"},"sameAs":["https:\/\/clam.fw2web.com.br"],"url":"https:\/\/clam.org.br\/es\/author\/fw2\/"}]}},"jetpack_featured_media_url":"","jetpack_sharing_enabled":true,"_links":{"self":[{"href":"https:\/\/clam.org.br\/es\/wp-json\/wp\/v2\/posts\/34185","targetHints":{"allow":["GET"]}}],"collection":[{"href":"https:\/\/clam.org.br\/es\/wp-json\/wp\/v2\/posts"}],"about":[{"href":"https:\/\/clam.org.br\/es\/wp-json\/wp\/v2\/types\/post"}],"author":[{"embeddable":true,"href":"https:\/\/clam.org.br\/es\/wp-json\/wp\/v2\/users\/1"}],"replies":[{"embeddable":true,"href":"https:\/\/clam.org.br\/es\/wp-json\/wp\/v2\/comments?post=34185"}],"version-history":[{"count":0,"href":"https:\/\/clam.org.br\/es\/wp-json\/wp\/v2\/posts\/34185\/revisions"}],"wp:attachment":[{"href":"https:\/\/clam.org.br\/es\/wp-json\/wp\/v2\/media?parent=34185"}],"wp:term":[{"taxonomy":"category","embeddable":true,"href":"https:\/\/clam.org.br\/es\/wp-json\/wp\/v2\/categories?post=34185"},{"taxonomy":"post_tag","embeddable":true,"href":"https:\/\/clam.org.br\/es\/wp-json\/wp\/v2\/tags?post=34185"}],"curies":[{"name":"wp","href":"https:\/\/api.w.org\/{rel}","templated":true}]}}