{"id":34220,"date":"2011-06-14T00:00:00","date_gmt":"2011-06-14T03:00:00","guid":{"rendered":"https:\/\/clam.fw2web.com.br\/es\/2011\/06\/14\/presentacion-del-libro-malva-mi-recordatorio-autobiografia-de-malva\/"},"modified":"2011-06-14T00:00:00","modified_gmt":"2011-06-14T03:00:00","slug":"presentacion-del-libro-malva-mi-recordatorio-autobiografia-de-malva","status":"publish","type":"post","link":"https:\/\/clam.org.br\/es\/agenda\/presentacion-del-libro-malva-mi-recordatorio-autobiografia-de-malva\/34220\/","title":{"rendered":"Presentaci\u00f3n del libro: Malva. Mi recordatorio. Autobiograf\u00eda de Malva."},"content":{"rendered":"<p>El mi\u00e9rcoles 15 de junio a las 19hs se lanzar\u00e1 el libro &ldquo;<I>Malva. Mi recordatorio. Autobiograf\u00eda de Malva<\/I>&rdquo;, (Ed. Libros del Rojas). La presentaci\u00f3n a cargo de Cristian Alarc\u00f3n y Marlene Wayar tendr\u00e1 lugar en el Auditorio Abuelas de Plaza de Mayo del Centro Cultural Rojas. Av. Corrientes 2038, Buenos Aires. <P>En el a\u00f1o 2007, las \u00e1reas de Comunicaci\u00f3n y de Tecnolog\u00edas del G\u00e9nero del Centro Cultural Rojas, junto a la organizaci\u00f3n Futuro Transgen\u00e9rico, dieron origen a un proyecto de capacitaci\u00f3n en periodismo para personas travestis y transexuales. Esta iniciativa es conocida como El Teje -expresi\u00f3n &ldquo;todo terreno&rdquo; en el vocabulario travesti, que alude a lo que no se dice, lo oculto, lo que se trama, lo ilegal, lo sobrentendido &ndash;, y dio origen a una revista que lleva el mismo nombre. Entre los m\u00faltiples prop\u00f3sitos que gu\u00edan este trabajo, hay uno que con el tiempo se impuso como prioritario: la reconstrucci\u00f3n y registro de la memoria colectiva. <P>Malva. Mi recordatorio &#8211; Editorial Libros del Rojas -, una autobiograf\u00eda de una de las integrantes del staff de El Teje, tambi\u00e9n es parte de este proyecto. Un relato en primera persona, que por un lado desaf\u00eda la forma en la que en general son contadas las historias de vida trans (archivos m\u00e9dicos, policiales, tesis universitarias, etc\u00e9tera); y por el otro, parad\u00f3jicamente nos muestra c\u00f3mo nuestras identidades se van forjando en una negociaci\u00f3n permanente con esos discursos. <P>M\u00e1s informaci\u00f3n en: <U><a href=\"http:\/\/www.rojas.uba.ar\/programacion\/tecnologia_genero.php\" target=\"_blank\" rel=\"noopener\">www.rojas.uba.ar\/programacion\/tecnologia_genero.php<\/A><\/U><\/P><\/p>\n","protected":false},"excerpt":{"rendered":"<p>El mi\u00e9rcoles 15 de junio a las 19hs se lanzar\u00e1 el libro &ldquo;Malva. Mi recordatorio. Autobiograf\u00eda de Malva&rdquo;, (Ed. Libros del Rojas). La presentaci\u00f3n a cargo de Cristian Alarc\u00f3n y Marlene Wayar tendr\u00e1 lugar en el Auditorio Abuelas de Plaza de Mayo del Centro Cultural Rojas. Av. Corrientes 2038, Buenos Aires.<\/p>\n","protected":false},"author":1,"featured_media":0,"comment_status":"open","ping_status":"open","sticky":false,"template":"","format":"standard","meta":{"_acf_changed":false,"site-sidebar-layout":"default","site-content-layout":"default","ast-global-header-display":"","ast-main-header-display":"","ast-hfb-above-header-display":"","ast-hfb-below-header-display":"","ast-hfb-mobile-header-display":"","site-post-title":"","ast-breadcrumbs-content":"","ast-featured-img":"","footer-sml-layout":"","theme-transparent-header-meta":"","adv-header-id-meta":"","stick-header-meta":"","header-above-stick-meta":"","header-main-stick-meta":"","header-below-stick-meta":"","_jetpack_memberships_contains_paid_content":false,"footnotes":""},"categories":[28],"tags":[],"class_list":["post-34220","post","type-post","status-publish","format-standard","hentry","category-agenda"],"acf":[],"yoast_head":"<!-- This site is optimized with the Yoast SEO plugin v26.1.1 - https:\/\/yoast.com\/wordpress\/plugins\/seo\/ -->\n<title>Presentaci\u00f3n del libro: Malva. Mi recordatorio. Autobiograf\u00eda de Malva. - CLAM - ES<\/title>\n<meta name=\"robots\" content=\"index, follow, max-snippet:-1, max-image-preview:large, max-video-preview:-1\" \/>\n<link rel=\"canonical\" href=\"https:\/\/clam.org.br\/es\/agenda\/presentacion-del-libro-malva-mi-recordatorio-autobiografia-de-malva\/34220\/\" \/>\n<meta property=\"og:locale\" content=\"es_ES\" \/>\n<meta property=\"og:type\" content=\"article\" \/>\n<meta property=\"og:title\" content=\"Presentaci\u00f3n del libro: Malva. Mi recordatorio. Autobiograf\u00eda de Malva. - CLAM - ES\" \/>\n<meta property=\"og:description\" content=\"El mi\u00e9rcoles 15 de junio a las 19hs se lanzar\u00e1 el libro &ldquo;Malva. Mi recordatorio. Autobiograf\u00eda de Malva&rdquo;, (Ed. Libros del Rojas). La presentaci\u00f3n a cargo de Cristian Alarc\u00f3n y Marlene Wayar tendr\u00e1 lugar en el Auditorio Abuelas de Plaza de Mayo del Centro Cultural Rojas. Av. Corrientes 2038, Buenos Aires.\" \/>\n<meta property=\"og:url\" content=\"https:\/\/clam.org.br\/es\/agenda\/presentacion-del-libro-malva-mi-recordatorio-autobiografia-de-malva\/34220\/\" \/>\n<meta property=\"og:site_name\" content=\"CLAM - ES\" \/>\n<meta property=\"article:published_time\" content=\"2011-06-14T03:00:00+00:00\" \/>\n<meta name=\"author\" content=\"fw2\" \/>\n<meta name=\"twitter:card\" content=\"summary_large_image\" \/>\n<meta name=\"twitter:label1\" content=\"Escrito por\" \/>\n\t<meta name=\"twitter:data1\" content=\"fw2\" \/>\n\t<meta name=\"twitter:label2\" content=\"Tiempo de lectura\" \/>\n\t<meta name=\"twitter:data2\" content=\"1 minuto\" \/>\n<script type=\"application\/ld+json\" class=\"yoast-schema-graph\">{\"@context\":\"https:\/\/schema.org\",\"@graph\":[{\"@type\":\"WebPage\",\"@id\":\"https:\/\/clam.org.br\/es\/agenda\/presentacion-del-libro-malva-mi-recordatorio-autobiografia-de-malva\/34220\/\",\"url\":\"https:\/\/clam.org.br\/es\/agenda\/presentacion-del-libro-malva-mi-recordatorio-autobiografia-de-malva\/34220\/\",\"name\":\"Presentaci\u00f3n del libro: Malva. Mi recordatorio. Autobiograf\u00eda de Malva. - CLAM - ES\",\"isPartOf\":{\"@id\":\"https:\/\/clam.org.br\/es\/#website\"},\"datePublished\":\"2011-06-14T03:00:00+00:00\",\"author\":{\"@id\":\"https:\/\/clam.org.br\/es\/#\/schema\/person\/fbd9a86032bf7479f94b0ded196f1010\"},\"breadcrumb\":{\"@id\":\"https:\/\/clam.org.br\/es\/agenda\/presentacion-del-libro-malva-mi-recordatorio-autobiografia-de-malva\/34220\/#breadcrumb\"},\"inLanguage\":\"es\",\"potentialAction\":[{\"@type\":\"ReadAction\",\"target\":[\"https:\/\/clam.org.br\/es\/agenda\/presentacion-del-libro-malva-mi-recordatorio-autobiografia-de-malva\/34220\/\"]}]},{\"@type\":\"BreadcrumbList\",\"@id\":\"https:\/\/clam.org.br\/es\/agenda\/presentacion-del-libro-malva-mi-recordatorio-autobiografia-de-malva\/34220\/#breadcrumb\",\"itemListElement\":[{\"@type\":\"ListItem\",\"position\":1,\"name\":\"In\u00edcio\",\"item\":\"https:\/\/clam.org.br\/es\/\"},{\"@type\":\"ListItem\",\"position\":2,\"name\":\"Presentaci\u00f3n del libro: Malva. Mi recordatorio. Autobiograf\u00eda de Malva.\"}]},{\"@type\":\"WebSite\",\"@id\":\"https:\/\/clam.org.br\/es\/#website\",\"url\":\"https:\/\/clam.org.br\/es\/\",\"name\":\"CLAM - ES\",\"description\":\"S\u00f3 mais um site CLAM - Centro Latino-Americano em Sexualidade e Direitos Humanos sites\",\"potentialAction\":[{\"@type\":\"SearchAction\",\"target\":{\"@type\":\"EntryPoint\",\"urlTemplate\":\"https:\/\/clam.org.br\/es\/?s={search_term_string}\"},\"query-input\":{\"@type\":\"PropertyValueSpecification\",\"valueRequired\":true,\"valueName\":\"search_term_string\"}}],\"inLanguage\":\"es\"},{\"@type\":\"Person\",\"@id\":\"https:\/\/clam.org.br\/es\/#\/schema\/person\/fbd9a86032bf7479f94b0ded196f1010\",\"name\":\"fw2\",\"image\":{\"@type\":\"ImageObject\",\"inLanguage\":\"es\",\"@id\":\"https:\/\/clam.org.br\/es\/#\/schema\/person\/image\/\",\"url\":\"https:\/\/secure.gravatar.com\/avatar\/c38472c0cdbde82d9b6fcc26adb3779d?s=96&d=mm&r=g\",\"contentUrl\":\"https:\/\/secure.gravatar.com\/avatar\/c38472c0cdbde82d9b6fcc26adb3779d?s=96&d=mm&r=g\",\"caption\":\"fw2\"},\"sameAs\":[\"https:\/\/clam.fw2web.com.br\"],\"url\":\"https:\/\/clam.org.br\/es\/author\/fw2\/\"}]}<\/script>\n<!-- \/ Yoast SEO plugin. -->","yoast_head_json":{"title":"Presentaci\u00f3n del libro: Malva. Mi recordatorio. Autobiograf\u00eda de Malva. - CLAM - ES","robots":{"index":"index","follow":"follow","max-snippet":"max-snippet:-1","max-image-preview":"max-image-preview:large","max-video-preview":"max-video-preview:-1"},"canonical":"https:\/\/clam.org.br\/es\/agenda\/presentacion-del-libro-malva-mi-recordatorio-autobiografia-de-malva\/34220\/","og_locale":"es_ES","og_type":"article","og_title":"Presentaci\u00f3n del libro: Malva. Mi recordatorio. Autobiograf\u00eda de Malva. - CLAM - ES","og_description":"El mi\u00e9rcoles 15 de junio a las 19hs se lanzar\u00e1 el libro &ldquo;Malva. Mi recordatorio. Autobiograf\u00eda de Malva&rdquo;, (Ed. Libros del Rojas). La presentaci\u00f3n a cargo de Cristian Alarc\u00f3n y Marlene Wayar tendr\u00e1 lugar en el Auditorio Abuelas de Plaza de Mayo del Centro Cultural Rojas. Av. Corrientes 2038, Buenos Aires.","og_url":"https:\/\/clam.org.br\/es\/agenda\/presentacion-del-libro-malva-mi-recordatorio-autobiografia-de-malva\/34220\/","og_site_name":"CLAM - ES","article_published_time":"2011-06-14T03:00:00+00:00","author":"fw2","twitter_card":"summary_large_image","twitter_misc":{"Escrito por":"fw2","Tiempo de lectura":"1 minuto"},"schema":{"@context":"https:\/\/schema.org","@graph":[{"@type":"WebPage","@id":"https:\/\/clam.org.br\/es\/agenda\/presentacion-del-libro-malva-mi-recordatorio-autobiografia-de-malva\/34220\/","url":"https:\/\/clam.org.br\/es\/agenda\/presentacion-del-libro-malva-mi-recordatorio-autobiografia-de-malva\/34220\/","name":"Presentaci\u00f3n del libro: Malva. Mi recordatorio. Autobiograf\u00eda de Malva. - CLAM - ES","isPartOf":{"@id":"https:\/\/clam.org.br\/es\/#website"},"datePublished":"2011-06-14T03:00:00+00:00","author":{"@id":"https:\/\/clam.org.br\/es\/#\/schema\/person\/fbd9a86032bf7479f94b0ded196f1010"},"breadcrumb":{"@id":"https:\/\/clam.org.br\/es\/agenda\/presentacion-del-libro-malva-mi-recordatorio-autobiografia-de-malva\/34220\/#breadcrumb"},"inLanguage":"es","potentialAction":[{"@type":"ReadAction","target":["https:\/\/clam.org.br\/es\/agenda\/presentacion-del-libro-malva-mi-recordatorio-autobiografia-de-malva\/34220\/"]}]},{"@type":"BreadcrumbList","@id":"https:\/\/clam.org.br\/es\/agenda\/presentacion-del-libro-malva-mi-recordatorio-autobiografia-de-malva\/34220\/#breadcrumb","itemListElement":[{"@type":"ListItem","position":1,"name":"In\u00edcio","item":"https:\/\/clam.org.br\/es\/"},{"@type":"ListItem","position":2,"name":"Presentaci\u00f3n del libro: Malva. Mi recordatorio. Autobiograf\u00eda de Malva."}]},{"@type":"WebSite","@id":"https:\/\/clam.org.br\/es\/#website","url":"https:\/\/clam.org.br\/es\/","name":"CLAM - ES","description":"S\u00f3 mais um site CLAM - Centro Latino-Americano em Sexualidade e Direitos Humanos sites","potentialAction":[{"@type":"SearchAction","target":{"@type":"EntryPoint","urlTemplate":"https:\/\/clam.org.br\/es\/?s={search_term_string}"},"query-input":{"@type":"PropertyValueSpecification","valueRequired":true,"valueName":"search_term_string"}}],"inLanguage":"es"},{"@type":"Person","@id":"https:\/\/clam.org.br\/es\/#\/schema\/person\/fbd9a86032bf7479f94b0ded196f1010","name":"fw2","image":{"@type":"ImageObject","inLanguage":"es","@id":"https:\/\/clam.org.br\/es\/#\/schema\/person\/image\/","url":"https:\/\/secure.gravatar.com\/avatar\/c38472c0cdbde82d9b6fcc26adb3779d?s=96&d=mm&r=g","contentUrl":"https:\/\/secure.gravatar.com\/avatar\/c38472c0cdbde82d9b6fcc26adb3779d?s=96&d=mm&r=g","caption":"fw2"},"sameAs":["https:\/\/clam.fw2web.com.br"],"url":"https:\/\/clam.org.br\/es\/author\/fw2\/"}]}},"jetpack_featured_media_url":"","jetpack_sharing_enabled":true,"_links":{"self":[{"href":"https:\/\/clam.org.br\/es\/wp-json\/wp\/v2\/posts\/34220","targetHints":{"allow":["GET"]}}],"collection":[{"href":"https:\/\/clam.org.br\/es\/wp-json\/wp\/v2\/posts"}],"about":[{"href":"https:\/\/clam.org.br\/es\/wp-json\/wp\/v2\/types\/post"}],"author":[{"embeddable":true,"href":"https:\/\/clam.org.br\/es\/wp-json\/wp\/v2\/users\/1"}],"replies":[{"embeddable":true,"href":"https:\/\/clam.org.br\/es\/wp-json\/wp\/v2\/comments?post=34220"}],"version-history":[{"count":0,"href":"https:\/\/clam.org.br\/es\/wp-json\/wp\/v2\/posts\/34220\/revisions"}],"wp:attachment":[{"href":"https:\/\/clam.org.br\/es\/wp-json\/wp\/v2\/media?parent=34220"}],"wp:term":[{"taxonomy":"category","embeddable":true,"href":"https:\/\/clam.org.br\/es\/wp-json\/wp\/v2\/categories?post=34220"},{"taxonomy":"post_tag","embeddable":true,"href":"https:\/\/clam.org.br\/es\/wp-json\/wp\/v2\/tags?post=34220"}],"curies":[{"name":"wp","href":"https:\/\/api.w.org\/{rel}","templated":true}]}}