{"id":3423,"date":"2007-08-29T00:00:00","date_gmt":"2007-08-29T03:00:00","guid":{"rendered":"https:\/\/clam.fw2web.com.br\/es\/2007\/08\/29\/para-juristas-novo-ministro-do-stf-tem-perfil-tecnico\/"},"modified":"2023-06-14T07:52:23","modified_gmt":"2023-06-14T10:52:23","slug":"para-juristas-novo-ministro-do-stf-tem-perfil-tecnico","status":"publish","type":"post","link":"https:\/\/clam.org.br\/es\/en-los-medios\/para-juristas-novo-ministro-do-stf-tem-perfil-tecnico\/3423\/","title":{"rendered":"Para juristas, novo ministro do STF tem perfil t\u00e9cnico"},"content":{"rendered":"<p><P>O novo ministro do STF (Supremo Tribunal Federal) Carlos Alberto Direito, de 64 anos, costuma tomar decis\u00f5es jur\u00eddicas essencialmente t\u00e9cnicas, que n\u00e3o demonstram influ\u00eancias da sua devo\u00e7\u00e3o cat\u00f3lica na forma como interpreta a lei, de acordo com advogados e juristas ouvidos pela BBC Brasil.<\/P> <P><a href=\"http:\/\/www.bbc.co.uk\/portuguese\/reporterbbc\/story\/2007\/08\/070829_ministrosupremo_ma_cg.shtml\" target=\"_blank\" rel=\"noopener\">Texto completo<\/A><\/P><\/p>\n","protected":false},"excerpt":{"rendered":"<p>O novo ministro do STF (Supremo Tribunal Federal) Carlos Alberto Direito, de 64 anos, costuma tomar decis\u00f5es jur\u00eddicas essencialmente t\u00e9cnicas, que n\u00e3o demonstram influ\u00eancias da sua devo\u00e7\u00e3o cat\u00f3lica na forma como interpreta a lei, de acordo com advogados e juristas ouvidos pela BBC Brasil.<\/p>\n","protected":false},"author":1,"featured_media":0,"comment_status":"open","ping_status":"open","sticky":false,"template":"","format":"standard","meta":{"_acf_changed":false,"site-sidebar-layout":"default","site-content-layout":"default","ast-global-header-display":"","ast-main-header-display":"","ast-hfb-above-header-display":"","ast-hfb-below-header-display":"","ast-hfb-mobile-header-display":"","site-post-title":"","ast-breadcrumbs-content":"","ast-featured-img":"","footer-sml-layout":"","theme-transparent-header-meta":"","adv-header-id-meta":"","stick-header-meta":"","header-above-stick-meta":"","header-main-stick-meta":"","header-below-stick-meta":"","_jetpack_memberships_contains_paid_content":false,"footnotes":""},"categories":[27],"tags":[],"class_list":["post-3423","post","type-post","status-publish","format-standard","hentry","category-en-los-medios"],"acf":[],"yoast_head":"<!-- This site is optimized with the Yoast SEO plugin v26.1.1 - https:\/\/yoast.com\/wordpress\/plugins\/seo\/ -->\n<title>Para juristas, novo ministro do STF tem perfil t\u00e9cnico - CLAM - ES<\/title>\n<meta name=\"robots\" content=\"index, follow, max-snippet:-1, max-image-preview:large, max-video-preview:-1\" \/>\n<link rel=\"canonical\" href=\"https:\/\/clam.org.br\/es\/en-los-medios\/para-juristas-novo-ministro-do-stf-tem-perfil-tecnico\/3423\/\" \/>\n<meta property=\"og:locale\" content=\"es_ES\" \/>\n<meta property=\"og:type\" content=\"article\" \/>\n<meta property=\"og:title\" content=\"Para juristas, novo ministro do STF tem perfil t\u00e9cnico - CLAM - ES\" \/>\n<meta property=\"og:description\" content=\"O novo ministro do STF (Supremo Tribunal Federal) Carlos Alberto Direito, de 64 anos, costuma tomar decis\u00f5es jur\u00eddicas essencialmente t\u00e9cnicas, que n\u00e3o demonstram influ\u00eancias da sua devo\u00e7\u00e3o cat\u00f3lica na forma como interpreta a lei, de acordo com advogados e juristas ouvidos pela BBC Brasil.\" \/>\n<meta property=\"og:url\" content=\"https:\/\/clam.org.br\/es\/en-los-medios\/para-juristas-novo-ministro-do-stf-tem-perfil-tecnico\/3423\/\" \/>\n<meta property=\"og:site_name\" content=\"CLAM - ES\" \/>\n<meta property=\"article:published_time\" content=\"2007-08-29T03:00:00+00:00\" \/>\n<meta property=\"article:modified_time\" content=\"2023-06-14T10:52:23+00:00\" \/>\n<meta name=\"author\" content=\"fw2\" \/>\n<meta name=\"twitter:card\" content=\"summary_large_image\" \/>\n<meta name=\"twitter:label1\" content=\"Escrito por\" \/>\n\t<meta name=\"twitter:data1\" content=\"fw2\" \/>\n<script type=\"application\/ld+json\" class=\"yoast-schema-graph\">{\"@context\":\"https:\/\/schema.org\",\"@graph\":[{\"@type\":\"WebPage\",\"@id\":\"https:\/\/clam.org.br\/es\/en-los-medios\/para-juristas-novo-ministro-do-stf-tem-perfil-tecnico\/3423\/\",\"url\":\"https:\/\/clam.org.br\/es\/en-los-medios\/para-juristas-novo-ministro-do-stf-tem-perfil-tecnico\/3423\/\",\"name\":\"Para juristas, novo ministro do STF tem perfil t\u00e9cnico - CLAM - ES\",\"isPartOf\":{\"@id\":\"https:\/\/clam.org.br\/es\/#website\"},\"datePublished\":\"2007-08-29T03:00:00+00:00\",\"dateModified\":\"2023-06-14T10:52:23+00:00\",\"author\":{\"@id\":\"https:\/\/clam.org.br\/es\/#\/schema\/person\/fbd9a86032bf7479f94b0ded196f1010\"},\"breadcrumb\":{\"@id\":\"https:\/\/clam.org.br\/es\/en-los-medios\/para-juristas-novo-ministro-do-stf-tem-perfil-tecnico\/3423\/#breadcrumb\"},\"inLanguage\":\"es\",\"potentialAction\":[{\"@type\":\"ReadAction\",\"target\":[\"https:\/\/clam.org.br\/es\/en-los-medios\/para-juristas-novo-ministro-do-stf-tem-perfil-tecnico\/3423\/\"]}]},{\"@type\":\"BreadcrumbList\",\"@id\":\"https:\/\/clam.org.br\/es\/en-los-medios\/para-juristas-novo-ministro-do-stf-tem-perfil-tecnico\/3423\/#breadcrumb\",\"itemListElement\":[{\"@type\":\"ListItem\",\"position\":1,\"name\":\"In\u00edcio\",\"item\":\"https:\/\/clam.org.br\/es\/\"},{\"@type\":\"ListItem\",\"position\":2,\"name\":\"Para juristas, novo ministro do STF tem perfil t\u00e9cnico\"}]},{\"@type\":\"WebSite\",\"@id\":\"https:\/\/clam.org.br\/es\/#website\",\"url\":\"https:\/\/clam.org.br\/es\/\",\"name\":\"CLAM - ES\",\"description\":\"S\u00f3 mais um site CLAM - Centro Latino-Americano em Sexualidade e Direitos Humanos sites\",\"potentialAction\":[{\"@type\":\"SearchAction\",\"target\":{\"@type\":\"EntryPoint\",\"urlTemplate\":\"https:\/\/clam.org.br\/es\/?s={search_term_string}\"},\"query-input\":{\"@type\":\"PropertyValueSpecification\",\"valueRequired\":true,\"valueName\":\"search_term_string\"}}],\"inLanguage\":\"es\"},{\"@type\":\"Person\",\"@id\":\"https:\/\/clam.org.br\/es\/#\/schema\/person\/fbd9a86032bf7479f94b0ded196f1010\",\"name\":\"fw2\",\"image\":{\"@type\":\"ImageObject\",\"inLanguage\":\"es\",\"@id\":\"https:\/\/clam.org.br\/es\/#\/schema\/person\/image\/\",\"url\":\"https:\/\/secure.gravatar.com\/avatar\/c38472c0cdbde82d9b6fcc26adb3779d?s=96&d=mm&r=g\",\"contentUrl\":\"https:\/\/secure.gravatar.com\/avatar\/c38472c0cdbde82d9b6fcc26adb3779d?s=96&d=mm&r=g\",\"caption\":\"fw2\"},\"sameAs\":[\"https:\/\/clam.fw2web.com.br\"],\"url\":\"https:\/\/clam.org.br\/es\/author\/fw2\/\"}]}<\/script>\n<!-- \/ Yoast SEO plugin. -->","yoast_head_json":{"title":"Para juristas, novo ministro do STF tem perfil t\u00e9cnico - CLAM - ES","robots":{"index":"index","follow":"follow","max-snippet":"max-snippet:-1","max-image-preview":"max-image-preview:large","max-video-preview":"max-video-preview:-1"},"canonical":"https:\/\/clam.org.br\/es\/en-los-medios\/para-juristas-novo-ministro-do-stf-tem-perfil-tecnico\/3423\/","og_locale":"es_ES","og_type":"article","og_title":"Para juristas, novo ministro do STF tem perfil t\u00e9cnico - CLAM - ES","og_description":"O novo ministro do STF (Supremo Tribunal Federal) Carlos Alberto Direito, de 64 anos, costuma tomar decis\u00f5es jur\u00eddicas essencialmente t\u00e9cnicas, que n\u00e3o demonstram influ\u00eancias da sua devo\u00e7\u00e3o cat\u00f3lica na forma como interpreta a lei, de acordo com advogados e juristas ouvidos pela BBC Brasil.","og_url":"https:\/\/clam.org.br\/es\/en-los-medios\/para-juristas-novo-ministro-do-stf-tem-perfil-tecnico\/3423\/","og_site_name":"CLAM - ES","article_published_time":"2007-08-29T03:00:00+00:00","article_modified_time":"2023-06-14T10:52:23+00:00","author":"fw2","twitter_card":"summary_large_image","twitter_misc":{"Escrito por":"fw2"},"schema":{"@context":"https:\/\/schema.org","@graph":[{"@type":"WebPage","@id":"https:\/\/clam.org.br\/es\/en-los-medios\/para-juristas-novo-ministro-do-stf-tem-perfil-tecnico\/3423\/","url":"https:\/\/clam.org.br\/es\/en-los-medios\/para-juristas-novo-ministro-do-stf-tem-perfil-tecnico\/3423\/","name":"Para juristas, novo ministro do STF tem perfil t\u00e9cnico - CLAM - ES","isPartOf":{"@id":"https:\/\/clam.org.br\/es\/#website"},"datePublished":"2007-08-29T03:00:00+00:00","dateModified":"2023-06-14T10:52:23+00:00","author":{"@id":"https:\/\/clam.org.br\/es\/#\/schema\/person\/fbd9a86032bf7479f94b0ded196f1010"},"breadcrumb":{"@id":"https:\/\/clam.org.br\/es\/en-los-medios\/para-juristas-novo-ministro-do-stf-tem-perfil-tecnico\/3423\/#breadcrumb"},"inLanguage":"es","potentialAction":[{"@type":"ReadAction","target":["https:\/\/clam.org.br\/es\/en-los-medios\/para-juristas-novo-ministro-do-stf-tem-perfil-tecnico\/3423\/"]}]},{"@type":"BreadcrumbList","@id":"https:\/\/clam.org.br\/es\/en-los-medios\/para-juristas-novo-ministro-do-stf-tem-perfil-tecnico\/3423\/#breadcrumb","itemListElement":[{"@type":"ListItem","position":1,"name":"In\u00edcio","item":"https:\/\/clam.org.br\/es\/"},{"@type":"ListItem","position":2,"name":"Para juristas, novo ministro do STF tem perfil t\u00e9cnico"}]},{"@type":"WebSite","@id":"https:\/\/clam.org.br\/es\/#website","url":"https:\/\/clam.org.br\/es\/","name":"CLAM - ES","description":"S\u00f3 mais um site CLAM - Centro Latino-Americano em Sexualidade e Direitos Humanos sites","potentialAction":[{"@type":"SearchAction","target":{"@type":"EntryPoint","urlTemplate":"https:\/\/clam.org.br\/es\/?s={search_term_string}"},"query-input":{"@type":"PropertyValueSpecification","valueRequired":true,"valueName":"search_term_string"}}],"inLanguage":"es"},{"@type":"Person","@id":"https:\/\/clam.org.br\/es\/#\/schema\/person\/fbd9a86032bf7479f94b0ded196f1010","name":"fw2","image":{"@type":"ImageObject","inLanguage":"es","@id":"https:\/\/clam.org.br\/es\/#\/schema\/person\/image\/","url":"https:\/\/secure.gravatar.com\/avatar\/c38472c0cdbde82d9b6fcc26adb3779d?s=96&d=mm&r=g","contentUrl":"https:\/\/secure.gravatar.com\/avatar\/c38472c0cdbde82d9b6fcc26adb3779d?s=96&d=mm&r=g","caption":"fw2"},"sameAs":["https:\/\/clam.fw2web.com.br"],"url":"https:\/\/clam.org.br\/es\/author\/fw2\/"}]}},"jetpack_featured_media_url":"","jetpack_sharing_enabled":true,"_links":{"self":[{"href":"https:\/\/clam.org.br\/es\/wp-json\/wp\/v2\/posts\/3423","targetHints":{"allow":["GET"]}}],"collection":[{"href":"https:\/\/clam.org.br\/es\/wp-json\/wp\/v2\/posts"}],"about":[{"href":"https:\/\/clam.org.br\/es\/wp-json\/wp\/v2\/types\/post"}],"author":[{"embeddable":true,"href":"https:\/\/clam.org.br\/es\/wp-json\/wp\/v2\/users\/1"}],"replies":[{"embeddable":true,"href":"https:\/\/clam.org.br\/es\/wp-json\/wp\/v2\/comments?post=3423"}],"version-history":[{"count":1,"href":"https:\/\/clam.org.br\/es\/wp-json\/wp\/v2\/posts\/3423\/revisions"}],"predecessor-version":[{"id":28922,"href":"https:\/\/clam.org.br\/es\/wp-json\/wp\/v2\/posts\/3423\/revisions\/28922"}],"wp:attachment":[{"href":"https:\/\/clam.org.br\/es\/wp-json\/wp\/v2\/media?parent=3423"}],"wp:term":[{"taxonomy":"category","embeddable":true,"href":"https:\/\/clam.org.br\/es\/wp-json\/wp\/v2\/categories?post=3423"},{"taxonomy":"post_tag","embeddable":true,"href":"https:\/\/clam.org.br\/es\/wp-json\/wp\/v2\/tags?post=3423"}],"curies":[{"name":"wp","href":"https:\/\/api.w.org\/{rel}","templated":true}]}}