{"id":34266,"date":"2011-09-26T00:00:00","date_gmt":"2011-09-26T03:00:00","guid":{"rendered":"https:\/\/clam.fw2web.com.br\/es\/2011\/09\/26\/dia-de-lucha-por-la-legalizacion-y-despenalizacion-del-aborto-en-america-latina-y-el-caribe\/"},"modified":"2011-09-26T00:00:00","modified_gmt":"2011-09-26T03:00:00","slug":"dia-de-lucha-por-la-legalizacion-y-despenalizacion-del-aborto-en-america-latina-y-el-caribe","status":"publish","type":"post","link":"https:\/\/clam.org.br\/es\/agenda\/dia-de-lucha-por-la-legalizacion-y-despenalizacion-del-aborto-en-america-latina-y-el-caribe\/34266\/","title":{"rendered":"D\u00eda de Lucha por la Legalizaci\u00f3n y Despenalizaci\u00f3n del Aborto en Am\u00e9rica Latina y el Caribe"},"content":{"rendered":"<p>La Campa\u00f1a Nacional por el Derecho al Aborto Legal, Seguro y Gratuito en Ciudad de Buenos Aires convoca a una jornada de acci\u00f3n y difusi\u00f3n del D\u00eda de Lucha por la Legalizaci\u00f3n y Despenalizaci\u00f3n del Aborto en Am\u00e9rica Latina y el Caribe. La misma tendr\u00e1 lugar el 28 de septiembre de 12 a 19 horas en la Plaza del Congreso Nacional, Buenos Aires. <P>El epicentro de las actividades ser\u00e1 una carpa, que se instalar\u00e1 en la Plaza del Congreso y estar\u00e1 abierta al p\u00fablico desde el mediod\u00eda hasta las 19. All\u00ed se podr\u00e1 participar de talleres sobre educaci\u00f3n sexual, consejer\u00edas pre y post aborto, asesor\u00edas legales, muestras de fotograf\u00eda e intervenciones art\u00edsticas.  <P>A las 18, comenzar\u00e1 una sentada para reclamar el tratamiento y aprobaci\u00f3n del proyecto de ley de Interrupci\u00f3n Voluntaria del Embarazo, presentado por la Campa\u00f1a y que cuenta con la firma de m\u00e1s de 50 diputadas y diputados y el apoyo de m\u00e1s de trecientas organizaciones sociales, pol\u00edticas y acad\u00e9micas.  <P>En Argentina abortan cerca de 500 mil mujeres por a\u00f1o, y 3000 de ellas han muerto por abortos clandestinos desde la reinstauraci\u00f3n democr\u00e1tica. Frente a esta realidad, denunciamos: ABORTO LEGAL, UNA DEUDA DE LA DEMOCRACIA.<\/P><\/p>\n","protected":false},"excerpt":{"rendered":"<p>La Campa\u00f1a Nacional por el Derecho al Aborto Legal, Seguro y Gratuito en Ciudad de Buenos Aires convoca a una jornada de acci\u00f3n y difusi\u00f3n del D\u00eda de Lucha por la Legalizaci\u00f3n y Despenalizaci\u00f3n del Aborto en Am\u00e9rica Latina y el Caribe. La misma tendr\u00e1 lugar el 28 de septiembre de 12 a 19 horas en la Plaza del Congreso Nacional, Buenos Aires.<\/p>\n","protected":false},"author":1,"featured_media":0,"comment_status":"open","ping_status":"open","sticky":false,"template":"","format":"standard","meta":{"_acf_changed":false,"site-sidebar-layout":"default","site-content-layout":"default","ast-global-header-display":"","ast-main-header-display":"","ast-hfb-above-header-display":"","ast-hfb-below-header-display":"","ast-hfb-mobile-header-display":"","site-post-title":"","ast-breadcrumbs-content":"","ast-featured-img":"","footer-sml-layout":"","theme-transparent-header-meta":"","adv-header-id-meta":"","stick-header-meta":"","header-above-stick-meta":"","header-main-stick-meta":"","header-below-stick-meta":"","_jetpack_memberships_contains_paid_content":false,"footnotes":""},"categories":[28],"tags":[],"class_list":["post-34266","post","type-post","status-publish","format-standard","hentry","category-agenda"],"acf":[],"yoast_head":"<!-- This site is optimized with the Yoast SEO plugin v26.1.1 - https:\/\/yoast.com\/wordpress\/plugins\/seo\/ -->\n<title>D\u00eda de Lucha por la Legalizaci\u00f3n y Despenalizaci\u00f3n del Aborto en Am\u00e9rica Latina y el Caribe - CLAM - ES<\/title>\n<meta name=\"robots\" content=\"index, follow, max-snippet:-1, max-image-preview:large, max-video-preview:-1\" \/>\n<link rel=\"canonical\" href=\"https:\/\/clam.org.br\/es\/agenda\/dia-de-lucha-por-la-legalizacion-y-despenalizacion-del-aborto-en-america-latina-y-el-caribe\/34266\/\" \/>\n<meta property=\"og:locale\" content=\"es_ES\" \/>\n<meta property=\"og:type\" content=\"article\" \/>\n<meta property=\"og:title\" content=\"D\u00eda de Lucha por la Legalizaci\u00f3n y Despenalizaci\u00f3n del Aborto en Am\u00e9rica Latina y el Caribe - CLAM - ES\" \/>\n<meta property=\"og:description\" content=\"La Campa\u00f1a Nacional por el Derecho al Aborto Legal, Seguro y Gratuito en Ciudad de Buenos Aires convoca a una jornada de acci\u00f3n y difusi\u00f3n del D\u00eda de Lucha por la Legalizaci\u00f3n y Despenalizaci\u00f3n del Aborto en Am\u00e9rica Latina y el Caribe. La misma tendr\u00e1 lugar el 28 de septiembre de 12 a 19 horas en la Plaza del Congreso Nacional, Buenos Aires.\" \/>\n<meta property=\"og:url\" content=\"https:\/\/clam.org.br\/es\/agenda\/dia-de-lucha-por-la-legalizacion-y-despenalizacion-del-aborto-en-america-latina-y-el-caribe\/34266\/\" \/>\n<meta property=\"og:site_name\" content=\"CLAM - ES\" \/>\n<meta property=\"article:published_time\" content=\"2011-09-26T03:00:00+00:00\" \/>\n<meta name=\"author\" content=\"fw2\" \/>\n<meta name=\"twitter:card\" content=\"summary_large_image\" \/>\n<meta name=\"twitter:label1\" content=\"Escrito por\" \/>\n\t<meta name=\"twitter:data1\" content=\"fw2\" \/>\n\t<meta name=\"twitter:label2\" content=\"Tiempo de lectura\" \/>\n\t<meta name=\"twitter:data2\" content=\"1 minuto\" \/>\n<script type=\"application\/ld+json\" class=\"yoast-schema-graph\">{\"@context\":\"https:\/\/schema.org\",\"@graph\":[{\"@type\":\"WebPage\",\"@id\":\"https:\/\/clam.org.br\/es\/agenda\/dia-de-lucha-por-la-legalizacion-y-despenalizacion-del-aborto-en-america-latina-y-el-caribe\/34266\/\",\"url\":\"https:\/\/clam.org.br\/es\/agenda\/dia-de-lucha-por-la-legalizacion-y-despenalizacion-del-aborto-en-america-latina-y-el-caribe\/34266\/\",\"name\":\"D\u00eda de Lucha por la Legalizaci\u00f3n y Despenalizaci\u00f3n del Aborto en Am\u00e9rica Latina y el Caribe - CLAM - ES\",\"isPartOf\":{\"@id\":\"https:\/\/clam.org.br\/es\/#website\"},\"datePublished\":\"2011-09-26T03:00:00+00:00\",\"author\":{\"@id\":\"https:\/\/clam.org.br\/es\/#\/schema\/person\/fbd9a86032bf7479f94b0ded196f1010\"},\"breadcrumb\":{\"@id\":\"https:\/\/clam.org.br\/es\/agenda\/dia-de-lucha-por-la-legalizacion-y-despenalizacion-del-aborto-en-america-latina-y-el-caribe\/34266\/#breadcrumb\"},\"inLanguage\":\"es\",\"potentialAction\":[{\"@type\":\"ReadAction\",\"target\":[\"https:\/\/clam.org.br\/es\/agenda\/dia-de-lucha-por-la-legalizacion-y-despenalizacion-del-aborto-en-america-latina-y-el-caribe\/34266\/\"]}]},{\"@type\":\"BreadcrumbList\",\"@id\":\"https:\/\/clam.org.br\/es\/agenda\/dia-de-lucha-por-la-legalizacion-y-despenalizacion-del-aborto-en-america-latina-y-el-caribe\/34266\/#breadcrumb\",\"itemListElement\":[{\"@type\":\"ListItem\",\"position\":1,\"name\":\"In\u00edcio\",\"item\":\"https:\/\/clam.org.br\/es\/\"},{\"@type\":\"ListItem\",\"position\":2,\"name\":\"D\u00eda de Lucha por la Legalizaci\u00f3n y Despenalizaci\u00f3n del Aborto en Am\u00e9rica Latina y el Caribe\"}]},{\"@type\":\"WebSite\",\"@id\":\"https:\/\/clam.org.br\/es\/#website\",\"url\":\"https:\/\/clam.org.br\/es\/\",\"name\":\"CLAM - ES\",\"description\":\"S\u00f3 mais um site CLAM - Centro Latino-Americano em Sexualidade e Direitos Humanos sites\",\"potentialAction\":[{\"@type\":\"SearchAction\",\"target\":{\"@type\":\"EntryPoint\",\"urlTemplate\":\"https:\/\/clam.org.br\/es\/?s={search_term_string}\"},\"query-input\":{\"@type\":\"PropertyValueSpecification\",\"valueRequired\":true,\"valueName\":\"search_term_string\"}}],\"inLanguage\":\"es\"},{\"@type\":\"Person\",\"@id\":\"https:\/\/clam.org.br\/es\/#\/schema\/person\/fbd9a86032bf7479f94b0ded196f1010\",\"name\":\"fw2\",\"image\":{\"@type\":\"ImageObject\",\"inLanguage\":\"es\",\"@id\":\"https:\/\/clam.org.br\/es\/#\/schema\/person\/image\/\",\"url\":\"https:\/\/secure.gravatar.com\/avatar\/c38472c0cdbde82d9b6fcc26adb3779d?s=96&d=mm&r=g\",\"contentUrl\":\"https:\/\/secure.gravatar.com\/avatar\/c38472c0cdbde82d9b6fcc26adb3779d?s=96&d=mm&r=g\",\"caption\":\"fw2\"},\"sameAs\":[\"https:\/\/clam.fw2web.com.br\"],\"url\":\"https:\/\/clam.org.br\/es\/author\/fw2\/\"}]}<\/script>\n<!-- \/ Yoast SEO plugin. -->","yoast_head_json":{"title":"D\u00eda de Lucha por la Legalizaci\u00f3n y Despenalizaci\u00f3n del Aborto en Am\u00e9rica Latina y el Caribe - CLAM - ES","robots":{"index":"index","follow":"follow","max-snippet":"max-snippet:-1","max-image-preview":"max-image-preview:large","max-video-preview":"max-video-preview:-1"},"canonical":"https:\/\/clam.org.br\/es\/agenda\/dia-de-lucha-por-la-legalizacion-y-despenalizacion-del-aborto-en-america-latina-y-el-caribe\/34266\/","og_locale":"es_ES","og_type":"article","og_title":"D\u00eda de Lucha por la Legalizaci\u00f3n y Despenalizaci\u00f3n del Aborto en Am\u00e9rica Latina y el Caribe - CLAM - ES","og_description":"La Campa\u00f1a Nacional por el Derecho al Aborto Legal, Seguro y Gratuito en Ciudad de Buenos Aires convoca a una jornada de acci\u00f3n y difusi\u00f3n del D\u00eda de Lucha por la Legalizaci\u00f3n y Despenalizaci\u00f3n del Aborto en Am\u00e9rica Latina y el Caribe. La misma tendr\u00e1 lugar el 28 de septiembre de 12 a 19 horas en la Plaza del Congreso Nacional, Buenos Aires.","og_url":"https:\/\/clam.org.br\/es\/agenda\/dia-de-lucha-por-la-legalizacion-y-despenalizacion-del-aborto-en-america-latina-y-el-caribe\/34266\/","og_site_name":"CLAM - ES","article_published_time":"2011-09-26T03:00:00+00:00","author":"fw2","twitter_card":"summary_large_image","twitter_misc":{"Escrito por":"fw2","Tiempo de lectura":"1 minuto"},"schema":{"@context":"https:\/\/schema.org","@graph":[{"@type":"WebPage","@id":"https:\/\/clam.org.br\/es\/agenda\/dia-de-lucha-por-la-legalizacion-y-despenalizacion-del-aborto-en-america-latina-y-el-caribe\/34266\/","url":"https:\/\/clam.org.br\/es\/agenda\/dia-de-lucha-por-la-legalizacion-y-despenalizacion-del-aborto-en-america-latina-y-el-caribe\/34266\/","name":"D\u00eda de Lucha por la Legalizaci\u00f3n y Despenalizaci\u00f3n del Aborto en Am\u00e9rica Latina y el Caribe - CLAM - ES","isPartOf":{"@id":"https:\/\/clam.org.br\/es\/#website"},"datePublished":"2011-09-26T03:00:00+00:00","author":{"@id":"https:\/\/clam.org.br\/es\/#\/schema\/person\/fbd9a86032bf7479f94b0ded196f1010"},"breadcrumb":{"@id":"https:\/\/clam.org.br\/es\/agenda\/dia-de-lucha-por-la-legalizacion-y-despenalizacion-del-aborto-en-america-latina-y-el-caribe\/34266\/#breadcrumb"},"inLanguage":"es","potentialAction":[{"@type":"ReadAction","target":["https:\/\/clam.org.br\/es\/agenda\/dia-de-lucha-por-la-legalizacion-y-despenalizacion-del-aborto-en-america-latina-y-el-caribe\/34266\/"]}]},{"@type":"BreadcrumbList","@id":"https:\/\/clam.org.br\/es\/agenda\/dia-de-lucha-por-la-legalizacion-y-despenalizacion-del-aborto-en-america-latina-y-el-caribe\/34266\/#breadcrumb","itemListElement":[{"@type":"ListItem","position":1,"name":"In\u00edcio","item":"https:\/\/clam.org.br\/es\/"},{"@type":"ListItem","position":2,"name":"D\u00eda de Lucha por la Legalizaci\u00f3n y Despenalizaci\u00f3n del Aborto en Am\u00e9rica Latina y el Caribe"}]},{"@type":"WebSite","@id":"https:\/\/clam.org.br\/es\/#website","url":"https:\/\/clam.org.br\/es\/","name":"CLAM - ES","description":"S\u00f3 mais um site CLAM - Centro Latino-Americano em Sexualidade e Direitos Humanos sites","potentialAction":[{"@type":"SearchAction","target":{"@type":"EntryPoint","urlTemplate":"https:\/\/clam.org.br\/es\/?s={search_term_string}"},"query-input":{"@type":"PropertyValueSpecification","valueRequired":true,"valueName":"search_term_string"}}],"inLanguage":"es"},{"@type":"Person","@id":"https:\/\/clam.org.br\/es\/#\/schema\/person\/fbd9a86032bf7479f94b0ded196f1010","name":"fw2","image":{"@type":"ImageObject","inLanguage":"es","@id":"https:\/\/clam.org.br\/es\/#\/schema\/person\/image\/","url":"https:\/\/secure.gravatar.com\/avatar\/c38472c0cdbde82d9b6fcc26adb3779d?s=96&d=mm&r=g","contentUrl":"https:\/\/secure.gravatar.com\/avatar\/c38472c0cdbde82d9b6fcc26adb3779d?s=96&d=mm&r=g","caption":"fw2"},"sameAs":["https:\/\/clam.fw2web.com.br"],"url":"https:\/\/clam.org.br\/es\/author\/fw2\/"}]}},"jetpack_featured_media_url":"","jetpack_sharing_enabled":true,"_links":{"self":[{"href":"https:\/\/clam.org.br\/es\/wp-json\/wp\/v2\/posts\/34266","targetHints":{"allow":["GET"]}}],"collection":[{"href":"https:\/\/clam.org.br\/es\/wp-json\/wp\/v2\/posts"}],"about":[{"href":"https:\/\/clam.org.br\/es\/wp-json\/wp\/v2\/types\/post"}],"author":[{"embeddable":true,"href":"https:\/\/clam.org.br\/es\/wp-json\/wp\/v2\/users\/1"}],"replies":[{"embeddable":true,"href":"https:\/\/clam.org.br\/es\/wp-json\/wp\/v2\/comments?post=34266"}],"version-history":[{"count":0,"href":"https:\/\/clam.org.br\/es\/wp-json\/wp\/v2\/posts\/34266\/revisions"}],"wp:attachment":[{"href":"https:\/\/clam.org.br\/es\/wp-json\/wp\/v2\/media?parent=34266"}],"wp:term":[{"taxonomy":"category","embeddable":true,"href":"https:\/\/clam.org.br\/es\/wp-json\/wp\/v2\/categories?post=34266"},{"taxonomy":"post_tag","embeddable":true,"href":"https:\/\/clam.org.br\/es\/wp-json\/wp\/v2\/tags?post=34266"}],"curies":[{"name":"wp","href":"https:\/\/api.w.org\/{rel}","templated":true}]}}