{"id":34324,"date":"2012-03-01T00:00:00","date_gmt":"2012-03-01T03:00:00","guid":{"rendered":"https:\/\/clam.fw2web.com.br\/es\/2012\/03\/01\/concurso-de-cartazes-sobre-homofobia-lesbofobia-e-transfobia-nas-escolas\/"},"modified":"2012-03-01T00:00:00","modified_gmt":"2012-03-01T03:00:00","slug":"concurso-de-cartazes-sobre-homofobia-lesbofobia-e-transfobia-nas-escolas","status":"publish","type":"post","link":"https:\/\/clam.org.br\/es\/agenda\/concurso-de-cartazes-sobre-homofobia-lesbofobia-e-transfobia-nas-escolas\/34324\/","title":{"rendered":"Concurso de Cartazes sobre Homofobia, Lesbofobia e Transfobia nas Escolas"},"content":{"rendered":"<p><P align=center><B>Universidade Federal de Santa Catarina<BR> Centro de Filosofia e Ci\u00eancias Humanas<BR> Departamento de Antropologia<BR> Laborat\u00f3rio de Antropologia Social<BR> N\u00facleo de Identidades de G\u00eanero e Subjetividades<\/B><\/P> <P><B>Edital do IV Concurso de Cartazes sobre Homofobia, Lesbofobia e Transfobia nas Escolas<\/B> <P>O N\u00facleo de Identidades de G\u00eanero e Subjetividades (NIGS) da Universidade Federal de Santa Catarina (UFSC) atrav\u00e9s deste edital torna p\u00fablico o &ldquo;IV Concurso de Cartazes sobre Homofobia, Lesbofobia e Transfobia nas escolas&rdquo;.  <P><B>REGULAMENTO<\/B> <P><B>1. Tema<\/B> <P>O IV Concurso de Cartazes sobre Homofobia, Lesbofobia e Transfobia nas Escolas, organizado pelo N\u00facleo de Identidades de G\u00eanero e Subjetividades (NIGS) da UFSC visa a cria\u00e7\u00e3o art\u00edstica de cartaz alusivo \u00e0s quest\u00f5es que envolvem Homofobia, Lesbofobia e Transfobia nas escolas p\u00fablicas como parte das a\u00e7\u00f5es do dia 17 de maio, Dia Mundial de Combate \u00e0 Homofobia e reconhecido em lei (N\u00ba 7476 de 19 de dezembro de 2007) no munic\u00edpio de Florian\u00f3polis\/Santa Catarina como Dia Municipal de Combate \u00e0 Homofobia, Lesbofobia e Transfobia.  <P><B>2. OBJETIVO<\/B> <P>Problematizar as tem\u00e1ticas das viol\u00eancias contra LGBTTT (l\u00e9sbicas, gays, bissexuais, travestis, transexuais e transg\u00eaneros) com alun@s e professor@s da rede p\u00fablica de ensino catarinense.  <P><B>3. DOS CRIT\u00c9RIOS DE PARTICIPA\u00c7\u00c3O<\/B> <P>Poder\u00e3o participar alun@s de Ensino Fundamental e M\u00e9dio (coordenad@s por um@ professor@ ou integrante do corpo t\u00e9cnico-pedag\u00f3gico) de todas as escolas p\u00fablicas no estado de Santa Catarina que se proponham a realizar a atividades para elabora\u00e7\u00e3o de cartazes.  <P>&#8211; N\u00e3o h\u00e1 n\u00famero m\u00ednimo ou limite de cartazes por escola.  <P>&#8211; Poder\u00e3o participar no m\u00e1ximo 4 alun@s na confec\u00e7\u00e3o de cada cartaz inscrito.  <P>&#8211; Os cartazes dever\u00e3o, impreterivelmente, ser confeccionados em papel Cartolina (tamanho 50x66cm) de qualquer cor.  <P><B>O CARTAZ DEVER\u00c1 CONTER: <\/B> <P><B>Na frente: <\/B> <P>&#8211; T\u00edtulo: alusivo ao Dia Municipal de Combate \u00e0 Homofobia, Lesbofobia e Transfobia.  <P>&#8211; Texto e Imagens: a crit\u00e9rio d@s proponentes.  <P><B>No verso<\/B> (colocar numa etiqueta)  <P>&#8211; T\u00edtulo e Ano do concurso <P>&#8211; Nome da escola <P>&#8211; Nome completo d@s alun@s envolvid@s na constru\u00e7\u00e3o do cartaz com Ano\/s\u00e9rie cursada <P>&#8211; Nome d@s professor@s ou outr@s integrantes da gest\u00e3o escolar que coordenaram a atividade.  <P><B>4. DA INSCRI\u00c7\u00c3O E APRESENTA\u00c7\u00c3O DAS PROPOSTAS<\/B> <P>A ficha de inscri\u00e7\u00e3o dever\u00e1 ser submetida online (http:\/\/concursonigs.paginas.ufsc.br\/), ou impressa e anexada no cartaz conforme o item 4.1.  <P>OBS.: O N\u00facleo de Identidades de G\u00eanero e Subjetividades n\u00e3o custear\u00e1 quaisquer despesas que envolvam elabora\u00e7\u00e3o dos cartazes, entrega do material e\/ou participa\u00e7\u00e3o nas atividades previstas pelo cronograma do presente edital.  <P><B>4.1 Entrega dos Cartazes<\/B> <P>As escolas, em nome de um@ ou mais coordenador@s da atividade dever\u00e3o entregar o cartaz e a ficha de inscri\u00e7\u00e3o at\u00e9 o dia 03 de maio de 2012, no per\u00edodo da manh\u00e3 ou da tarde no seguinte endere\u00e7o:  <P>Universidade Federal de Santa Catarina &ndash; Campus Trindade <P>Centro de Filosofia e Ci\u00eancias Humanas &ndash; Bloco D &ndash; Sala 04 <P>Departamento de Antropologia &ndash; Laborat\u00f3rio de Antropologia Social <P><B>N\u00facleo de Identidades de G\u00eanero e Subjetividades &ndash; NIGS<\/B> <P>Maiores informa\u00e7\u00f5es atrav\u00e9s do e-mail paposerionigsufsc@gmail.com  <P>Ou pelo Fone: +48 3721 4135 &ndash; Hor\u00e1rio: 8:30 \u00e0s 12:30 e 13:30 \u00e0s 18:30 <P><B>5. SELE\u00c7\u00c3O E JULGAMENTO<\/B> <P>Todos os cartazes passar\u00e3o por pr\u00e9-sele\u00e7\u00e3o. A sele\u00e7\u00e3o do cartaz para exposi\u00e7\u00e3o ser\u00e1 avaliada em rela\u00e7\u00e3o a: a) conformidade do cartaz com os crit\u00e9rios do edital; b) numero limite de cartazes para exposi\u00e7\u00e3o no Hall do CFH.  <P>O julgamento p\u00fablico dos cartazes aprovados na pr\u00e9-sele\u00e7\u00e3o ser\u00e1 realizado de 14 a 18 de maio de 2012 em tr\u00eas categorias e seguindo os seguintes crit\u00e9rios espec\u00edficos:  <P>1. Clareza e conformidade com o edital <P>2. Comunica\u00e7\u00e3o do tema proposto no cartaz <P>3. Est\u00e9tica e originalidade do cartaz <P><B>1. Categoria Pr\u00eamio Cient\u00edfico <\/B> <P>O Pr\u00eamio cientifico ser\u00e1 avaliado por comiss\u00e3o constitu\u00edda por professor@s e profissionais que atuam no campo das tem\u00e1ticas do concurso, que escolher\u00e1 os 3 melhores cartazes do Ensino Fundamental e 3 melhores cartazes do Ensino M\u00e9dio.  <P><B>2. Pr\u00eamio Popular<\/B> <P>Atribu\u00eddo por voto de visitantes da exposi\u00e7\u00e3o. Cada visitante poder\u00e1 votar em at\u00e9 tr\u00eas cartazes no per\u00edodo de 14 a 18 de maio no hall do CFH\/UFSC.  <P><B>3. Pr\u00eamio NIGS<\/B> <P>Atribuido por pesquisador@s vinculad@s ao NIGS ao melhor cartaz em cada n\u00edvel de ensino em todas as escolas participantes.  <P><B>6. DO PR\u00caMIO<\/B> <P>Haver\u00e1 premia\u00e7\u00e3o para:  <P>1. Tr\u00eas melhores cartazes do n\u00edvel Ensino Fundamental e tr\u00eas melhores cartazes do Ensino M\u00e9dio pela categoria Pr\u00eamio Cient\u00edfico.  <P>2. Tr\u00eas melhores cartazes na categoria Pr\u00eamio Popular.  <P>3. O melhor cartaz de cada escola, nos n\u00edveis de Ensino Fundamental e M\u00e9dio, na categoria Pr\u00eamio NIGS.  <P>Os cartazes vencedores na categoria Pr\u00eamio Cient\u00edfico receber\u00e3o um conjunto de livros sobre g\u00eanero e sexualidade para a biblioteca da escola e cada membro do grupo do cartaz premiado receber\u00e1 um pr\u00eamio individual.  <P>Os cartazes vencedores nas categorias Pr\u00eamio Popular e Pr\u00eamio NIGS receber\u00e3o um \u00fanico pr\u00eamio a ser compartilhado entre os membros da equipe.  <P>A Comiss\u00e3o Organizadora do IV Concurso decidir\u00e1 sobre a pertin\u00eancia de outorgar certificados de men\u00e7\u00e3o honrosa a outr@s concorrentes.  <P><B>7. DA CERTIFICA\u00c7\u00c2O<\/B> <P>Tod@s @s alun@s, professor@s e outros profissionais da escola envolvidos na confec\u00e7\u00e3o dos cartazes inscritos receber\u00e3o certificado de participa\u00e7\u00e3o no concurso desde que os nomes completos sejam devidamente inscritos nos cartazes e ficha de inscri\u00e7\u00e3o no concurso.  <P>Todos os certificados devem ser retirados pessoalmente pel@ participante ou professor@ respons\u00e1vel no dia da premia\u00e7\u00e3o, 23 de maio de 2012.  <P><B>8. DIVULGA\u00c7\u00c3O DOS RESULTADOS E CERIM\u00d4NIA DE PREMIA\u00c7\u00c3O<\/B> <P>Os pr\u00eamios ser\u00e3o dados em atividade p\u00fablica no audit\u00f3rio do Centro de Filosofia e Ci\u00eancias Humanas na Universidade Federal de Santa Catarina, no dia 23 de maio de 2012 a partir das 14h. O resultado final do Concurso ser\u00e1 publicado, na \u00edntegra, no s\u00edtio do N\u00facleo de Identidades de G\u00eanero e Subjetividades (<A href=\"http:\/\/www.nigs.ufsc.br\">www.nigs.ufsc.br<\/A>) no dia 24 de maio de 2012.  <P><B>9. CRONOGRAMA<\/B> <P>03\/05\/2012 &ndash; Prazo m\u00e1ximo para entrega dos cartazes e ficha de inscri\u00e7\u00e3o no N\u00facleo de Identidades de G\u00eanero e Subjetividades &ndash; Hor\u00e1rio final de entrega 20hs.  <P>14 a 25\/05\/2012 &#8211; Exposi\u00e7\u00e3o dos cartazes no hall do CFH <P>14 a 18\/05\/2012 &ndash; Vota\u00e7\u00e3o das tr\u00eas categorias.  <P>21\/05\/2012- Apura\u00e7\u00e3o dos votos nas tr\u00eas diferentes categorias: cient\u00edfica, popular e NIGS <P>23\/05\/2012 &#8211; Cerim\u00f4nia de premia\u00e7\u00e3o <P>24\/05\/2012 &ndash; Divulga\u00e7\u00e3o dos Resultados do IV Concurso on line.  <P>31\/05\/2012 &#8211; Prazo m\u00e1ximo para a retirada dos cartazes concorrentes no N\u00facleo de Identidades de G\u00eanero e Subjetividades.  <P><B>As informa\u00e7\u00f5es sobre a Cerim\u00f4nia de Premia\u00e7\u00e3o dos vencedores ser\u00e3o divulgadas oportunamente, atrav\u00e9s do site do Concurso e correio eletr\u00f4nico. <\/B> <P><B>10. ORIENTA\u00c7\u00d5ES GERAIS<\/B> <P>Informamos que os direitos autorais dos cartazes inscritos no IV Concurso de Cartazes sobre Homofobia, Lesbofobia e Transfobia nas escolas passar\u00e3o a ser do N\u00facleo de Identidades de G\u00eanero e Subjetividades ap\u00f3s a data da cerim\u00f4nia de premia\u00e7\u00e3o e, que as imagens destes cartazes poder\u00e3o ser usadas em trabalhos futuros do n\u00facleo.  <P>Os casos omissos neste Edital ser\u00e3o decididos pela Equipe Organizadora do presente concurso composta por integrantes do N\u00facleo de Identidades de G\u00eanero e Subjetividades (NIGS). Florian\u00f3polis, 1 de mar\u00e7o de 2012.  <P><\/P><\/p>\n","protected":false},"excerpt":{"rendered":"<p>O combate ao preconceito e \u00e0 discrimina\u00e7\u00e3o se faz com educa\u00e7\u00e3o! Edital 2012<\/p>\n","protected":false},"author":1,"featured_media":0,"comment_status":"open","ping_status":"open","sticky":false,"template":"","format":"standard","meta":{"_acf_changed":false,"site-sidebar-layout":"default","site-content-layout":"default","ast-global-header-display":"","ast-main-header-display":"","ast-hfb-above-header-display":"","ast-hfb-below-header-display":"","ast-hfb-mobile-header-display":"","site-post-title":"","ast-breadcrumbs-content":"","ast-featured-img":"","footer-sml-layout":"","theme-transparent-header-meta":"","adv-header-id-meta":"","stick-header-meta":"","header-above-stick-meta":"","header-main-stick-meta":"","header-below-stick-meta":"","_jetpack_memberships_contains_paid_content":false,"footnotes":""},"categories":[28],"tags":[],"class_list":["post-34324","post","type-post","status-publish","format-standard","hentry","category-agenda"],"acf":[],"yoast_head":"<!-- This site is optimized with the Yoast SEO plugin v26.1.1 - https:\/\/yoast.com\/wordpress\/plugins\/seo\/ -->\n<title>Concurso de Cartazes sobre Homofobia, Lesbofobia e Transfobia nas Escolas - CLAM - ES<\/title>\n<meta name=\"robots\" content=\"index, follow, max-snippet:-1, max-image-preview:large, max-video-preview:-1\" \/>\n<link rel=\"canonical\" href=\"https:\/\/clam.org.br\/es\/agenda\/concurso-de-cartazes-sobre-homofobia-lesbofobia-e-transfobia-nas-escolas\/34324\/\" \/>\n<meta property=\"og:locale\" content=\"es_ES\" \/>\n<meta property=\"og:type\" content=\"article\" \/>\n<meta property=\"og:title\" content=\"Concurso de Cartazes sobre Homofobia, Lesbofobia e Transfobia nas Escolas - CLAM - ES\" \/>\n<meta property=\"og:description\" content=\"O combate ao preconceito e \u00e0 discrimina\u00e7\u00e3o se faz com educa\u00e7\u00e3o! Edital 2012\" \/>\n<meta property=\"og:url\" content=\"https:\/\/clam.org.br\/es\/agenda\/concurso-de-cartazes-sobre-homofobia-lesbofobia-e-transfobia-nas-escolas\/34324\/\" \/>\n<meta property=\"og:site_name\" content=\"CLAM - ES\" \/>\n<meta property=\"article:published_time\" content=\"2012-03-01T03:00:00+00:00\" \/>\n<meta name=\"author\" content=\"fw2\" \/>\n<meta name=\"twitter:card\" content=\"summary_large_image\" \/>\n<meta name=\"twitter:label1\" content=\"Escrito por\" \/>\n\t<meta name=\"twitter:data1\" content=\"fw2\" \/>\n\t<meta name=\"twitter:label2\" content=\"Tiempo de lectura\" \/>\n\t<meta name=\"twitter:data2\" content=\"6 minutos\" \/>\n<script type=\"application\/ld+json\" class=\"yoast-schema-graph\">{\"@context\":\"https:\/\/schema.org\",\"@graph\":[{\"@type\":\"WebPage\",\"@id\":\"https:\/\/clam.org.br\/es\/agenda\/concurso-de-cartazes-sobre-homofobia-lesbofobia-e-transfobia-nas-escolas\/34324\/\",\"url\":\"https:\/\/clam.org.br\/es\/agenda\/concurso-de-cartazes-sobre-homofobia-lesbofobia-e-transfobia-nas-escolas\/34324\/\",\"name\":\"Concurso de Cartazes sobre Homofobia, Lesbofobia e Transfobia nas Escolas - CLAM - ES\",\"isPartOf\":{\"@id\":\"https:\/\/clam.org.br\/es\/#website\"},\"datePublished\":\"2012-03-01T03:00:00+00:00\",\"author\":{\"@id\":\"https:\/\/clam.org.br\/es\/#\/schema\/person\/fbd9a86032bf7479f94b0ded196f1010\"},\"breadcrumb\":{\"@id\":\"https:\/\/clam.org.br\/es\/agenda\/concurso-de-cartazes-sobre-homofobia-lesbofobia-e-transfobia-nas-escolas\/34324\/#breadcrumb\"},\"inLanguage\":\"es\",\"potentialAction\":[{\"@type\":\"ReadAction\",\"target\":[\"https:\/\/clam.org.br\/es\/agenda\/concurso-de-cartazes-sobre-homofobia-lesbofobia-e-transfobia-nas-escolas\/34324\/\"]}]},{\"@type\":\"BreadcrumbList\",\"@id\":\"https:\/\/clam.org.br\/es\/agenda\/concurso-de-cartazes-sobre-homofobia-lesbofobia-e-transfobia-nas-escolas\/34324\/#breadcrumb\",\"itemListElement\":[{\"@type\":\"ListItem\",\"position\":1,\"name\":\"In\u00edcio\",\"item\":\"https:\/\/clam.org.br\/es\/\"},{\"@type\":\"ListItem\",\"position\":2,\"name\":\"Concurso de Cartazes sobre Homofobia, Lesbofobia e Transfobia nas Escolas\"}]},{\"@type\":\"WebSite\",\"@id\":\"https:\/\/clam.org.br\/es\/#website\",\"url\":\"https:\/\/clam.org.br\/es\/\",\"name\":\"CLAM - ES\",\"description\":\"S\u00f3 mais um site CLAM - Centro Latino-Americano em Sexualidade e Direitos Humanos sites\",\"potentialAction\":[{\"@type\":\"SearchAction\",\"target\":{\"@type\":\"EntryPoint\",\"urlTemplate\":\"https:\/\/clam.org.br\/es\/?s={search_term_string}\"},\"query-input\":{\"@type\":\"PropertyValueSpecification\",\"valueRequired\":true,\"valueName\":\"search_term_string\"}}],\"inLanguage\":\"es\"},{\"@type\":\"Person\",\"@id\":\"https:\/\/clam.org.br\/es\/#\/schema\/person\/fbd9a86032bf7479f94b0ded196f1010\",\"name\":\"fw2\",\"image\":{\"@type\":\"ImageObject\",\"inLanguage\":\"es\",\"@id\":\"https:\/\/clam.org.br\/es\/#\/schema\/person\/image\/\",\"url\":\"https:\/\/secure.gravatar.com\/avatar\/c38472c0cdbde82d9b6fcc26adb3779d?s=96&d=mm&r=g\",\"contentUrl\":\"https:\/\/secure.gravatar.com\/avatar\/c38472c0cdbde82d9b6fcc26adb3779d?s=96&d=mm&r=g\",\"caption\":\"fw2\"},\"sameAs\":[\"https:\/\/clam.fw2web.com.br\"],\"url\":\"https:\/\/clam.org.br\/es\/author\/fw2\/\"}]}<\/script>\n<!-- \/ Yoast SEO plugin. -->","yoast_head_json":{"title":"Concurso de Cartazes sobre Homofobia, Lesbofobia e Transfobia nas Escolas - CLAM - ES","robots":{"index":"index","follow":"follow","max-snippet":"max-snippet:-1","max-image-preview":"max-image-preview:large","max-video-preview":"max-video-preview:-1"},"canonical":"https:\/\/clam.org.br\/es\/agenda\/concurso-de-cartazes-sobre-homofobia-lesbofobia-e-transfobia-nas-escolas\/34324\/","og_locale":"es_ES","og_type":"article","og_title":"Concurso de Cartazes sobre Homofobia, Lesbofobia e Transfobia nas Escolas - CLAM - ES","og_description":"O combate ao preconceito e \u00e0 discrimina\u00e7\u00e3o se faz com educa\u00e7\u00e3o! Edital 2012","og_url":"https:\/\/clam.org.br\/es\/agenda\/concurso-de-cartazes-sobre-homofobia-lesbofobia-e-transfobia-nas-escolas\/34324\/","og_site_name":"CLAM - ES","article_published_time":"2012-03-01T03:00:00+00:00","author":"fw2","twitter_card":"summary_large_image","twitter_misc":{"Escrito por":"fw2","Tiempo de lectura":"6 minutos"},"schema":{"@context":"https:\/\/schema.org","@graph":[{"@type":"WebPage","@id":"https:\/\/clam.org.br\/es\/agenda\/concurso-de-cartazes-sobre-homofobia-lesbofobia-e-transfobia-nas-escolas\/34324\/","url":"https:\/\/clam.org.br\/es\/agenda\/concurso-de-cartazes-sobre-homofobia-lesbofobia-e-transfobia-nas-escolas\/34324\/","name":"Concurso de Cartazes sobre Homofobia, Lesbofobia e Transfobia nas Escolas - CLAM - ES","isPartOf":{"@id":"https:\/\/clam.org.br\/es\/#website"},"datePublished":"2012-03-01T03:00:00+00:00","author":{"@id":"https:\/\/clam.org.br\/es\/#\/schema\/person\/fbd9a86032bf7479f94b0ded196f1010"},"breadcrumb":{"@id":"https:\/\/clam.org.br\/es\/agenda\/concurso-de-cartazes-sobre-homofobia-lesbofobia-e-transfobia-nas-escolas\/34324\/#breadcrumb"},"inLanguage":"es","potentialAction":[{"@type":"ReadAction","target":["https:\/\/clam.org.br\/es\/agenda\/concurso-de-cartazes-sobre-homofobia-lesbofobia-e-transfobia-nas-escolas\/34324\/"]}]},{"@type":"BreadcrumbList","@id":"https:\/\/clam.org.br\/es\/agenda\/concurso-de-cartazes-sobre-homofobia-lesbofobia-e-transfobia-nas-escolas\/34324\/#breadcrumb","itemListElement":[{"@type":"ListItem","position":1,"name":"In\u00edcio","item":"https:\/\/clam.org.br\/es\/"},{"@type":"ListItem","position":2,"name":"Concurso de Cartazes sobre Homofobia, Lesbofobia e Transfobia nas Escolas"}]},{"@type":"WebSite","@id":"https:\/\/clam.org.br\/es\/#website","url":"https:\/\/clam.org.br\/es\/","name":"CLAM - ES","description":"S\u00f3 mais um site CLAM - Centro Latino-Americano em Sexualidade e Direitos Humanos sites","potentialAction":[{"@type":"SearchAction","target":{"@type":"EntryPoint","urlTemplate":"https:\/\/clam.org.br\/es\/?s={search_term_string}"},"query-input":{"@type":"PropertyValueSpecification","valueRequired":true,"valueName":"search_term_string"}}],"inLanguage":"es"},{"@type":"Person","@id":"https:\/\/clam.org.br\/es\/#\/schema\/person\/fbd9a86032bf7479f94b0ded196f1010","name":"fw2","image":{"@type":"ImageObject","inLanguage":"es","@id":"https:\/\/clam.org.br\/es\/#\/schema\/person\/image\/","url":"https:\/\/secure.gravatar.com\/avatar\/c38472c0cdbde82d9b6fcc26adb3779d?s=96&d=mm&r=g","contentUrl":"https:\/\/secure.gravatar.com\/avatar\/c38472c0cdbde82d9b6fcc26adb3779d?s=96&d=mm&r=g","caption":"fw2"},"sameAs":["https:\/\/clam.fw2web.com.br"],"url":"https:\/\/clam.org.br\/es\/author\/fw2\/"}]}},"jetpack_featured_media_url":"","jetpack_sharing_enabled":true,"_links":{"self":[{"href":"https:\/\/clam.org.br\/es\/wp-json\/wp\/v2\/posts\/34324","targetHints":{"allow":["GET"]}}],"collection":[{"href":"https:\/\/clam.org.br\/es\/wp-json\/wp\/v2\/posts"}],"about":[{"href":"https:\/\/clam.org.br\/es\/wp-json\/wp\/v2\/types\/post"}],"author":[{"embeddable":true,"href":"https:\/\/clam.org.br\/es\/wp-json\/wp\/v2\/users\/1"}],"replies":[{"embeddable":true,"href":"https:\/\/clam.org.br\/es\/wp-json\/wp\/v2\/comments?post=34324"}],"version-history":[{"count":0,"href":"https:\/\/clam.org.br\/es\/wp-json\/wp\/v2\/posts\/34324\/revisions"}],"wp:attachment":[{"href":"https:\/\/clam.org.br\/es\/wp-json\/wp\/v2\/media?parent=34324"}],"wp:term":[{"taxonomy":"category","embeddable":true,"href":"https:\/\/clam.org.br\/es\/wp-json\/wp\/v2\/categories?post=34324"},{"taxonomy":"post_tag","embeddable":true,"href":"https:\/\/clam.org.br\/es\/wp-json\/wp\/v2\/tags?post=34324"}],"curies":[{"name":"wp","href":"https:\/\/api.w.org\/{rel}","templated":true}]}}