{"id":34376,"date":"2012-10-25T00:00:00","date_gmt":"2012-10-25T02:00:00","guid":{"rendered":"https:\/\/clam.fw2web.com.br\/es\/2012\/10\/25\/audiencia-cidh-por-hostigamiento-del-procurador-ordonez-contra-defensores-de-derechos-humanos\/"},"modified":"2012-10-25T00:00:00","modified_gmt":"2012-10-25T02:00:00","slug":"audiencia-cidh-por-hostigamiento-del-procurador-ordonez-contra-defensores-de-derechos-humanos","status":"publish","type":"post","link":"https:\/\/clam.org.br\/es\/agenda\/audiencia-cidh-por-hostigamiento-del-procurador-ordonez-contra-defensores-de-derechos-humanos\/34376\/","title":{"rendered":"Audiencia CIDH por hostigamiento del Procurador Ordo\u00f1ez contra defensores de derechos humanos"},"content":{"rendered":"<p>El 2 de noviembre se realizar&aacute; una audiencia frente a la Comisi&oacute;n Interamericana de Derechos Humanos (CIDH) en donde se presentar&aacute; la preocupante situaci&oacute;n de hostigamiento y criminalizaci&oacute;n a las y los defensores de derechos humanos en Colombia por parte de la Procuradur&iacute;a General de la Naci&oacute;n. Diferentes de la Procuradur&iacute;a generan un clima de radicalizaci&oacute;n en torno a los derechos sexuales y reproductivos, lo que pone en riesgo la integridad y seguridad de las y los defensores de estos derechos en Colombia.<\/p>\n<p>La audiencia examinar&aacute; c&oacute;mo la agenda pol&iacute;tico-religiosa del Procurador Alejandro Ord&oacute;&ntilde;ez deja desprotegidas a la mujeres y a la poblaci&oacute;n LGBT. Se espera que la CIDH haga un acompa&ntilde;amiento, ordene recomendaciones y exija un compromiso al Estado colombiano con la protecci&oacute;n a defensores de derechos sexuales y reproductivos; de manera que puedan continuar con su trabajo, fundamental para la consolidaci&oacute;n de las democracias y los Estados de derecho de la regi&oacute;n latinoamericana.<\/p>\n<p>La audiencia se llevar&aacute; a cabo en el marco del 146&deg; periodo ordinario de sesiones de la CIDH y ha sido convocada por varias organizaciones, redes, grupos y personas promotoras y defensoras de los derechos sexuales y reproductivos de las mujeres y la poblaci&oacute;n LGBT en Colombia: Women&rsquo;s Link Worldwide, Mesa de Seguimiento Cl&iacute;nica de las Mujeres, Red Nacional de Mujeres, Asociaci&oacute;n L&iacute;deres en Acci&oacute;n, CLADEM Colombia, Asociaci&oacute;n de ateos y agn&oacute;sticos de Colombia, Casa de la Mujer, Colombia Diversa, Trans-Ser, Cat&oacute;licas por el Derecho a Decidir (Colombia), Mesa Mujeres y Econom&iacute;a, Alianza Colombiana por los derechos sexuales y reproductivos La Colectiva, Mesa por la Vida y la Salud de las Mujeres, CEPALC, Centro de Promoci&oacute;n y Cultura-FASOL, Grupo de Apoyo y Estudio de la Diversidad de la Sexualidad de la Unidad Nacional, Red Somos y CIASE.<\/p>\n<p>Las organizaciones firmantes esperamos que los poderes ejecutivo y legislativo del pa&iacute;s conozcan este proceso de veedur&iacute;a internacional y lo tengan en cuenta para que se nomine y elija un nuevo procurador o procuradora que respete los est&aacute;ndares internacionales de derechos humanos y fortalezca nuestra democracia.<\/p>\n<p>La audiencia puede verse en vivo el viernes 2 de noviembre a la 3:30 pm (hora colombiana) en la <a href=\"http:\/\/www.oas.org\/es\/centro_noticias\/webcast.asp?lang=\">p&aacute;gina web de la CIDH<\/a>.<\/p>\n<p>Para mayor informaci&oacute;n, <a href=\"http:\/\/www.womenslinkworldwide.org\/wlw\/new.php?modo=detalle_prensa&amp;dc=390\">haga clic aqu&iacute;<\/a><\/p>\n","protected":false},"excerpt":{"rendered":"<p>El 2 de noviembre se realizar\u00e1 una audiencia frente a la Comisi\u00f3n Interamericana de Derechos Humanos (CIDH) en donde se presentar\u00e1 la preocupante situaci\u00f3n de hostigamiento y criminalizaci\u00f3n a las y los defensores de derechos humanos en Colombia por parte de la Procuradur\u00eda General de la Naci\u00f3n. Diferentes de la Procuradur\u00eda generan un clima de radicalizaci\u00f3n en torno a los derechos sexuales\u2026<\/p>\n","protected":false},"author":1,"featured_media":0,"comment_status":"open","ping_status":"open","sticky":false,"template":"","format":"standard","meta":{"_acf_changed":false,"site-sidebar-layout":"default","site-content-layout":"default","ast-global-header-display":"","ast-main-header-display":"","ast-hfb-above-header-display":"","ast-hfb-below-header-display":"","ast-hfb-mobile-header-display":"","site-post-title":"","ast-breadcrumbs-content":"","ast-featured-img":"","footer-sml-layout":"","theme-transparent-header-meta":"","adv-header-id-meta":"","stick-header-meta":"","header-above-stick-meta":"","header-main-stick-meta":"","header-below-stick-meta":"","_jetpack_memberships_contains_paid_content":false,"footnotes":""},"categories":[28],"tags":[],"class_list":["post-34376","post","type-post","status-publish","format-standard","hentry","category-agenda"],"acf":[],"yoast_head":"<!-- This site is optimized with the Yoast SEO plugin v26.1.1 - https:\/\/yoast.com\/wordpress\/plugins\/seo\/ -->\n<title>Audiencia CIDH por hostigamiento del Procurador Ordo\u00f1ez contra defensores de derechos humanos - CLAM - ES<\/title>\n<meta name=\"robots\" content=\"index, follow, max-snippet:-1, max-image-preview:large, max-video-preview:-1\" \/>\n<link rel=\"canonical\" href=\"https:\/\/clam.org.br\/es\/agenda\/audiencia-cidh-por-hostigamiento-del-procurador-ordonez-contra-defensores-de-derechos-humanos\/34376\/\" \/>\n<meta property=\"og:locale\" content=\"es_ES\" \/>\n<meta property=\"og:type\" content=\"article\" \/>\n<meta property=\"og:title\" content=\"Audiencia CIDH por hostigamiento del Procurador Ordo\u00f1ez contra defensores de derechos humanos - CLAM - ES\" \/>\n<meta property=\"og:description\" content=\"El 2 de noviembre se realizar\u00e1 una audiencia frente a la Comisi\u00f3n Interamericana de Derechos Humanos (CIDH) en donde se presentar\u00e1 la preocupante situaci\u00f3n de hostigamiento y criminalizaci\u00f3n a las y los defensores de derechos humanos en Colombia por parte de la Procuradur\u00eda General de la Naci\u00f3n. Diferentes de la Procuradur\u00eda generan un clima de radicalizaci\u00f3n en torno a los derechos sexuales\u2026\" \/>\n<meta property=\"og:url\" content=\"https:\/\/clam.org.br\/es\/agenda\/audiencia-cidh-por-hostigamiento-del-procurador-ordonez-contra-defensores-de-derechos-humanos\/34376\/\" \/>\n<meta property=\"og:site_name\" content=\"CLAM - ES\" \/>\n<meta property=\"article:published_time\" content=\"2012-10-25T02:00:00+00:00\" \/>\n<meta name=\"author\" content=\"fw2\" \/>\n<meta name=\"twitter:card\" content=\"summary_large_image\" \/>\n<meta name=\"twitter:label1\" content=\"Escrito por\" \/>\n\t<meta name=\"twitter:data1\" content=\"fw2\" \/>\n\t<meta name=\"twitter:label2\" content=\"Tiempo de lectura\" \/>\n\t<meta name=\"twitter:data2\" content=\"2 minutos\" \/>\n<script type=\"application\/ld+json\" class=\"yoast-schema-graph\">{\"@context\":\"https:\/\/schema.org\",\"@graph\":[{\"@type\":\"WebPage\",\"@id\":\"https:\/\/clam.org.br\/es\/agenda\/audiencia-cidh-por-hostigamiento-del-procurador-ordonez-contra-defensores-de-derechos-humanos\/34376\/\",\"url\":\"https:\/\/clam.org.br\/es\/agenda\/audiencia-cidh-por-hostigamiento-del-procurador-ordonez-contra-defensores-de-derechos-humanos\/34376\/\",\"name\":\"Audiencia CIDH por hostigamiento del Procurador Ordo\u00f1ez contra defensores de derechos humanos - CLAM - ES\",\"isPartOf\":{\"@id\":\"https:\/\/clam.org.br\/es\/#website\"},\"datePublished\":\"2012-10-25T02:00:00+00:00\",\"author\":{\"@id\":\"https:\/\/clam.org.br\/es\/#\/schema\/person\/fbd9a86032bf7479f94b0ded196f1010\"},\"breadcrumb\":{\"@id\":\"https:\/\/clam.org.br\/es\/agenda\/audiencia-cidh-por-hostigamiento-del-procurador-ordonez-contra-defensores-de-derechos-humanos\/34376\/#breadcrumb\"},\"inLanguage\":\"es\",\"potentialAction\":[{\"@type\":\"ReadAction\",\"target\":[\"https:\/\/clam.org.br\/es\/agenda\/audiencia-cidh-por-hostigamiento-del-procurador-ordonez-contra-defensores-de-derechos-humanos\/34376\/\"]}]},{\"@type\":\"BreadcrumbList\",\"@id\":\"https:\/\/clam.org.br\/es\/agenda\/audiencia-cidh-por-hostigamiento-del-procurador-ordonez-contra-defensores-de-derechos-humanos\/34376\/#breadcrumb\",\"itemListElement\":[{\"@type\":\"ListItem\",\"position\":1,\"name\":\"In\u00edcio\",\"item\":\"https:\/\/clam.org.br\/es\/\"},{\"@type\":\"ListItem\",\"position\":2,\"name\":\"Audiencia CIDH por hostigamiento del Procurador Ordo\u00f1ez contra defensores de derechos humanos\"}]},{\"@type\":\"WebSite\",\"@id\":\"https:\/\/clam.org.br\/es\/#website\",\"url\":\"https:\/\/clam.org.br\/es\/\",\"name\":\"CLAM - ES\",\"description\":\"S\u00f3 mais um site CLAM - Centro Latino-Americano em Sexualidade e Direitos Humanos sites\",\"potentialAction\":[{\"@type\":\"SearchAction\",\"target\":{\"@type\":\"EntryPoint\",\"urlTemplate\":\"https:\/\/clam.org.br\/es\/?s={search_term_string}\"},\"query-input\":{\"@type\":\"PropertyValueSpecification\",\"valueRequired\":true,\"valueName\":\"search_term_string\"}}],\"inLanguage\":\"es\"},{\"@type\":\"Person\",\"@id\":\"https:\/\/clam.org.br\/es\/#\/schema\/person\/fbd9a86032bf7479f94b0ded196f1010\",\"name\":\"fw2\",\"image\":{\"@type\":\"ImageObject\",\"inLanguage\":\"es\",\"@id\":\"https:\/\/clam.org.br\/es\/#\/schema\/person\/image\/\",\"url\":\"https:\/\/secure.gravatar.com\/avatar\/c38472c0cdbde82d9b6fcc26adb3779d?s=96&d=mm&r=g\",\"contentUrl\":\"https:\/\/secure.gravatar.com\/avatar\/c38472c0cdbde82d9b6fcc26adb3779d?s=96&d=mm&r=g\",\"caption\":\"fw2\"},\"sameAs\":[\"https:\/\/clam.fw2web.com.br\"],\"url\":\"https:\/\/clam.org.br\/es\/author\/fw2\/\"}]}<\/script>\n<!-- \/ Yoast SEO plugin. -->","yoast_head_json":{"title":"Audiencia CIDH por hostigamiento del Procurador Ordo\u00f1ez contra defensores de derechos humanos - CLAM - ES","robots":{"index":"index","follow":"follow","max-snippet":"max-snippet:-1","max-image-preview":"max-image-preview:large","max-video-preview":"max-video-preview:-1"},"canonical":"https:\/\/clam.org.br\/es\/agenda\/audiencia-cidh-por-hostigamiento-del-procurador-ordonez-contra-defensores-de-derechos-humanos\/34376\/","og_locale":"es_ES","og_type":"article","og_title":"Audiencia CIDH por hostigamiento del Procurador Ordo\u00f1ez contra defensores de derechos humanos - CLAM - ES","og_description":"El 2 de noviembre se realizar\u00e1 una audiencia frente a la Comisi\u00f3n Interamericana de Derechos Humanos (CIDH) en donde se presentar\u00e1 la preocupante situaci\u00f3n de hostigamiento y criminalizaci\u00f3n a las y los defensores de derechos humanos en Colombia por parte de la Procuradur\u00eda General de la Naci\u00f3n. Diferentes de la Procuradur\u00eda generan un clima de radicalizaci\u00f3n en torno a los derechos sexuales\u2026","og_url":"https:\/\/clam.org.br\/es\/agenda\/audiencia-cidh-por-hostigamiento-del-procurador-ordonez-contra-defensores-de-derechos-humanos\/34376\/","og_site_name":"CLAM - ES","article_published_time":"2012-10-25T02:00:00+00:00","author":"fw2","twitter_card":"summary_large_image","twitter_misc":{"Escrito por":"fw2","Tiempo de lectura":"2 minutos"},"schema":{"@context":"https:\/\/schema.org","@graph":[{"@type":"WebPage","@id":"https:\/\/clam.org.br\/es\/agenda\/audiencia-cidh-por-hostigamiento-del-procurador-ordonez-contra-defensores-de-derechos-humanos\/34376\/","url":"https:\/\/clam.org.br\/es\/agenda\/audiencia-cidh-por-hostigamiento-del-procurador-ordonez-contra-defensores-de-derechos-humanos\/34376\/","name":"Audiencia CIDH por hostigamiento del Procurador Ordo\u00f1ez contra defensores de derechos humanos - CLAM - ES","isPartOf":{"@id":"https:\/\/clam.org.br\/es\/#website"},"datePublished":"2012-10-25T02:00:00+00:00","author":{"@id":"https:\/\/clam.org.br\/es\/#\/schema\/person\/fbd9a86032bf7479f94b0ded196f1010"},"breadcrumb":{"@id":"https:\/\/clam.org.br\/es\/agenda\/audiencia-cidh-por-hostigamiento-del-procurador-ordonez-contra-defensores-de-derechos-humanos\/34376\/#breadcrumb"},"inLanguage":"es","potentialAction":[{"@type":"ReadAction","target":["https:\/\/clam.org.br\/es\/agenda\/audiencia-cidh-por-hostigamiento-del-procurador-ordonez-contra-defensores-de-derechos-humanos\/34376\/"]}]},{"@type":"BreadcrumbList","@id":"https:\/\/clam.org.br\/es\/agenda\/audiencia-cidh-por-hostigamiento-del-procurador-ordonez-contra-defensores-de-derechos-humanos\/34376\/#breadcrumb","itemListElement":[{"@type":"ListItem","position":1,"name":"In\u00edcio","item":"https:\/\/clam.org.br\/es\/"},{"@type":"ListItem","position":2,"name":"Audiencia CIDH por hostigamiento del Procurador Ordo\u00f1ez contra defensores de derechos humanos"}]},{"@type":"WebSite","@id":"https:\/\/clam.org.br\/es\/#website","url":"https:\/\/clam.org.br\/es\/","name":"CLAM - ES","description":"S\u00f3 mais um site CLAM - Centro Latino-Americano em Sexualidade e Direitos Humanos sites","potentialAction":[{"@type":"SearchAction","target":{"@type":"EntryPoint","urlTemplate":"https:\/\/clam.org.br\/es\/?s={search_term_string}"},"query-input":{"@type":"PropertyValueSpecification","valueRequired":true,"valueName":"search_term_string"}}],"inLanguage":"es"},{"@type":"Person","@id":"https:\/\/clam.org.br\/es\/#\/schema\/person\/fbd9a86032bf7479f94b0ded196f1010","name":"fw2","image":{"@type":"ImageObject","inLanguage":"es","@id":"https:\/\/clam.org.br\/es\/#\/schema\/person\/image\/","url":"https:\/\/secure.gravatar.com\/avatar\/c38472c0cdbde82d9b6fcc26adb3779d?s=96&d=mm&r=g","contentUrl":"https:\/\/secure.gravatar.com\/avatar\/c38472c0cdbde82d9b6fcc26adb3779d?s=96&d=mm&r=g","caption":"fw2"},"sameAs":["https:\/\/clam.fw2web.com.br"],"url":"https:\/\/clam.org.br\/es\/author\/fw2\/"}]}},"jetpack_featured_media_url":"","jetpack_sharing_enabled":true,"_links":{"self":[{"href":"https:\/\/clam.org.br\/es\/wp-json\/wp\/v2\/posts\/34376","targetHints":{"allow":["GET"]}}],"collection":[{"href":"https:\/\/clam.org.br\/es\/wp-json\/wp\/v2\/posts"}],"about":[{"href":"https:\/\/clam.org.br\/es\/wp-json\/wp\/v2\/types\/post"}],"author":[{"embeddable":true,"href":"https:\/\/clam.org.br\/es\/wp-json\/wp\/v2\/users\/1"}],"replies":[{"embeddable":true,"href":"https:\/\/clam.org.br\/es\/wp-json\/wp\/v2\/comments?post=34376"}],"version-history":[{"count":0,"href":"https:\/\/clam.org.br\/es\/wp-json\/wp\/v2\/posts\/34376\/revisions"}],"wp:attachment":[{"href":"https:\/\/clam.org.br\/es\/wp-json\/wp\/v2\/media?parent=34376"}],"wp:term":[{"taxonomy":"category","embeddable":true,"href":"https:\/\/clam.org.br\/es\/wp-json\/wp\/v2\/categories?post=34376"},{"taxonomy":"post_tag","embeddable":true,"href":"https:\/\/clam.org.br\/es\/wp-json\/wp\/v2\/tags?post=34376"}],"curies":[{"name":"wp","href":"https:\/\/api.w.org\/{rel}","templated":true}]}}