{"id":34379,"date":"2012-11-05T00:00:00","date_gmt":"2012-11-05T02:00:00","guid":{"rendered":"https:\/\/clam.fw2web.com.br\/es\/2012\/11\/05\/seminario-politicas-de-comunicacao-e-saude\/"},"modified":"2012-11-05T00:00:00","modified_gmt":"2012-11-05T02:00:00","slug":"seminario-politicas-de-comunicacao-e-saude","status":"publish","type":"post","link":"https:\/\/clam.org.br\/es\/agenda\/seminario-politicas-de-comunicacao-e-saude\/34379\/","title":{"rendered":"Semin\u00e1rio Pol\u00edticas de comunica\u00e7\u00e3o e Sa\u00fade"},"content":{"rendered":"<p>Ser&aacute; realizado na quarta-feira, 7\/11, &agrave;s 14 horas, na Fiocruz, o semin&aacute;rio &ldquo;Pol&iacute;ticas de comunica&ccedil;&atilde;o e Sa&uacute;de&rdquo;, ministrado pela pesquisadora &Aacute;urea Pitta.<\/p>\n<p>O evento &eacute; uma atividade do curso de Especializa&ccedil;&atilde;o de Informa&ccedil;&atilde;o Cient&iacute;fica e Tecnol&oacute;gica em Sa&uacute;de, na disciplina &lsquo;Cen&aacute;rios, estrat&eacute;gias e pol&iacute;ticas de comunica&ccedil;&atilde;o&rsquo;, organizado pelo Laborat&oacute;rio de Informa&ccedil;&atilde;o Cient&iacute;fica e Tecnol&oacute;gica em Sa&uacute;de\/Icict, e abordar&aacute; os seguintes temas: &lsquo;A Comunica&ccedil;&atilde;o como processo complexo e determinante da Sa&uacute;de e da Vida&rsquo;, &lsquo;A Comunica&ccedil;&atilde;o, poder e sociedade: contexto, sujeito, lugar de interlocu&ccedil;&atilde;o e concorr&ecirc;ncia discursiva&rsquo;, &lsquo;A Comunica&ccedil;&atilde;o midi&aacute;tica e a Sa&uacute;de&rsquo;, &lsquo;A produ&ccedil;&atilde;o da not&iacute;cia, frames, angula&ccedil;&otilde;es e enquadramentos &#8211; concorr&ecirc;ncia discursiva e senso comum&rsquo;, &lsquo;Estrat&eacute;gias de comunica&ccedil;&atilde;o e pol&iacute;ticas p&uacute;blicas de sa&uacute;de no Brasil. O caso de duas Assessorias de Comunica&ccedil;&atilde;o do SUS&rsquo; e &lsquo;Comunica&ccedil;&atilde;o e gest&atilde;o da Sa&uacute;de &ndash; a comunica&ccedil;&atilde;o e o conceito de Regi&atilde;o de Sa&uacute;de do Decreto 7508\/2011)&rsquo;.<\/p>\n<p>&Aacute;urea Pitta &eacute; pesquisadora em Sa&uacute;de P&uacute;blica, doutora em Comunica&ccedil;&atilde;o e Cultura, pela UFRJ, e trabalha como assessora da Vice Presid&ecirc;ncia de Ambiente, Aten&ccedil;&atilde;o e Promo&ccedil;&atilde;o da Sa&uacute;de da Fiocruz e como colaboradora da Coopera&ccedil;&atilde;o T&eacute;cnica FIOCRUZ-CONASS-CONASEMS. <\/p>\n<p>N&atilde;o &eacute; necess&aacute;rio inscrever-se para o evento, bastando apenas comparecer ao Pr&eacute;dio da Expans&atilde;o\/Fiocruz, sala 207, na Avenida Brasil. 4.036, Manguinhos. Outras informa&ccedil;&otilde;es pelo telefone 3865-3260 e pelos e-mails  tsenzi@icict.fiocruz.br e rsouza@icict.fiocruz.br<\/p>\n","protected":false},"excerpt":{"rendered":"<p>O evento \u00e9 uma atividade do curso de Especializa\u00e7\u00e3o de Informa\u00e7\u00e3o Cient\u00edfica e Tecnol\u00f3gica em Sa\u00fade, na disciplina \u2018Cen\u00e1rios, estrat\u00e9gias e pol\u00edticas de comunica\u00e7\u00e3o\u2019, organizado pelo Laborat\u00f3rio de Informa\u00e7\u00e3o Cient\u00edfica e Tecnol\u00f3gica em Sa\u00fade\/Icict.<\/p>\n","protected":false},"author":1,"featured_media":0,"comment_status":"open","ping_status":"open","sticky":false,"template":"","format":"standard","meta":{"_acf_changed":false,"site-sidebar-layout":"default","site-content-layout":"default","ast-global-header-display":"","ast-main-header-display":"","ast-hfb-above-header-display":"","ast-hfb-below-header-display":"","ast-hfb-mobile-header-display":"","site-post-title":"","ast-breadcrumbs-content":"","ast-featured-img":"","footer-sml-layout":"","theme-transparent-header-meta":"","adv-header-id-meta":"","stick-header-meta":"","header-above-stick-meta":"","header-main-stick-meta":"","header-below-stick-meta":"","_jetpack_memberships_contains_paid_content":false,"footnotes":""},"categories":[28],"tags":[],"class_list":["post-34379","post","type-post","status-publish","format-standard","hentry","category-agenda"],"acf":[],"yoast_head":"<!-- This site is optimized with the Yoast SEO plugin v26.1.1 - https:\/\/yoast.com\/wordpress\/plugins\/seo\/ -->\n<title>Semin\u00e1rio Pol\u00edticas de comunica\u00e7\u00e3o e Sa\u00fade - CLAM - ES<\/title>\n<meta name=\"robots\" content=\"index, follow, max-snippet:-1, max-image-preview:large, max-video-preview:-1\" \/>\n<link rel=\"canonical\" href=\"https:\/\/clam.org.br\/es\/agenda\/seminario-politicas-de-comunicacao-e-saude\/34379\/\" \/>\n<meta property=\"og:locale\" content=\"es_ES\" \/>\n<meta property=\"og:type\" content=\"article\" \/>\n<meta property=\"og:title\" content=\"Semin\u00e1rio Pol\u00edticas de comunica\u00e7\u00e3o e Sa\u00fade - CLAM - ES\" \/>\n<meta property=\"og:description\" content=\"O evento \u00e9 uma atividade do curso de Especializa\u00e7\u00e3o de Informa\u00e7\u00e3o Cient\u00edfica e Tecnol\u00f3gica em Sa\u00fade, na disciplina \u2018Cen\u00e1rios, estrat\u00e9gias e pol\u00edticas de comunica\u00e7\u00e3o\u2019, organizado pelo Laborat\u00f3rio de Informa\u00e7\u00e3o Cient\u00edfica e Tecnol\u00f3gica em Sa\u00fade\/Icict.\" \/>\n<meta property=\"og:url\" content=\"https:\/\/clam.org.br\/es\/agenda\/seminario-politicas-de-comunicacao-e-saude\/34379\/\" \/>\n<meta property=\"og:site_name\" content=\"CLAM - ES\" \/>\n<meta property=\"article:published_time\" content=\"2012-11-05T02:00:00+00:00\" \/>\n<meta name=\"author\" content=\"fw2\" \/>\n<meta name=\"twitter:card\" content=\"summary_large_image\" \/>\n<meta name=\"twitter:label1\" content=\"Escrito por\" \/>\n\t<meta name=\"twitter:data1\" content=\"fw2\" \/>\n\t<meta name=\"twitter:label2\" content=\"Tiempo de lectura\" \/>\n\t<meta name=\"twitter:data2\" content=\"2 minutos\" \/>\n<script type=\"application\/ld+json\" class=\"yoast-schema-graph\">{\"@context\":\"https:\/\/schema.org\",\"@graph\":[{\"@type\":\"WebPage\",\"@id\":\"https:\/\/clam.org.br\/es\/agenda\/seminario-politicas-de-comunicacao-e-saude\/34379\/\",\"url\":\"https:\/\/clam.org.br\/es\/agenda\/seminario-politicas-de-comunicacao-e-saude\/34379\/\",\"name\":\"Semin\u00e1rio Pol\u00edticas de comunica\u00e7\u00e3o e Sa\u00fade - CLAM - ES\",\"isPartOf\":{\"@id\":\"https:\/\/clam.org.br\/es\/#website\"},\"datePublished\":\"2012-11-05T02:00:00+00:00\",\"author\":{\"@id\":\"https:\/\/clam.org.br\/es\/#\/schema\/person\/fbd9a86032bf7479f94b0ded196f1010\"},\"breadcrumb\":{\"@id\":\"https:\/\/clam.org.br\/es\/agenda\/seminario-politicas-de-comunicacao-e-saude\/34379\/#breadcrumb\"},\"inLanguage\":\"es\",\"potentialAction\":[{\"@type\":\"ReadAction\",\"target\":[\"https:\/\/clam.org.br\/es\/agenda\/seminario-politicas-de-comunicacao-e-saude\/34379\/\"]}]},{\"@type\":\"BreadcrumbList\",\"@id\":\"https:\/\/clam.org.br\/es\/agenda\/seminario-politicas-de-comunicacao-e-saude\/34379\/#breadcrumb\",\"itemListElement\":[{\"@type\":\"ListItem\",\"position\":1,\"name\":\"In\u00edcio\",\"item\":\"https:\/\/clam.org.br\/es\/\"},{\"@type\":\"ListItem\",\"position\":2,\"name\":\"Semin\u00e1rio Pol\u00edticas de comunica\u00e7\u00e3o e Sa\u00fade\"}]},{\"@type\":\"WebSite\",\"@id\":\"https:\/\/clam.org.br\/es\/#website\",\"url\":\"https:\/\/clam.org.br\/es\/\",\"name\":\"CLAM - ES\",\"description\":\"S\u00f3 mais um site CLAM - Centro Latino-Americano em Sexualidade e Direitos Humanos sites\",\"potentialAction\":[{\"@type\":\"SearchAction\",\"target\":{\"@type\":\"EntryPoint\",\"urlTemplate\":\"https:\/\/clam.org.br\/es\/?s={search_term_string}\"},\"query-input\":{\"@type\":\"PropertyValueSpecification\",\"valueRequired\":true,\"valueName\":\"search_term_string\"}}],\"inLanguage\":\"es\"},{\"@type\":\"Person\",\"@id\":\"https:\/\/clam.org.br\/es\/#\/schema\/person\/fbd9a86032bf7479f94b0ded196f1010\",\"name\":\"fw2\",\"image\":{\"@type\":\"ImageObject\",\"inLanguage\":\"es\",\"@id\":\"https:\/\/clam.org.br\/es\/#\/schema\/person\/image\/\",\"url\":\"https:\/\/secure.gravatar.com\/avatar\/c38472c0cdbde82d9b6fcc26adb3779d?s=96&d=mm&r=g\",\"contentUrl\":\"https:\/\/secure.gravatar.com\/avatar\/c38472c0cdbde82d9b6fcc26adb3779d?s=96&d=mm&r=g\",\"caption\":\"fw2\"},\"sameAs\":[\"https:\/\/clam.fw2web.com.br\"],\"url\":\"https:\/\/clam.org.br\/es\/author\/fw2\/\"}]}<\/script>\n<!-- \/ Yoast SEO plugin. -->","yoast_head_json":{"title":"Semin\u00e1rio Pol\u00edticas de comunica\u00e7\u00e3o e Sa\u00fade - CLAM - ES","robots":{"index":"index","follow":"follow","max-snippet":"max-snippet:-1","max-image-preview":"max-image-preview:large","max-video-preview":"max-video-preview:-1"},"canonical":"https:\/\/clam.org.br\/es\/agenda\/seminario-politicas-de-comunicacao-e-saude\/34379\/","og_locale":"es_ES","og_type":"article","og_title":"Semin\u00e1rio Pol\u00edticas de comunica\u00e7\u00e3o e Sa\u00fade - CLAM - ES","og_description":"O evento \u00e9 uma atividade do curso de Especializa\u00e7\u00e3o de Informa\u00e7\u00e3o Cient\u00edfica e Tecnol\u00f3gica em Sa\u00fade, na disciplina \u2018Cen\u00e1rios, estrat\u00e9gias e pol\u00edticas de comunica\u00e7\u00e3o\u2019, organizado pelo Laborat\u00f3rio de Informa\u00e7\u00e3o Cient\u00edfica e Tecnol\u00f3gica em Sa\u00fade\/Icict.","og_url":"https:\/\/clam.org.br\/es\/agenda\/seminario-politicas-de-comunicacao-e-saude\/34379\/","og_site_name":"CLAM - ES","article_published_time":"2012-11-05T02:00:00+00:00","author":"fw2","twitter_card":"summary_large_image","twitter_misc":{"Escrito por":"fw2","Tiempo de lectura":"2 minutos"},"schema":{"@context":"https:\/\/schema.org","@graph":[{"@type":"WebPage","@id":"https:\/\/clam.org.br\/es\/agenda\/seminario-politicas-de-comunicacao-e-saude\/34379\/","url":"https:\/\/clam.org.br\/es\/agenda\/seminario-politicas-de-comunicacao-e-saude\/34379\/","name":"Semin\u00e1rio Pol\u00edticas de comunica\u00e7\u00e3o e Sa\u00fade - CLAM - ES","isPartOf":{"@id":"https:\/\/clam.org.br\/es\/#website"},"datePublished":"2012-11-05T02:00:00+00:00","author":{"@id":"https:\/\/clam.org.br\/es\/#\/schema\/person\/fbd9a86032bf7479f94b0ded196f1010"},"breadcrumb":{"@id":"https:\/\/clam.org.br\/es\/agenda\/seminario-politicas-de-comunicacao-e-saude\/34379\/#breadcrumb"},"inLanguage":"es","potentialAction":[{"@type":"ReadAction","target":["https:\/\/clam.org.br\/es\/agenda\/seminario-politicas-de-comunicacao-e-saude\/34379\/"]}]},{"@type":"BreadcrumbList","@id":"https:\/\/clam.org.br\/es\/agenda\/seminario-politicas-de-comunicacao-e-saude\/34379\/#breadcrumb","itemListElement":[{"@type":"ListItem","position":1,"name":"In\u00edcio","item":"https:\/\/clam.org.br\/es\/"},{"@type":"ListItem","position":2,"name":"Semin\u00e1rio Pol\u00edticas de comunica\u00e7\u00e3o e Sa\u00fade"}]},{"@type":"WebSite","@id":"https:\/\/clam.org.br\/es\/#website","url":"https:\/\/clam.org.br\/es\/","name":"CLAM - ES","description":"S\u00f3 mais um site CLAM - Centro Latino-Americano em Sexualidade e Direitos Humanos sites","potentialAction":[{"@type":"SearchAction","target":{"@type":"EntryPoint","urlTemplate":"https:\/\/clam.org.br\/es\/?s={search_term_string}"},"query-input":{"@type":"PropertyValueSpecification","valueRequired":true,"valueName":"search_term_string"}}],"inLanguage":"es"},{"@type":"Person","@id":"https:\/\/clam.org.br\/es\/#\/schema\/person\/fbd9a86032bf7479f94b0ded196f1010","name":"fw2","image":{"@type":"ImageObject","inLanguage":"es","@id":"https:\/\/clam.org.br\/es\/#\/schema\/person\/image\/","url":"https:\/\/secure.gravatar.com\/avatar\/c38472c0cdbde82d9b6fcc26adb3779d?s=96&d=mm&r=g","contentUrl":"https:\/\/secure.gravatar.com\/avatar\/c38472c0cdbde82d9b6fcc26adb3779d?s=96&d=mm&r=g","caption":"fw2"},"sameAs":["https:\/\/clam.fw2web.com.br"],"url":"https:\/\/clam.org.br\/es\/author\/fw2\/"}]}},"jetpack_featured_media_url":"","jetpack_sharing_enabled":true,"_links":{"self":[{"href":"https:\/\/clam.org.br\/es\/wp-json\/wp\/v2\/posts\/34379","targetHints":{"allow":["GET"]}}],"collection":[{"href":"https:\/\/clam.org.br\/es\/wp-json\/wp\/v2\/posts"}],"about":[{"href":"https:\/\/clam.org.br\/es\/wp-json\/wp\/v2\/types\/post"}],"author":[{"embeddable":true,"href":"https:\/\/clam.org.br\/es\/wp-json\/wp\/v2\/users\/1"}],"replies":[{"embeddable":true,"href":"https:\/\/clam.org.br\/es\/wp-json\/wp\/v2\/comments?post=34379"}],"version-history":[{"count":0,"href":"https:\/\/clam.org.br\/es\/wp-json\/wp\/v2\/posts\/34379\/revisions"}],"wp:attachment":[{"href":"https:\/\/clam.org.br\/es\/wp-json\/wp\/v2\/media?parent=34379"}],"wp:term":[{"taxonomy":"category","embeddable":true,"href":"https:\/\/clam.org.br\/es\/wp-json\/wp\/v2\/categories?post=34379"},{"taxonomy":"post_tag","embeddable":true,"href":"https:\/\/clam.org.br\/es\/wp-json\/wp\/v2\/tags?post=34379"}],"curies":[{"name":"wp","href":"https:\/\/api.w.org\/{rel}","templated":true}]}}