{"id":34383,"date":"2012-11-13T00:00:00","date_gmt":"2012-11-13T02:00:00","guid":{"rendered":"https:\/\/clam.fw2web.com.br\/es\/2012\/11\/13\/seminario-critico-a-reforma-do-codigo-penal-e-a-lei-maria-da-penha\/"},"modified":"2012-11-13T00:00:00","modified_gmt":"2012-11-13T02:00:00","slug":"seminario-critico-a-reforma-do-codigo-penal-e-a-lei-maria-da-penha","status":"publish","type":"post","link":"https:\/\/clam.org.br\/es\/agenda\/seminario-critico-a-reforma-do-codigo-penal-e-a-lei-maria-da-penha\/34383\/","title":{"rendered":"Semin\u00e1rio Cr\u00edtico \u00e0 Reforma do C\u00f3digo Penal e \u00e0 Lei Maria da Penha"},"content":{"rendered":"<p>A Escola de Magistratura do Estado do Rio de Janeiro promove, no dia 28\/11, o &ldquo;Semin&aacute;rio Cr&iacute;tico &agrave; Reforma do C&oacute;digo Penal e a Lei Maria da Penha&rdquo;.<\/p>\n<p><b>Local<\/b>: Avenida Erasmo Braga, n&ordm; 115\/4&ordm; andar &ndash; Pal&aacute;cio da Justi&ccedil;a &ndash; RJ.&nbsp; <\/p>\n<p> <strong>Informa&ccedil;&otilde;es<\/strong>: (21) 3133-3369.<\/p>\n<p><b>Inscri&ccedil;&otilde;es<\/b>: exclusivas pelo site da EMERJ (<a target=\"_blank\" href=\"http:\/\/www.emerj.tjrj.jus.br\" rel=\"noopener\">www.emerj.tjrj.jus.br<\/a>).<\/p>\n<p><strong>9:00h &#8211; Abertura:<\/strong><\/p>\n<p>Des. Leila Mariano<br \/> Diretora-Geral da EMERJ<\/p>\n<p><b>09:30min:  Painel 1:  Os Crimes contra a Dignidade Sexual e a Reforma do C&oacute;digo Penal<\/b><\/p>\n<p><b>Palestrantes:<\/b><\/p>\n<p>Dra. Ana Lucia Sabadell<br \/> Professora da UFRJ<\/p>\n<p>Dra. Leila Linhares<br \/> Advogada \/ Coordenadora Executiva da CEPIA \/ Membro do Comit&ecirc; de Peritos da O.E.A. para a avalia&ccedil;&atilde;o da implementa&ccedil;&atilde;o da Conven&ccedil;&atilde;o de Bel&eacute;m &#8211; PA<\/p>\n<p><b>Debatedora:<\/b><\/p>\n<p>Dra. Arlanza Maria Rodrigues Rebello<br \/> Defensora P&uacute;blica &ndash; RJ<\/p>\n<p><b>11h. Painel 2: Os Crimes contra a Vida e a Reforma do C&oacute;digo Penal<\/b><\/p>\n<p><b>Palestrantes:<\/b><\/p>\n<p>Dra. Alice Bianchini<br \/> Doutora em Direito Penal (PUC-SP). Editora do Portal www.atualidadesdodireito.com.br \/ Presidente do  IPAN  &#8211; Instituto Panamericano de Pol&iacute;tica Criminal<\/p>\n<p>Dra. Adriana Ramos de Mello<br \/> Ju&iacute;za de Direito TJ\/RJ e Presidente do F&oacute;rum Permanente<\/p>\n<p><b>Debatedora:<\/b><\/p>\n<p>Dra. L&uacute;cia Ilo&iacute;zio<br \/> Promotora de Justi&ccedil;a &ndash;  MP\/RJ<\/p>\n<p>&nbsp;<\/p>\n","protected":false},"excerpt":{"rendered":"<p>A Escola de Magistratura do Estado do Rio de Janeiro promove, no dia 28\/11, o \u201cSemin\u00e1rio Cr\u00edtico \u00e0 Reforma do C\u00f3digo Penal e a Lei Maria da Penha\u201d. Local: Avenida Erasmo Braga, n\u00ba 115\/4\u00ba andar \u2013 Pal\u00e1cio da Justi\u00e7a \u2013 RJ<\/p>\n","protected":false},"author":1,"featured_media":0,"comment_status":"open","ping_status":"open","sticky":false,"template":"","format":"standard","meta":{"_acf_changed":false,"site-sidebar-layout":"default","site-content-layout":"default","ast-global-header-display":"","ast-main-header-display":"","ast-hfb-above-header-display":"","ast-hfb-below-header-display":"","ast-hfb-mobile-header-display":"","site-post-title":"","ast-breadcrumbs-content":"","ast-featured-img":"","footer-sml-layout":"","theme-transparent-header-meta":"","adv-header-id-meta":"","stick-header-meta":"","header-above-stick-meta":"","header-main-stick-meta":"","header-below-stick-meta":"","_jetpack_memberships_contains_paid_content":false,"footnotes":""},"categories":[28],"tags":[],"class_list":["post-34383","post","type-post","status-publish","format-standard","hentry","category-agenda"],"acf":[],"yoast_head":"<!-- This site is optimized with the Yoast SEO plugin v26.1.1 - https:\/\/yoast.com\/wordpress\/plugins\/seo\/ -->\n<title>Semin\u00e1rio Cr\u00edtico \u00e0 Reforma do C\u00f3digo Penal e \u00e0 Lei Maria da Penha - CLAM - ES<\/title>\n<meta name=\"robots\" content=\"index, follow, max-snippet:-1, max-image-preview:large, max-video-preview:-1\" \/>\n<link rel=\"canonical\" href=\"https:\/\/clam.org.br\/es\/agenda\/seminario-critico-a-reforma-do-codigo-penal-e-a-lei-maria-da-penha\/34383\/\" \/>\n<meta property=\"og:locale\" content=\"es_ES\" \/>\n<meta property=\"og:type\" content=\"article\" \/>\n<meta property=\"og:title\" content=\"Semin\u00e1rio Cr\u00edtico \u00e0 Reforma do C\u00f3digo Penal e \u00e0 Lei Maria da Penha - CLAM - ES\" \/>\n<meta property=\"og:description\" content=\"A Escola de Magistratura do Estado do Rio de Janeiro promove, no dia 28\/11, o \u201cSemin\u00e1rio Cr\u00edtico \u00e0 Reforma do C\u00f3digo Penal e a Lei Maria da Penha\u201d. Local: Avenida Erasmo Braga, n\u00ba 115\/4\u00ba andar \u2013 Pal\u00e1cio da Justi\u00e7a \u2013 RJ\" \/>\n<meta property=\"og:url\" content=\"https:\/\/clam.org.br\/es\/agenda\/seminario-critico-a-reforma-do-codigo-penal-e-a-lei-maria-da-penha\/34383\/\" \/>\n<meta property=\"og:site_name\" content=\"CLAM - ES\" \/>\n<meta property=\"article:published_time\" content=\"2012-11-13T02:00:00+00:00\" \/>\n<meta name=\"author\" content=\"fw2\" \/>\n<meta name=\"twitter:card\" content=\"summary_large_image\" \/>\n<meta name=\"twitter:label1\" content=\"Escrito por\" \/>\n\t<meta name=\"twitter:data1\" content=\"fw2\" \/>\n\t<meta name=\"twitter:label2\" content=\"Tiempo de lectura\" \/>\n\t<meta name=\"twitter:data2\" content=\"1 minuto\" \/>\n<script type=\"application\/ld+json\" class=\"yoast-schema-graph\">{\"@context\":\"https:\/\/schema.org\",\"@graph\":[{\"@type\":\"WebPage\",\"@id\":\"https:\/\/clam.org.br\/es\/agenda\/seminario-critico-a-reforma-do-codigo-penal-e-a-lei-maria-da-penha\/34383\/\",\"url\":\"https:\/\/clam.org.br\/es\/agenda\/seminario-critico-a-reforma-do-codigo-penal-e-a-lei-maria-da-penha\/34383\/\",\"name\":\"Semin\u00e1rio Cr\u00edtico \u00e0 Reforma do C\u00f3digo Penal e \u00e0 Lei Maria da Penha - CLAM - ES\",\"isPartOf\":{\"@id\":\"https:\/\/clam.org.br\/es\/#website\"},\"datePublished\":\"2012-11-13T02:00:00+00:00\",\"author\":{\"@id\":\"https:\/\/clam.org.br\/es\/#\/schema\/person\/fbd9a86032bf7479f94b0ded196f1010\"},\"breadcrumb\":{\"@id\":\"https:\/\/clam.org.br\/es\/agenda\/seminario-critico-a-reforma-do-codigo-penal-e-a-lei-maria-da-penha\/34383\/#breadcrumb\"},\"inLanguage\":\"es\",\"potentialAction\":[{\"@type\":\"ReadAction\",\"target\":[\"https:\/\/clam.org.br\/es\/agenda\/seminario-critico-a-reforma-do-codigo-penal-e-a-lei-maria-da-penha\/34383\/\"]}]},{\"@type\":\"BreadcrumbList\",\"@id\":\"https:\/\/clam.org.br\/es\/agenda\/seminario-critico-a-reforma-do-codigo-penal-e-a-lei-maria-da-penha\/34383\/#breadcrumb\",\"itemListElement\":[{\"@type\":\"ListItem\",\"position\":1,\"name\":\"In\u00edcio\",\"item\":\"https:\/\/clam.org.br\/es\/\"},{\"@type\":\"ListItem\",\"position\":2,\"name\":\"Semin\u00e1rio Cr\u00edtico \u00e0 Reforma do C\u00f3digo Penal e \u00e0 Lei Maria da Penha\"}]},{\"@type\":\"WebSite\",\"@id\":\"https:\/\/clam.org.br\/es\/#website\",\"url\":\"https:\/\/clam.org.br\/es\/\",\"name\":\"CLAM - ES\",\"description\":\"S\u00f3 mais um site CLAM - Centro Latino-Americano em Sexualidade e Direitos Humanos sites\",\"potentialAction\":[{\"@type\":\"SearchAction\",\"target\":{\"@type\":\"EntryPoint\",\"urlTemplate\":\"https:\/\/clam.org.br\/es\/?s={search_term_string}\"},\"query-input\":{\"@type\":\"PropertyValueSpecification\",\"valueRequired\":true,\"valueName\":\"search_term_string\"}}],\"inLanguage\":\"es\"},{\"@type\":\"Person\",\"@id\":\"https:\/\/clam.org.br\/es\/#\/schema\/person\/fbd9a86032bf7479f94b0ded196f1010\",\"name\":\"fw2\",\"image\":{\"@type\":\"ImageObject\",\"inLanguage\":\"es\",\"@id\":\"https:\/\/clam.org.br\/es\/#\/schema\/person\/image\/\",\"url\":\"https:\/\/secure.gravatar.com\/avatar\/c38472c0cdbde82d9b6fcc26adb3779d?s=96&d=mm&r=g\",\"contentUrl\":\"https:\/\/secure.gravatar.com\/avatar\/c38472c0cdbde82d9b6fcc26adb3779d?s=96&d=mm&r=g\",\"caption\":\"fw2\"},\"sameAs\":[\"https:\/\/clam.fw2web.com.br\"],\"url\":\"https:\/\/clam.org.br\/es\/author\/fw2\/\"}]}<\/script>\n<!-- \/ Yoast SEO plugin. -->","yoast_head_json":{"title":"Semin\u00e1rio Cr\u00edtico \u00e0 Reforma do C\u00f3digo Penal e \u00e0 Lei Maria da Penha - CLAM - ES","robots":{"index":"index","follow":"follow","max-snippet":"max-snippet:-1","max-image-preview":"max-image-preview:large","max-video-preview":"max-video-preview:-1"},"canonical":"https:\/\/clam.org.br\/es\/agenda\/seminario-critico-a-reforma-do-codigo-penal-e-a-lei-maria-da-penha\/34383\/","og_locale":"es_ES","og_type":"article","og_title":"Semin\u00e1rio Cr\u00edtico \u00e0 Reforma do C\u00f3digo Penal e \u00e0 Lei Maria da Penha - CLAM - ES","og_description":"A Escola de Magistratura do Estado do Rio de Janeiro promove, no dia 28\/11, o \u201cSemin\u00e1rio Cr\u00edtico \u00e0 Reforma do C\u00f3digo Penal e a Lei Maria da Penha\u201d. Local: Avenida Erasmo Braga, n\u00ba 115\/4\u00ba andar \u2013 Pal\u00e1cio da Justi\u00e7a \u2013 RJ","og_url":"https:\/\/clam.org.br\/es\/agenda\/seminario-critico-a-reforma-do-codigo-penal-e-a-lei-maria-da-penha\/34383\/","og_site_name":"CLAM - ES","article_published_time":"2012-11-13T02:00:00+00:00","author":"fw2","twitter_card":"summary_large_image","twitter_misc":{"Escrito por":"fw2","Tiempo de lectura":"1 minuto"},"schema":{"@context":"https:\/\/schema.org","@graph":[{"@type":"WebPage","@id":"https:\/\/clam.org.br\/es\/agenda\/seminario-critico-a-reforma-do-codigo-penal-e-a-lei-maria-da-penha\/34383\/","url":"https:\/\/clam.org.br\/es\/agenda\/seminario-critico-a-reforma-do-codigo-penal-e-a-lei-maria-da-penha\/34383\/","name":"Semin\u00e1rio Cr\u00edtico \u00e0 Reforma do C\u00f3digo Penal e \u00e0 Lei Maria da Penha - CLAM - ES","isPartOf":{"@id":"https:\/\/clam.org.br\/es\/#website"},"datePublished":"2012-11-13T02:00:00+00:00","author":{"@id":"https:\/\/clam.org.br\/es\/#\/schema\/person\/fbd9a86032bf7479f94b0ded196f1010"},"breadcrumb":{"@id":"https:\/\/clam.org.br\/es\/agenda\/seminario-critico-a-reforma-do-codigo-penal-e-a-lei-maria-da-penha\/34383\/#breadcrumb"},"inLanguage":"es","potentialAction":[{"@type":"ReadAction","target":["https:\/\/clam.org.br\/es\/agenda\/seminario-critico-a-reforma-do-codigo-penal-e-a-lei-maria-da-penha\/34383\/"]}]},{"@type":"BreadcrumbList","@id":"https:\/\/clam.org.br\/es\/agenda\/seminario-critico-a-reforma-do-codigo-penal-e-a-lei-maria-da-penha\/34383\/#breadcrumb","itemListElement":[{"@type":"ListItem","position":1,"name":"In\u00edcio","item":"https:\/\/clam.org.br\/es\/"},{"@type":"ListItem","position":2,"name":"Semin\u00e1rio Cr\u00edtico \u00e0 Reforma do C\u00f3digo Penal e \u00e0 Lei Maria da Penha"}]},{"@type":"WebSite","@id":"https:\/\/clam.org.br\/es\/#website","url":"https:\/\/clam.org.br\/es\/","name":"CLAM - ES","description":"S\u00f3 mais um site CLAM - Centro Latino-Americano em Sexualidade e Direitos Humanos sites","potentialAction":[{"@type":"SearchAction","target":{"@type":"EntryPoint","urlTemplate":"https:\/\/clam.org.br\/es\/?s={search_term_string}"},"query-input":{"@type":"PropertyValueSpecification","valueRequired":true,"valueName":"search_term_string"}}],"inLanguage":"es"},{"@type":"Person","@id":"https:\/\/clam.org.br\/es\/#\/schema\/person\/fbd9a86032bf7479f94b0ded196f1010","name":"fw2","image":{"@type":"ImageObject","inLanguage":"es","@id":"https:\/\/clam.org.br\/es\/#\/schema\/person\/image\/","url":"https:\/\/secure.gravatar.com\/avatar\/c38472c0cdbde82d9b6fcc26adb3779d?s=96&d=mm&r=g","contentUrl":"https:\/\/secure.gravatar.com\/avatar\/c38472c0cdbde82d9b6fcc26adb3779d?s=96&d=mm&r=g","caption":"fw2"},"sameAs":["https:\/\/clam.fw2web.com.br"],"url":"https:\/\/clam.org.br\/es\/author\/fw2\/"}]}},"jetpack_featured_media_url":"","jetpack_sharing_enabled":true,"_links":{"self":[{"href":"https:\/\/clam.org.br\/es\/wp-json\/wp\/v2\/posts\/34383","targetHints":{"allow":["GET"]}}],"collection":[{"href":"https:\/\/clam.org.br\/es\/wp-json\/wp\/v2\/posts"}],"about":[{"href":"https:\/\/clam.org.br\/es\/wp-json\/wp\/v2\/types\/post"}],"author":[{"embeddable":true,"href":"https:\/\/clam.org.br\/es\/wp-json\/wp\/v2\/users\/1"}],"replies":[{"embeddable":true,"href":"https:\/\/clam.org.br\/es\/wp-json\/wp\/v2\/comments?post=34383"}],"version-history":[{"count":0,"href":"https:\/\/clam.org.br\/es\/wp-json\/wp\/v2\/posts\/34383\/revisions"}],"wp:attachment":[{"href":"https:\/\/clam.org.br\/es\/wp-json\/wp\/v2\/media?parent=34383"}],"wp:term":[{"taxonomy":"category","embeddable":true,"href":"https:\/\/clam.org.br\/es\/wp-json\/wp\/v2\/categories?post=34383"},{"taxonomy":"post_tag","embeddable":true,"href":"https:\/\/clam.org.br\/es\/wp-json\/wp\/v2\/tags?post=34383"}],"curies":[{"name":"wp","href":"https:\/\/api.w.org\/{rel}","templated":true}]}}