{"id":3446,"date":"2007-09-12T00:00:00","date_gmt":"2007-09-12T03:00:00","guid":{"rendered":"https:\/\/clam.fw2web.com.br\/es\/2007\/09\/12\/mujeres-definitivas-en-las-urnas-pero-pocas-entre-los-candidatos\/"},"modified":"2023-06-14T07:52:36","modified_gmt":"2023-06-14T10:52:36","slug":"mujeres-definitivas-en-las-urnas-pero-pocas-entre-los-candidatos","status":"publish","type":"post","link":"https:\/\/clam.org.br\/es\/en-los-medios\/mujeres-definitivas-en-las-urnas-pero-pocas-entre-los-candidatos\/3446\/","title":{"rendered":"Mujeres, definitivas en las urnas, pero pocas entre los candidatos"},"content":{"rendered":"<p>En diciembre pr\u00f3ximo se cumple medio siglo del voto de la mujer en Colombia. Conocedoras de este tema analizan las causas de la baja participaci\u00f3n en pol\u00edtica de la mujer. Habla do\u00f1a Rosa Turizo de Trujillo, una de las l\u00edderes del voto femenino hace 50 a\u00f1os. <P>Ninguna candidata a la Gobernaci\u00f3n de Caldas. De 97 postulados a las alcald\u00edas solo dos son mujeres. Las aspirantes al Concejo de Manizales son 45 de 233, es decir, el 19% de los nombres en las listas inscritas por los partidos pol\u00edticos. Esta realidad se repite en los otros 26 municipios de Caldas. Una vez m\u00e1s la participaci\u00f3n de la mujer en la pol\u00edtica es baja. <P><a href=\"http:\/\/www.lapatria.com\/Noticias\/ver_noticia.aspx?CODNOT=20459&amp;CODSEC=31\" target=\"_blank\" rel=\"noopener\">Texto completo<\/A><\/P><\/p>\n","protected":false},"excerpt":{"rendered":"<p>En diciembre pr\u00f3ximo se cumple medio siglo del voto de la mujer en Colombia. Conocedoras de este tema analizan las causas de la baja participaci\u00f3n en pol\u00edtica de la mujer. Habla do\u00f1a Rosa Turizo de Trujillo, una de las l\u00edderes del voto femenino hace 50 a\u00f1os. Ninguna candidata a la Gobernaci\u00f3n de Caldas. De 97 postulados a las alcald\u00edas solo dos son mujeres. Las aspirantes al Concejo de Manizales son 45 de 233, es decir, el 19% de los nombres en las listas inscritas por los partidos pol\u00edticos. Esta realidad se repite en los otros 26 municipios de Caldas. Una vez m\u00e1s la participaci\u00f3n de la mujer en la pol\u00edtica es baja.<\/p>\n","protected":false},"author":1,"featured_media":0,"comment_status":"open","ping_status":"open","sticky":false,"template":"","format":"standard","meta":{"_acf_changed":false,"site-sidebar-layout":"default","site-content-layout":"default","ast-global-header-display":"","ast-main-header-display":"","ast-hfb-above-header-display":"","ast-hfb-below-header-display":"","ast-hfb-mobile-header-display":"","site-post-title":"","ast-breadcrumbs-content":"","ast-featured-img":"","footer-sml-layout":"","theme-transparent-header-meta":"","adv-header-id-meta":"","stick-header-meta":"","header-above-stick-meta":"","header-main-stick-meta":"","header-below-stick-meta":"","_jetpack_memberships_contains_paid_content":false,"footnotes":""},"categories":[27],"tags":[],"class_list":["post-3446","post","type-post","status-publish","format-standard","hentry","category-en-los-medios"],"acf":[],"yoast_head":"<!-- This site is optimized with the Yoast SEO plugin v26.1.1 - https:\/\/yoast.com\/wordpress\/plugins\/seo\/ -->\n<title>Mujeres, definitivas en las urnas, pero pocas entre los candidatos - CLAM - ES<\/title>\n<meta name=\"robots\" content=\"index, follow, max-snippet:-1, max-image-preview:large, max-video-preview:-1\" \/>\n<link rel=\"canonical\" href=\"https:\/\/clam.org.br\/es\/en-los-medios\/mujeres-definitivas-en-las-urnas-pero-pocas-entre-los-candidatos\/3446\/\" \/>\n<meta property=\"og:locale\" content=\"es_ES\" \/>\n<meta property=\"og:type\" content=\"article\" \/>\n<meta property=\"og:title\" content=\"Mujeres, definitivas en las urnas, pero pocas entre los candidatos - CLAM - ES\" \/>\n<meta property=\"og:description\" content=\"En diciembre pr\u00f3ximo se cumple medio siglo del voto de la mujer en Colombia. Conocedoras de este tema analizan las causas de la baja participaci\u00f3n en pol\u00edtica de la mujer. Habla do\u00f1a Rosa Turizo de Trujillo, una de las l\u00edderes del voto femenino hace 50 a\u00f1os. Ninguna candidata a la Gobernaci\u00f3n de Caldas. De 97 postulados a las alcald\u00edas solo dos son mujeres. Las aspirantes al Concejo de Manizales son 45 de 233, es decir, el 19% de los nombres en las listas inscritas por los partidos pol\u00edticos. Esta realidad se repite en los otros 26 municipios de Caldas. Una vez m\u00e1s la participaci\u00f3n de la mujer en la pol\u00edtica es baja.\" \/>\n<meta property=\"og:url\" content=\"https:\/\/clam.org.br\/es\/en-los-medios\/mujeres-definitivas-en-las-urnas-pero-pocas-entre-los-candidatos\/3446\/\" \/>\n<meta property=\"og:site_name\" content=\"CLAM - ES\" \/>\n<meta property=\"article:published_time\" content=\"2007-09-12T03:00:00+00:00\" \/>\n<meta property=\"article:modified_time\" content=\"2023-06-14T10:52:36+00:00\" \/>\n<meta name=\"author\" content=\"fw2\" \/>\n<meta name=\"twitter:card\" content=\"summary_large_image\" \/>\n<meta name=\"twitter:label1\" content=\"Escrito por\" \/>\n\t<meta name=\"twitter:data1\" content=\"fw2\" \/>\n\t<meta name=\"twitter:label2\" content=\"Tiempo de lectura\" \/>\n\t<meta name=\"twitter:data2\" content=\"1 minuto\" \/>\n<script type=\"application\/ld+json\" class=\"yoast-schema-graph\">{\"@context\":\"https:\/\/schema.org\",\"@graph\":[{\"@type\":\"WebPage\",\"@id\":\"https:\/\/clam.org.br\/es\/en-los-medios\/mujeres-definitivas-en-las-urnas-pero-pocas-entre-los-candidatos\/3446\/\",\"url\":\"https:\/\/clam.org.br\/es\/en-los-medios\/mujeres-definitivas-en-las-urnas-pero-pocas-entre-los-candidatos\/3446\/\",\"name\":\"Mujeres, definitivas en las urnas, pero pocas entre los candidatos - CLAM - ES\",\"isPartOf\":{\"@id\":\"https:\/\/clam.org.br\/es\/#website\"},\"datePublished\":\"2007-09-12T03:00:00+00:00\",\"dateModified\":\"2023-06-14T10:52:36+00:00\",\"author\":{\"@id\":\"https:\/\/clam.org.br\/es\/#\/schema\/person\/fbd9a86032bf7479f94b0ded196f1010\"},\"breadcrumb\":{\"@id\":\"https:\/\/clam.org.br\/es\/en-los-medios\/mujeres-definitivas-en-las-urnas-pero-pocas-entre-los-candidatos\/3446\/#breadcrumb\"},\"inLanguage\":\"es\",\"potentialAction\":[{\"@type\":\"ReadAction\",\"target\":[\"https:\/\/clam.org.br\/es\/en-los-medios\/mujeres-definitivas-en-las-urnas-pero-pocas-entre-los-candidatos\/3446\/\"]}]},{\"@type\":\"BreadcrumbList\",\"@id\":\"https:\/\/clam.org.br\/es\/en-los-medios\/mujeres-definitivas-en-las-urnas-pero-pocas-entre-los-candidatos\/3446\/#breadcrumb\",\"itemListElement\":[{\"@type\":\"ListItem\",\"position\":1,\"name\":\"In\u00edcio\",\"item\":\"https:\/\/clam.org.br\/es\/\"},{\"@type\":\"ListItem\",\"position\":2,\"name\":\"Mujeres, definitivas en las urnas, pero pocas entre los candidatos\"}]},{\"@type\":\"WebSite\",\"@id\":\"https:\/\/clam.org.br\/es\/#website\",\"url\":\"https:\/\/clam.org.br\/es\/\",\"name\":\"CLAM - ES\",\"description\":\"S\u00f3 mais um site CLAM - Centro Latino-Americano em Sexualidade e Direitos Humanos sites\",\"potentialAction\":[{\"@type\":\"SearchAction\",\"target\":{\"@type\":\"EntryPoint\",\"urlTemplate\":\"https:\/\/clam.org.br\/es\/?s={search_term_string}\"},\"query-input\":{\"@type\":\"PropertyValueSpecification\",\"valueRequired\":true,\"valueName\":\"search_term_string\"}}],\"inLanguage\":\"es\"},{\"@type\":\"Person\",\"@id\":\"https:\/\/clam.org.br\/es\/#\/schema\/person\/fbd9a86032bf7479f94b0ded196f1010\",\"name\":\"fw2\",\"image\":{\"@type\":\"ImageObject\",\"inLanguage\":\"es\",\"@id\":\"https:\/\/clam.org.br\/es\/#\/schema\/person\/image\/\",\"url\":\"https:\/\/secure.gravatar.com\/avatar\/c38472c0cdbde82d9b6fcc26adb3779d?s=96&d=mm&r=g\",\"contentUrl\":\"https:\/\/secure.gravatar.com\/avatar\/c38472c0cdbde82d9b6fcc26adb3779d?s=96&d=mm&r=g\",\"caption\":\"fw2\"},\"sameAs\":[\"https:\/\/clam.fw2web.com.br\"],\"url\":\"https:\/\/clam.org.br\/es\/author\/fw2\/\"}]}<\/script>\n<!-- \/ Yoast SEO plugin. -->","yoast_head_json":{"title":"Mujeres, definitivas en las urnas, pero pocas entre los candidatos - CLAM - ES","robots":{"index":"index","follow":"follow","max-snippet":"max-snippet:-1","max-image-preview":"max-image-preview:large","max-video-preview":"max-video-preview:-1"},"canonical":"https:\/\/clam.org.br\/es\/en-los-medios\/mujeres-definitivas-en-las-urnas-pero-pocas-entre-los-candidatos\/3446\/","og_locale":"es_ES","og_type":"article","og_title":"Mujeres, definitivas en las urnas, pero pocas entre los candidatos - CLAM - ES","og_description":"En diciembre pr\u00f3ximo se cumple medio siglo del voto de la mujer en Colombia. Conocedoras de este tema analizan las causas de la baja participaci\u00f3n en pol\u00edtica de la mujer. Habla do\u00f1a Rosa Turizo de Trujillo, una de las l\u00edderes del voto femenino hace 50 a\u00f1os. Ninguna candidata a la Gobernaci\u00f3n de Caldas. De 97 postulados a las alcald\u00edas solo dos son mujeres. Las aspirantes al Concejo de Manizales son 45 de 233, es decir, el 19% de los nombres en las listas inscritas por los partidos pol\u00edticos. Esta realidad se repite en los otros 26 municipios de Caldas. Una vez m\u00e1s la participaci\u00f3n de la mujer en la pol\u00edtica es baja.","og_url":"https:\/\/clam.org.br\/es\/en-los-medios\/mujeres-definitivas-en-las-urnas-pero-pocas-entre-los-candidatos\/3446\/","og_site_name":"CLAM - ES","article_published_time":"2007-09-12T03:00:00+00:00","article_modified_time":"2023-06-14T10:52:36+00:00","author":"fw2","twitter_card":"summary_large_image","twitter_misc":{"Escrito por":"fw2","Tiempo de lectura":"1 minuto"},"schema":{"@context":"https:\/\/schema.org","@graph":[{"@type":"WebPage","@id":"https:\/\/clam.org.br\/es\/en-los-medios\/mujeres-definitivas-en-las-urnas-pero-pocas-entre-los-candidatos\/3446\/","url":"https:\/\/clam.org.br\/es\/en-los-medios\/mujeres-definitivas-en-las-urnas-pero-pocas-entre-los-candidatos\/3446\/","name":"Mujeres, definitivas en las urnas, pero pocas entre los candidatos - CLAM - ES","isPartOf":{"@id":"https:\/\/clam.org.br\/es\/#website"},"datePublished":"2007-09-12T03:00:00+00:00","dateModified":"2023-06-14T10:52:36+00:00","author":{"@id":"https:\/\/clam.org.br\/es\/#\/schema\/person\/fbd9a86032bf7479f94b0ded196f1010"},"breadcrumb":{"@id":"https:\/\/clam.org.br\/es\/en-los-medios\/mujeres-definitivas-en-las-urnas-pero-pocas-entre-los-candidatos\/3446\/#breadcrumb"},"inLanguage":"es","potentialAction":[{"@type":"ReadAction","target":["https:\/\/clam.org.br\/es\/en-los-medios\/mujeres-definitivas-en-las-urnas-pero-pocas-entre-los-candidatos\/3446\/"]}]},{"@type":"BreadcrumbList","@id":"https:\/\/clam.org.br\/es\/en-los-medios\/mujeres-definitivas-en-las-urnas-pero-pocas-entre-los-candidatos\/3446\/#breadcrumb","itemListElement":[{"@type":"ListItem","position":1,"name":"In\u00edcio","item":"https:\/\/clam.org.br\/es\/"},{"@type":"ListItem","position":2,"name":"Mujeres, definitivas en las urnas, pero pocas entre los candidatos"}]},{"@type":"WebSite","@id":"https:\/\/clam.org.br\/es\/#website","url":"https:\/\/clam.org.br\/es\/","name":"CLAM - ES","description":"S\u00f3 mais um site CLAM - Centro Latino-Americano em Sexualidade e Direitos Humanos sites","potentialAction":[{"@type":"SearchAction","target":{"@type":"EntryPoint","urlTemplate":"https:\/\/clam.org.br\/es\/?s={search_term_string}"},"query-input":{"@type":"PropertyValueSpecification","valueRequired":true,"valueName":"search_term_string"}}],"inLanguage":"es"},{"@type":"Person","@id":"https:\/\/clam.org.br\/es\/#\/schema\/person\/fbd9a86032bf7479f94b0ded196f1010","name":"fw2","image":{"@type":"ImageObject","inLanguage":"es","@id":"https:\/\/clam.org.br\/es\/#\/schema\/person\/image\/","url":"https:\/\/secure.gravatar.com\/avatar\/c38472c0cdbde82d9b6fcc26adb3779d?s=96&d=mm&r=g","contentUrl":"https:\/\/secure.gravatar.com\/avatar\/c38472c0cdbde82d9b6fcc26adb3779d?s=96&d=mm&r=g","caption":"fw2"},"sameAs":["https:\/\/clam.fw2web.com.br"],"url":"https:\/\/clam.org.br\/es\/author\/fw2\/"}]}},"jetpack_featured_media_url":"","jetpack_sharing_enabled":true,"_links":{"self":[{"href":"https:\/\/clam.org.br\/es\/wp-json\/wp\/v2\/posts\/3446","targetHints":{"allow":["GET"]}}],"collection":[{"href":"https:\/\/clam.org.br\/es\/wp-json\/wp\/v2\/posts"}],"about":[{"href":"https:\/\/clam.org.br\/es\/wp-json\/wp\/v2\/types\/post"}],"author":[{"embeddable":true,"href":"https:\/\/clam.org.br\/es\/wp-json\/wp\/v2\/users\/1"}],"replies":[{"embeddable":true,"href":"https:\/\/clam.org.br\/es\/wp-json\/wp\/v2\/comments?post=3446"}],"version-history":[{"count":1,"href":"https:\/\/clam.org.br\/es\/wp-json\/wp\/v2\/posts\/3446\/revisions"}],"predecessor-version":[{"id":28945,"href":"https:\/\/clam.org.br\/es\/wp-json\/wp\/v2\/posts\/3446\/revisions\/28945"}],"wp:attachment":[{"href":"https:\/\/clam.org.br\/es\/wp-json\/wp\/v2\/media?parent=3446"}],"wp:term":[{"taxonomy":"category","embeddable":true,"href":"https:\/\/clam.org.br\/es\/wp-json\/wp\/v2\/categories?post=3446"},{"taxonomy":"post_tag","embeddable":true,"href":"https:\/\/clam.org.br\/es\/wp-json\/wp\/v2\/tags?post=3446"}],"curies":[{"name":"wp","href":"https:\/\/api.w.org\/{rel}","templated":true}]}}