{"id":34474,"date":"2005-05-13T00:00:00","date_gmt":"2005-05-13T03:00:00","guid":{"rendered":"https:\/\/clam.fw2web.com.br\/es\/2005\/05\/13\/el-ejercicio-de-la-sexualidad-y-la-dimension-etnico-racial\/"},"modified":"2005-05-13T00:00:00","modified_gmt":"2005-05-13T03:00:00","slug":"el-ejercicio-de-la-sexualidad-y-la-dimension-etnico-racial","status":"publish","type":"post","link":"https:\/\/clam.org.br\/es\/oferta-academica\/el-ejercicio-de-la-sexualidad-y-la-dimension-etnico-racial\/34474\/","title":{"rendered":"El ejercicio de la sexualidad y la dimensi\u00f3n \u00e9tnico-racial"},"content":{"rendered":"<p><P><STRONG>Di\u00e1logos entre la academia, los movimientos sociales y el Estado<\/STRONG><BR> <STRONG>Seminario-taller internacional<\/STRONG><BR> <BR> <B>Convocatoria<\/B><BR> <BR> Colombia, como otras sociedades latinoamericanas, reconocen cada vez con mayor claridad su condici\u00f3n multicultural y pluri\u00e9tnica, y sus ordenamientos jur\u00eddicos buscan hacer de ese reconocimiento espacios concretos para el ejercicio de la democracia, los derechos y los deberes de las diversas expresiones de esa diversidad reconocida y consagrada ya en la Constituci\u00f3n Pol\u00edtica de pa\u00edses como el nuestro.<BR> <BR> El ejercicio de la sexualidad, la conformaci\u00f3n de movimientos sociales diversos como expresi\u00f3n del ejercicio de la misma, as\u00ed como la aparici\u00f3n de diversas y nuevas formas de conyugalidad y familia, deben ser objeto de pol\u00edticas p\u00fablicas que den amparo real a las caracter\u00edsticas de las mencionadas diversidades culturales y \u00e9tnicas.<BR> <BR> De igual manera las acciones colectivas de salud en funci\u00f3n de prevenir y controlar las Enfermedades de Transmisi\u00f3n Sexual, mediante la puesta en marcha de programas de Salud Sexual y Reproductiva por parte de los gobiernos, deben tener como referente un di\u00e1logo permanente, franco y claro con realidades culturales. \u00c9tnicas y sexuales como condici\u00f3n para tener \u00e9xito y a la vez respetar las diferencias.<BR> <BR> Se hace necesario estimular y construir en nuestros pa\u00edses espacios y oportunidades de di\u00e1logo franco y abierto entre los sectores acad\u00e9mico, social y gubernamental, en torno a estos temas, como estrategia para aportar a la formulaci\u00f3n de pol\u00edticas p\u00fablicas en Salud Sexual y Reproductiva.<BR> <BR> <BR> <B><BR> Ejes tem\u00e1ticos del evento<\/B><BR> <B><BR> Sexualidad y dimensi\u00f3n &ldquo;\u00e9tnico-racial&rdquo; en el \u00e1mbito de la salud<\/B><BR> La sexualidad, en un sentido amplio, es fundamentalmente un proceso individual y colectivo, cuya producci\u00f3n en cuanto hecho social se da en la interacci\u00f3n bajo m\u00faltiples expresiones de los cuerpos de mujeres y hombres concretos en circunstancias y contextos socioculturales determinados, a trav\u00e9s de estructuras sociales y jerarqu\u00edas socio-raciales. El componente de la diversidad cultural y racial es un factor sociol\u00f3gico que subyace al ejercicio de la sexualidad, a trav\u00e9s de las diversas pr\u00e1cticas del placer sexual, de los sentimientos amorosos y el erotismo y porque afecta la forma como se lleva a cabo los programas de Salud Sexual y Reproductiva.<BR> <BR> <B>L\u00edneas de ponencias<BR> <\/B>1.1 Las pr\u00e1cticas<BR> \u2022 Pr\u00e1cticas de sexualidad y conductas de riesgo alrededor de Enfermedades de Transmisi\u00f3n Sexual, ETS y VIH-SIDA o gravidez temprana (embarazo adolescente).<BR> \u2022 Experiencias de interrupci\u00f3n de la gravidez en j\u00f3venes de grupos &ldquo;\u00e9tnico-raciales&rdquo;, en t\u00e9rminos comparativos con grupos &ldquo;no \u00e9tnicos&rdquo;.<BR> \u2022 Ponencias que incluyan poblaci\u00f3n desplazada por el conflicto armado en el caso colombiano, en especial controlando la dimensi\u00f3n &ldquo;\u00e9tnico-racial&rdquo;.<BR> <BR> 1.2 Las evaluaciones<BR> \u2022 Evaluaci\u00f3n cualitativa o de impacto de los programas de salud sexual y reproductiva (prevenci\u00f3n de ETS y VIH-SIDA, y prevenci\u00f3n de gravidez temprana) en poblaciones j\u00f3venes, controlando factores de clase social, g\u00e9nero y grupo \u00e9tnico-racial.<BR> \u2022 Estudios que eval\u00faen los programas de SSR en poblaciones desplazadas.<BR> \u2022 Estudios sobre la presencia de fen\u00f3menos de prostituci\u00f3n precarizada de ni\u00f1os y adolescentes en poblaciones desplazadas, con sus implicaciones en la esfera de la salud sexual y reproductiva.<BR> <BR> <BR> <B>Conyugalidad, nuevas formas familiares y dimensi\u00f3n &ldquo;\u00e9tnico-racial&rdquo;<BR> <\/B><BR> La sexualidad, sin analizar el orden conyugal y familiar que se construye y reconstruye constantemente en las sociedades contempor\u00e1neas, queda reducida a las pr\u00e1cticas sexuales, perdi\u00e9ndose precisamente el espacio social del amor en las maneras de la sociabilidad entre pares, la formaci\u00f3n de pareja, la conformaci\u00f3n de relaciones conyugales, en fin, la producci\u00f3n de un orden familiar, los cuales cumplen entre otras funciones la regulaci\u00f3n en el ejercicio de la propia sexualidad.<BR> <BR> <BR> <B>L\u00edneas de ponencias<BR> <\/B>\u2022 An\u00e1lisis de las formas del afecto y la elecci\u00f3n de pareja entre j\u00f3venes de grupos \u00e9tnico-raciales.<BR> \u2022 Construcci\u00f3n de modalidades de conyugalidad temprana, provisoria o cuasi permanente, en grupos de j\u00f3venes adultos, de gente negra e ind\u00edgena en t\u00e9rminos comparativos con el conjunto de la poblaci\u00f3n.<BR> \u2022 \u00bfC\u00f3mo se est\u00e1n presentando las nuevas formas de vivencia de la sexualidad, el afecto y la eventualidad de una vida conyugal entre estas poblaciones j\u00f3venes?<BR> \u2022 \u00bfC\u00f3mo juegan las identidades sexuales en estos fen\u00f3menos entre la gente joven, controlando la dimensi\u00f3n \u00e9tnico-racial?<BR> <BR> <BR> <B>Nuevos movimientos sociales<\/B><BR> <BR> Es necesario destacar los nuevos movimientos sociales porque sus reivindicaciones han venido incidiendo a lo largo de las \u00faltimas tres d\u00e9cadas en la agenda de las pol\u00edticas p\u00fablicas en los campos de la salud sexual y reproductiva, los derechos sexuales y la afirmaci\u00f3n de identidades de g\u00e9nero y de orientaci\u00f3n sexual; adem\u00e1s los de tipo \u00e9tnico-racial, que constituyen una de las dimensiones centrales de esta convocatoria.<BR> <B><BR> L\u00edneas de ponencias<BR> <\/B>\u2022 An\u00e1lisis desde las ciencias sociales de los movimientos sociales de g\u00e9nero e identidad sexual en sus din\u00e1micas internas y externas frente a grupos de poblaci\u00f3n negra e ind\u00edgena.<BR> \u2022 An\u00e1lisis sobre \u00bfc\u00f3mo son consideradas y asumidas las identidades sexuales diversas en los movimientos \u00e9tnicos?<BR> <BR> <BR> <B>Medios de comunicaci\u00f3n y ejercicio de la sexualidad vistos a trav\u00e9s de la dimensi\u00f3n &ldquo;\u00e9tnico-racial&rdquo;<\/B><BR> <BR> Interesa explorar acerca de los medios de comunicaci\u00f3n y su incidencia en el ejercicio de la sexualidad y su potencial efecto en los dise\u00f1os de las pol\u00edticas p\u00fablicas; aunque esta relaci\u00f3n tiende a darse de manera compleja, v\u00eda por ejemplo, las campa\u00f1as publicitarias. A trav\u00e9s de ellos, los cuerpos de mujeres y hombres en las sociedades contempor\u00e1neas adquieren la mejor representaci\u00f3n visual &ldquo;real&rdquo; o &ldquo;aleg\u00f3rica&rdquo;, y en general medi\u00e1tica de las est\u00e9ticas er\u00f3ticas casi siempre racializadas.<BR> <B><BR> L\u00edneas de ponencias<\/B><BR> \u2022 Estudios socioantropol\u00f3gicos o semi\u00f3ticos de la publicidad en diferentes consumos culturales en los que est\u00e9 presente una diversidad de formas del lenguaje alrededor del cuerpo de mujeres y hombres seg\u00fan colores de piel.<BR> \u2022 Las &ldquo;viejas&rdquo; y &ldquo;nuevas&rdquo; est\u00e9ticas masculinas y femeninas y sus usos por los medios de comunicaci\u00f3n.<BR> \u2022 La idealizaci\u00f3n de modelos de gente joven y su construcci\u00f3n masculina y femenina y los mensajes er\u00f3ticos que ellos operan.<BR> \u2022 An\u00e1lisis sobre las formas publicitarias de los programas de SSR en los medios de comunicaci\u00f3n en el contexto de las dimensiones anal\u00edticas del seminario-taller.<BR> <BR> <BR> <B>Metodolog\u00eda<\/B><BR> <BR> \u2022 Ponencias en las horas de la ma\u00f1ana.<BR> \u2022 Sesiones de taller en la tarde.<BR> \u2022 Conferencias magistrales en horario vespertino.<BR> <BR> <BR> <B>Participantes<\/B><BR> <BR> a. Ponentes acad\u00e9micos de Argentina, Brasil, Colombia, Francia, M\u00e9xico, Per\u00fa y tentativamente de uno o dos pa\u00edses africanos y Estados Unidos, especialistas en los ejes tem\u00e1ticos del evento.<BR> b. Ponentes de movimientos sociales \u00e9tnicos, sexuales o de g\u00e9nero (Brasil, M\u00e9xico, Per\u00fa y Colombia).<BR> c. Ponentes de programas gubernamentales de salud sexual y reproductiva o de entidades privadas, fundaciones u Ong&rsquo;s, que llevan a cabo programas de salud sexual y reproductiva (Colombia, Brasil, M\u00e9xico, Per\u00fa), como Profamilia, Secretar\u00edas de Salud de Cali y el Valle, Ministerio de Protecci\u00f3n Social, entre otras.<BR> d. Invitados no ponentes pero con participaci\u00f3n activa durante el taller de organizaciones \u00e9tnicas, sexuales o de g\u00e9nero (Colombia). Se propiciar\u00e1 la participaci\u00f3n de al menos 30 j\u00f3venes asistentes (10 ind\u00edgenas y 20 afrocolombianos), mujeres y hombres, de diferentes regiones del pa\u00eds (Costa Pac\u00edfica, Cartagena, Cali, regi\u00f3n andina de los Departamentos del Cauca, Nari\u00f1o y alto Putumayo), que vengan en representaci\u00f3n de organizaciones \u00e9tnicas.<BR> e. Estudiantes universitarios de pregrado y postgrado de ciencias sociales y de la salud de la Universidad del Valle, Universidad Nacional de Colombia (Bogot\u00e1), y otras de la regi\u00f3n del Departamento del Valle y del Cauca.<BR> f. Personal del sector salud de las secretar\u00edas de salud departamental del Valle del Cauca y Cauca y de los municipios de Cali, B\/ventura y Puerto Tejada.<BR> g. Invitados de organismos internacionales OMS, OPS, FNUAP, OIM, UNESCO.<BR> <BR> <BR> Fechas tentativas y lugar: Tres d\u00edas de la \u00faltima semana de noviembre o primera de diciembre de 2.005.<BR> Centro de Convenciones de la Alcald\u00eda de Cali o instalaciones de la Universidad del Valle en Mel\u00e9ndez o en San Fernando (Cali).<BR> <BR> <B>Organizadores<\/B><BR> <BR> \u2022 Centro de Investigaci\u00f3n y Documentaci\u00f3n Socioecon\u00f3mica (CIDSE) de la Facultad de Ciencias Sociales y Econ\u00f3micas -Universidad del Valle-.<BR> \u2022 Facultad de Salud &#8211; Universidad del Valle-.<BR> \u2022 Grupo Interdisciplinario de Estudios de G\u00e9nero \/ Escuela de Estudios de G\u00e9nero -Universidad Nacional de Colombia-.<BR> \u2022 Organizaci\u00f3n Afrocolombiana, Afroam\u00e9rica.<BR> \u2022 Centro Latinoamericano en Sexualidad y Derechos Humanos &ndash;CLAM-.<BR> \u2022 Centro de Estudios Afro-Brasileiros &ndash;CEAB-.<BR> \u2022 Universidade Candido Mendes de R\u00edo de Janeiro.<BR> \u2022 Instituto de Salud P\u00fablica del Brasil, Oswaldo Fio Cruz.<BR> <BR> Evento inscrito en las actividades de celebraci\u00f3n de los 60 a\u00f1os de creaci\u00f3n de la Universidad del Valle.<BR> <BR> Mayores informes: <a href=\"mailto:seminariosexualidadyraza2005@gmail.com\" target=\"_blank\" rel=\"noopener\">seminariosexualidadyraza2005@gmail.com<\/A>.<BR> <BR> <BR> <\/P> <P class=MsoNormal style=\"MARGIN: 0cm 0cm 0pt; TEXT-ALIGN: center\" align=center><B style=\"mso-bidi-font-weight: normal\"><SPAN lang=ES style=\"FONT-SIZE: 10pt; FONT-FAMILY: Verdana\">PROGRAMACI\u00d3N DE ACTIVIDADES<?xml:namespace prefix = o ns = \"urn:schemas-microsoft-com:office:office\" \/><o_p><\/o_p><\/SPAN><\/B><\/P> <P class=MsoNormal style=\"MARGIN: 0cm 0cm 0pt; TEXT-ALIGN: center\" align=center><B style=\"mso-bidi-font-weight: normal\"><SPAN lang=ES style=\"FONT-SIZE: 10pt; FONT-FAMILY: Verdana\">SEMINARIO-TALLER INTERNACIONAL<o_p><\/o_p><\/SPAN><\/B><\/P> <P class=MsoNormal style=\"MARGIN: 0cm 0cm 0pt; TEXT-ALIGN: center\" align=center><B style=\"mso-bidi-font-weight: normal\"><SPAN lang=ES style=\"FONT-SIZE: 10pt; FONT-FAMILY: Verdana\">&ldquo;El ejercicio de la sexualidad y la dimensi\u00f3n \u00e9tnico-racial.<o_p><\/o_p><\/SPAN><\/B><\/P> <P class=MsoNormal style=\"MARGIN: 0cm 0cm 0pt; TEXT-ALIGN: center\" align=center><B style=\"mso-bidi-font-weight: normal\"><SPAN lang=ES style=\"FONT-SIZE: 10pt; FONT-FAMILY: Verdana\">Di\u00e1logos entre la academia, los movimientos sociales y el Estado&rdquo;<o_p><\/o_p><\/SPAN><\/B><\/P> <P class=MsoNormal style=\"MARGIN: 0cm 0cm 0pt; TEXT-ALIGN: center\" align=center><B style=\"mso-bidi-font-weight: normal\"><SPAN lang=ES style=\"FONT-SIZE: 10pt; FONT-FAMILY: Verdana\"><o_p>&nbsp;<\/o_p><\/SPAN><\/B><\/P> <P class=MsoNormal style=\"MARGIN: 0cm 0cm 0pt; TEXT-ALIGN: justify\"><B style=\"mso-bidi-font-weight: normal\"><SPAN lang=ES style=\"FONT-SIZE: 10pt; FONT-FAMILY: Verdana\">Lunes 5 de diciembre<o_p><\/o_p><\/SPAN><\/B><\/P> <P class=MsoNormal style=\"MARGIN: 0cm 0cm 0pt; TEXT-ALIGN: justify\"><B style=\"mso-bidi-font-weight: normal\"><SPAN lang=ES style=\"FONT-SIZE: 10pt; FONT-FAMILY: Verdana\"><o_p>&nbsp;<\/o_p><\/SPAN><\/B><\/P> <P class=MsoNormal style=\"MARGIN: 0cm 0cm 0pt; TEXT-ALIGN: justify\"><SPAN lang=ES style=\"FONT-SIZE: 10pt; FONT-FAMILY: Verdana\">7:30 a.m. &ndash; 8:40 a.m. <o_p><\/o_p><\/SPAN><\/P> <P class=MsoNormal style=\"MARGIN: 0cm 0cm 0pt 70.8pt; TEXT-INDENT: 35.4pt; TEXT-ALIGN: justify\"><SPAN lang=ES style=\"FONT-SIZE: 10pt; FONT-FAMILY: Verdana\">Acreditaci\u00f3n<o_p><\/o_p><\/SPAN><\/P> <P class=MsoNormal style=\"MARGIN: 0cm 0cm 0pt; TEXT-ALIGN: justify\"><SPAN lang=ES style=\"FONT-SIZE: 10pt; FONT-FAMILY: Verdana\">8:40 a.m. &ndash; 10:00 a.m. <o_p><\/o_p><\/SPAN><\/P> <P class=MsoNormal style=\"MARGIN: 0cm 0cm 0pt 106.2pt; TEXT-ALIGN: justify\"><SPAN lang=ES style=\"FONT-SIZE: 10pt; FONT-FAMILY: Verdana\">Presentaci\u00f3n Inaugural a cargo de las Decanaturas de Ciencias Sociales y Econ\u00f3micas y de Salud; CIDSE de UNIVALLE, Secretar\u00edas de Salud del Valle y Cali, Escuela de Estudios de G\u00e9nero de UNAL. <o_p><\/o_p><\/SPAN><\/P> <P class=MsoNormal style=\"MARGIN: 0cm 0cm 0pt; TEXT-ALIGN: justify\"><SPAN lang=ES style=\"FONT-SIZE: 10pt; FONT-FAMILY: Verdana\">10:00 a.m. &ndash; 10: 15 a.m.<o_p><\/o_p><\/SPAN><\/P> <P class=MsoNormal style=\"MARGIN: 0cm 0cm 0pt; TEXT-ALIGN: justify\"><SPAN lang=ES style=\"FONT-SIZE: 10pt; FONT-FAMILY: Verdana\"><SPAN style=\"mso-tab-count: 3\">&nbsp;&nbsp;&nbsp;&nbsp;&nbsp;&nbsp;&nbsp;&nbsp;&nbsp;&nbsp;&nbsp;&nbsp;&nbsp;&nbsp;&nbsp;&nbsp;&nbsp;&nbsp;&nbsp;&nbsp;&nbsp;&nbsp;&nbsp;&nbsp;&nbsp;&nbsp;&nbsp; <\/SPAN>Refrigerio<o_p><\/o_p><\/SPAN><\/P> <P class=MsoNormal style=\"MARGIN: 0cm 0cm 0pt; TEXT-ALIGN: justify\"><SPAN lang=ES style=\"FONT-SIZE: 10pt; FONT-FAMILY: Verdana\">10:15 a.m. &ndash; 12:45 p.m.<o_p><\/o_p><\/SPAN><\/P> <P class=MsoNormal style=\"MARGIN: 0cm 0cm 0pt 106.2pt; TEXT-INDENT: 0.3pt; TEXT-ALIGN: justify\"><SPAN lang=ES style=\"FONT-SIZE: 10pt; FONT-FAMILY: Verdana\">PANEL: Evaluaci\u00f3n de programas de SSR en j\u00f3venes de sectores populares en un contexto \u00e9tnico-racial.<\/SPAN><SPAN lang=ES style=\"FONT-SIZE: 10pt; FONT-FAMILY: Verdana; mso-bidi-font-family: Arial\"> Fernando Urrea, Mara Viveros, Simone Monteiro, Liliana Arias Castillo y Janeth Ceballos Osorio<\/SPAN><SPAN lang=ES style=\"FONT-SIZE: 10pt; FONT-FAMILY: Verdana\"><o_p><\/o_p><\/SPAN><\/P> <P class=MsoNormal style=\"MARGIN: 0cm 0cm 0pt; TEXT-ALIGN: justify\"><SPAN lang=ES style=\"FONT-SIZE: 10pt; FONT-FAMILY: Verdana\">12:45 p.m. &ndash; 2:00 p.m.<o_p><\/o_p><\/SPAN><\/P> <P class=MsoNormal style=\"MARGIN: 0cm 0cm 0pt; TEXT-ALIGN: justify\"><SPAN lang=ES style=\"FONT-SIZE: 10pt; FONT-FAMILY: Verdana\"><SPAN style=\"mso-tab-count: 3\">&nbsp;&nbsp;&nbsp;&nbsp;&nbsp;&nbsp;&nbsp;&nbsp;&nbsp;&nbsp;&nbsp;&nbsp;&nbsp;&nbsp;&nbsp;&nbsp;&nbsp;&nbsp;&nbsp;&nbsp;&nbsp;&nbsp;&nbsp;&nbsp;&nbsp;&nbsp;&nbsp; <\/SPAN>Almuerzo<o_p><\/o_p><\/SPAN><\/P> <P class=MsoNormal style=\"MARGIN: 0cm 0cm 0pt; TEXT-ALIGN: justify\"><SPAN lang=ES style=\"FONT-SIZE: 10pt; FONT-FAMILY: Verdana\">2:00 p.m. &ndash; 4:30 p.m.<o_p><\/o_p><\/SPAN><\/P> <P class=MsoNormal style=\"MARGIN: 0cm 0cm 0pt 106.2pt; TEXT-INDENT: 0.3pt; TEXT-ALIGN: justify\"><SPAN lang=ES style=\"FONT-SIZE: 10pt; FONT-FAMILY: Verdana\">PANEL: Patrones de Salud Sexual y Reproductiva en poblaciones j\u00f3venes. <\/SPAN><SPAN lang=ES style=\"FONT-SIZE: 10pt; FONT-FAMILY: Verdana; mso-bidi-font-family: Arial\">Hern\u00e1n Manzelli, Maria Cristina Gomes, Grupo Cemiya Facultad de Salud Univalle y CISALVA &ndash; Univalle.<\/SPAN><SPAN lang=ES style=\"FONT-SIZE: 10pt; FONT-FAMILY: Verdana\"><o_p><\/o_p><\/SPAN><\/P> <P class=MsoNormal style=\"MARGIN: 0cm 0cm 0pt; TEXT-ALIGN: justify\"><SPAN lang=ES style=\"FONT-SIZE: 10pt; FONT-FAMILY: Verdana\">4:30 p.m. &ndash; 6:15 p.m. <o_p><\/o_p><\/SPAN><\/P> <P class=MsoNormal style=\"MARGIN: 0cm 0cm 0pt 106.2pt; TEXT-INDENT: 0.3pt; TEXT-ALIGN: justify\"><SPAN lang=ES style=\"FONT-SIZE: 10pt; FONT-FAMILY: Verdana\">TALLER 1 &#8211; Minor\u00edas sexuales y derechos humanos. <\/SPAN><SPAN lang=ES style=\"FONT-SIZE: 10pt; FONT-FAMILY: Verdana; mso-bidi-font-family: Arial\">Laura Moutinho, Samantha Palacios, Fernando Quiroga y Jorge Barral<\/SPAN><SPAN lang=ES style=\"FONT-SIZE: 10pt; FONT-FAMILY: Verdana\"><o_p><\/o_p><\/SPAN><\/P> <P class=MsoNormal style=\"MARGIN: 0cm 0cm 0pt; TEXT-ALIGN: justify\"><?xml:namespace prefix = st1 ns = \"urn:schemas-microsoft-com:office:smarttags\" \/><st1_time Hour=\"18\" Minute=\"30\"><SPAN lang=EN-US style=\"FONT-SIZE: 10pt; FONT-FAMILY: Verdana; mso-ansi-language: EN-US\">6:30 p.m. &ndash; 8:00 p.m.<\/SPAN><\/st1_time><SPAN lang=EN-US style=\"FONT-SIZE: 10pt; FONT-FAMILY: Verdana; mso-ansi-language: EN-US\"><o_p><\/o_p><\/SPAN><\/P> <P class=MsoNormal style=\"MARGIN: 0cm 0cm 0pt 106.2pt; TEXT-ALIGN: justify\"><SPAN lang=EN-US style=\"FONT-SIZE: 10pt; COLOR: black; FONT-FAMILY: Verdana; mso-ansi-language: EN-US; mso-bidi-font-weight: bold\">CONFERENCIA MAGISTRAL<B>.<\/B><\/SPAN><SPAN lang=EN-US style=\"FONT-SIZE: 10pt; FONT-FAMILY: Verdana; mso-ansi-language: EN-US; mso-bidi-font-family: Arial\"> <\/SPAN><SPAN lang=ES style=\"FONT-SIZE: 10pt; FONT-FAMILY: Verdana; mso-bidi-font-family: Arial\">Movimientos sociales, sexuales y \u00e9tnico-raciales y el combate contra las discriminaciones. <\/SPAN><SPAN lang=ES style=\"FONT-SIZE: 10pt; FONT-FAMILY: Verdana; mso-bidi-font-weight: bold\">Eric Fassin<\/SPAN><SPAN lang=ES style=\"FONT-SIZE: 10pt; FONT-FAMILY: Verdana\"><o_p><\/o_p><\/SPAN><\/P> <P class=MsoNormal style=\"MARGIN: 0cm 0cm 0pt; TEXT-ALIGN: justify\"><SPAN lang=ES style=\"FONT-SIZE: 10pt; FONT-FAMILY: Verdana\"><SPAN style=\"mso-tab-count: 3\">&nbsp;&nbsp;&nbsp;&nbsp;&nbsp;&nbsp;&nbsp;&nbsp;&nbsp;&nbsp;&nbsp;&nbsp;&nbsp;&nbsp;&nbsp;&nbsp;&nbsp;&nbsp;&nbsp;&nbsp;&nbsp;&nbsp;&nbsp;&nbsp;&nbsp;&nbsp;&nbsp; <\/SPAN><o_p><\/o_p><\/SPAN><\/P> <P class=MsoNormal style=\"MARGIN: 0cm 0cm 0pt; TEXT-ALIGN: justify\"><B style=\"mso-bidi-font-weight: normal\"><SPAN lang=ES style=\"FONT-SIZE: 10pt; FONT-FAMILY: Verdana\">Martes 6 de diciembre<o_p><\/o_p><\/SPAN><\/B><\/P> <P class=MsoNormal style=\"MARGIN: 0cm 0cm 0pt; TEXT-ALIGN: justify\"><B style=\"mso-bidi-font-weight: normal\"><SPAN lang=ES style=\"FONT-SIZE: 10pt; FONT-FAMILY: Verdana\"><o_p>&nbsp;<\/o_p><\/SPAN><\/B><\/P> <P class=MsoNormal style=\"MARGIN: 0cm 0cm 0pt; TEXT-ALIGN: justify\"><SPAN lang=ES style=\"FONT-SIZE: 10pt; FONT-FAMILY: Verdana\">8:00 a.m. &ndash; 10:00 a.m. <o_p><\/o_p><\/SPAN><\/P> <P class=MsoNormal style=\"MARGIN: 0cm 0cm 0pt 106.2pt; TEXT-ALIGN: justify\"><SPAN lang=ES style=\"FONT-SIZE: 10pt; FONT-FAMILY: Verdana; mso-bidi-font-family: Arial\">PANEL: Conyugalidades y afectos interraciales. <\/SPAN><SPAN lang=EN-US style=\"FONT-SIZE: 10pt; FONT-FAMILY: Verdana; mso-ansi-language: EN-US; mso-bidi-font-family: Arial\">Laura Moutinho, Mary Lily Congolino, Johanna Santa y Katia Padilla.<\/SPAN><SPAN lang=ES style=\"FONT-SIZE: 10pt; FONT-FAMILY: Verdana; mso-bidi-font-family: Arial\"><o_p><\/o_p><\/SPAN><\/P> <P class=MsoNormal style=\"MARGIN: 0cm 0cm 0pt; TEXT-ALIGN: justify\"><st1_time Hour=\"10\" Minute=\"0\"><SPAN lang=EN-US style=\"FONT-SIZE: 10pt; FONT-FAMILY: Verdana; mso-ansi-language: EN-US\">10:00 a.m. &ndash; 10: 15 a.m.<\/SPAN><\/st1_time><SPAN lang=EN-US style=\"FONT-SIZE: 10pt; FONT-FAMILY: Verdana; mso-ansi-language: EN-US\"><o_p><\/o_p><\/SPAN><\/P> <P class=MsoNormal style=\"MARGIN: 0cm 0cm 0pt; TEXT-ALIGN: justify\"><SPAN lang=EN-US style=\"FONT-SIZE: 10pt; FONT-FAMILY: Verdana; mso-ansi-language: EN-US\"><SPAN style=\"mso-tab-count: 3\">&nbsp;&nbsp;&nbsp;&nbsp;&nbsp;&nbsp;&nbsp;&nbsp;&nbsp;&nbsp;&nbsp;&nbsp;&nbsp;&nbsp;&nbsp;&nbsp;&nbsp;&nbsp;&nbsp;&nbsp;&nbsp;&nbsp;&nbsp;&nbsp;&nbsp;&nbsp;&nbsp; <\/SPAN>Refrigerio<o_p><\/o_p><\/SPAN><\/P> <P class=MsoNormal style=\"MARGIN: 0cm 0cm 0pt; TEXT-ALIGN: justify\"><st1_time Hour=\"10\" Minute=\"15\"><SPAN lang=EN-US style=\"FONT-SIZE: 10pt; FONT-FAMILY: Verdana; mso-ansi-language: EN-US\">10:15 a.m. &ndash; 12:45 p.m.<\/SPAN><\/st1_time><SPAN lang=EN-US style=\"FONT-SIZE: 10pt; FONT-FAMILY: Verdana; mso-ansi-language: EN-US\"><o_p><\/o_p><\/SPAN><\/P> <P class=MsoNormal style=\"MARGIN: 0cm 0cm 0pt 106.2pt; TEXT-INDENT: 0.3pt; TEXT-ALIGN: justify\"><SPAN lang=ES style=\"FONT-SIZE: 10pt; FONT-FAMILY: Verdana\">PANEL: <\/SPAN><SPAN lang=ES style=\"FONT-SIZE: 10pt; FONT-FAMILY: Verdana; mso-bidi-font-family: Arial\">Minor\u00edas sexuales y dimensiones \u00e9tnico-racial, de clase y g\u00e9nero.<SPAN style=\"mso-spacerun: yes\">&nbsp; <\/SPAN>Waldor Botero, Hern\u00e1n Herrera, Ignacio Reyes, Franklin Gil, Samantha Palacios, Cl\u00e1udio Nascimento<o_p><\/o_p><\/SPAN><\/P> <P class=MsoNormal style=\"MARGIN: 0cm 0cm 0pt; TEXT-ALIGN: justify\"><st1_time Hour=\"12\" Minute=\"45\"><SPAN lang=EN-US style=\"FONT-SIZE: 10pt; FONT-FAMILY: Verdana; mso-ansi-language: EN-US\">12:45 p.m. &ndash; 2:00 p.m.<\/SPAN><\/st1_time><SPAN lang=EN-US style=\"FONT-SIZE: 10pt; FONT-FAMILY: Verdana; mso-ansi-language: EN-US\"><o_p><\/o_p><\/SPAN><\/P> <P class=MsoNormal style=\"MARGIN: 0cm 0cm 0pt; TEXT-ALIGN: justify\"><SPAN lang=EN-US style=\"FONT-SIZE: 10pt; FONT-FAMILY: Verdana; mso-ansi-language: EN-US\"><SPAN style=\"mso-tab-count: 3\">&nbsp;&nbsp;&nbsp;&nbsp;&nbsp;&nbsp;&nbsp;&nbsp;&nbsp;&nbsp;&nbsp;&nbsp;&nbsp;&nbsp;&nbsp;&nbsp;&nbsp;&nbsp;&nbsp;&nbsp;&nbsp;&nbsp;&nbsp;&nbsp;&nbsp;&nbsp;&nbsp; <\/SPAN>Almuerzo<o_p><\/o_p><\/SPAN><\/P> <P class=MsoNormal style=\"MARGIN: 0cm 0cm 0pt; TEXT-ALIGN: justify\"><st1_time Hour=\"14\" Minute=\"0\"><SPAN lang=EN-US style=\"FONT-SIZE: 10pt; FONT-FAMILY: Verdana; mso-ansi-language: EN-US\">2:00 p.m. &ndash; 4:30 p.m.<\/SPAN><\/st1_time><SPAN lang=EN-US style=\"FONT-SIZE: 10pt; FONT-FAMILY: Verdana; mso-ansi-language: EN-US\"><o_p><\/o_p><\/SPAN><\/P> <P class=MsoNormal style=\"MARGIN: 0cm 0cm 0pt 106.2pt; TEXT-INDENT: 0.3pt; TEXT-ALIGN: justify\"><SPAN lang=ES style=\"FONT-SIZE: 10pt; FONT-FAMILY: Verdana; mso-bidi-font-family: Arial\">TALLER 2 &#8211; Programas sobre SSR con j\u00f3venes multiplicadores. Experiencia de Cali y Buenaventura en sectores con alta poblaci\u00f3n afrocolombiana. Profamilia Cali.<o_p><\/o_p><\/SPAN><\/P> <P class=MsoNormal style=\"MARGIN: 0cm 0cm 0pt; TEXT-ALIGN: justify\"><st1_time Hour=\"18\" Minute=\"30\"><SPAN lang=EN-US style=\"FONT-SIZE: 10pt; FONT-FAMILY: Verdana; mso-ansi-language: EN-US\">6:30 p.m. &ndash; 8:00 p.m.<\/SPAN><\/st1_time><SPAN lang=EN-US style=\"FONT-SIZE: 10pt; FONT-FAMILY: Verdana; mso-ansi-language: EN-US\"><o_p><\/o_p><\/SPAN><\/P> <P class=MsoNormal style=\"MARGIN: 0cm 0cm 0pt 106.2pt; TEXT-ALIGN: justify\"><SPAN lang=ES style=\"FONT-SIZE: 10pt; COLOR: black; FONT-FAMILY: Verdana; mso-bidi-font-weight: bold\">CONFERENCIA MAGISTRAL.<\/SPAN><SPAN lang=ES style=\"FONT-SIZE: 10pt; FONT-FAMILY: Verdana; mso-bidi-font-family: Arial\"> Presentaci\u00f3n de resultados Encuesta Nacional de Demograf\u00eda y Salud. <\/SPAN><SPAN lang=ES style=\"FONT-SIZE: 10pt; COLOR: black; FONT-FAMILY: Verdana; mso-bidi-font-weight: bold\">Myriam Ord\u00f3\u00f1ez<\/SPAN><B><SPAN lang=ES style=\"FONT-SIZE: 10pt; FONT-FAMILY: Verdana\"> <\/SPAN><\/B><SPAN lang=ES style=\"FONT-SIZE: 10pt; FONT-FAMILY: Verdana\"><o_p><\/o_p><\/SPAN><\/P> <P class=MsoNormal style=\"MARGIN: 0cm 0cm 0pt 106.2pt; TEXT-INDENT: 0.3pt; TEXT-ALIGN: justify\"><SPAN lang=ES style=\"FONT-SIZE: 10pt; FONT-FAMILY: Verdana\"><o_p>&nbsp;<\/o_p><\/SPAN><\/P> <P class=MsoNormal style=\"MARGIN: 0cm 0cm 0pt; TEXT-ALIGN: justify\"><B style=\"mso-bidi-font-weight: normal\"><SPAN lang=ES style=\"FONT-SIZE: 10pt; FONT-FAMILY: Verdana\"><o_p>&nbsp;<\/o_p><\/SPAN><\/B><\/P> <P class=MsoNormal style=\"MARGIN: 0cm 0cm 0pt; TEXT-ALIGN: justify\"><B style=\"mso-bidi-font-weight: normal\"><SPAN lang=ES style=\"FONT-SIZE: 10pt; FONT-FAMILY: Verdana\">Mi\u00e9rcoles 7 de diciembre<o_p><\/o_p><\/SPAN><\/B><\/P> <P class=MsoNormal style=\"MARGIN: 0cm 0cm 0pt; TEXT-ALIGN: justify\"><B style=\"mso-bidi-font-weight: normal\"><SPAN lang=ES style=\"FONT-SIZE: 10pt; FONT-FAMILY: Verdana\"><o_p>&nbsp;<\/o_p><\/SPAN><\/B><\/P> <P class=MsoNormal style=\"MARGIN: 0cm 0cm 0pt; TEXT-ALIGN: justify\"><SPAN lang=ES style=\"FONT-SIZE: 10pt; FONT-FAMILY: Verdana\">8:00 a.m. &ndash; 10:00 a.m. <o_p><\/o_p><\/SPAN><\/P> <P class=MsoNormal style=\"MARGIN: 0cm 0cm 0pt 106.2pt; TEXT-INDENT: 0.3pt; TEXT-ALIGN: justify\"><SPAN lang=ES style=\"FONT-SIZE: 10pt; FONT-FAMILY: Verdana\">PANEL: <\/SPAN><SPAN lang=ES style=\"FONT-SIZE: 10pt; FONT-FAMILY: Verdana; mso-bidi-font-family: Arial\">Minor\u00edas sexuales y dimensiones \u00e9tnico-racial, de clase y g\u00e9nero.<SPAN style=\"mso-spacerun: yes\">&nbsp; <\/SPAN>Osmundo Pinho, Fernando Quiroga, Jorge Barral y Joselina da Silva<o_p><\/o_p><\/SPAN><\/P> <P class=MsoNormal style=\"MARGIN: 0cm 0cm 0pt; TEXT-ALIGN: justify\"><SPAN lang=ES style=\"FONT-SIZE: 10pt; FONT-FAMILY: Verdana\">10:00 a.m. &ndash; 10: 15 a.m.<o_p><\/o_p><\/SPAN><\/P> <P class=MsoNormal style=\"MARGIN: 0cm 0cm 0pt; TEXT-ALIGN: justify\"><SPAN lang=ES style=\"FONT-SIZE: 10pt; FONT-FAMILY: Verdana\"><SPAN style=\"mso-tab-count: 3\">&nbsp;&nbsp;&nbsp;&nbsp;&nbsp;&nbsp;&nbsp;&nbsp;&nbsp;&nbsp;&nbsp;&nbsp;&nbsp;&nbsp;&nbsp;&nbsp;&nbsp;&nbsp;&nbsp;&nbsp;&nbsp;&nbsp;&nbsp;&nbsp;&nbsp;&nbsp;&nbsp; <\/SPAN><\/SPAN><SPAN lang=EN-US style=\"FONT-SIZE: 10pt; FONT-FAMILY: Verdana; mso-ansi-language: EN-US\">Refrigerio<o_p><\/o_p><\/SPAN><\/P> <P class=MsoNormal style=\"MARGIN: 0cm 0cm 0pt; TEXT-ALIGN: justify\"><st1_time Hour=\"10\" Minute=\"15\"><SPAN lang=EN-US style=\"FONT-SIZE: 10pt; FONT-FAMILY: Verdana; mso-ansi-language: EN-US\">10:15 a.m. &ndash; 12:45 p.m.<\/SPAN><\/st1_time><SPAN lang=EN-US style=\"FONT-SIZE: 10pt; FONT-FAMILY: Verdana; mso-ansi-language: EN-US\"><o_p><\/o_p><\/SPAN><\/P> <P class=MsoNormal style=\"MARGIN: 0cm 0cm 0pt 106.2pt; TEXT-INDENT: 0.3pt; TEXT-ALIGN: justify\"><SPAN lang=ES style=\"FONT-SIZE: 10pt; FONT-FAMILY: Verdana\">PANEL: <\/SPAN><SPAN lang=ES style=\"FONT-SIZE: 10pt; FONT-FAMILY: Verdana; mso-bidi-font-family: Arial\">Cuerpos e Im\u00e1genes racializados y espacios p\u00fablicos. Eric Fassin, Mara Viveros, Jos\u00e9 Fernando Serrano y Dar\u00edo Garc\u00eda<o_p><\/o_p><\/SPAN><\/P> <P class=MsoNormal style=\"MARGIN: 0cm 0cm 0pt; TEXT-ALIGN: justify\"><SPAN lang=ES style=\"FONT-SIZE: 10pt; FONT-FAMILY: Verdana\">12:45 p.m. &ndash; 2:00 p.m.<o_p><\/o_p><\/SPAN><\/P> <P class=MsoNormal style=\"MARGIN: 0cm 0cm 0pt; TEXT-ALIGN: justify\"><SPAN lang=ES style=\"FONT-SIZE: 10pt; FONT-FAMILY: Verdana\"><SPAN style=\"mso-tab-count: 3\">&nbsp;&nbsp;&nbsp;&nbsp;&nbsp;&nbsp;&nbsp;&nbsp;&nbsp;&nbsp;&nbsp;&nbsp;&nbsp;&nbsp;&nbsp;&nbsp;&nbsp;&nbsp;&nbsp;&nbsp;&nbsp;&nbsp;&nbsp;&nbsp;&nbsp;&nbsp;&nbsp; <\/SPAN><\/SPAN><SPAN lang=EN-US style=\"FONT-SIZE: 10pt; FONT-FAMILY: Verdana; mso-ansi-language: EN-US\">Almuerzo<o_p><\/o_p><\/SPAN><\/P> <P class=MsoNormal style=\"MARGIN: 0cm 0cm 0pt; TEXT-ALIGN: justify\"><st1_time Hour=\"14\" Minute=\"0\"><SPAN lang=EN-US style=\"FONT-SIZE: 10pt; FONT-FAMILY: Verdana; mso-ansi-language: EN-US\">2:00 p.m. &ndash; 4:30 p.m.<\/SPAN><\/st1_time><SPAN lang=EN-US style=\"FONT-SIZE: 10pt; FONT-FAMILY: Verdana; mso-ansi-language: EN-US\"><o_p><\/o_p><\/SPAN><\/P> <P class=MsoNormal style=\"MARGIN: 0cm 0cm 0pt 106.2pt; TEXT-ALIGN: justify\"><SPAN lang=ES style=\"FONT-SIZE: 10pt; FONT-FAMILY: Verdana; mso-bidi-font-family: Arial\">TALLER 3 &#8211; Programas de SSR con j\u00f3venes de grupos \u00e9tnico-raciales. Fundaci\u00f3n Fe y Alegr\u00eda, Fundaci\u00f3n Taller Abierto, Fernando Gonzales &ndash; FNUAP y Emilse Vega &#8211; Buenaventura<o_p><\/o_p><\/SPAN><\/P> <P class=MsoNormal style=\"MARGIN: 0cm 0cm 0pt 70.8pt; TEXT-INDENT: 35.4pt; TEXT-ALIGN: justify\"><SPAN lang=ES style=\"FONT-SIZE: 10pt; FONT-FAMILY: Verdana; mso-bidi-font-family: Arial\"><o_p>&nbsp;<\/o_p><\/SPAN><\/P> <P class=MsoNormal style=\"MARGIN: 0cm 0cm 0pt 106.2pt; TEXT-ALIGN: justify\"><SPAN lang=ES style=\"FONT-SIZE: 10pt; FONT-FAMILY: Verdana; mso-bidi-font-family: Arial\">TALLER 4 &#8211; Minorias sexuales y derechos humanos.<SPAN style=\"mso-spacerun: yes\">&nbsp; <\/SPAN>Isidro Cisneros Cl\u00e1udio Nascimento Grupos LGBT &#8211; Cali<o_p><\/o_p><\/SPAN><\/P> <P class=MsoNormal style=\"MARGIN: 0cm 0cm 0pt 70.8pt; TEXT-INDENT: 35.4pt; TEXT-ALIGN: justify\"><SPAN lang=ES style=\"FONT-SIZE: 10pt; FONT-FAMILY: Verdana; mso-bidi-font-family: Arial\"><o_p>&nbsp;<\/o_p><\/SPAN><\/P> <P class=MsoNormal style=\"MARGIN: 0cm 0cm 0pt 106.2pt; TEXT-ALIGN: justify\"><SPAN lang=ES style=\"FONT-SIZE: 10pt; FONT-FAMILY: Verdana; mso-bidi-font-family: Arial\">TALLER 5 &#8211; Programas de prevenci\u00f3n en VIH\/SIDA en HSH. Ricardo Luque<SPAN style=\"mso-spacerun: yes\">&nbsp; <\/SPAN>(Ministerio de Protecci\u00f3n y Seguridad Social), Marcela Rivera (Profamilia) y Liga Colombiana de Lucha contra el Sida.<o_p><\/o_p><\/SPAN><\/P> <P class=MsoNormal style=\"MARGIN: 0cm 0cm 0pt 70.8pt; TEXT-INDENT: 35.4pt; TEXT-ALIGN: justify\"><SPAN lang=ES style=\"FONT-SIZE: 10pt; FONT-FAMILY: Verdana; mso-bidi-font-family: Arial\"><o_p>&nbsp;<\/o_p><\/SPAN><\/P> <P class=MsoNormal style=\"MARGIN: 0cm 0cm 0pt 70.8pt; TEXT-INDENT: 35.4pt; TEXT-ALIGN: justify\"><B style=\"mso-bidi-font-weight: normal\"><SPAN lang=ES style=\"FONT-SIZE: 10pt; FONT-FAMILY: Verdana\"><o_p>&nbsp;<\/o_p><\/SPAN><\/B><\/P> <P class=MsoNormal style=\"MARGIN: 0cm 0cm 0pt; TEXT-ALIGN: justify\"><SPAN lang=ES style=\"FONT-SIZE: 10pt; FONT-FAMILY: Verdana\">6: 30 p.m. <o_p><\/o_p><\/SPAN><\/P> <P class=MsoNormal style=\"MARGIN: 0cm 0cm 0pt 70.8pt; TEXT-INDENT: 35.4pt; TEXT-ALIGN: justify\"><SPAN lang=ES style=\"FONT-SIZE: 10pt; FONT-FAMILY: Verdana; mso-bidi-font-family: Arial\">Acto de Clausura<\/SPAN><\/P><\/p>\n","protected":false},"excerpt":{"rendered":"<p>Se hace necesario estimular y construir en nuestros pa\u00edses espacios y oportunidades de di\u00e1logo franco y abierto entre los sectores acad\u00e9mico, social y gubernamental, en torno a estos temas, como estrategia para aportar a la formulaci\u00f3n de pol\u00edticas p\u00fablicas en Salud Sexual y Reproductiva.<\/p>\n","protected":false},"author":1,"featured_media":0,"comment_status":"open","ping_status":"open","sticky":false,"template":"","format":"standard","meta":{"_acf_changed":false,"site-sidebar-layout":"default","site-content-layout":"default","ast-global-header-display":"","ast-main-header-display":"","ast-hfb-above-header-display":"","ast-hfb-below-header-display":"","ast-hfb-mobile-header-display":"","site-post-title":"","ast-breadcrumbs-content":"","ast-featured-img":"","footer-sml-layout":"","theme-transparent-header-meta":"","adv-header-id-meta":"","stick-header-meta":"","header-above-stick-meta":"","header-main-stick-meta":"","header-below-stick-meta":"","_jetpack_memberships_contains_paid_content":false,"footnotes":""},"categories":[26],"tags":[],"class_list":["post-34474","post","type-post","status-publish","format-standard","hentry","category-oferta-academica"],"acf":[],"yoast_head":"<!-- This site is optimized with the Yoast SEO plugin v26.1.1 - https:\/\/yoast.com\/wordpress\/plugins\/seo\/ -->\n<title>El ejercicio de la sexualidad y la dimensi\u00f3n \u00e9tnico-racial - CLAM - ES<\/title>\n<meta name=\"robots\" content=\"index, follow, max-snippet:-1, max-image-preview:large, max-video-preview:-1\" \/>\n<link rel=\"canonical\" href=\"https:\/\/clam.org.br\/es\/oferta-academica\/el-ejercicio-de-la-sexualidad-y-la-dimension-etnico-racial\/34474\/\" \/>\n<meta property=\"og:locale\" content=\"es_ES\" \/>\n<meta property=\"og:type\" content=\"article\" \/>\n<meta property=\"og:title\" content=\"El ejercicio de la sexualidad y la dimensi\u00f3n \u00e9tnico-racial - CLAM - ES\" \/>\n<meta property=\"og:description\" content=\"Se hace necesario estimular y construir en nuestros pa\u00edses espacios y oportunidades de di\u00e1logo franco y abierto entre los sectores acad\u00e9mico, social y gubernamental, en torno a estos temas, como estrategia para aportar a la formulaci\u00f3n de pol\u00edticas p\u00fablicas en Salud Sexual y Reproductiva.\" \/>\n<meta property=\"og:url\" content=\"https:\/\/clam.org.br\/es\/oferta-academica\/el-ejercicio-de-la-sexualidad-y-la-dimension-etnico-racial\/34474\/\" \/>\n<meta property=\"og:site_name\" content=\"CLAM - ES\" \/>\n<meta property=\"article:published_time\" content=\"2005-05-13T03:00:00+00:00\" \/>\n<meta name=\"author\" content=\"fw2\" \/>\n<meta name=\"twitter:card\" content=\"summary_large_image\" \/>\n<meta name=\"twitter:label1\" content=\"Escrito por\" \/>\n\t<meta name=\"twitter:data1\" content=\"fw2\" \/>\n\t<meta name=\"twitter:label2\" content=\"Tiempo de lectura\" \/>\n\t<meta name=\"twitter:data2\" content=\"11 minutos\" \/>\n<script type=\"application\/ld+json\" class=\"yoast-schema-graph\">{\"@context\":\"https:\/\/schema.org\",\"@graph\":[{\"@type\":\"WebPage\",\"@id\":\"https:\/\/clam.org.br\/es\/oferta-academica\/el-ejercicio-de-la-sexualidad-y-la-dimension-etnico-racial\/34474\/\",\"url\":\"https:\/\/clam.org.br\/es\/oferta-academica\/el-ejercicio-de-la-sexualidad-y-la-dimension-etnico-racial\/34474\/\",\"name\":\"El ejercicio de la sexualidad y la dimensi\u00f3n \u00e9tnico-racial - CLAM - ES\",\"isPartOf\":{\"@id\":\"https:\/\/clam.org.br\/es\/#website\"},\"datePublished\":\"2005-05-13T03:00:00+00:00\",\"author\":{\"@id\":\"https:\/\/clam.org.br\/es\/#\/schema\/person\/fbd9a86032bf7479f94b0ded196f1010\"},\"breadcrumb\":{\"@id\":\"https:\/\/clam.org.br\/es\/oferta-academica\/el-ejercicio-de-la-sexualidad-y-la-dimension-etnico-racial\/34474\/#breadcrumb\"},\"inLanguage\":\"es\",\"potentialAction\":[{\"@type\":\"ReadAction\",\"target\":[\"https:\/\/clam.org.br\/es\/oferta-academica\/el-ejercicio-de-la-sexualidad-y-la-dimension-etnico-racial\/34474\/\"]}]},{\"@type\":\"BreadcrumbList\",\"@id\":\"https:\/\/clam.org.br\/es\/oferta-academica\/el-ejercicio-de-la-sexualidad-y-la-dimension-etnico-racial\/34474\/#breadcrumb\",\"itemListElement\":[{\"@type\":\"ListItem\",\"position\":1,\"name\":\"In\u00edcio\",\"item\":\"https:\/\/clam.org.br\/es\/\"},{\"@type\":\"ListItem\",\"position\":2,\"name\":\"El ejercicio de la sexualidad y la dimensi\u00f3n \u00e9tnico-racial\"}]},{\"@type\":\"WebSite\",\"@id\":\"https:\/\/clam.org.br\/es\/#website\",\"url\":\"https:\/\/clam.org.br\/es\/\",\"name\":\"CLAM - ES\",\"description\":\"S\u00f3 mais um site CLAM - Centro Latino-Americano em Sexualidade e Direitos Humanos sites\",\"potentialAction\":[{\"@type\":\"SearchAction\",\"target\":{\"@type\":\"EntryPoint\",\"urlTemplate\":\"https:\/\/clam.org.br\/es\/?s={search_term_string}\"},\"query-input\":{\"@type\":\"PropertyValueSpecification\",\"valueRequired\":true,\"valueName\":\"search_term_string\"}}],\"inLanguage\":\"es\"},{\"@type\":\"Person\",\"@id\":\"https:\/\/clam.org.br\/es\/#\/schema\/person\/fbd9a86032bf7479f94b0ded196f1010\",\"name\":\"fw2\",\"image\":{\"@type\":\"ImageObject\",\"inLanguage\":\"es\",\"@id\":\"https:\/\/clam.org.br\/es\/#\/schema\/person\/image\/\",\"url\":\"https:\/\/secure.gravatar.com\/avatar\/c38472c0cdbde82d9b6fcc26adb3779d?s=96&d=mm&r=g\",\"contentUrl\":\"https:\/\/secure.gravatar.com\/avatar\/c38472c0cdbde82d9b6fcc26adb3779d?s=96&d=mm&r=g\",\"caption\":\"fw2\"},\"sameAs\":[\"https:\/\/clam.fw2web.com.br\"],\"url\":\"https:\/\/clam.org.br\/es\/author\/fw2\/\"}]}<\/script>\n<!-- \/ Yoast SEO plugin. -->","yoast_head_json":{"title":"El ejercicio de la sexualidad y la dimensi\u00f3n \u00e9tnico-racial - CLAM - ES","robots":{"index":"index","follow":"follow","max-snippet":"max-snippet:-1","max-image-preview":"max-image-preview:large","max-video-preview":"max-video-preview:-1"},"canonical":"https:\/\/clam.org.br\/es\/oferta-academica\/el-ejercicio-de-la-sexualidad-y-la-dimension-etnico-racial\/34474\/","og_locale":"es_ES","og_type":"article","og_title":"El ejercicio de la sexualidad y la dimensi\u00f3n \u00e9tnico-racial - CLAM - ES","og_description":"Se hace necesario estimular y construir en nuestros pa\u00edses espacios y oportunidades de di\u00e1logo franco y abierto entre los sectores acad\u00e9mico, social y gubernamental, en torno a estos temas, como estrategia para aportar a la formulaci\u00f3n de pol\u00edticas p\u00fablicas en Salud Sexual y Reproductiva.","og_url":"https:\/\/clam.org.br\/es\/oferta-academica\/el-ejercicio-de-la-sexualidad-y-la-dimension-etnico-racial\/34474\/","og_site_name":"CLAM - ES","article_published_time":"2005-05-13T03:00:00+00:00","author":"fw2","twitter_card":"summary_large_image","twitter_misc":{"Escrito por":"fw2","Tiempo de lectura":"11 minutos"},"schema":{"@context":"https:\/\/schema.org","@graph":[{"@type":"WebPage","@id":"https:\/\/clam.org.br\/es\/oferta-academica\/el-ejercicio-de-la-sexualidad-y-la-dimension-etnico-racial\/34474\/","url":"https:\/\/clam.org.br\/es\/oferta-academica\/el-ejercicio-de-la-sexualidad-y-la-dimension-etnico-racial\/34474\/","name":"El ejercicio de la sexualidad y la dimensi\u00f3n \u00e9tnico-racial - CLAM - ES","isPartOf":{"@id":"https:\/\/clam.org.br\/es\/#website"},"datePublished":"2005-05-13T03:00:00+00:00","author":{"@id":"https:\/\/clam.org.br\/es\/#\/schema\/person\/fbd9a86032bf7479f94b0ded196f1010"},"breadcrumb":{"@id":"https:\/\/clam.org.br\/es\/oferta-academica\/el-ejercicio-de-la-sexualidad-y-la-dimension-etnico-racial\/34474\/#breadcrumb"},"inLanguage":"es","potentialAction":[{"@type":"ReadAction","target":["https:\/\/clam.org.br\/es\/oferta-academica\/el-ejercicio-de-la-sexualidad-y-la-dimension-etnico-racial\/34474\/"]}]},{"@type":"BreadcrumbList","@id":"https:\/\/clam.org.br\/es\/oferta-academica\/el-ejercicio-de-la-sexualidad-y-la-dimension-etnico-racial\/34474\/#breadcrumb","itemListElement":[{"@type":"ListItem","position":1,"name":"In\u00edcio","item":"https:\/\/clam.org.br\/es\/"},{"@type":"ListItem","position":2,"name":"El ejercicio de la sexualidad y la dimensi\u00f3n \u00e9tnico-racial"}]},{"@type":"WebSite","@id":"https:\/\/clam.org.br\/es\/#website","url":"https:\/\/clam.org.br\/es\/","name":"CLAM - ES","description":"S\u00f3 mais um site CLAM - Centro Latino-Americano em Sexualidade e Direitos Humanos sites","potentialAction":[{"@type":"SearchAction","target":{"@type":"EntryPoint","urlTemplate":"https:\/\/clam.org.br\/es\/?s={search_term_string}"},"query-input":{"@type":"PropertyValueSpecification","valueRequired":true,"valueName":"search_term_string"}}],"inLanguage":"es"},{"@type":"Person","@id":"https:\/\/clam.org.br\/es\/#\/schema\/person\/fbd9a86032bf7479f94b0ded196f1010","name":"fw2","image":{"@type":"ImageObject","inLanguage":"es","@id":"https:\/\/clam.org.br\/es\/#\/schema\/person\/image\/","url":"https:\/\/secure.gravatar.com\/avatar\/c38472c0cdbde82d9b6fcc26adb3779d?s=96&d=mm&r=g","contentUrl":"https:\/\/secure.gravatar.com\/avatar\/c38472c0cdbde82d9b6fcc26adb3779d?s=96&d=mm&r=g","caption":"fw2"},"sameAs":["https:\/\/clam.fw2web.com.br"],"url":"https:\/\/clam.org.br\/es\/author\/fw2\/"}]}},"jetpack_featured_media_url":"","jetpack_sharing_enabled":true,"_links":{"self":[{"href":"https:\/\/clam.org.br\/es\/wp-json\/wp\/v2\/posts\/34474","targetHints":{"allow":["GET"]}}],"collection":[{"href":"https:\/\/clam.org.br\/es\/wp-json\/wp\/v2\/posts"}],"about":[{"href":"https:\/\/clam.org.br\/es\/wp-json\/wp\/v2\/types\/post"}],"author":[{"embeddable":true,"href":"https:\/\/clam.org.br\/es\/wp-json\/wp\/v2\/users\/1"}],"replies":[{"embeddable":true,"href":"https:\/\/clam.org.br\/es\/wp-json\/wp\/v2\/comments?post=34474"}],"version-history":[{"count":0,"href":"https:\/\/clam.org.br\/es\/wp-json\/wp\/v2\/posts\/34474\/revisions"}],"wp:attachment":[{"href":"https:\/\/clam.org.br\/es\/wp-json\/wp\/v2\/media?parent=34474"}],"wp:term":[{"taxonomy":"category","embeddable":true,"href":"https:\/\/clam.org.br\/es\/wp-json\/wp\/v2\/categories?post=34474"},{"taxonomy":"post_tag","embeddable":true,"href":"https:\/\/clam.org.br\/es\/wp-json\/wp\/v2\/tags?post=34474"}],"curies":[{"name":"wp","href":"https:\/\/api.w.org\/{rel}","templated":true}]}}