{"id":34534,"date":"2006-04-25T00:00:00","date_gmt":"2006-04-25T03:00:00","guid":{"rendered":"https:\/\/clam.fw2web.com.br\/es\/2006\/04\/25\/iv-concurso-iniciativas-locales-para-el-avance-de-las-mujeres\/"},"modified":"2006-04-25T00:00:00","modified_gmt":"2006-04-25T03:00:00","slug":"iv-concurso-iniciativas-locales-para-el-avance-de-las-mujeres","status":"publish","type":"post","link":"https:\/\/clam.org.br\/es\/oferta-academica\/iv-concurso-iniciativas-locales-para-el-avance-de-las-mujeres\/34534\/","title":{"rendered":"IV Concurso &#8216;Iniciativas locales para el avance de las mujeres&#8217;"},"content":{"rendered":"<p><P class=MsoNormal style=\"MARGIN: 0cm 0cm 0pt; TEXT-ALIGN: justify; mso-margin-top-alt: auto; mso-margin-bottom-alt: auto\"><SPAN lang=ES style=\"FONT-SIZE: 10pt; COLOR: #24211c; FONT-FAMILY: Verdana; mso-ansi-language: ES\">Con el fin de apoyar el trabajo que realizan las mujeres autoridades, el Centro de <\/SPAN><?xml:namespace prefix = st1 ns = \"urn:schemas-microsoft-com:office:smarttags\" \/><st1_PersonName ProductID=\"la Mujer Peruana\"><SPAN lang=ES style=\"FONT-SIZE: 10pt; COLOR: #24211c; FONT-FAMILY: Verdana; mso-ansi-language: ES\">la Mujer Peruana<\/SPAN><\/st1_PersonName><SPAN lang=ES style=\"FONT-SIZE: 10pt; COLOR: #24211c; FONT-FAMILY: Verdana; mso-ansi-language: ES\"> Flora Trist\u00e1n, convoca al VI Concurso: &ldquo;Iniciativas Locales para el Avance de las mujeres&rdquo;, dirigido a alcaldesas y regidoras de municipios distritales y provinciales de Ayacucho, Huancavelica y Cuzco.<?xml:namespace prefix = o ns = \"urn:schemas-microsoft-com:office:office\" \/><o_p><\/o_p><\/SPAN><\/P> <P class=MsoNormal style=\"MARGIN: 0cm 0cm 0pt; TEXT-ALIGN: justify; mso-margin-top-alt: auto; mso-margin-bottom-alt: auto\"><B><SPAN lang=ES style=\"FONT-SIZE: 10pt; COLOR: #24211c; FONT-FAMILY: Verdana; mso-ansi-language: ES\">1- <\/SPAN><\/B><SPAN lang=ES style=\"FONT-SIZE: 10pt; COLOR: #24211c; FONT-FAMILY: Verdana; mso-ansi-language: ES\">Podr\u00e1n participar alcaldesas y regidoras de los municipios distritales y provinciales de Ayacucho, Huancavelica y Cuzco.<o_p><\/o_p><\/SPAN><\/P> <P class=MsoNormal style=\"MARGIN: 0cm 0cm 0pt; mso-margin-top-alt: auto; mso-margin-bottom-alt: auto\"><B><SPAN lang=ES style=\"FONT-SIZE: 10pt; COLOR: #24211c; FONT-FAMILY: Verdana; mso-ansi-language: ES\">2<\/SPAN><\/B><SPAN lang=ES style=\"FONT-SIZE: 10pt; COLOR: #24211c; FONT-FAMILY: Verdana; mso-ansi-language: ES\">&#8211; <SPAN style=\"mso-bidi-font-style: italic\">Las iniciativas locales pueden estar orientadas a:<o_p><\/o_p><\/SPAN><\/SPAN><\/P> <P class=MsoNormal style=\"MARGIN: 0cm 0cm 0pt; TEXT-ALIGN: justify; mso-margin-top-alt: auto; mso-margin-bottom-alt: auto\"><SPAN lang=ES style=\"FONT-SIZE: 10pt; COLOR: #24211c; FONT-FAMILY: Verdana; mso-ansi-language: ES\">-Fortalecer iniciativas econ\u00f3micas que vinculen el Municipio con las organizaciones de mujeres.<o_p><\/o_p><\/SPAN><\/P> <P class=MsoNormal style=\"MARGIN: 0cm 0cm 0pt; TEXT-ALIGN: justify; mso-margin-top-alt: auto; mso-margin-bottom-alt: auto\"><SPAN lang=ES style=\"FONT-SIZE: 10pt; COLOR: #24211c; FONT-FAMILY: Verdana; mso-ansi-language: ES\">&#8211; Favorecer la participaci\u00f3n de las mujeres en los planes de desarrollo concertado y presupuesto participativo.<o_p><\/o_p><\/SPAN><\/P> <P class=MsoNormal style=\"MARGIN: 0cm 0cm 0pt; TEXT-ALIGN: justify; mso-margin-top-alt: auto; mso-margin-bottom-alt: auto\"><SPAN lang=ES style=\"FONT-SIZE: 10pt; COLOR: #24211c; FONT-FAMILY: Verdana; mso-ansi-language: ES\">&#8211; Fortalecer <\/SPAN><st1_PersonName ProductID=\"la Comisi?n\"><SPAN lang=ES style=\"FONT-SIZE: 10pt; COLOR: #24211c; FONT-FAMILY: Verdana; mso-ansi-language: ES\">la Comisi\u00f3n<\/SPAN><\/st1_PersonName><SPAN lang=ES style=\"FONT-SIZE: 10pt; COLOR: #24211c; FONT-FAMILY: Verdana; mso-ansi-language: ES\"> de <\/SPAN><st1_PersonName ProductID=\"la Mujer\"><SPAN lang=ES style=\"FONT-SIZE: 10pt; COLOR: #24211c; FONT-FAMILY: Verdana; mso-ansi-language: ES\">la Mujer<\/SPAN><\/st1_PersonName><SPAN lang=ES style=\"FONT-SIZE: 10pt; COLOR: #24211c; FONT-FAMILY: Verdana; mso-ansi-language: ES\"> y\/o planes o pol\u00edticas a favor de las mujeres en los gobiernos locales.<o_p><\/o_p><\/SPAN><\/P> <P class=MsoNormal style=\"MARGIN: 0cm 0cm 0pt; mso-margin-top-alt: auto; mso-margin-bottom-alt: auto\"><SPAN lang=ES style=\"FONT-SIZE: 10pt; COLOR: #24211c; FONT-FAMILY: Verdana; mso-ansi-language: ES\">&#8211; Formalizar y fortalecer las Organizaciones Sociales de Base (OSB).<o_p><\/o_p><\/SPAN><\/P> <P class=MsoNormal style=\"MARGIN: 0cm 0cm 0pt; mso-margin-top-alt: auto; mso-margin-bottom-alt: auto\"><SPAN lang=ES style=\"FONT-SIZE: 10pt; COLOR: #24211c; FONT-FAMILY: Verdana; mso-ansi-language: ES\">&#8211; Estrategias para prevenir la violencia contra la mujer y\/o fortalecer las DEMUNAS.<o_p><\/o_p><\/SPAN><\/P> <P class=MsoNormal style=\"MARGIN: 0cm 0cm 0pt; mso-margin-top-alt: auto; mso-margin-bottom-alt: auto\"><B><SPAN lang=ES style=\"FONT-SIZE: 10pt; COLOR: #24211c; FONT-FAMILY: Verdana; mso-ansi-language: ES\">3- <\/SPAN><\/B><SPAN lang=ES style=\"FONT-SIZE: 10pt; COLOR: #24211c; FONT-FAMILY: Verdana; mso-ansi-language: ES\">Los premios:<o_p><\/o_p><\/SPAN><\/P> <P class=MsoNormal style=\"MARGIN: 0cm 0cm 0pt; mso-margin-top-alt: auto; mso-margin-bottom-alt: auto\"><SPAN lang=ES style=\"FONT-SIZE: 10pt; COLOR: #24211c; FONT-FAMILY: Verdana; mso-ansi-language: ES\">&#8211; Tres primeros puestos de US $ 1000 d\u00f3lares cada uno.<o_p><\/o_p><\/SPAN><\/P> <P class=MsoNormal style=\"MARGIN: 0cm 0cm 0pt; mso-margin-top-alt: auto; mso-margin-bottom-alt: auto\"><SPAN lang=ES style=\"FONT-SIZE: 10pt; COLOR: #24211c; FONT-FAMILY: Verdana; mso-ansi-language: ES\">&#8211; Tres segundos puestos de US $ 500 d\u00f3lares cada uno.<o_p><\/o_p><\/SPAN><\/P> <P class=MsoNormal style=\"MARGIN: 0cm 0cm 0pt; mso-margin-top-alt: auto; mso-margin-bottom-alt: auto\"><SPAN lang=ES style=\"FONT-SIZE: 10pt; COLOR: #24211c; FONT-FAMILY: Verdana; mso-ansi-language: ES\">&#8211; Tres terceros puestos de US $ 300 d\u00f3lares cada uno.<o_p><\/o_p><\/SPAN><\/P> <P class=MsoNormal style=\"MARGIN: 0cm 0cm 0pt; TEXT-ALIGN: justify; mso-margin-top-alt: auto; mso-margin-bottom-alt: auto\"><B><SPAN lang=ES style=\"FONT-SIZE: 10pt; COLOR: #24211c; FONT-FAMILY: Verdana; mso-ansi-language: ES\">4- <\/SPAN><\/B><SPAN lang=ES style=\"FONT-SIZE: 10pt; COLOR: #24211c; FONT-FAMILY: Verdana; mso-ansi-language: ES\">Se dar\u00e1 prioridad a aquellas iniciativas que tengan como poblaci\u00f3n de inter\u00e9s a sectores con menores oportunidades (ni\u00f1as, j\u00f3venes, poblaci\u00f3n ind\u00edgena, desplazadas, mujeres con discapacidades y habilidades diferentes).<o_p><\/o_p><\/SPAN><\/P> <P class=MsoNormal style=\"MARGIN: 0cm 0cm 0pt; TEXT-ALIGN: justify; mso-margin-top-alt: auto; mso-margin-bottom-alt: auto\"><B><SPAN lang=ES style=\"FONT-SIZE: 10pt; COLOR: #24211c; FONT-FAMILY: Verdana; mso-ansi-language: ES\">5- <\/SPAN><\/B><SPAN lang=ES style=\"FONT-SIZE: 10pt; COLOR: #24211c; FONT-FAMILY: Verdana; mso-ansi-language: ES\">Para participar, se deber\u00e1 llenar un formulario, en el que se describir\u00e1 la iniciativa. Puede solicitarse por tel\u00e9fono, fax, correo electr\u00f3nico o bajarlo de la web.<o_p><\/o_p><\/SPAN><\/P> <P class=MsoNormal style=\"MARGIN: 0cm 0cm 0pt; TEXT-ALIGN: justify; mso-margin-top-alt: auto; mso-margin-bottom-alt: auto\"><B><SPAN lang=ES style=\"FONT-SIZE: 10pt; COLOR: #24211c; FONT-FAMILY: Verdana; mso-ansi-language: ES\">6- <\/SPAN><\/B><SPAN lang=ES style=\"FONT-SIZE: 10pt; COLOR: #24211c; FONT-FAMILY: Verdana; mso-ansi-language: ES\">El formulario se presentar\u00e1 en original, firmado con seud\u00f3nimo. En sobre aparte se consignar\u00e1n los datos personales de la autora (nombre completo, DNI, breve biograf\u00eda, municipio distrital o provincial al que pertenece, direcci\u00f3n, tel\u00e9fono, fax y\/o correo electr\u00f3nico).<o_p><\/o_p><\/SPAN><\/P> <P class=MsoNormal style=\"MARGIN: 0cm 0cm 0pt; mso-margin-top-alt: auto; mso-margin-bottom-alt: auto\"><B><SPAN lang=ES style=\"FONT-SIZE: 10pt; COLOR: #24211c; FONT-FAMILY: Verdana; mso-ansi-language: ES\">7- <\/SPAN><\/B><SPAN lang=ES style=\"FONT-SIZE: 10pt; COLOR: #24211c; FONT-FAMILY: Verdana; mso-ansi-language: ES\">Los sobres se dirigir\u00e1n a:<o_p><\/o_p><\/SPAN><\/P> <P class=MsoNormal style=\"MARGIN: 0cm 0cm 0pt; mso-margin-top-alt: auto; mso-margin-bottom-alt: auto\"><SPAN lang=ES style=\"FONT-SIZE: 10pt; COLOR: #24211c; FONT-FAMILY: Verdana; mso-ansi-language: ES\">VI Concurso de Iniciativas Locales. <o_p><\/o_p><\/SPAN><\/P> <P class=MsoNormal style=\"MARGIN: 0cm 0cm 0pt; mso-margin-top-alt: auto; mso-margin-bottom-alt: auto\"><SPAN lang=ES style=\"FONT-SIZE: 10pt; COLOR: #24211c; FONT-FAMILY: Verdana; mso-ansi-language: ES\">Centro de <\/SPAN><st1_PersonName ProductID=\"la Mujer Peruana\"><SPAN lang=ES style=\"FONT-SIZE: 10pt; COLOR: #24211c; FONT-FAMILY: Verdana; mso-ansi-language: ES\">la Mujer Peruana<\/SPAN><\/st1_PersonName><SPAN lang=ES style=\"FONT-SIZE: 10pt; COLOR: #24211c; FONT-FAMILY: Verdana; mso-ansi-language: ES\"> Flora Trist\u00e1n.<o_p><\/o_p><\/SPAN><\/P> <P class=MsoNormal style=\"MARGIN: 0cm 0cm 0pt; mso-margin-top-alt: auto; mso-margin-bottom-alt: auto\"><SPAN lang=ES style=\"FONT-SIZE: 10pt; COLOR: #24211c; FONT-FAMILY: Verdana; mso-ansi-language: ES\">Programa Participaci\u00f3n Pol\u00edtica y Descentralizaci\u00f3n<o_p><\/o_p><\/SPAN><\/P> <P class=MsoNormal style=\"MARGIN: 0cm 0cm 0pt; mso-margin-top-alt: auto; mso-margin-bottom-alt: auto\"><SPAN style=\"FONT-SIZE: 10pt; COLOR: #24211c; FONT-FAMILY: Verdana\">Parque Hern\u00e1n Velarde N\u00b0 42, Santa Beatriz, Lima 1<o_p><\/o_p><\/SPAN><\/P> <P class=MsoNormal style=\"MARGIN: 0cm 0cm 0pt; mso-margin-top-alt: auto; mso-margin-bottom-alt: auto\"><SPAN style=\"FONT-SIZE: 10pt; COLOR: #24211c; FONT-FAMILY: Verdana\">Tel\u00e9fonos: (01) 4339060\/4332705\/4331457<o_p><\/o_p><\/SPAN><\/P> <P class=MsoNormal style=\"MARGIN: 0cm 0cm 0pt; mso-margin-top-alt: auto; mso-margin-bottom-alt: auto\"><SPAN style=\"FONT-SIZE: 10pt; COLOR: #24211c; FONT-FAMILY: Verdana\">Fax: (01) 4339500<o_p><\/o_p><\/SPAN><\/P> <P class=MsoNormal style=\"MARGIN: 0cm 0cm 0pt; mso-margin-top-alt: auto; mso-margin-bottom-alt: auto\"><SPAN style=\"FONT-SIZE: 10pt; COLOR: #24211c; FONT-FAMILY: Verdana\">E-mail: catyflora.org.pe\/ynga@flora.org.pe<o_p><\/o_p><\/SPAN><\/P> <P class=MsoNormal style=\"MARGIN: 0cm 0cm 0pt; mso-margin-top-alt: auto; mso-margin-bottom-alt: auto\"><SPAN lang=ES style=\"FONT-SIZE: 10pt; COLOR: #24211c; FONT-FAMILY: Verdana; mso-ansi-language: ES\">Web: <\/SPAN><U><SPAN lang=ES style=\"FONT-SIZE: 10pt; COLOR: blue; FONT-FAMILY: Verdana; mso-ansi-language: ES\">www.flora.org.pe<\/SPAN><\/U><SPAN lang=ES style=\"FONT-SIZE: 10pt; COLOR: blue; FONT-FAMILY: Verdana; mso-ansi-language: ES\"><o_p><\/o_p><\/SPAN><\/P> <P class=MsoNormal style=\"MARGIN: 0cm 0cm 0pt; mso-margin-top-alt: auto; mso-margin-bottom-alt: auto\"><B><SPAN lang=ES style=\"FONT-SIZE: 10pt; COLOR: #24211c; FONT-FAMILY: Verdana; mso-ansi-language: ES\">8- <\/SPAN><\/B><SPAN lang=ES style=\"FONT-SIZE: 10pt; COLOR: #24211c; FONT-FAMILY: Verdana; mso-ansi-language: ES\">La fecha l\u00edmite para el env\u00edo del formulario es el <B>30 de mayo del 2006<\/B>. El jurado emitir\u00e1 su fallo en doce d\u00edas.<o_p><\/o_p><\/SPAN><\/P> <P class=MsoNormal style=\"MARGIN: 0cm 0cm 0pt; mso-margin-top-alt: auto; mso-margin-bottom-alt: auto\"><B><SPAN lang=ES style=\"FONT-SIZE: 10pt; COLOR: #24211c; FONT-FAMILY: Verdana; mso-ansi-language: ES\">9- <\/SPAN><\/B><SPAN lang=ES style=\"FONT-SIZE: 10pt; COLOR: #24211c; FONT-FAMILY: Verdana; mso-ansi-language: ES\">El jurado estar\u00e1 conformado por representantes de Diakonia, Red Mujer y H\u00e1bitat, CONADES, UNIFEM, Red-Per\u00fa y Centro Flora Trist\u00e1n.<o_p><\/o_p><\/SPAN><\/P> <P class=MsoNormal style=\"MARGIN: 0cm 0cm 0pt; mso-margin-top-alt: auto; mso-margin-bottom-alt: auto\"><SPAN lang=ES style=\"FONT-SIZE: 10pt; COLOR: #24211c; FONT-FAMILY: Verdana; mso-ansi-language: ES\">Informes: <\/SPAN><SPAN style=\"FONT-SIZE: 10pt; COLOR: #24211c; FONT-FAMILY: Verdana\"><a href=\"http:\/\/www.clam.org.br\/publique\/cgi\/cgilua.exe\/sys\/common\/newmsg.php?sid=eff609b9eb1518f9474ca3a9e9c4c34d&amp;tid=default&amp;lid=pt_BR&amp;to=caty@flora.org.pe\" target=\"_top\" rel=\"noopener\"><SPAN lang=ES style=\"mso-ansi-language: ES\">caty@flora.org.pe<\/SPAN><\/A><\/SPAN><SPAN style=\"FONT-SIZE: 10pt; COLOR: #24211c; FONT-FAMILY: Verdana; mso-ansi-language: ES\"> <\/SPAN><SPAN style=\"FONT-SIZE: 10pt; COLOR: #24211c; FONT-FAMILY: Verdana\"><a href=\"http:\/\/www.clam.org.br\/publique\/cgi\/cgilua.exe\/sys\/common\/newmsg.php?sid=eff609b9eb1518f9474ca3a9e9c4c34d&amp;tid=default&amp;lid=pt_BR&amp;to=ynga@flora.org.pe\" target=\"_top\" rel=\"noopener\"><SPAN lang=ES style=\"mso-ansi-language: ES\">ynga@flora.org.pe<\/SPAN><\/A><\/SPAN><SPAN lang=ES style=\"FONT-SIZE: 10pt; COLOR: #24211c; FONT-FAMILY: Verdana; mso-ansi-language: ES\"><o_p><\/o_p><\/SPAN><\/P><\/p>\n","protected":false},"excerpt":{"rendered":"<p>Con el fin de apoyar el trabajo que realizan las mujeres autoridades, el Centro de la Mujer Peruana Flora Trist\u00e1n, convoca al VI Concurso: &ldquo;Iniciativas Locales para el Avance de las mujeres&rdquo;, dirigido a alcaldesas y regidoras de municipios distritales y provinciales de Ayacucho, Huancavelica y Cuzco.<\/p>\n","protected":false},"author":1,"featured_media":0,"comment_status":"open","ping_status":"open","sticky":false,"template":"","format":"standard","meta":{"_acf_changed":false,"site-sidebar-layout":"default","site-content-layout":"default","ast-global-header-display":"","ast-main-header-display":"","ast-hfb-above-header-display":"","ast-hfb-below-header-display":"","ast-hfb-mobile-header-display":"","site-post-title":"","ast-breadcrumbs-content":"","ast-featured-img":"","footer-sml-layout":"","theme-transparent-header-meta":"","adv-header-id-meta":"","stick-header-meta":"","header-above-stick-meta":"","header-main-stick-meta":"","header-below-stick-meta":"","_jetpack_memberships_contains_paid_content":false,"footnotes":""},"categories":[26],"tags":[],"class_list":["post-34534","post","type-post","status-publish","format-standard","hentry","category-oferta-academica"],"acf":[],"yoast_head":"<!-- This site is optimized with the Yoast SEO plugin v26.1.1 - https:\/\/yoast.com\/wordpress\/plugins\/seo\/ -->\n<title>IV Concurso &#039;Iniciativas locales para el avance de las mujeres&#039; - CLAM - ES<\/title>\n<meta name=\"robots\" content=\"index, follow, max-snippet:-1, max-image-preview:large, max-video-preview:-1\" \/>\n<link rel=\"canonical\" href=\"https:\/\/clam.org.br\/es\/oferta-academica\/iv-concurso-iniciativas-locales-para-el-avance-de-las-mujeres\/34534\/\" \/>\n<meta property=\"og:locale\" content=\"es_ES\" \/>\n<meta property=\"og:type\" content=\"article\" \/>\n<meta property=\"og:title\" content=\"IV Concurso &#039;Iniciativas locales para el avance de las mujeres&#039; - CLAM - ES\" \/>\n<meta property=\"og:description\" content=\"Con el fin de apoyar el trabajo que realizan las mujeres autoridades, el Centro de la Mujer Peruana Flora Trist\u00e1n, convoca al VI Concurso: &ldquo;Iniciativas Locales para el Avance de las mujeres&rdquo;, dirigido a alcaldesas y regidoras de municipios distritales y provinciales de Ayacucho, Huancavelica y Cuzco.\" \/>\n<meta property=\"og:url\" content=\"https:\/\/clam.org.br\/es\/oferta-academica\/iv-concurso-iniciativas-locales-para-el-avance-de-las-mujeres\/34534\/\" \/>\n<meta property=\"og:site_name\" content=\"CLAM - ES\" \/>\n<meta property=\"article:published_time\" content=\"2006-04-25T03:00:00+00:00\" \/>\n<meta name=\"author\" content=\"fw2\" \/>\n<meta name=\"twitter:card\" content=\"summary_large_image\" \/>\n<meta name=\"twitter:label1\" content=\"Escrito por\" \/>\n\t<meta name=\"twitter:data1\" content=\"fw2\" \/>\n\t<meta name=\"twitter:label2\" content=\"Tiempo de lectura\" \/>\n\t<meta name=\"twitter:data2\" content=\"2 minutos\" \/>\n<script type=\"application\/ld+json\" class=\"yoast-schema-graph\">{\"@context\":\"https:\/\/schema.org\",\"@graph\":[{\"@type\":\"WebPage\",\"@id\":\"https:\/\/clam.org.br\/es\/oferta-academica\/iv-concurso-iniciativas-locales-para-el-avance-de-las-mujeres\/34534\/\",\"url\":\"https:\/\/clam.org.br\/es\/oferta-academica\/iv-concurso-iniciativas-locales-para-el-avance-de-las-mujeres\/34534\/\",\"name\":\"IV Concurso 'Iniciativas locales para el avance de las mujeres' - CLAM - ES\",\"isPartOf\":{\"@id\":\"https:\/\/clam.org.br\/es\/#website\"},\"datePublished\":\"2006-04-25T03:00:00+00:00\",\"author\":{\"@id\":\"https:\/\/clam.org.br\/es\/#\/schema\/person\/fbd9a86032bf7479f94b0ded196f1010\"},\"breadcrumb\":{\"@id\":\"https:\/\/clam.org.br\/es\/oferta-academica\/iv-concurso-iniciativas-locales-para-el-avance-de-las-mujeres\/34534\/#breadcrumb\"},\"inLanguage\":\"es\",\"potentialAction\":[{\"@type\":\"ReadAction\",\"target\":[\"https:\/\/clam.org.br\/es\/oferta-academica\/iv-concurso-iniciativas-locales-para-el-avance-de-las-mujeres\/34534\/\"]}]},{\"@type\":\"BreadcrumbList\",\"@id\":\"https:\/\/clam.org.br\/es\/oferta-academica\/iv-concurso-iniciativas-locales-para-el-avance-de-las-mujeres\/34534\/#breadcrumb\",\"itemListElement\":[{\"@type\":\"ListItem\",\"position\":1,\"name\":\"In\u00edcio\",\"item\":\"https:\/\/clam.org.br\/es\/\"},{\"@type\":\"ListItem\",\"position\":2,\"name\":\"IV Concurso &#8216;Iniciativas locales para el avance de las mujeres&#8217;\"}]},{\"@type\":\"WebSite\",\"@id\":\"https:\/\/clam.org.br\/es\/#website\",\"url\":\"https:\/\/clam.org.br\/es\/\",\"name\":\"CLAM - ES\",\"description\":\"S\u00f3 mais um site CLAM - Centro Latino-Americano em Sexualidade e Direitos Humanos sites\",\"potentialAction\":[{\"@type\":\"SearchAction\",\"target\":{\"@type\":\"EntryPoint\",\"urlTemplate\":\"https:\/\/clam.org.br\/es\/?s={search_term_string}\"},\"query-input\":{\"@type\":\"PropertyValueSpecification\",\"valueRequired\":true,\"valueName\":\"search_term_string\"}}],\"inLanguage\":\"es\"},{\"@type\":\"Person\",\"@id\":\"https:\/\/clam.org.br\/es\/#\/schema\/person\/fbd9a86032bf7479f94b0ded196f1010\",\"name\":\"fw2\",\"image\":{\"@type\":\"ImageObject\",\"inLanguage\":\"es\",\"@id\":\"https:\/\/clam.org.br\/es\/#\/schema\/person\/image\/\",\"url\":\"https:\/\/secure.gravatar.com\/avatar\/c38472c0cdbde82d9b6fcc26adb3779d?s=96&d=mm&r=g\",\"contentUrl\":\"https:\/\/secure.gravatar.com\/avatar\/c38472c0cdbde82d9b6fcc26adb3779d?s=96&d=mm&r=g\",\"caption\":\"fw2\"},\"sameAs\":[\"https:\/\/clam.fw2web.com.br\"],\"url\":\"https:\/\/clam.org.br\/es\/author\/fw2\/\"}]}<\/script>\n<!-- \/ Yoast SEO plugin. -->","yoast_head_json":{"title":"IV Concurso 'Iniciativas locales para el avance de las mujeres' - CLAM - ES","robots":{"index":"index","follow":"follow","max-snippet":"max-snippet:-1","max-image-preview":"max-image-preview:large","max-video-preview":"max-video-preview:-1"},"canonical":"https:\/\/clam.org.br\/es\/oferta-academica\/iv-concurso-iniciativas-locales-para-el-avance-de-las-mujeres\/34534\/","og_locale":"es_ES","og_type":"article","og_title":"IV Concurso 'Iniciativas locales para el avance de las mujeres' - CLAM - ES","og_description":"Con el fin de apoyar el trabajo que realizan las mujeres autoridades, el Centro de la Mujer Peruana Flora Trist\u00e1n, convoca al VI Concurso: &ldquo;Iniciativas Locales para el Avance de las mujeres&rdquo;, dirigido a alcaldesas y regidoras de municipios distritales y provinciales de Ayacucho, Huancavelica y Cuzco.","og_url":"https:\/\/clam.org.br\/es\/oferta-academica\/iv-concurso-iniciativas-locales-para-el-avance-de-las-mujeres\/34534\/","og_site_name":"CLAM - ES","article_published_time":"2006-04-25T03:00:00+00:00","author":"fw2","twitter_card":"summary_large_image","twitter_misc":{"Escrito por":"fw2","Tiempo de lectura":"2 minutos"},"schema":{"@context":"https:\/\/schema.org","@graph":[{"@type":"WebPage","@id":"https:\/\/clam.org.br\/es\/oferta-academica\/iv-concurso-iniciativas-locales-para-el-avance-de-las-mujeres\/34534\/","url":"https:\/\/clam.org.br\/es\/oferta-academica\/iv-concurso-iniciativas-locales-para-el-avance-de-las-mujeres\/34534\/","name":"IV Concurso 'Iniciativas locales para el avance de las mujeres' - CLAM - ES","isPartOf":{"@id":"https:\/\/clam.org.br\/es\/#website"},"datePublished":"2006-04-25T03:00:00+00:00","author":{"@id":"https:\/\/clam.org.br\/es\/#\/schema\/person\/fbd9a86032bf7479f94b0ded196f1010"},"breadcrumb":{"@id":"https:\/\/clam.org.br\/es\/oferta-academica\/iv-concurso-iniciativas-locales-para-el-avance-de-las-mujeres\/34534\/#breadcrumb"},"inLanguage":"es","potentialAction":[{"@type":"ReadAction","target":["https:\/\/clam.org.br\/es\/oferta-academica\/iv-concurso-iniciativas-locales-para-el-avance-de-las-mujeres\/34534\/"]}]},{"@type":"BreadcrumbList","@id":"https:\/\/clam.org.br\/es\/oferta-academica\/iv-concurso-iniciativas-locales-para-el-avance-de-las-mujeres\/34534\/#breadcrumb","itemListElement":[{"@type":"ListItem","position":1,"name":"In\u00edcio","item":"https:\/\/clam.org.br\/es\/"},{"@type":"ListItem","position":2,"name":"IV Concurso &#8216;Iniciativas locales para el avance de las mujeres&#8217;"}]},{"@type":"WebSite","@id":"https:\/\/clam.org.br\/es\/#website","url":"https:\/\/clam.org.br\/es\/","name":"CLAM - ES","description":"S\u00f3 mais um site CLAM - Centro Latino-Americano em Sexualidade e Direitos Humanos sites","potentialAction":[{"@type":"SearchAction","target":{"@type":"EntryPoint","urlTemplate":"https:\/\/clam.org.br\/es\/?s={search_term_string}"},"query-input":{"@type":"PropertyValueSpecification","valueRequired":true,"valueName":"search_term_string"}}],"inLanguage":"es"},{"@type":"Person","@id":"https:\/\/clam.org.br\/es\/#\/schema\/person\/fbd9a86032bf7479f94b0ded196f1010","name":"fw2","image":{"@type":"ImageObject","inLanguage":"es","@id":"https:\/\/clam.org.br\/es\/#\/schema\/person\/image\/","url":"https:\/\/secure.gravatar.com\/avatar\/c38472c0cdbde82d9b6fcc26adb3779d?s=96&d=mm&r=g","contentUrl":"https:\/\/secure.gravatar.com\/avatar\/c38472c0cdbde82d9b6fcc26adb3779d?s=96&d=mm&r=g","caption":"fw2"},"sameAs":["https:\/\/clam.fw2web.com.br"],"url":"https:\/\/clam.org.br\/es\/author\/fw2\/"}]}},"jetpack_featured_media_url":"","jetpack_sharing_enabled":true,"_links":{"self":[{"href":"https:\/\/clam.org.br\/es\/wp-json\/wp\/v2\/posts\/34534","targetHints":{"allow":["GET"]}}],"collection":[{"href":"https:\/\/clam.org.br\/es\/wp-json\/wp\/v2\/posts"}],"about":[{"href":"https:\/\/clam.org.br\/es\/wp-json\/wp\/v2\/types\/post"}],"author":[{"embeddable":true,"href":"https:\/\/clam.org.br\/es\/wp-json\/wp\/v2\/users\/1"}],"replies":[{"embeddable":true,"href":"https:\/\/clam.org.br\/es\/wp-json\/wp\/v2\/comments?post=34534"}],"version-history":[{"count":0,"href":"https:\/\/clam.org.br\/es\/wp-json\/wp\/v2\/posts\/34534\/revisions"}],"wp:attachment":[{"href":"https:\/\/clam.org.br\/es\/wp-json\/wp\/v2\/media?parent=34534"}],"wp:term":[{"taxonomy":"category","embeddable":true,"href":"https:\/\/clam.org.br\/es\/wp-json\/wp\/v2\/categories?post=34534"},{"taxonomy":"post_tag","embeddable":true,"href":"https:\/\/clam.org.br\/es\/wp-json\/wp\/v2\/tags?post=34534"}],"curies":[{"name":"wp","href":"https:\/\/api.w.org\/{rel}","templated":true}]}}