{"id":34540,"date":"2006-05-16T00:00:00","date_gmt":"2006-05-16T03:00:00","guid":{"rendered":"https:\/\/clam.fw2web.com.br\/es\/2006\/05\/16\/8-congreso-argentino-de-antropologia-social\/"},"modified":"2006-05-16T00:00:00","modified_gmt":"2006-05-16T03:00:00","slug":"8-congreso-argentino-de-antropologia-social","status":"publish","type":"post","link":"https:\/\/clam.org.br\/es\/oferta-academica\/8-congreso-argentino-de-antropologia-social\/34540\/","title":{"rendered":"8\u00b0 Congreso Argentino de Antropolog\u00eda Social"},"content":{"rendered":"<p><P class=MsoNormal style=\"MARGIN: 0cm 0cm 0pt\"><SPAN lang=ES style=\"FONT-SIZE: 10pt; FONT-FAMILY: Verdana; mso-ansi-language: ES\">El 8\u00b0 Congreso Argentino de Antropolog\u00eda Social se llevar\u00e1 a cabo en la ciudad de Salta los d\u00edas 19 al 22 de septiembre del a\u00f1o 2006. Se enmarcar\u00e1 dentro de la problem\u00e1tica &ldquo;Globalidad y diversidad: tensiones contempor\u00e1neas&rdquo;, atendiendo a una realidad que es ineludible hoy en d\u00eda, la de la convivencia de voces m\u00faltiples en un mundo que econ\u00f3mica, pol\u00edtica y tecnol\u00f3gicamente tiende a mostrarse cada vez m\u00e1s como un modelo \u00fanico y excluyente.<?xml:namespace prefix = o ns = \"urn:schemas-microsoft-com:office:office\" \/><o_p><\/o_p><\/SPAN><\/P> <P class=MsoNormal style=\"MARGIN: 0cm 0cm 0pt\"><SPAN lang=ES style=\"FONT-SIZE: 10pt; FONT-FAMILY: Verdana; mso-ansi-language: ES\"><o_p>&nbsp;<\/o_p><\/SPAN><\/P> <P class=MsoNormal style=\"MARGIN: 0cm 0cm 0pt\"><SPAN lang=ES style=\"FONT-SIZE: 10pt; FONT-FAMILY: Verdana; mso-ansi-language: ES\">Es organizado por <\/SPAN><?xml:namespace prefix = st1 ns = \"urn:schemas-microsoft-com:office:smarttags\" \/><st1_PersonName ProductID=\"la Carrera\"><SPAN lang=ES style=\"FONT-SIZE: 10pt; FONT-FAMILY: Verdana; mso-ansi-language: ES\">la Carrera<\/SPAN><\/st1_PersonName><SPAN lang=ES style=\"FONT-SIZE: 10pt; FONT-FAMILY: Verdana; mso-ansi-language: ES\"> de Antropolog\u00eda de <\/SPAN><st1_PersonName ProductID=\"la Facultad\"><SPAN lang=ES style=\"FONT-SIZE: 10pt; FONT-FAMILY: Verdana; mso-ansi-language: ES\">la Facultad<\/SPAN><\/st1_PersonName><SPAN lang=ES style=\"FONT-SIZE: 10pt; FONT-FAMILY: Verdana; mso-ansi-language: ES\"> de Humanidades de <\/SPAN><st1_PersonName ProductID=\"la Universidad Nacional\"><SPAN lang=ES style=\"FONT-SIZE: 10pt; FONT-FAMILY: Verdana; mso-ansi-language: ES\">la Universidad Nacional<\/SPAN><\/st1_PersonName><SPAN lang=ES style=\"FONT-SIZE: 10pt; FONT-FAMILY: Verdana; mso-ansi-language: ES\"> de Salta.<o_p><\/o_p><\/SPAN><\/P> <P class=MsoNormal style=\"MARGIN: 0cm 0cm 0pt\"><SPAN lang=ES style=\"FONT-SIZE: 10pt; FONT-FAMILY: Verdana; mso-ansi-language: ES\"><o_p>&nbsp;<\/o_p><\/SPAN><\/P> <P class=MsoNormal style=\"MARGIN: 0cm 0cm 0pt\"><SPAN lang=ES style=\"FONT-SIZE: 10pt; FONT-FAMILY: Verdana; mso-ansi-language: ES\">Comit\u00e9 organizador:<o_p><\/o_p><\/SPAN><\/P> <P class=MsoNormal style=\"MARGIN: 0cm 0cm 0pt\"><SPAN lang=ES style=\"FONT-SIZE: 10pt; FONT-FAMILY: Verdana; mso-ansi-language: ES\"><o_p>&nbsp;<\/o_p><\/SPAN><\/P> <P class=MsoNormal style=\"MARGIN: 0cm 0cm 0pt\"><SPAN lang=ES style=\"FONT-SIZE: 10pt; FONT-FAMILY: Verdana; mso-ansi-language: ES\">Edgardo O. Garbulsky, Presidente Honorario<o_p><\/o_p><\/SPAN><\/P> <P class=MsoNormal style=\"MARGIN: 0cm 0cm 0pt\"><SPAN lang=ES style=\"FONT-SIZE: 10pt; FONT-FAMILY: Verdana; mso-ansi-language: ES\">H\u00e9ctor Eduardo Rodr\u00edguez, Presidente Ejecutivo<o_p><\/o_p><\/SPAN><\/P> <P class=MsoNormal style=\"MARGIN: 0cm 0cm 0pt\"><SPAN lang=ES style=\"FONT-SIZE: 10pt; FONT-FAMILY: Verdana; mso-ansi-language: ES\">Jos\u00e9 Miguel Naharro, Secretario General<o_p><\/o_p><\/SPAN><\/P> <P class=MsoNormal style=\"MARGIN: 0cm 0cm 0pt\"><SPAN lang=ES style=\"FONT-SIZE: 10pt; FONT-FAMILY: Verdana; mso-ansi-language: ES\">Mar\u00eda Angela Aguilar, Coordinadora General Comit\u00e9 Cient\u00edfico<o_p><\/o_p><\/SPAN><\/P> <P class=MsoNormal style=\"MARGIN: 0cm 0cm 0pt\"><SPAN lang=ES style=\"FONT-SIZE: 10pt; FONT-FAMILY: Verdana; mso-ansi-language: ES\"><o_p>&nbsp;<\/o_p><\/SPAN><\/P> <P class=MsoNormal style=\"MARGIN: 0cm 0cm 0pt\"><SPAN lang=ES style=\"FONT-SIZE: 10pt; FONT-FAMILY: Verdana; mso-ansi-language: ES\">M\u00e1s informaci\u00f3n disponible en la p\u00e1gina web del Congreso:<B style=\"mso-bidi-font-weight: normal\"> <\/B><a href=\"http:\/\/redir.php\/?http:\/www.unsa.edu.ar\/salta8caas\/index.html\" target=\"_blank\" rel=\"noopener\">http:\/\/www.unsa.edu.ar\/salta8caas\/index.html<\/A><o_p><\/o_p><\/SPAN><\/P> <P class=MsoNormal style=\"MARGIN: 0cm 0cm 0pt\"><SPAN lang=ES style=\"FONT-SIZE: 10pt; FONT-FAMILY: Verdana; mso-ansi-language: ES\"><o_p>&nbsp;<\/o_p><\/SPAN><\/P> <P class=MsoNormal style=\"MARGIN: 0cm 0cm 0pt\"><SPAN lang=ES style=\"FONT-SIZE: 10pt; FONT-FAMILY: Verdana; mso-ansi-language: ES\">Direcciones de contacto:<o_p><\/o_p><\/SPAN><\/P> <P class=MsoNormal style=\"MARGIN: 0cm 0cm 0pt\"><SPAN lang=ES style=\"FONT-SIZE: 10pt; FONT-FAMILY: Verdana; mso-ansi-language: ES\"><o_p>&nbsp;<\/o_p><\/SPAN><\/P> <P class=MsoNormal style=\"MARGIN: 0cm 0cm 0pt\"><SPAN lang=ES style=\"FONT-SIZE: 10pt; FONT-FAMILY: Verdana; mso-ansi-language: ES\">8\u00b0 Congreso Argentino de Antropolog\u00eda Social: <\/SPAN><SPAN style=\"FONT-SIZE: 10pt; COLOR: blue; FONT-FAMILY: Verdana\"><a href=\"http:\/\/webmail.ims.uerj.br\/newmsg.php?sid=b4d6e35b1d0df5e57ba80ae7ec335af9&amp;tid=default&amp;lid=pt_BR&amp;to=secretariasalta8caas@yahoo.com.ar\" target=\"_top\" rel=\"noopener\"><SPAN lang=ES style=\"mso-ansi-language: ES\">secretariasalta8caas@yahoo.com.ar<\/SPAN><\/A><a href=\"http:\/\/webmail.ims.uerj.br\/newmsg.php?sid=b4d6e35b1d0df5e57ba80ae7ec335af9&amp;tid=default&amp;lid=pt_BR&amp;to=salta8caas@unsa.edu.ar\" target=\"_top\" rel=\"noopener\"><\/A><\/SPAN><SPAN lang=ES style=\"FONT-SIZE: 10pt; COLOR: blue; FONT-FAMILY: Verdana; mso-ansi-language: ES\"><o_p><\/o_p><\/SPAN><\/P> <P class=MsoNormal style=\"MARGIN: 0cm 0cm 0pt\"><SPAN lang=ES style=\"FONT-SIZE: 10pt; FONT-FAMILY: Verdana; mso-ansi-language: ES\">Escuela de Antropolog\u00eda: <\/SPAN><SPAN style=\"FONT-SIZE: 10pt; COLOR: blue; FONT-FAMILY: Verdana\"><a href=\"http:\/\/webmail.ims.uerj.br\/newmsg.php?sid=b4d6e35b1d0df5e57ba80ae7ec335af9&amp;tid=default&amp;lid=pt_BR&amp;to=antropol@unsa.edu.ar\" target=\"_top\" rel=\"noopener\"><SPAN lang=ES style=\"mso-ansi-language: ES\">antropol@unsa.edu.ar<\/SPAN><\/A><\/SPAN><SPAN lang=ES style=\"FONT-SIZE: 10pt; COLOR: blue; FONT-FAMILY: Verdana; mso-ansi-language: ES\"> <o_p><\/o_p><\/SPAN><\/P> <P class=MsoNormal style=\"MARGIN: 0cm 0cm 0pt\"><SPAN lang=ES style=\"FONT-SIZE: 10pt; FONT-FAMILY: Verdana; mso-ansi-language: ES\">Presidencia honoraria: <\/SPAN><SPAN style=\"FONT-SIZE: 10pt; COLOR: blue; FONT-FAMILY: Verdana\"><a href=\"http:\/\/webmail.ims.uerj.br\/newmsg.php?sid=b4d6e35b1d0df5e57ba80ae7ec335af9&amp;tid=default&amp;lid=pt_BR&amp;to=egarbul@agatha.unr.edu.ar\" target=\"_top\" rel=\"noopener\"><SPAN lang=ES style=\"mso-ansi-language: ES\">egarbul@agatha.unr.edu.ar<\/SPAN><\/A><\/SPAN><SPAN lang=ES style=\"FONT-SIZE: 10pt; COLOR: blue; FONT-FAMILY: Verdana; mso-ansi-language: ES\"><o_p><\/o_p><\/SPAN><\/P> <P class=MsoNormal style=\"MARGIN: 0cm 0cm 0pt\"><SPAN lang=ES style=\"FONT-SIZE: 10pt; FONT-FAMILY: Verdana; mso-ansi-language: ES\">Presidencia ejecutiva: <\/SPAN><SPAN style=\"FONT-SIZE: 10pt; COLOR: blue; FONT-FAMILY: Verdana\"><a href=\"http:\/\/webmail.ims.uerj.br\/newmsg.php?sid=b4d6e35b1d0df5e57ba80ae7ec335af9&amp;tid=default&amp;lid=pt_BR&amp;to=hrodrig@unsa.edu.ar\" target=\"_top\" rel=\"noopener\"><SPAN lang=ES style=\"mso-ansi-language: ES\">hrodrig@unsa.edu.ar<\/SPAN><\/A><\/SPAN><SPAN lang=ES style=\"FONT-SIZE: 10pt; COLOR: blue; FONT-FAMILY: Verdana; mso-ansi-language: ES\"><o_p><\/o_p><\/SPAN><\/P> <P class=MsoNormal style=\"MARGIN: 0cm 0cm 0pt\"><SPAN lang=ES style=\"FONT-SIZE: 10pt; FONT-FAMILY: Verdana; mso-ansi-language: ES\">Secretar\u00eda general: <\/SPAN><SPAN style=\"FONT-SIZE: 10pt; COLOR: blue; FONT-FAMILY: Verdana\"><a href=\"http:\/\/webmail.ims.uerj.br\/newmsg.php?sid=b4d6e35b1d0df5e57ba80ae7ec335af9&amp;tid=default&amp;lid=pt_BR&amp;to=jose_naharro@yahoo.com.ar\" target=\"_top\" rel=\"noopener\"><SPAN lang=ES style=\"mso-ansi-language: ES\">jose_naharro@yahoo.com.ar<\/SPAN><\/A><\/SPAN><SPAN lang=ES style=\"FONT-SIZE: 10pt; FONT-FAMILY: Verdana; mso-ansi-language: ES\"><o_p><\/o_p><\/SPAN><\/P> <P class=MsoNormal style=\"MARGIN: 0cm 0cm 0pt\"><SPAN lang=ES style=\"FONT-SIZE: 10pt; FONT-FAMILY: Verdana; mso-ansi-language: ES\">Coordinaci\u00f3n acad\u00e9mica:<\/SPAN><SPAN style=\"FONT-SIZE: 10pt; COLOR: blue; FONT-FAMILY: Verdana\"><a href=\"http:\/\/webmail.ims.uerj.br\/newmsg.php?sid=b4d6e35b1d0df5e57ba80ae7ec335af9&amp;tid=default&amp;lid=pt_BR&amp;to=maaguilar@sinectis.com.ar\" target=\"_top\" rel=\"noopener\"><SPAN lang=ES style=\"mso-ansi-language: ES\"> maaguilar@sinectis.com.ar<\/SPAN><\/A><\/SPAN><SPAN lang=ES style=\"FONT-SIZE: 10pt; FONT-FAMILY: Verdana; mso-ansi-language: ES\"><o_p><\/o_p><\/SPAN><\/P> <P class=MsoNormal style=\"MARGIN: 0cm 0cm 0pt\"><SPAN lang=ES style=\"FONT-SIZE: 10pt; FONT-FAMILY: Verdana; mso-ansi-language: ES\">Informaci\u00f3n:<\/SPAN><SPAN style=\"FONT-SIZE: 10pt; COLOR: blue; FONT-FAMILY: Verdana\"><a href=\"http:\/\/webmail.ims.uerj.br\/newmsg.php?sid=b4d6e35b1d0df5e57ba80ae7ec335af9&amp;tid=default&amp;lid=pt_BR&amp;to=secretariasalta8caas@yahoo.com.ar\" target=\"_top\" rel=\"noopener\"><SPAN lang=ES style=\"mso-ansi-language: ES\"> secretariasalta8caas@yahoo.com.ar<\/SPAN><\/A><\/SPAN><SPAN class=vinculo1><SPAN style=\"FONT-SIZE: 10pt; COLOR: blue; FONT-FAMILY: Verdana; mso-ansi-language: ES\"> <SPAN lang=ES><o_p><\/o_p><\/SPAN><\/SPAN><\/SPAN><\/P> <P class=MsoNormal style=\"MARGIN: 0cm 0cm 0pt\"><SPAN style=\"FONT-SIZE: 10pt; COLOR: blue; FONT-FAMILY: Verdana\"><a href=\"http:\/\/webmail.ims.uerj.br\/newmsg.php?sid=b4d6e35b1d0df5e57ba80ae7ec335af9&amp;tid=default&amp;lid=pt_BR&amp;to=afgauffin@hotmail.com\" target=\"_top\" rel=\"noopener\"><SPAN lang=ES style=\"mso-ansi-language: ES\">afgauffin@hotmail.com <\/SPAN><\/A><\/SPAN><SPAN lang=ES style=\"FONT-SIZE: 10pt; COLOR: blue; FONT-FAMILY: Verdana; mso-ansi-language: ES\"><o_p><\/o_p><\/SPAN><\/P> <P class=MsoNormal style=\"MARGIN: 0cm 0cm 0pt\"><SPAN style=\"FONT-SIZE: 10pt; COLOR: blue; FONT-FAMILY: Verdana\"><a href=\"http:\/\/webmail.ims.uerj.br\/newmsg.php?sid=b4d6e35b1d0df5e57ba80ae7ec335af9&amp;tid=default&amp;lid=pt_BR&amp;to=ferpeq7@yahoo.com.ar\" target=\"_top\" rel=\"noopener\"><SPAN lang=ES style=\"mso-ansi-language: ES\">ferpeq7@yahoo.com.ar<\/SPAN><\/A><\/SPAN><SPAN lang=ES style=\"FONT-SIZE: 10pt; COLOR: blue; FONT-FAMILY: Verdana; mso-ansi-language: ES\"><o_p><\/o_p><\/SPAN><\/P> <P class=MsoNormal style=\"MARGIN: 0cm 0cm 0pt\"><SPAN lang=ES style=\"FONT-SIZE: 10pt; FONT-FAMILY: Verdana; mso-ansi-language: ES\">Inscripciones: <\/SPAN><SPAN style=\"FONT-SIZE: 10pt; COLOR: blue; FONT-FAMILY: Verdana\"><a href=\"http:\/\/webmail.ims.uerj.br\/newmsg.php?sid=b4d6e35b1d0df5e57ba80ae7ec335af9&amp;tid=default&amp;lid=pt_BR&amp;to=inscripciones8caas@yahoo.com.ar\" target=\"_top\" rel=\"noopener\"><SPAN lang=ES style=\"mso-ansi-language: ES\">inscripciones8caas@yahoo.com.ar<\/SPAN><\/A><\/SPAN><SPAN lang=ES style=\"FONT-SIZE: 10pt; COLOR: blue; FONT-FAMILY: Verdana; mso-ansi-language: ES\"><o_p><\/o_p><\/SPAN><\/P> <P class=MsoNormal style=\"MARGIN: 0cm 0cm 0pt\"><SPAN lang=ES style=\"FONT-SIZE: 10pt; FONT-FAMILY: Verdana; mso-ansi-language: ES\">Espacios y medios audiovisuales:<\/SPAN><SPAN style=\"FONT-SIZE: 10pt; COLOR: blue; FONT-FAMILY: Verdana\"><a href=\"http:\/\/webmail.ims.uerj.br\/newmsg.php?sid=b4d6e35b1d0df5e57ba80ae7ec335af9&amp;tid=default&amp;lid=pt_BR&amp;to=vitomar@unsa.edu.ar\" target=\"_top\" rel=\"noopener\"><SPAN lang=ES style=\"mso-ansi-language: ES\"> vitomar@unsa.edu.ar<\/SPAN><\/A><\/SPAN><SPAN lang=ES style=\"FONT-SIZE: 10pt; COLOR: blue; FONT-FAMILY: Verdana; mso-ansi-language: ES\"><o_p><\/o_p><\/SPAN><\/P> <P class=MsoNormal style=\"MARGIN: 0cm 0cm 0pt\"><SPAN lang=ES style=\"FONT-SIZE: 10pt; FONT-FAMILY: Verdana; mso-ansi-language: ES\">Alojamiento y actividades: <\/SPAN><SPAN style=\"FONT-SIZE: 10pt; COLOR: blue; FONT-FAMILY: Verdana\"><a href=\"http:\/\/webmail.ims.uerj.br\/newmsg.php?sid=b4d6e35b1d0df5e57ba80ae7ec335af9&amp;tid=default&amp;lid=pt_BR&amp;to=mlocelso@unsa.edu.ar\" target=\"_top\" rel=\"noopener\"><SPAN lang=ES style=\"mso-ansi-language: ES\">mlocelso@unsa.edu.ar<\/SPAN><\/A><\/SPAN><SPAN style=\"FONT-SIZE: 10pt; COLOR: blue; FONT-FAMILY: Verdana; mso-ansi-language: ES\"> <SPAN class=vinculo1><SPAN lang=ES><o_p><\/o_p><\/SPAN><\/SPAN><\/SPAN><\/P> <P class=MsoNormal style=\"MARGIN: 0cm 0cm 0pt\"><SPAN lang=ES style=\"FONT-SIZE: 10pt; COLOR: blue; FONT-FAMILY: Verdana; mso-ansi-language: ES\"><SPAN style=\"mso-spacerun: yes\">&nbsp;<\/SPAN><\/SPAN><SPAN style=\"FONT-SIZE: 10pt; COLOR: blue; FONT-FAMILY: Verdana\"><a href=\"http:\/\/webmail.ims.uerj.br\/newmsg.php?sid=b4d6e35b1d0df5e57ba80ae7ec335af9&amp;tid=default&amp;lid=pt_BR&amp;to=javieryudi@hotmail.com\" target=\"_top\" rel=\"noopener\"><SPAN lang=ES style=\"mso-ansi-language: ES\">javieryudi@hotmail.com<\/SPAN><\/A><\/SPAN><SPAN lang=ES style=\"FONT-SIZE: 10pt; FONT-FAMILY: Verdana; mso-ansi-language: ES\"><o_p><\/o_p><\/SPAN><\/P><\/p>\n","protected":false},"excerpt":{"rendered":"<p>El 8\u00b0 Congreso Argentino de Antropolog\u00eda Social se llevar\u00e1 a cabo en la ciudad de Salta los d\u00edas 19 al 22 de septiembre del a\u00f1o 2006. Se enmarcar\u00e1 dentro de la problem\u00e1tica &ldquo;Globalidad y diversidad: tensiones contempor\u00e1neas&rdquo;, atendiendo a una realidad que es ineludible hoy en d\u00eda, la de la convivencia de voces m\u00faltiples en un mundo que econ\u00f3mica, pol\u00edtica y tecnol\u00f3gicamente tiende a mostrarse cada vez m\u00e1s como un modelo \u00fanico y excluyente.<\/p>\n","protected":false},"author":1,"featured_media":0,"comment_status":"open","ping_status":"open","sticky":false,"template":"","format":"standard","meta":{"_acf_changed":false,"site-sidebar-layout":"default","site-content-layout":"default","ast-global-header-display":"","ast-main-header-display":"","ast-hfb-above-header-display":"","ast-hfb-below-header-display":"","ast-hfb-mobile-header-display":"","site-post-title":"","ast-breadcrumbs-content":"","ast-featured-img":"","footer-sml-layout":"","theme-transparent-header-meta":"","adv-header-id-meta":"","stick-header-meta":"","header-above-stick-meta":"","header-main-stick-meta":"","header-below-stick-meta":"","_jetpack_memberships_contains_paid_content":false,"footnotes":""},"categories":[26],"tags":[],"class_list":["post-34540","post","type-post","status-publish","format-standard","hentry","category-oferta-academica"],"acf":[],"yoast_head":"<!-- This site is optimized with the Yoast SEO plugin v26.1.1 - https:\/\/yoast.com\/wordpress\/plugins\/seo\/ -->\n<title>8\u00b0 Congreso Argentino de Antropolog\u00eda Social - CLAM - ES<\/title>\n<meta name=\"robots\" content=\"index, follow, max-snippet:-1, max-image-preview:large, max-video-preview:-1\" \/>\n<link rel=\"canonical\" href=\"https:\/\/clam.org.br\/es\/oferta-academica\/8-congreso-argentino-de-antropologia-social\/34540\/\" \/>\n<meta property=\"og:locale\" content=\"es_ES\" \/>\n<meta property=\"og:type\" content=\"article\" \/>\n<meta property=\"og:title\" content=\"8\u00b0 Congreso Argentino de Antropolog\u00eda Social - CLAM - ES\" \/>\n<meta property=\"og:description\" content=\"El 8\u00b0 Congreso Argentino de Antropolog\u00eda Social se llevar\u00e1 a cabo en la ciudad de Salta los d\u00edas 19 al 22 de septiembre del a\u00f1o 2006. Se enmarcar\u00e1 dentro de la problem\u00e1tica &ldquo;Globalidad y diversidad: tensiones contempor\u00e1neas&rdquo;, atendiendo a una realidad que es ineludible hoy en d\u00eda, la de la convivencia de voces m\u00faltiples en un mundo que econ\u00f3mica, pol\u00edtica y tecnol\u00f3gicamente tiende a mostrarse cada vez m\u00e1s como un modelo \u00fanico y excluyente.\" \/>\n<meta property=\"og:url\" content=\"https:\/\/clam.org.br\/es\/oferta-academica\/8-congreso-argentino-de-antropologia-social\/34540\/\" \/>\n<meta property=\"og:site_name\" content=\"CLAM - ES\" \/>\n<meta property=\"article:published_time\" content=\"2006-05-16T03:00:00+00:00\" \/>\n<meta name=\"author\" content=\"fw2\" \/>\n<meta name=\"twitter:card\" content=\"summary_large_image\" \/>\n<meta name=\"twitter:label1\" content=\"Escrito por\" \/>\n\t<meta name=\"twitter:data1\" content=\"fw2\" \/>\n\t<meta name=\"twitter:label2\" content=\"Tiempo de lectura\" \/>\n\t<meta name=\"twitter:data2\" content=\"1 minuto\" \/>\n<script type=\"application\/ld+json\" class=\"yoast-schema-graph\">{\"@context\":\"https:\/\/schema.org\",\"@graph\":[{\"@type\":\"WebPage\",\"@id\":\"https:\/\/clam.org.br\/es\/oferta-academica\/8-congreso-argentino-de-antropologia-social\/34540\/\",\"url\":\"https:\/\/clam.org.br\/es\/oferta-academica\/8-congreso-argentino-de-antropologia-social\/34540\/\",\"name\":\"8\u00b0 Congreso Argentino de Antropolog\u00eda Social - CLAM - ES\",\"isPartOf\":{\"@id\":\"https:\/\/clam.org.br\/es\/#website\"},\"datePublished\":\"2006-05-16T03:00:00+00:00\",\"author\":{\"@id\":\"https:\/\/clam.org.br\/es\/#\/schema\/person\/fbd9a86032bf7479f94b0ded196f1010\"},\"breadcrumb\":{\"@id\":\"https:\/\/clam.org.br\/es\/oferta-academica\/8-congreso-argentino-de-antropologia-social\/34540\/#breadcrumb\"},\"inLanguage\":\"es\",\"potentialAction\":[{\"@type\":\"ReadAction\",\"target\":[\"https:\/\/clam.org.br\/es\/oferta-academica\/8-congreso-argentino-de-antropologia-social\/34540\/\"]}]},{\"@type\":\"BreadcrumbList\",\"@id\":\"https:\/\/clam.org.br\/es\/oferta-academica\/8-congreso-argentino-de-antropologia-social\/34540\/#breadcrumb\",\"itemListElement\":[{\"@type\":\"ListItem\",\"position\":1,\"name\":\"In\u00edcio\",\"item\":\"https:\/\/clam.org.br\/es\/\"},{\"@type\":\"ListItem\",\"position\":2,\"name\":\"8\u00b0 Congreso Argentino de Antropolog\u00eda Social\"}]},{\"@type\":\"WebSite\",\"@id\":\"https:\/\/clam.org.br\/es\/#website\",\"url\":\"https:\/\/clam.org.br\/es\/\",\"name\":\"CLAM - ES\",\"description\":\"S\u00f3 mais um site CLAM - Centro Latino-Americano em Sexualidade e Direitos Humanos sites\",\"potentialAction\":[{\"@type\":\"SearchAction\",\"target\":{\"@type\":\"EntryPoint\",\"urlTemplate\":\"https:\/\/clam.org.br\/es\/?s={search_term_string}\"},\"query-input\":{\"@type\":\"PropertyValueSpecification\",\"valueRequired\":true,\"valueName\":\"search_term_string\"}}],\"inLanguage\":\"es\"},{\"@type\":\"Person\",\"@id\":\"https:\/\/clam.org.br\/es\/#\/schema\/person\/fbd9a86032bf7479f94b0ded196f1010\",\"name\":\"fw2\",\"image\":{\"@type\":\"ImageObject\",\"inLanguage\":\"es\",\"@id\":\"https:\/\/clam.org.br\/es\/#\/schema\/person\/image\/\",\"url\":\"https:\/\/secure.gravatar.com\/avatar\/c38472c0cdbde82d9b6fcc26adb3779d?s=96&d=mm&r=g\",\"contentUrl\":\"https:\/\/secure.gravatar.com\/avatar\/c38472c0cdbde82d9b6fcc26adb3779d?s=96&d=mm&r=g\",\"caption\":\"fw2\"},\"sameAs\":[\"https:\/\/clam.fw2web.com.br\"],\"url\":\"https:\/\/clam.org.br\/es\/author\/fw2\/\"}]}<\/script>\n<!-- \/ Yoast SEO plugin. -->","yoast_head_json":{"title":"8\u00b0 Congreso Argentino de Antropolog\u00eda Social - CLAM - ES","robots":{"index":"index","follow":"follow","max-snippet":"max-snippet:-1","max-image-preview":"max-image-preview:large","max-video-preview":"max-video-preview:-1"},"canonical":"https:\/\/clam.org.br\/es\/oferta-academica\/8-congreso-argentino-de-antropologia-social\/34540\/","og_locale":"es_ES","og_type":"article","og_title":"8\u00b0 Congreso Argentino de Antropolog\u00eda Social - CLAM - ES","og_description":"El 8\u00b0 Congreso Argentino de Antropolog\u00eda Social se llevar\u00e1 a cabo en la ciudad de Salta los d\u00edas 19 al 22 de septiembre del a\u00f1o 2006. Se enmarcar\u00e1 dentro de la problem\u00e1tica &ldquo;Globalidad y diversidad: tensiones contempor\u00e1neas&rdquo;, atendiendo a una realidad que es ineludible hoy en d\u00eda, la de la convivencia de voces m\u00faltiples en un mundo que econ\u00f3mica, pol\u00edtica y tecnol\u00f3gicamente tiende a mostrarse cada vez m\u00e1s como un modelo \u00fanico y excluyente.","og_url":"https:\/\/clam.org.br\/es\/oferta-academica\/8-congreso-argentino-de-antropologia-social\/34540\/","og_site_name":"CLAM - ES","article_published_time":"2006-05-16T03:00:00+00:00","author":"fw2","twitter_card":"summary_large_image","twitter_misc":{"Escrito por":"fw2","Tiempo de lectura":"1 minuto"},"schema":{"@context":"https:\/\/schema.org","@graph":[{"@type":"WebPage","@id":"https:\/\/clam.org.br\/es\/oferta-academica\/8-congreso-argentino-de-antropologia-social\/34540\/","url":"https:\/\/clam.org.br\/es\/oferta-academica\/8-congreso-argentino-de-antropologia-social\/34540\/","name":"8\u00b0 Congreso Argentino de Antropolog\u00eda Social - CLAM - ES","isPartOf":{"@id":"https:\/\/clam.org.br\/es\/#website"},"datePublished":"2006-05-16T03:00:00+00:00","author":{"@id":"https:\/\/clam.org.br\/es\/#\/schema\/person\/fbd9a86032bf7479f94b0ded196f1010"},"breadcrumb":{"@id":"https:\/\/clam.org.br\/es\/oferta-academica\/8-congreso-argentino-de-antropologia-social\/34540\/#breadcrumb"},"inLanguage":"es","potentialAction":[{"@type":"ReadAction","target":["https:\/\/clam.org.br\/es\/oferta-academica\/8-congreso-argentino-de-antropologia-social\/34540\/"]}]},{"@type":"BreadcrumbList","@id":"https:\/\/clam.org.br\/es\/oferta-academica\/8-congreso-argentino-de-antropologia-social\/34540\/#breadcrumb","itemListElement":[{"@type":"ListItem","position":1,"name":"In\u00edcio","item":"https:\/\/clam.org.br\/es\/"},{"@type":"ListItem","position":2,"name":"8\u00b0 Congreso Argentino de Antropolog\u00eda Social"}]},{"@type":"WebSite","@id":"https:\/\/clam.org.br\/es\/#website","url":"https:\/\/clam.org.br\/es\/","name":"CLAM - ES","description":"S\u00f3 mais um site CLAM - Centro Latino-Americano em Sexualidade e Direitos Humanos sites","potentialAction":[{"@type":"SearchAction","target":{"@type":"EntryPoint","urlTemplate":"https:\/\/clam.org.br\/es\/?s={search_term_string}"},"query-input":{"@type":"PropertyValueSpecification","valueRequired":true,"valueName":"search_term_string"}}],"inLanguage":"es"},{"@type":"Person","@id":"https:\/\/clam.org.br\/es\/#\/schema\/person\/fbd9a86032bf7479f94b0ded196f1010","name":"fw2","image":{"@type":"ImageObject","inLanguage":"es","@id":"https:\/\/clam.org.br\/es\/#\/schema\/person\/image\/","url":"https:\/\/secure.gravatar.com\/avatar\/c38472c0cdbde82d9b6fcc26adb3779d?s=96&d=mm&r=g","contentUrl":"https:\/\/secure.gravatar.com\/avatar\/c38472c0cdbde82d9b6fcc26adb3779d?s=96&d=mm&r=g","caption":"fw2"},"sameAs":["https:\/\/clam.fw2web.com.br"],"url":"https:\/\/clam.org.br\/es\/author\/fw2\/"}]}},"jetpack_featured_media_url":"","jetpack_sharing_enabled":true,"_links":{"self":[{"href":"https:\/\/clam.org.br\/es\/wp-json\/wp\/v2\/posts\/34540","targetHints":{"allow":["GET"]}}],"collection":[{"href":"https:\/\/clam.org.br\/es\/wp-json\/wp\/v2\/posts"}],"about":[{"href":"https:\/\/clam.org.br\/es\/wp-json\/wp\/v2\/types\/post"}],"author":[{"embeddable":true,"href":"https:\/\/clam.org.br\/es\/wp-json\/wp\/v2\/users\/1"}],"replies":[{"embeddable":true,"href":"https:\/\/clam.org.br\/es\/wp-json\/wp\/v2\/comments?post=34540"}],"version-history":[{"count":0,"href":"https:\/\/clam.org.br\/es\/wp-json\/wp\/v2\/posts\/34540\/revisions"}],"wp:attachment":[{"href":"https:\/\/clam.org.br\/es\/wp-json\/wp\/v2\/media?parent=34540"}],"wp:term":[{"taxonomy":"category","embeddable":true,"href":"https:\/\/clam.org.br\/es\/wp-json\/wp\/v2\/categories?post=34540"},{"taxonomy":"post_tag","embeddable":true,"href":"https:\/\/clam.org.br\/es\/wp-json\/wp\/v2\/tags?post=34540"}],"curies":[{"name":"wp","href":"https:\/\/api.w.org\/{rel}","templated":true}]}}