{"id":34546,"date":"2006-06-06T00:00:00","date_gmt":"2006-06-06T03:00:00","guid":{"rendered":"https:\/\/clam.fw2web.com.br\/es\/2006\/06\/06\/convocatoria-de-becas-del-programa-latinoamericano-de-investigacion-en-salud-sexual-y-reproductiva-a-c\/"},"modified":"2006-06-06T00:00:00","modified_gmt":"2006-06-06T03:00:00","slug":"convocatoria-de-becas-del-programa-latinoamericano-de-investigacion-en-salud-sexual-y-reproductiva-a-c","status":"publish","type":"post","link":"https:\/\/clam.org.br\/es\/oferta-academica\/convocatoria-de-becas-del-programa-latinoamericano-de-investigacion-en-salud-sexual-y-reproductiva-a-c\/34546\/","title":{"rendered":"Convocatoria de becas del Programa Latinoamericano de Investigaci\u00f3n en Salud Sexual y Reproductiva A. C."},"content":{"rendered":"<p><P class=MsoNormal style=\"MARGIN: 0cm 0cm 0pt; LINE-HEIGHT: 14.4pt; TEXT-ALIGN: justify; tab-stops: -36.0pt; mso-hyphenate: none\"><SPAN lang=ES-TRAD style=\"FONT-SIZE: 10pt; COLOR: black; FONT-FAMILY: Verdana; LETTER-SPACING: -0.1pt; mso-ansi-language: ES-TRAD\">El Consejo de Directores, la Direcci\u00f3n Ejecutiva de PLISSER &#8211; <\/SPAN><SPAN lang=ES-TRAD style=\"FONT-SIZE: 10pt; COLOR: black; FONT-FAMILY: Verdana; mso-ansi-language: ES-TRAD\">Programa Latinoamericano de Investigaci\u00f3n en Salud Sexual y Reproductiva A. C.- <SPAN style=\"LETTER-SPACING: -0.1pt\">(anteriormente PLACIRH), anuncia la convocatoria para las solicitudes de financiamiento de Becas para entrenamientos en aspectos b\u00e1sicos, cl\u00ednicos, epidemiol\u00f3gicos o de las ciencias sociales en el campo de la Salud Reproductiva correspondiente al a\u00f1o del 2006. <?xml:namespace prefix = o ns = \"urn:schemas-microsoft-com:office:office\" \/><o_p><\/o_p><\/SPAN><\/SPAN><\/P> <P class=MsoNormal style=\"MARGIN: 0cm 0cm 0pt; LINE-HEIGHT: 14.4pt; TEXT-ALIGN: justify; tab-stops: -36.0pt; mso-hyphenate: none\"><SPAN lang=ES-TRAD style=\"FONT-SIZE: 10pt; COLOR: black; FONT-FAMILY: Verdana; LETTER-SPACING: -0.1pt; mso-ansi-language: ES-TRAD\">&nbsp;<o_p><\/o_p><\/SPAN><\/P> <P class=MsoNormal style=\"MARGIN: 0cm 0cm 0pt; LINE-HEIGHT: 14.4pt; TEXT-ALIGN: justify; tab-stops: -36.0pt; mso-hyphenate: none\"><SPAN lang=ES-TRAD style=\"FONT-SIZE: 10pt; COLOR: black; FONT-FAMILY: Verdana; LETTER-SPACING: -0.1pt; mso-ansi-language: ES-TRAD\">Las solicitudes de BECAS deber\u00e1n formularse con objetivos bien definidos y por per\u00edodos cortos que no excedan de 6 meses y que se desarrollen en Instituciones o Centros de Investigaci\u00f3n y Ense\u00f1anza de pa\u00edses Latinoamericanos. Las becas contemplan gastos de transporte y un estipendio mensual dependiendo del pa\u00eds de la regi\u00f3n donde tenga lugar el entrenamiento; estas becas no son renovables, no contemplan estudios de posgrado a nivel de maestr\u00eda o doctorado, ni tampoco pueden emplearse para sustituir o completar salarios de investigadores en las instituciones sede de los becarios. <o_p><\/o_p><\/SPAN><\/P> <P class=MsoNormal style=\"MARGIN: 0cm 0cm 0pt; LINE-HEIGHT: 14.4pt; TEXT-ALIGN: justify; tab-stops: -36.0pt; mso-hyphenate: none\"><SPAN lang=ES-TRAD style=\"FONT-SIZE: 10pt; COLOR: black; FONT-FAMILY: Verdana; LETTER-SPACING: -0.1pt; mso-ansi-language: ES-TRAD\">&nbsp;<o_p><\/o_p><\/SPAN><\/P> <P class=MsoNormal style=\"MARGIN: 0cm 0cm 0pt; LINE-HEIGHT: 14.4pt; TEXT-ALIGN: justify; tab-stops: -36.0pt; mso-hyphenate: none\"><SPAN lang=ES-TRAD style=\"FONT-SIZE: 10pt; COLOR: black; FONT-FAMILY: Verdana; LETTER-SPACING: -0.1pt; mso-ansi-language: ES-TRAD\">Las solicitudes debidamente llenadas, incluyendo las cartas de presentaci\u00f3n y aceptaci\u00f3n del becario por el Centro de Capacitaci\u00f3n, deber\u00e1n ser enviadas a la Direcci\u00f3n Ejecutiva de PLISSER antes del primero de septiembre del 2006. <\/SPAN><SPAN lang=ES-TRAD style=\"FONT-SIZE: 10pt; COLOR: black; FONT-FAMILY: Verdana; LETTER-SPACING: -0.15pt; mso-ansi-language: ES-TRAD; mso-bidi-font-style: italic\">No se recibir\u00e1n solicitudes despu\u00e9s de la fecha se\u00f1alada.<o_p><\/o_p><\/SPAN><\/P> <P class=MsoNormal style=\"MARGIN: 0cm 0cm 0pt; LINE-HEIGHT: 14.4pt; TEXT-ALIGN: justify; tab-stops: -36.0pt; mso-hyphenate: none\"><I style=\"mso-bidi-font-style: normal\"><SPAN lang=ES-TRAD style=\"FONT-SIZE: 10pt; COLOR: black; FONT-FAMILY: Verdana; LETTER-SPACING: -0.15pt; mso-ansi-language: ES-TRAD\">&nbsp;<o_p><\/o_p><\/SPAN><\/I><\/P> <P class=MsoBodyText style=\"MARGIN: 0cm 0cm 0pt\"><SPAN lang=ES-TRAD style=\"FONT-SIZE: 10pt; FONT-FAMILY: Verdana\">Para mayor informaci\u00f3n y solicitar el formulario, favor dirigirse al Director Regional correspondiente o a la Direcci\u00f3n Ejecutiva, especificadas a continuaci\u00f3n:<o_p><\/o_p><\/SPAN><\/P> <P class=MsoBodyText2 style=\"MARGIN: 0cm 0cm 0pt; LINE-HEIGHT: 14.4pt\"><SPAN lang=ES-TRAD style=\"FONT-SIZE: 10pt; COLOR: black; FONT-FAMILY: Verdana; LETTER-SPACING: -0.15pt; mso-ansi-language: ES-TRAD\">&nbsp;<o_p><\/o_p><\/SPAN><\/P> <P class=MsoBodyText2 style=\"MARGIN: 0cm 0cm 0pt; LINE-HEIGHT: 14.4pt\"><B><SPAN lang=ES-TRAD style=\"FONT-SIZE: 10pt; COLOR: black; FONT-FAMILY: Verdana; LETTER-SPACING: -0.15pt; mso-ansi-language: ES-TRAD\">Director Ejecutivo<o_p><\/o_p><\/SPAN><\/B><\/P> <P class=MsoBodyText2 style=\"MARGIN: 0cm 0cm 0pt; LINE-HEIGHT: 14.4pt\"><SPAN lang=ES-TRAD style=\"FONT-SIZE: 10pt; COLOR: black; FONT-FAMILY: Verdana; LETTER-SPACING: -0.15pt; mso-ansi-language: ES-TRAD\">Dr. Fernando Larrea<o_p><\/o_p><\/SPAN><\/P> <P class=MsoBodyText2 style=\"MARGIN: 0cm 0cm 0pt; LINE-HEIGHT: 14.4pt\"><SPAN lang=ES-TRAD style=\"FONT-SIZE: 10pt; COLOR: black; FONT-FAMILY: Verdana; LETTER-SPACING: -0.15pt; mso-ansi-language: ES-TRAD\">Inst. Nac. de Ciencias M\u00e9dicas y<SPAN style=\"mso-spacerun: yes\">&nbsp; <\/SPAN>Nutrici\u00f3n Salvador Zubir\u00e1n.<o_p><\/o_p><\/SPAN><\/P> <P class=MsoBodyText2 style=\"MARGIN: 0cm 0cm 0pt; LINE-HEIGHT: 14.4pt\"><SPAN lang=ES-TRAD style=\"FONT-SIZE: 10pt; COLOR: black; FONT-FAMILY: Verdana; LETTER-SPACING: -0.15pt; mso-ansi-language: ES-TRAD\">Vasco de Quiroga No. 15<o_p><\/o_p><\/SPAN><\/P> <P class=MsoBodyText2 style=\"MARGIN: 0cm 0cm 0pt; LINE-HEIGHT: 14.4pt\"><SPAN lang=ES-TRAD style=\"FONT-SIZE: 10pt; COLOR: black; FONT-FAMILY: Verdana; LETTER-SPACING: -0.15pt; mso-ansi-language: ES-TRAD\">C.P. 14000 M\u00e9xico, D.F.<o_p><\/o_p><\/SPAN><\/P> <P class=MsoBodyText2 style=\"MARGIN: 0cm 0cm 0pt; LINE-HEIGHT: 14.4pt\"><SPAN lang=ES-TRAD style=\"FONT-SIZE: 10pt; COLOR: black; FONT-FAMILY: Verdana; LETTER-SPACING: -0.15pt; mso-ansi-language: ES-TRAD\">Tel: 52(55) 5573.1160<o_p><\/o_p><\/SPAN><\/P> <P class=MsoBodyText2 style=\"MARGIN: 0cm 0cm 0pt; LINE-HEIGHT: 14.4pt\"><SPAN lang=ES-TRAD style=\"FONT-SIZE: 10pt; COLOR: black; FONT-FAMILY: Verdana; LETTER-SPACING: -0.15pt; mso-ansi-language: ES-TRAD\">Fax: 52(55) 5655.9859<o_p><\/o_p><\/SPAN><\/P> <P class=MsoBodyText2 style=\"MARGIN: 0cm 0cm 0pt; LINE-HEIGHT: 14.4pt\"><SPAN lang=ES-TRAD style=\"FONT-SIZE: 10pt; COLOR: black; FONT-FAMILY: Verdana; LETTER-SPACING: -0.15pt; mso-ansi-language: ES-TRAD\">Email<B>: <\/B><\/SPAN><B><SPAN lang=ES-TRAD style=\"FONT-SIZE: 10pt; COLOR: blue; FONT-FAMILY: Verdana; LETTER-SPACING: -0.15pt; mso-ansi-language: ES-TRAD\"><a href=\"http:\/\/us.f603.mail.yahoo.com\/ym\/Compose?To=larrea@innsz.mx\" target=\"_blank\" rel=\"noopener\"><STRONG><SPAN style=\"FONT-WEIGHT: normal; FONT-FAMILY: Verdana; TEXT-DECORATION: none; text-underline: none\">larrea@innsz.mx<\/SPAN><\/STRONG><\/A><o_p><\/o_p><\/SPAN><\/B><\/P> <P class=MsoBodyText2 style=\"MARGIN: 0cm 0cm 0pt; LINE-HEIGHT: 14.4pt\"><SPAN lang=ES-TRAD style=\"FONT-SIZE: 10pt; COLOR: black; FONT-FAMILY: Verdana; LETTER-SPACING: -0.15pt; mso-ansi-language: ES-TRAD\">&nbsp;<o_p><\/o_p><\/SPAN><\/P> <P class=MsoBodyText2 style=\"MARGIN: 0cm 0cm 0pt; LINE-HEIGHT: 14.4pt\"><B><SPAN lang=ES-TRAD style=\"FONT-SIZE: 10pt; COLOR: black; FONT-FAMILY: Verdana; LETTER-SPACING: -0.15pt; mso-ansi-language: ES-TRAD\">Directores Regionales<o_p><\/o_p><\/SPAN><\/B><\/P> <P class=MsoBodyText2 style=\"MARGIN: 0cm 0cm 0pt; LINE-HEIGHT: 14.4pt\"><SPAN lang=ES-TRAD style=\"FONT-SIZE: 10pt; COLOR: black; FONT-FAMILY: Verdana; LETTER-SPACING: -0.15pt; mso-ansi-language: ES-TRAD\">&nbsp;<o_p><\/o_p><\/SPAN><\/P> <P class=MsoBodyText2 style=\"MARGIN: 0cm 0cm 0pt; LINE-HEIGHT: 14.4pt\"><SPAN lang=ES-TRAD style=\"FONT-SIZE: 10pt; COLOR: black; FONT-FAMILY: Verdana; LETTER-SPACING: -0.15pt; mso-ansi-language: ES-TRAD\">Por Mexico, Caribe, Centroamerica<o_p><\/o_p><\/SPAN><\/P> <P class=MsoBodyText2 style=\"MARGIN: 0cm 0cm 0pt; LINE-HEIGHT: 14.4pt\"><SPAN lang=ES-TRAD style=\"FONT-SIZE: 10pt; COLOR: black; FONT-FAMILY: Verdana; LETTER-SPACING: -0.15pt; mso-ansi-language: ES-TRAD\">Dra. Caridad T. Garc\u00eda<o_p><\/o_p><\/SPAN><\/P> <P class=MsoBodyText2 style=\"MARGIN: 0cm 0cm 0pt; LINE-HEIGHT: 14.4pt\"><SPAN lang=ES-TRAD style=\"FONT-SIZE: 10pt; COLOR: black; FONT-FAMILY: Verdana; LETTER-SPACING: -0.15pt; mso-ansi-language: ES-TRAD\">Instituto Nacional de Endocrinolog\u00eda<o_p><\/o_p><\/SPAN><\/P> <P class=MsoBodyText2 style=\"MARGIN: 0cm 0cm 0pt; LINE-HEIGHT: 14.4pt\"><SPAN lang=ES-TRAD style=\"FONT-SIZE: 10pt; COLOR: black; FONT-FAMILY: Verdana; LETTER-SPACING: -0.15pt; mso-ansi-language: ES-TRAD\">Zapata y D. Vedado<o_p><\/o_p><\/SPAN><\/P> <P class=MsoBodyText2 style=\"MARGIN: 0cm 0cm 0pt; LINE-HEIGHT: 14.4pt\"><SPAN lang=ES-TRAD style=\"FONT-SIZE: 10pt; COLOR: black; FONT-FAMILY: Verdana; LETTER-SPACING: -0.15pt; mso-ansi-language: ES-TRAD\">Habana, Cuba 10400<o_p><\/o_p><\/SPAN><\/P> <P class=MsoBodyText2 style=\"MARGIN: 0cm 0cm 0pt; LINE-HEIGHT: 14.4pt\"><SPAN lang=ES-TRAD style=\"FONT-SIZE: 10pt; COLOR: black; FONT-FAMILY: Verdana; LETTER-SPACING: -0.15pt; mso-ansi-language: ES-TRAD\">Fax:(537) 33.5417<o_p><\/o_p><\/SPAN><\/P> <P class=MsoBodyText2 style=\"MARGIN: 0cm 0cm 0pt; LINE-HEIGHT: 14.4pt\"><SPAN style=\"FONT-SIZE: 10pt; COLOR: black; FONT-FAMILY: Verdana; LETTER-SPACING: -0.15pt\">E-mail: <\/SPAN><B><SPAN lang=ES-TRAD style=\"FONT-SIZE: 10pt; COLOR: blue; FONT-FAMILY: Verdana; LETTER-SPACING: -0.15pt; mso-ansi-language: ES-TRAD\"><a href=\"http:\/\/us.f603.mail.yahoo.com\/ym\/Compose?To=caritere@infomed.sld.cu\" target=\"_blank\" rel=\"noopener\"><STRONG><SPAN lang=PT-BR style=\"FONT-WEIGHT: normal; FONT-FAMILY: Verdana; TEXT-DECORATION: none; mso-ansi-language: PT-BR; text-underline: none\">caritere@infomed.sld.cu<\/SPAN><\/STRONG><\/A><\/SPAN><\/B><SPAN style=\"FONT-SIZE: 10pt; COLOR: black; FONT-FAMILY: Verdana; LETTER-SPACING: -0.15pt\"><o_p><\/o_p><\/SPAN><\/P> <P class=MsoBodyText2 style=\"MARGIN: 0cm 0cm 0pt; LINE-HEIGHT: 14.4pt\"><SPAN style=\"FONT-SIZE: 10pt; COLOR: black; FONT-FAMILY: Verdana; LETTER-SPACING: -0.15pt\">&nbsp;<o_p><\/o_p><\/SPAN><\/P> <P class=MsoBodyText2 style=\"MARGIN: 0cm 0cm 0pt; LINE-HEIGHT: 14.4pt\"><SPAN lang=ES-TRAD style=\"FONT-SIZE: 10pt; COLOR: black; FONT-FAMILY: Verdana; LETTER-SPACING: -0.15pt; mso-ansi-language: ES-TRAD\">Por Bolivia, Colombia, Ecuador, Peru, Venezuela<o_p><\/o_p><\/SPAN><\/P> <P class=MsoBodyText2 style=\"MARGIN: 0cm 0cm 0pt; LINE-HEIGHT: 14.4pt\"><SPAN lang=ES-TRAD style=\"FONT-SIZE: 10pt; COLOR: black; FONT-FAMILY: Verdana; LETTER-SPACING: -0.15pt; mso-ansi-language: ES-TRAD\">Dr. Gustavo F. Gonzales<o_p><\/o_p><\/SPAN><\/P> <P class=MsoBodyText2 style=\"MARGIN: 0cm 0cm 0pt; LINE-HEIGHT: 14.4pt\"><SPAN lang=ES-TRAD style=\"FONT-SIZE: 10pt; COLOR: black; FONT-FAMILY: Verdana; LETTER-SPACING: -0.15pt; mso-ansi-language: ES-TRAD\">Universidad Peruana Cayetano Heredia<o_p><\/o_p><\/SPAN><\/P> <P class=MsoBodyText2 style=\"MARGIN: 0cm 0cm 0pt; LINE-HEIGHT: 14.4pt\"><SPAN style=\"FONT-SIZE: 10pt; COLOR: black; FONT-FAMILY: Verdana; LETTER-SPACING: -0.15pt\">Av. Honorio Delgado 430, Urb.<o_p><\/o_p><\/SPAN><\/P> <P class=MsoBodyText2 style=\"MARGIN: 0cm 0cm 0pt; LINE-HEIGHT: 14.4pt\"><SPAN lang=ES-TRAD style=\"FONT-SIZE: 10pt; COLOR: black; FONT-FAMILY: Verdana; LETTER-SPACING: -0.15pt; mso-ansi-language: ES-TRAD\">Ingenier\u00eda, San Mart\u00edn de Porres<o_p><\/o_p><\/SPAN><\/P> <P class=MsoBodyText2 style=\"MARGIN: 0cm 0cm 0pt; LINE-HEIGHT: 14.4pt\"><SPAN style=\"FONT-SIZE: 10pt; COLOR: black; FONT-FAMILY: Verdana; LETTER-SPACING: -0.15pt\">Apartado 1843, Lima, Per\u00fa<o_p><\/o_p><\/SPAN><\/P> <P class=MsoBodyText2 style=\"MARGIN: 0cm 0cm 0pt; LINE-HEIGHT: 14.4pt\"><SPAN style=\"FONT-SIZE: 10pt; COLOR: black; FONT-FAMILY: Verdana; LETTER-SPACING: -0.15pt\">Tel: (51.14) 82.1195<o_p><\/o_p><\/SPAN><\/P> <P class=MsoBodyText2 style=\"MARGIN: 0cm 0cm 0pt; LINE-HEIGHT: 14.4pt\"><SPAN style=\"FONT-SIZE: 10pt; COLOR: black; FONT-FAMILY: Verdana; LETTER-SPACING: -0.15pt\">Fax: (51.14) 82.1195<o_p><\/o_p><\/SPAN><\/P> <P class=MsoBodyText2 style=\"MARGIN: 0cm 0cm 0pt; LINE-HEIGHT: 14.4pt\"><SPAN style=\"FONT-SIZE: 10pt; COLOR: black; FONT-FAMILY: Verdana; LETTER-SPACING: -0.15pt\">Email: <\/SPAN><B><SPAN style=\"FONT-SIZE: 10pt; COLOR: blue; FONT-FAMILY: Verdana; LETTER-SPACING: -0.15pt\"><a href=\"http:\/\/us.f603.mail.yahoo.com\/ym\/Compose?To=iiad@upch.edu.pe\" target=\"_blank\" rel=\"noopener\"><STRONG><SPAN style=\"FONT-WEIGHT: normal; FONT-FAMILY: Verdana; TEXT-DECORATION: none; text-underline: none\">iiad@upch.edu.pe<\/SPAN><\/STRONG><\/A><o_p><\/o_p><\/SPAN><\/B><\/P> <P class=MsoBodyText2 style=\"MARGIN: 0cm 0cm 0pt; LINE-HEIGHT: 14.4pt\"><SPAN style=\"FONT-SIZE: 10pt; COLOR: black; FONT-FAMILY: Verdana; LETTER-SPACING: -0.15pt\">&nbsp;<o_p><\/o_p><\/SPAN><\/P> <P class=MsoBodyText2 style=\"MARGIN: 0cm 0cm 0pt; LINE-HEIGHT: 14.4pt\"><SPAN style=\"FONT-SIZE: 10pt; COLOR: black; FONT-FAMILY: Verdana; LETTER-SPACING: -0.15pt\">Por Brasil<o_p><\/o_p><\/SPAN><\/P> <P class=MsoBodyText2 style=\"MARGIN: 0cm 0cm 0pt; LINE-HEIGHT: 14.4pt\"><SPAN style=\"FONT-SIZE: 10pt; COLOR: black; FONT-FAMILY: Verdana; LETTER-SPACING: -0.15pt\">Dr. Guilherme Cecatti<o_p><\/o_p><\/SPAN><\/P> <P class=MsoBodyText2 style=\"MARGIN: 0cm 0cm 0pt; LINE-HEIGHT: 14.4pt\"><SPAN style=\"FONT-SIZE: 10pt; COLOR: black; FONT-FAMILY: Verdana; LETTER-SPACING: -0.15pt\">Centro de Pesquisas Doencas Materno-<o_p><\/o_p><\/SPAN><\/P> <P class=MsoBodyText2 style=\"MARGIN: 0cm 0cm 0pt; LINE-HEIGHT: 14.4pt\"><SPAN style=\"FONT-SIZE: 10pt; COLOR: black; FONT-FAMILY: Verdana; LETTER-SPACING: -0.15pt\">Infantis de Campinas (CEMICAMP)<o_p><\/o_p><\/SPAN><\/P> <P class=MsoBodyText2 style=\"MARGIN: 0cm 0cm 0pt; LINE-HEIGHT: 14.4pt\"><SPAN style=\"FONT-SIZE: 10pt; COLOR: black; FONT-FAMILY: Verdana; LETTER-SPACING: -0.15pt\">Caixa Postal 6181<o_p><\/o_p><\/SPAN><\/P> <P class=MsoBodyText2 style=\"MARGIN: 0cm 0cm 0pt; LINE-HEIGHT: 14.4pt\"><SPAN style=\"FONT-SIZE: 10pt; COLOR: black; FONT-FAMILY: Verdana; LETTER-SPACING: -0.15pt\">13081-970, Campinas, S.P.,Brasil<o_p><\/o_p><\/SPAN><\/P> <P class=MsoBodyText2 style=\"MARGIN: 0cm 0cm 0pt; LINE-HEIGHT: 14.4pt\"><SPAN lang=EN-US style=\"FONT-SIZE: 10pt; COLOR: black; FONT-FAMILY: Verdana; LETTER-SPACING: -0.15pt; mso-ansi-language: EN-US\">Tel: 55(11) 289.2856<o_p><\/o_p><\/SPAN><\/P> <P class=MsoBodyText2 style=\"MARGIN: 0cm 0cm 0pt; LINE-HEIGHT: 14.4pt\"><SPAN lang=EN-US style=\"FONT-SIZE: 10pt; COLOR: black; FONT-FAMILY: Verdana; LETTER-SPACING: -0.15pt; mso-ansi-language: EN-US\">Fax: 55(11) 289.2440<o_p><\/o_p><\/SPAN><\/P> <P class=MsoBodyText2 style=\"MARGIN: 0cm 0cm 0pt; LINE-HEIGHT: 14.4pt\"><SPAN lang=EN-US style=\"FONT-SIZE: 10pt; COLOR: black; FONT-FAMILY: Verdana; LETTER-SPACING: -0.15pt; mso-ansi-language: EN-US\">Email: <\/SPAN><B><SPAN lang=ES-TRAD style=\"FONT-SIZE: 10pt; COLOR: blue; FONT-FAMILY: Verdana; LETTER-SPACING: -0.15pt; mso-ansi-language: ES-TRAD\"><a href=\"http:\/\/us.f603.mail.yahoo.com\/ym\/Compose?To=cecatti@cemicamp.br\" target=\"_blank\" rel=\"noopener\"><STRONG><SPAN lang=EN-US style=\"FONT-WEIGHT: normal; FONT-FAMILY: Verdana; TEXT-DECORATION: none; mso-ansi-language: EN-US; text-underline: none\">cecatti@cemicamp.br<\/SPAN><\/STRONG><\/A><\/SPAN><\/B><SPAN lang=EN-US style=\"FONT-SIZE: 10pt; COLOR: black; FONT-FAMILY: Verdana; LETTER-SPACING: -0.15pt; mso-ansi-language: EN-US\"><o_p><\/o_p><\/SPAN><\/P> <P class=MsoBodyText2 style=\"MARGIN: 0cm 0cm 0pt; LINE-HEIGHT: 14.4pt\"><SPAN lang=EN-US style=\"FONT-SIZE: 10pt; COLOR: black; FONT-FAMILY: Verdana; LETTER-SPACING: -0.15pt; mso-ansi-language: EN-US\">&nbsp;<o_p><\/o_p><\/SPAN><\/P> <P class=MsoBodyText2 style=\"MARGIN: 0cm 0cm 0pt; LINE-HEIGHT: 14.4pt\"><SPAN lang=ES-TRAD style=\"FONT-SIZE: 10pt; COLOR: black; FONT-FAMILY: Verdana; LETTER-SPACING: -0.15pt; mso-ansi-language: ES-TRAD\">Por Argentina, Chile, Paraguay, Uruguay<o_p><\/o_p><\/SPAN><\/P> <P class=MsoBodyText2 style=\"MARGIN: 0cm 0cm 0pt; LINE-HEIGHT: 14.4pt\"><SPAN lang=ES-TRAD style=\"FONT-SIZE: 10pt; COLOR: black; FONT-FAMILY: Verdana; LETTER-SPACING: -0.15pt; mso-ansi-language: ES-TRAD\">Dra. Patricia<SPAN style=\"mso-spacerun: yes\">&nbsp; <\/SPAN>Cuasnicu<o_p><\/o_p><\/SPAN><\/P> <P class=MsoBodyText2 style=\"MARGIN: 0cm 0cm 0pt; LINE-HEIGHT: 14.4pt\"><SPAN lang=ES-TRAD style=\"FONT-SIZE: 10pt; COLOR: black; FONT-FAMILY: Verdana; LETTER-SPACING: -0.15pt; mso-ansi-language: ES-TRAD\">Instituto de Biolog\u00eda y Medicina Experimental<o_p><\/o_p><\/SPAN><\/P> <P class=MsoBodyText2 style=\"MARGIN: 0cm 0cm 0pt; LINE-HEIGHT: 14.4pt\"><SPAN lang=ES-TRAD style=\"FONT-SIZE: 10pt; COLOR: black; FONT-FAMILY: Verdana; LETTER-SPACING: -0.15pt; mso-ansi-language: ES-TRAD\">Vuelta de Obligado<SPAN style=\"mso-spacerun: yes\">&nbsp; <\/SPAN>2490<o_p><\/o_p><\/SPAN><\/P> <P class=MsoBodyText2 style=\"MARGIN: 0cm 0cm 0pt; LINE-HEIGHT: 14.4pt\"><SPAN lang=ES-TRAD style=\"FONT-SIZE: 10pt; COLOR: black; FONT-FAMILY: Verdana; LETTER-SPACING: -0.15pt; mso-ansi-language: ES-TRAD\">Buenos Aires, 1428<o_p><\/o_p><\/SPAN><\/P> <P class=MsoBodyText2 style=\"MARGIN: 0cm 0cm 0pt; LINE-HEIGHT: 14.4pt\"><SPAN lang=ES-TRAD style=\"FONT-SIZE: 10pt; COLOR: black; FONT-FAMILY: Verdana; LETTER-SPACING: -0.15pt; mso-ansi-language: ES-TRAD\">Argentina<o_p><\/o_p><\/SPAN><\/P> <P class=MsoBodyText2 style=\"MARGIN: 0cm 0cm 0pt; LINE-HEIGHT: 14.4pt\"><SPAN lang=ES-TRAD style=\"FONT-SIZE: 10pt; COLOR: black; FONT-FAMILY: Verdana; LETTER-SPACING: -0.15pt; mso-ansi-language: ES-TRAD\">Tel:(5411)4783-2869<o_p><\/o_p><\/SPAN><\/P> <P class=MsoBodyText2 style=\"MARGIN: 0cm 0cm 0pt; LINE-HEIGHT: 14.4pt\"><SPAN lang=ES-TRAD style=\"FONT-SIZE: 10pt; COLOR: black; FONT-FAMILY: Verdana; LETTER-SPACING: -0.15pt; mso-ansi-language: ES-TRAD\">Fax:(5411)4786-2564<o_p><\/o_p><\/SPAN><\/P> <P class=MsoBodyText2 style=\"MARGIN: 0cm 0cm 0pt; LINE-HEIGHT: 14.4pt\"><SPAN lang=ES-TRAD style=\"FONT-SIZE: 10pt; COLOR: black; FONT-FAMILY: Verdana; LETTER-SPACING: -0.15pt; mso-ansi-language: ES-TRAD\">Email: <\/SPAN><B><SPAN lang=ES-TRAD style=\"FONT-SIZE: 10pt; COLOR: blue; FONT-FAMILY: Verdana; LETTER-SPACING: -0.15pt; mso-ansi-language: ES-TRAD\"><a href=\"http:\/\/us.f603.mail.yahoo.com\/ym\/Compose?To=cuasnicu@dna.uba.ar\" target=\"_blank\" rel=\"noopener\"><STRONG><SPAN style=\"FONT-WEIGHT: normal; FONT-FAMILY: Verdana; TEXT-DECORATION: none; text-underline: none\">cuasnicu@dna.uba.ar<\/SPAN><\/STRONG><\/A><o_p><\/o_p><\/SPAN><\/B><\/P><\/p>\n","protected":false},"excerpt":{"rendered":"<p>El Consejo de Directores, la Direcci\u00f3n Ejecutiva de PLISSER &#8211; Programa Latinoamericano de Investigaci\u00f3n en Salud Sexual y Reproductiva A. C.- (anteriormente PLACIRH), anuncia la convocatoria para las solicitudes de financiamiento de Becas para entrenamientos en aspectos b\u00e1sicos, cl\u00ednicos, epidemiol\u00f3gicos o de las ciencias sociales en el campo de la Salud Reproductiva correspondiente al a\u00f1o del 2006.<\/p>\n","protected":false},"author":1,"featured_media":0,"comment_status":"open","ping_status":"open","sticky":false,"template":"","format":"standard","meta":{"_acf_changed":false,"site-sidebar-layout":"default","site-content-layout":"default","ast-global-header-display":"","ast-main-header-display":"","ast-hfb-above-header-display":"","ast-hfb-below-header-display":"","ast-hfb-mobile-header-display":"","site-post-title":"","ast-breadcrumbs-content":"","ast-featured-img":"","footer-sml-layout":"","theme-transparent-header-meta":"","adv-header-id-meta":"","stick-header-meta":"","header-above-stick-meta":"","header-main-stick-meta":"","header-below-stick-meta":"","_jetpack_memberships_contains_paid_content":false,"footnotes":""},"categories":[26],"tags":[],"class_list":["post-34546","post","type-post","status-publish","format-standard","hentry","category-oferta-academica"],"acf":[],"yoast_head":"<!-- This site is optimized with the Yoast SEO plugin v26.1.1 - https:\/\/yoast.com\/wordpress\/plugins\/seo\/ -->\n<title>Convocatoria de becas del Programa Latinoamericano de Investigaci\u00f3n en Salud Sexual y Reproductiva A. C. - CLAM - ES<\/title>\n<meta name=\"robots\" content=\"index, follow, max-snippet:-1, max-image-preview:large, max-video-preview:-1\" \/>\n<link rel=\"canonical\" href=\"https:\/\/clam.org.br\/es\/oferta-academica\/convocatoria-de-becas-del-programa-latinoamericano-de-investigacion-en-salud-sexual-y-reproductiva-a-c\/34546\/\" \/>\n<meta property=\"og:locale\" content=\"es_ES\" \/>\n<meta property=\"og:type\" content=\"article\" \/>\n<meta property=\"og:title\" content=\"Convocatoria de becas del Programa Latinoamericano de Investigaci\u00f3n en Salud Sexual y Reproductiva A. C. - CLAM - ES\" \/>\n<meta property=\"og:description\" content=\"El Consejo de Directores, la Direcci\u00f3n Ejecutiva de PLISSER - Programa Latinoamericano de Investigaci\u00f3n en Salud Sexual y Reproductiva A. C.- (anteriormente PLACIRH), anuncia la convocatoria para las solicitudes de financiamiento de Becas para entrenamientos en aspectos b\u00e1sicos, cl\u00ednicos, epidemiol\u00f3gicos o de las ciencias sociales en el campo de la Salud Reproductiva correspondiente al a\u00f1o del 2006.\" \/>\n<meta property=\"og:url\" content=\"https:\/\/clam.org.br\/es\/oferta-academica\/convocatoria-de-becas-del-programa-latinoamericano-de-investigacion-en-salud-sexual-y-reproductiva-a-c\/34546\/\" \/>\n<meta property=\"og:site_name\" content=\"CLAM - ES\" \/>\n<meta property=\"article:published_time\" content=\"2006-06-06T03:00:00+00:00\" \/>\n<meta name=\"author\" content=\"fw2\" \/>\n<meta name=\"twitter:card\" content=\"summary_large_image\" \/>\n<meta name=\"twitter:label1\" content=\"Escrito por\" \/>\n\t<meta name=\"twitter:data1\" content=\"fw2\" \/>\n\t<meta name=\"twitter:label2\" content=\"Tiempo de lectura\" \/>\n\t<meta name=\"twitter:data2\" content=\"2 minutos\" \/>\n<script type=\"application\/ld+json\" class=\"yoast-schema-graph\">{\"@context\":\"https:\/\/schema.org\",\"@graph\":[{\"@type\":\"WebPage\",\"@id\":\"https:\/\/clam.org.br\/es\/oferta-academica\/convocatoria-de-becas-del-programa-latinoamericano-de-investigacion-en-salud-sexual-y-reproductiva-a-c\/34546\/\",\"url\":\"https:\/\/clam.org.br\/es\/oferta-academica\/convocatoria-de-becas-del-programa-latinoamericano-de-investigacion-en-salud-sexual-y-reproductiva-a-c\/34546\/\",\"name\":\"Convocatoria de becas del Programa Latinoamericano de Investigaci\u00f3n en Salud Sexual y Reproductiva A. C. - CLAM - ES\",\"isPartOf\":{\"@id\":\"https:\/\/clam.org.br\/es\/#website\"},\"datePublished\":\"2006-06-06T03:00:00+00:00\",\"author\":{\"@id\":\"https:\/\/clam.org.br\/es\/#\/schema\/person\/fbd9a86032bf7479f94b0ded196f1010\"},\"breadcrumb\":{\"@id\":\"https:\/\/clam.org.br\/es\/oferta-academica\/convocatoria-de-becas-del-programa-latinoamericano-de-investigacion-en-salud-sexual-y-reproductiva-a-c\/34546\/#breadcrumb\"},\"inLanguage\":\"es\",\"potentialAction\":[{\"@type\":\"ReadAction\",\"target\":[\"https:\/\/clam.org.br\/es\/oferta-academica\/convocatoria-de-becas-del-programa-latinoamericano-de-investigacion-en-salud-sexual-y-reproductiva-a-c\/34546\/\"]}]},{\"@type\":\"BreadcrumbList\",\"@id\":\"https:\/\/clam.org.br\/es\/oferta-academica\/convocatoria-de-becas-del-programa-latinoamericano-de-investigacion-en-salud-sexual-y-reproductiva-a-c\/34546\/#breadcrumb\",\"itemListElement\":[{\"@type\":\"ListItem\",\"position\":1,\"name\":\"In\u00edcio\",\"item\":\"https:\/\/clam.org.br\/es\/\"},{\"@type\":\"ListItem\",\"position\":2,\"name\":\"Convocatoria de becas del Programa Latinoamericano de Investigaci\u00f3n en Salud Sexual y Reproductiva A. C.\"}]},{\"@type\":\"WebSite\",\"@id\":\"https:\/\/clam.org.br\/es\/#website\",\"url\":\"https:\/\/clam.org.br\/es\/\",\"name\":\"CLAM - ES\",\"description\":\"S\u00f3 mais um site CLAM - Centro Latino-Americano em Sexualidade e Direitos Humanos sites\",\"potentialAction\":[{\"@type\":\"SearchAction\",\"target\":{\"@type\":\"EntryPoint\",\"urlTemplate\":\"https:\/\/clam.org.br\/es\/?s={search_term_string}\"},\"query-input\":{\"@type\":\"PropertyValueSpecification\",\"valueRequired\":true,\"valueName\":\"search_term_string\"}}],\"inLanguage\":\"es\"},{\"@type\":\"Person\",\"@id\":\"https:\/\/clam.org.br\/es\/#\/schema\/person\/fbd9a86032bf7479f94b0ded196f1010\",\"name\":\"fw2\",\"image\":{\"@type\":\"ImageObject\",\"inLanguage\":\"es\",\"@id\":\"https:\/\/clam.org.br\/es\/#\/schema\/person\/image\/\",\"url\":\"https:\/\/secure.gravatar.com\/avatar\/c38472c0cdbde82d9b6fcc26adb3779d?s=96&d=mm&r=g\",\"contentUrl\":\"https:\/\/secure.gravatar.com\/avatar\/c38472c0cdbde82d9b6fcc26adb3779d?s=96&d=mm&r=g\",\"caption\":\"fw2\"},\"sameAs\":[\"https:\/\/clam.fw2web.com.br\"],\"url\":\"https:\/\/clam.org.br\/es\/author\/fw2\/\"}]}<\/script>\n<!-- \/ Yoast SEO plugin. -->","yoast_head_json":{"title":"Convocatoria de becas del Programa Latinoamericano de Investigaci\u00f3n en Salud Sexual y Reproductiva A. C. - CLAM - ES","robots":{"index":"index","follow":"follow","max-snippet":"max-snippet:-1","max-image-preview":"max-image-preview:large","max-video-preview":"max-video-preview:-1"},"canonical":"https:\/\/clam.org.br\/es\/oferta-academica\/convocatoria-de-becas-del-programa-latinoamericano-de-investigacion-en-salud-sexual-y-reproductiva-a-c\/34546\/","og_locale":"es_ES","og_type":"article","og_title":"Convocatoria de becas del Programa Latinoamericano de Investigaci\u00f3n en Salud Sexual y Reproductiva A. C. - CLAM - ES","og_description":"El Consejo de Directores, la Direcci\u00f3n Ejecutiva de PLISSER - Programa Latinoamericano de Investigaci\u00f3n en Salud Sexual y Reproductiva A. C.- (anteriormente PLACIRH), anuncia la convocatoria para las solicitudes de financiamiento de Becas para entrenamientos en aspectos b\u00e1sicos, cl\u00ednicos, epidemiol\u00f3gicos o de las ciencias sociales en el campo de la Salud Reproductiva correspondiente al a\u00f1o del 2006.","og_url":"https:\/\/clam.org.br\/es\/oferta-academica\/convocatoria-de-becas-del-programa-latinoamericano-de-investigacion-en-salud-sexual-y-reproductiva-a-c\/34546\/","og_site_name":"CLAM - ES","article_published_time":"2006-06-06T03:00:00+00:00","author":"fw2","twitter_card":"summary_large_image","twitter_misc":{"Escrito por":"fw2","Tiempo de lectura":"2 minutos"},"schema":{"@context":"https:\/\/schema.org","@graph":[{"@type":"WebPage","@id":"https:\/\/clam.org.br\/es\/oferta-academica\/convocatoria-de-becas-del-programa-latinoamericano-de-investigacion-en-salud-sexual-y-reproductiva-a-c\/34546\/","url":"https:\/\/clam.org.br\/es\/oferta-academica\/convocatoria-de-becas-del-programa-latinoamericano-de-investigacion-en-salud-sexual-y-reproductiva-a-c\/34546\/","name":"Convocatoria de becas del Programa Latinoamericano de Investigaci\u00f3n en Salud Sexual y Reproductiva A. C. - CLAM - ES","isPartOf":{"@id":"https:\/\/clam.org.br\/es\/#website"},"datePublished":"2006-06-06T03:00:00+00:00","author":{"@id":"https:\/\/clam.org.br\/es\/#\/schema\/person\/fbd9a86032bf7479f94b0ded196f1010"},"breadcrumb":{"@id":"https:\/\/clam.org.br\/es\/oferta-academica\/convocatoria-de-becas-del-programa-latinoamericano-de-investigacion-en-salud-sexual-y-reproductiva-a-c\/34546\/#breadcrumb"},"inLanguage":"es","potentialAction":[{"@type":"ReadAction","target":["https:\/\/clam.org.br\/es\/oferta-academica\/convocatoria-de-becas-del-programa-latinoamericano-de-investigacion-en-salud-sexual-y-reproductiva-a-c\/34546\/"]}]},{"@type":"BreadcrumbList","@id":"https:\/\/clam.org.br\/es\/oferta-academica\/convocatoria-de-becas-del-programa-latinoamericano-de-investigacion-en-salud-sexual-y-reproductiva-a-c\/34546\/#breadcrumb","itemListElement":[{"@type":"ListItem","position":1,"name":"In\u00edcio","item":"https:\/\/clam.org.br\/es\/"},{"@type":"ListItem","position":2,"name":"Convocatoria de becas del Programa Latinoamericano de Investigaci\u00f3n en Salud Sexual y Reproductiva A. C."}]},{"@type":"WebSite","@id":"https:\/\/clam.org.br\/es\/#website","url":"https:\/\/clam.org.br\/es\/","name":"CLAM - ES","description":"S\u00f3 mais um site CLAM - Centro Latino-Americano em Sexualidade e Direitos Humanos sites","potentialAction":[{"@type":"SearchAction","target":{"@type":"EntryPoint","urlTemplate":"https:\/\/clam.org.br\/es\/?s={search_term_string}"},"query-input":{"@type":"PropertyValueSpecification","valueRequired":true,"valueName":"search_term_string"}}],"inLanguage":"es"},{"@type":"Person","@id":"https:\/\/clam.org.br\/es\/#\/schema\/person\/fbd9a86032bf7479f94b0ded196f1010","name":"fw2","image":{"@type":"ImageObject","inLanguage":"es","@id":"https:\/\/clam.org.br\/es\/#\/schema\/person\/image\/","url":"https:\/\/secure.gravatar.com\/avatar\/c38472c0cdbde82d9b6fcc26adb3779d?s=96&d=mm&r=g","contentUrl":"https:\/\/secure.gravatar.com\/avatar\/c38472c0cdbde82d9b6fcc26adb3779d?s=96&d=mm&r=g","caption":"fw2"},"sameAs":["https:\/\/clam.fw2web.com.br"],"url":"https:\/\/clam.org.br\/es\/author\/fw2\/"}]}},"jetpack_featured_media_url":"","jetpack_sharing_enabled":true,"_links":{"self":[{"href":"https:\/\/clam.org.br\/es\/wp-json\/wp\/v2\/posts\/34546","targetHints":{"allow":["GET"]}}],"collection":[{"href":"https:\/\/clam.org.br\/es\/wp-json\/wp\/v2\/posts"}],"about":[{"href":"https:\/\/clam.org.br\/es\/wp-json\/wp\/v2\/types\/post"}],"author":[{"embeddable":true,"href":"https:\/\/clam.org.br\/es\/wp-json\/wp\/v2\/users\/1"}],"replies":[{"embeddable":true,"href":"https:\/\/clam.org.br\/es\/wp-json\/wp\/v2\/comments?post=34546"}],"version-history":[{"count":0,"href":"https:\/\/clam.org.br\/es\/wp-json\/wp\/v2\/posts\/34546\/revisions"}],"wp:attachment":[{"href":"https:\/\/clam.org.br\/es\/wp-json\/wp\/v2\/media?parent=34546"}],"wp:term":[{"taxonomy":"category","embeddable":true,"href":"https:\/\/clam.org.br\/es\/wp-json\/wp\/v2\/categories?post=34546"},{"taxonomy":"post_tag","embeddable":true,"href":"https:\/\/clam.org.br\/es\/wp-json\/wp\/v2\/tags?post=34546"}],"curies":[{"name":"wp","href":"https:\/\/api.w.org\/{rel}","templated":true}]}}