{"id":34547,"date":"2006-06-06T00:00:00","date_gmt":"2006-06-06T03:00:00","guid":{"rendered":"https:\/\/clam.fw2web.com.br\/es\/2006\/06\/06\/iv-jornadas-de-investigacion-en-antropologia-social\/"},"modified":"2006-06-06T00:00:00","modified_gmt":"2006-06-06T03:00:00","slug":"iv-jornadas-de-investigacion-en-antropologia-social","status":"publish","type":"post","link":"https:\/\/clam.org.br\/es\/oferta-academica\/iv-jornadas-de-investigacion-en-antropologia-social\/34547\/","title":{"rendered":"IV Jornadas de Investigaci\u00f3n en Antropolog\u00eda Social"},"content":{"rendered":"<p><P class=MsoNormal style=\"MARGIN: 0cm 0cm 0pt; LINE-HEIGHT: 14.4pt\"><SPAN lang=ES-TRAD style=\"FONT-SIZE: 10pt; COLOR: black; FONT-FAMILY: Verdana; mso-ansi-language: ES-TRAD\">Con grupos de trabajo que tratar\u00e1n temas diversos de la antropolog\u00eda y un comit\u00e9 acad\u00e9mico nacional e internacional de amplio reconocimiento, las IV Jornadas de Investigaci\u00f3n en Antropolog\u00eda Social, se llevar\u00e1n a cabo los d\u00edas 2, 3 y 4 de agosto de 2006. <?xml:namespace prefix = o ns = \"urn:schemas-microsoft-com:office:office\" \/><o_p><\/o_p><\/SPAN><\/P> <P class=MsoNormal style=\"MARGIN: 0cm 0cm 0pt; LINE-HEIGHT: 14.4pt\"><SPAN lang=ES-TRAD style=\"FONT-SIZE: 10pt; COLOR: black; FONT-FAMILY: Verdana; mso-ansi-language: ES-TRAD\"><o_p>&nbsp;<\/o_p><\/SPAN><\/P> <P class=MsoNormal style=\"MARGIN: 0cm 0cm 0pt; LINE-HEIGHT: 14.4pt\"><B style=\"mso-bidi-font-weight: normal\"><SPAN style=\"FONT-SIZE: 10pt; COLOR: black; FONT-FAMILY: Verdana\">Contactos e informes:<o_p><\/o_p><\/SPAN><\/B><\/P> <P class=MsoNormal style=\"MARGIN: 0cm 0cm 0pt; LINE-HEIGHT: 14.4pt\"><SPAN lang=ES-TRAD style=\"FONT-SIZE: 10pt; COLOR: black; FONT-FAMILY: Verdana; mso-ansi-language: ES-TRAD\">SECCI\u00d3N DE ANTROPOLOG\u00cdA SOCIAL<o_p><\/o_p><\/SPAN><\/P> <P class=MsoNormal style=\"MARGIN: 0cm 0cm 0pt; LINE-HEIGHT: 14.4pt\"><SPAN lang=ES-TRAD style=\"FONT-SIZE: 10pt; COLOR: black; FONT-FAMILY: Verdana; mso-ansi-language: ES-TRAD\">Instituto de Ciencias Antropol\u00f3gicas, Facultad de Filosof\u00eda y Letras, UBA.<o_p><\/o_p><\/SPAN><\/P> <P class=MsoBodyText style=\"MARGIN: 0cm 0cm 0pt\"><SPAN lang=ES-TRAD style=\"FONT-SIZE: 10pt; FONT-FAMILY: Verdana\">Direcci\u00f3n postal: Pu\u00e1n 480, 4\u00b0 piso, oficina 404 &#8211; Ciudad de Buenos Aires (C1406CQJ)<o_p><\/o_p><\/SPAN><\/P> <P class=MsoNormal style=\"MARGIN: 0cm 0cm 0pt; LINE-HEIGHT: 14.4pt\"><SPAN lang=ES-TRAD style=\"FONT-SIZE: 10pt; COLOR: black; FONT-FAMILY: Verdana; mso-ansi-language: ES-TRAD\">Tel\u00e9fonos: (54 11) 4432-0606 \/ 1883 [interno 192] <o_p><\/o_p><\/SPAN><\/P> <P class=MsoNormal style=\"MARGIN: 0cm 0cm 0pt; LINE-HEIGHT: 14.4pt\"><SPAN lang=ES-TRAD style=\"FONT-SIZE: 10pt; COLOR: black; FONT-FAMILY: Verdana; mso-ansi-language: ES-TRAD\">Fax: (54 11) 4432-0121<o_p><\/o_p><\/SPAN><\/P> <P class=MsoNormal style=\"MARGIN: 0cm 0cm 0pt; LINE-HEIGHT: 14.4pt\"><SPAN lang=ES-TRAD style=\"FONT-SIZE: 10pt; COLOR: black; FONT-FAMILY: Verdana; mso-ansi-language: ES-TRAD\">Horario de atenci\u00f3n: lunes a jueves de 14 a 17 horas<o_p><\/o_p><\/SPAN><\/P> <P class=MsoNormal style=\"MARGIN: 0cm 0cm 0pt; LINE-HEIGHT: 200%\"><SPAN lang=ES-TRAD style=\"FONT-SIZE: 10pt; COLOR: black; LINE-HEIGHT: 200%; FONT-FAMILY: Verdana; mso-ansi-language: ES-TRAD\">Direcci\u00f3n electr\u00f3nica: <\/SPAN><SPAN lang=ES-TRAD style=\"FONT-SIZE: 10pt; COLOR: blue; LINE-HEIGHT: 200%; FONT-FAMILY: Verdana; mso-ansi-language: ES-TRAD\">jornadasantropologia@filo.uba.ar<\/SPAN><SPAN lang=ES-TRAD style=\"FONT-SIZE: 10pt; COLOR: black; LINE-HEIGHT: 200%; FONT-FAMILY: Verdana; mso-ansi-language: ES-TRAD\"> <o_p><\/o_p><\/SPAN><\/P> <P class=MsoNormal style=\"MARGIN: 0cm 0cm 0pt; LINE-HEIGHT: 14.4pt\"><SPAN lang=ES-TRAD style=\"FONT-SIZE: 10pt; COLOR: black; FONT-FAMILY: Verdana; mso-ansi-language: ES-TRAD\">P\u00e1gina web: <\/SPAN><U><SPAN style=\"FONT-SIZE: 10pt; COLOR: blue; FONT-FAMILY: Verdana\"><a href=\"http:\/\/www.filo.uba.ar\/contenidos\/investigacion\/institutos\/antropo\/jias\" target=\"_blank\" rel=\"noopener\"><U><SPAN lang=ES-TRAD style=\"COLOR: blue; mso-ansi-language: ES-TRAD\">www.filo.uba.ar\/contenidos\/investigacion\/institutos\/antropo\/jias<\/SPAN><\/U><\/A><\/SPAN><\/U><U><SPAN lang=ES-TRAD style=\"FONT-SIZE: 10pt; COLOR: blue; FONT-FAMILY: Verdana; mso-ansi-language: ES-TRAD\"><o_p><\/o_p><\/SPAN><\/U><\/P> <P class=NormalWeb3 style=\"MARGIN: 0cm 0cm 0pt\"><U><SPAN lang=ES-TRAD style=\"FONT-SIZE: 10pt; COLOR: blue; FONT-FAMILY: Verdana; mso-ansi-language: ES-TRAD\"><o_p><SPAN style=\"TEXT-DECORATION: none\">&nbsp;<\/SPAN><\/o_p><\/SPAN><\/U><\/P> <H1 style=\"MARGIN: 0cm 0cm 0pt\"><SPAN lang=ES-TRAD style=\"FONT-SIZE: 10pt; FONT-FAMILY: Verdana\"><EM>Informaci\u00f3n sobre el evento<o_p><\/o_p><\/EM><\/SPAN><\/H1> <P class=MsoNormal style=\"MARGIN: 0cm 0cm 0pt; LINE-HEIGHT: 14.4pt\"><SPAN lang=ES-TRAD style=\"FONT-SIZE: 10pt; COLOR: black; FONT-FAMILY: Verdana; mso-ansi-language: ES-TRAD\"><o_p>&nbsp;<\/o_p><\/SPAN><\/P> <P class=MsoNormal style=\"MARGIN: 0cm 0cm 0pt; LINE-HEIGHT: 14.4pt\"><B><SPAN lang=ES-TRAD style=\"FONT-SIZE: 10pt; COLOR: black; FONT-FAMILY: Verdana; mso-ansi-language: ES-TRAD; mso-bidi-font-style: italic\">Grupos de trabajo<o_p><\/o_p><\/SPAN><\/B><\/P> <P class=MsoNormal style=\"MARGIN: 0cm 0cm 0pt; LINE-HEIGHT: 14.4pt\"><SPAN lang=ES-TRAD style=\"FONT-SIZE: 10pt; COLOR: black; FONT-FAMILY: Verdana; mso-ansi-language: ES-TRAD\">&nbsp;<o_p><\/o_p><\/SPAN><\/P> <P class=MsoNormal style=\"MARGIN: 0cm 0cm 0pt; LINE-HEIGHT: 14.4pt\"><SPAN lang=ES-TRAD style=\"FONT-SIZE: 10pt; COLOR: black; FONT-FAMILY: Verdana; mso-ansi-language: ES-TRAD; mso-bidi-font-style: italic\">Grupo 1:<\/SPAN><I style=\"mso-bidi-font-style: normal\"><SPAN lang=ES-TRAD style=\"FONT-SIZE: 10pt; COLOR: black; FONT-FAMILY: Verdana; mso-ansi-language: ES-TRAD\"> <\/SPAN><\/I><SPAN lang=ES-TRAD style=\"FONT-SIZE: 10pt; COLOR: black; FONT-FAMILY: Verdana; mso-ansi-language: ES-TRAD\">Etnograf\u00edas de la violencia en la administraci\u00f3n de conflictos sociales<o_p><\/o_p><\/SPAN><\/P> <P class=MsoNormal style=\"MARGIN: 0cm 0cm 0pt; LINE-HEIGHT: 14.4pt\"><SPAN lang=ES-TRAD style=\"FONT-SIZE: 10pt; COLOR: black; FONT-FAMILY: Verdana; mso-ansi-language: ES-TRAD; mso-bidi-font-style: italic\">Grupo 2:<\/SPAN><I style=\"mso-bidi-font-style: normal\"><SPAN lang=ES-TRAD style=\"FONT-SIZE: 10pt; COLOR: black; FONT-FAMILY: Verdana; mso-ansi-language: ES-TRAD\"> <\/SPAN><\/I><SPAN lang=ES-TRAD style=\"FONT-SIZE: 10pt; COLOR: black; FONT-FAMILY: Verdana; mso-ansi-language: ES-TRAD\">Tramas socio-culturales de lo educativo en contextos contempor\u00e1neos<o_p><\/o_p><\/SPAN><\/P> <P class=MsoNormal style=\"MARGIN: 0cm 0cm 0pt; LINE-HEIGHT: 14.4pt\"><SPAN lang=ES-TRAD style=\"FONT-SIZE: 10pt; COLOR: black; FONT-FAMILY: Verdana; mso-ansi-language: ES-TRAD; mso-bidi-font-style: italic\">Grupo 3:<\/SPAN><I style=\"mso-bidi-font-style: normal\"><SPAN lang=ES-TRAD style=\"FONT-SIZE: 10pt; COLOR: black; FONT-FAMILY: Verdana; mso-ansi-language: ES-TRAD\"> <\/SPAN><\/I><SPAN lang=ES-TRAD style=\"FONT-SIZE: 10pt; COLOR: black; FONT-FAMILY: Verdana; mso-ansi-language: ES-TRAD\">Salud, enfermedad y cuerpo: el estudio de las respuestas sociales <o_p><\/o_p><\/SPAN><\/P> <P class=MsoNormal style=\"MARGIN: 0cm 0cm 0pt; LINE-HEIGHT: 14.4pt\"><SPAN lang=ES-TRAD style=\"FONT-SIZE: 10pt; COLOR: black; FONT-FAMILY: Verdana; mso-ansi-language: ES-TRAD; mso-bidi-font-style: italic\">Grupo 4:<\/SPAN><I style=\"mso-bidi-font-style: normal\"><SPAN lang=ES-TRAD style=\"FONT-SIZE: 10pt; COLOR: black; FONT-FAMILY: Verdana; mso-ansi-language: ES-TRAD\"> <\/SPAN><\/I><SPAN lang=ES-TRAD style=\"FONT-SIZE: 10pt; COLOR: black; FONT-FAMILY: Verdana; mso-ansi-language: ES-TRAD\">Problem\u00e1ticas de g\u00e9nero<o_p><\/o_p><\/SPAN><\/P> <P class=MsoNormal style=\"MARGIN: 0cm 0cm 0pt; LINE-HEIGHT: 14.4pt\"><SPAN lang=ES-TRAD style=\"FONT-SIZE: 10pt; COLOR: black; FONT-FAMILY: Verdana; mso-ansi-language: ES-TRAD; mso-bidi-font-style: italic\">Grupo 5:<\/SPAN><I style=\"mso-bidi-font-style: normal\"><SPAN lang=ES-TRAD style=\"FONT-SIZE: 10pt; COLOR: black; FONT-FAMILY: Verdana; mso-ansi-language: ES-TRAD\"> <\/SPAN><\/I><SPAN lang=ES-TRAD style=\"FONT-SIZE: 10pt; COLOR: black; FONT-FAMILY: Verdana; mso-ansi-language: ES-TRAD\">Etnicidad, migraciones, movilizaci\u00f3n social y territorios en redefinici\u00f3n<o_p><\/o_p><\/SPAN><\/P> <P class=MsoNormal style=\"MARGIN: 0cm 0cm 0pt; LINE-HEIGHT: 14.4pt\"><SPAN lang=ES-TRAD style=\"FONT-SIZE: 10pt; COLOR: black; FONT-FAMILY: Verdana; mso-ansi-language: ES-TRAD; mso-bidi-font-style: italic\">Grupo 6: <\/SPAN><SPAN lang=ES-TRAD style=\"FONT-SIZE: 10pt; COLOR: black; FONT-FAMILY: Verdana; mso-ansi-language: ES-TRAD\">Procesos de resistencia, movimientos sociales y acci\u00f3n estatal <o_p><\/o_p><\/SPAN><\/P> <P class=MsoNormal style=\"MARGIN: 0cm 0cm 0pt; LINE-HEIGHT: 14.4pt\"><SPAN lang=ES-TRAD style=\"FONT-SIZE: 10pt; COLOR: black; FONT-FAMILY: Verdana; mso-ansi-language: ES-TRAD; mso-bidi-font-style: italic\">Grupo 7:<\/SPAN><I style=\"mso-bidi-font-style: normal\"><SPAN lang=ES-TRAD style=\"FONT-SIZE: 10pt; COLOR: black; FONT-FAMILY: Verdana; mso-ansi-language: ES-TRAD\"> <\/SPAN><\/I><SPAN lang=ES-TRAD style=\"FONT-SIZE: 10pt; COLOR: black; FONT-FAMILY: Verdana; mso-ansi-language: ES-TRAD\">Los estudios sobre memorias<o_p><\/o_p><\/SPAN><\/P> <P class=MsoNormal style=\"MARGIN: 0cm 0cm 0pt; LINE-HEIGHT: 14.4pt\"><SPAN lang=ES-TRAD style=\"FONT-SIZE: 10pt; COLOR: black; FONT-FAMILY: Verdana; mso-ansi-language: ES-TRAD; mso-bidi-font-style: italic\">Grupo 8:<\/SPAN><I style=\"mso-bidi-font-style: normal\"><SPAN lang=ES-TRAD style=\"FONT-SIZE: 10pt; COLOR: black; FONT-FAMILY: Verdana; mso-ansi-language: ES-TRAD\"> <\/SPAN><\/I><SPAN lang=ES-TRAD style=\"FONT-SIZE: 10pt; COLOR: black; FONT-FAMILY: Verdana; mso-ansi-language: ES-TRAD\">Pol\u00edtica, Estado y gobierno. Etnograf\u00eda de los procesos pol\u00edticos<o_p><\/o_p><\/SPAN><\/P> <P class=MsoNormal style=\"MARGIN: 0cm 0cm 0pt; LINE-HEIGHT: 14.4pt\"><SPAN lang=ES-TRAD style=\"FONT-SIZE: 10pt; COLOR: black; FONT-FAMILY: Verdana; mso-ansi-language: ES-TRAD; mso-bidi-font-style: italic\">Grupo 9:<\/SPAN><I style=\"mso-bidi-font-style: normal\"><SPAN lang=ES-TRAD style=\"FONT-SIZE: 10pt; COLOR: black; FONT-FAMILY: Verdana; mso-ansi-language: ES-TRAD\"> <\/SPAN><\/I><SPAN lang=ES-TRAD style=\"FONT-SIZE: 10pt; COLOR: black; FONT-FAMILY: Verdana; mso-ansi-language: ES-TRAD\">Campo cultural y procesos territoriales <o_p><\/o_p><\/SPAN><\/P> <P class=MsoNormal style=\"MARGIN: 0cm 0cm 0pt; LINE-HEIGHT: 14.4pt\"><SPAN lang=ES-TRAD style=\"FONT-SIZE: 10pt; COLOR: black; FONT-FAMILY: Verdana; mso-ansi-language: ES-TRAD; mso-bidi-font-style: italic\">Grupo 10:<\/SPAN><I style=\"mso-bidi-font-style: normal\"><SPAN lang=ES-TRAD style=\"FONT-SIZE: 10pt; COLOR: black; FONT-FAMILY: Verdana; mso-ansi-language: ES-TRAD\"> <\/SPAN><\/I><SPAN lang=ES-TRAD style=\"FONT-SIZE: 10pt; COLOR: black; FONT-FAMILY: Verdana; mso-ansi-language: ES-TRAD\">Econom\u00eda Pol\u00edtica de la Cultura. Estudios sobre producciones culturales y patrimonio<o_p><\/o_p><\/SPAN><\/P> <P class=MsoNormal style=\"MARGIN: 0cm 0cm 0pt; LINE-HEIGHT: 14.4pt\"><SPAN lang=ES-TRAD style=\"FONT-SIZE: 10pt; COLOR: black; FONT-FAMILY: Verdana; mso-ansi-language: ES-TRAD; mso-bidi-font-style: italic\">Grupo 11:<\/SPAN><I style=\"mso-bidi-font-style: normal\"><SPAN lang=ES-TRAD style=\"FONT-SIZE: 10pt; COLOR: black; FONT-FAMILY: Verdana; mso-ansi-language: ES-TRAD\"> R<\/SPAN><\/I><SPAN lang=ES-TRAD style=\"FONT-SIZE: 10pt; COLOR: black; FONT-FAMILY: Verdana; mso-ansi-language: ES-TRAD\">uralidad hoy: procesos constitutivos y tentativas de intervenci\u00f3n<o_p><\/o_p><\/SPAN><\/P> <P class=MsoNormal style=\"MARGIN: 0cm 0cm 0pt; LINE-HEIGHT: 14.4pt\"><SPAN lang=ES-TRAD style=\"FONT-SIZE: 10pt; COLOR: black; FONT-FAMILY: Verdana; mso-ansi-language: ES-TRAD; mso-bidi-font-style: italic\">Grupo 12:<\/SPAN><I style=\"mso-bidi-font-style: normal\"><SPAN lang=ES-TRAD style=\"FONT-SIZE: 10pt; COLOR: black; FONT-FAMILY: Verdana; mso-ansi-language: ES-TRAD\"> <\/SPAN><\/I><SPAN lang=ES-TRAD style=\"FONT-SIZE: 10pt; COLOR: black; FONT-FAMILY: Verdana; mso-ansi-language: ES-TRAD\">Antropolog\u00eda de la Ciencia y la Tecnolog\u00eda <o_p><\/o_p><\/SPAN><\/P> <P class=MsoNormal style=\"MARGIN: 0cm 0cm 0pt; LINE-HEIGHT: 14.4pt\"><SPAN lang=ES-TRAD style=\"FONT-SIZE: 10pt; COLOR: black; FONT-FAMILY: Verdana; mso-ansi-language: ES-TRAD; mso-bidi-font-style: italic\">Grupo 13:<\/SPAN><I style=\"mso-bidi-font-style: normal\"><SPAN lang=ES-TRAD style=\"FONT-SIZE: 10pt; COLOR: black; FONT-FAMILY: Verdana; mso-ansi-language: ES-TRAD\"> <\/SPAN><\/I><SPAN lang=ES-TRAD style=\"FONT-SIZE: 10pt; COLOR: black; FONT-FAMILY: Verdana; mso-ansi-language: ES-TRAD\">La comunicaci\u00f3n mediatizada en la praxis social<o_p><\/o_p><\/SPAN><\/P> <P class=MsoNormal style=\"MARGIN: 0cm 0cm 0pt; LINE-HEIGHT: 14.4pt\"><SPAN lang=ES-TRAD style=\"FONT-SIZE: 10pt; COLOR: black; FONT-FAMILY: Verdana; mso-ansi-language: ES-TRAD\">&nbsp;<o_p><\/o_p><\/SPAN><\/P> <P class=MsoNormal style=\"MARGIN: 0cm 0cm 0pt; LINE-HEIGHT: 14.4pt\"><SPAN lang=ES-TRAD style=\"FONT-SIZE: 10pt; COLOR: black; FONT-FAMILY: Verdana; mso-ansi-language: ES-TRAD\"><o_p>&nbsp;<\/o_p><\/SPAN><\/P> <H1 style=\"MARGIN: 0cm 0cm 0pt\"><SPAN lang=ES-TRAD style=\"FONT-SIZE: 10pt; FONT-FAMILY: Verdana\"><EM>Presidencia <o_p><\/o_p><\/EM><\/SPAN><\/H1> <P class=MsoNormal style=\"MARGIN: 0cm 0cm 0pt; LINE-HEIGHT: 14.4pt\"><SPAN lang=ES-TRAD style=\"FONT-SIZE: 10pt; COLOR: black; FONT-FAMILY: Verdana; mso-ansi-language: ES-TRAD\">Mabel Grimberg<o_p><\/o_p><\/SPAN><\/P> <P class=MsoNormal style=\"MARGIN: 0cm 0cm 0pt; LINE-HEIGHT: 14.4pt\"><SPAN lang=ES-TRAD style=\"FONT-SIZE: 10pt; COLOR: black; FONT-FAMILY: Verdana; mso-ansi-language: ES-TRAD\">&nbsp;<o_p><\/o_p><\/SPAN><\/P> <H1 style=\"MARGIN: 0cm 0cm 0pt\"><SPAN lang=ES-TRAD style=\"FONT-SIZE: 10pt; FONT-FAMILY: Verdana\"><EM>Coordinaci\u00f3n General<o_p><\/o_p><\/EM><\/SPAN><\/H1> <P class=MsoNormal style=\"MARGIN: 0cm 0cm 0pt; LINE-HEIGHT: 14.4pt\"><SPAN lang=ES-TRAD style=\"FONT-SIZE: 10pt; COLOR: black; FONT-FAMILY: Verdana; mso-ansi-language: ES-TRAD\">Mar\u00eda In\u00e9s Fern\u00e1ndez \u00c1lvarez<o_p><\/o_p><\/SPAN><\/P> <P class=MsoNormal style=\"MARGIN: 0cm 0cm 0pt; LINE-HEIGHT: 14.4pt\"><SPAN lang=ES-TRAD style=\"FONT-SIZE: 10pt; COLOR: black; FONT-FAMILY: Verdana; mso-ansi-language: ES-TRAD\">Mar\u00eda Josefina Mart\u00ednez <o_p><\/o_p><\/SPAN><\/P> <P class=MsoNormal style=\"MARGIN: 0cm 0cm 0pt; LINE-HEIGHT: 14.4pt\"><SPAN lang=ES-TRAD style=\"FONT-SIZE: 10pt; COLOR: black; FONT-FAMILY: Verdana; mso-ansi-language: ES-TRAD\">&nbsp;<o_p><\/o_p><\/SPAN><\/P> <H1 style=\"MARGIN: 0cm 0cm 0pt\"><SPAN lang=ES-TRAD style=\"FONT-SIZE: 10pt; FONT-FAMILY: Verdana\"><EM>Comit\u00e9 Acad\u00e9mico Nacional <o_p><\/o_p><\/EM><\/SPAN><\/H1> <P class=MsoNormal style=\"MARGIN: 0cm 0cm 0pt; LINE-HEIGHT: 14.4pt\"><SPAN lang=ES-TRAD style=\"FONT-SIZE: 10pt; COLOR: black; FONT-FAMILY: Verdana; mso-ansi-language: ES-TRAD\">Alejandro Balazote; Graciela Batall\u00e1n; Mauricio Boivin; Carlos Herran; Cecilia Hidalgo; M\u00f3nica Lacarrieu; Susana Margulies; Alicia Mart\u00edn; Mar\u00eda Rosa Neufeld; Juan Carlos Radovich; Hugo Ratier; M\u00f3nica Rotman; Sof\u00eda Tiscornia; Hugo Trinchero; Sergio Visacovsky. <o_p><\/o_p><\/SPAN><\/P> <P class=MsoNormal style=\"MARGIN: 0cm 0cm 0pt; LINE-HEIGHT: 14.4pt\"><SPAN lang=ES-TRAD style=\"FONT-SIZE: 10pt; COLOR: black; FONT-FAMILY: Verdana; mso-ansi-language: ES-TRAD\">&nbsp;<o_p><\/o_p><\/SPAN><\/P> <H1 style=\"MARGIN: 0cm 0cm 0pt\"><SPAN lang=ES-TRAD style=\"FONT-SIZE: 10pt; FONT-FAMILY: Verdana\"><EM>Comit\u00e9 Acad\u00e9mico Internacional<o_p><\/o_p><\/EM><\/SPAN><\/H1> <P class=MsoNormal style=\"MARGIN: 0cm 0cm 0pt; LINE-HEIGHT: 14.4pt\"><SPAN lang=ES-TRAD style=\"FONT-SIZE: 10pt; COLOR: black; FONT-FAMILY: Verdana; mso-ansi-language: ES-TRAD\">Didier Fassin (Ehess, Francia); Roberto Kant De Lima (Universidad Federal Fluminense, Brasil); Eduardo Men\u00e9ndez (Ciesas, M\u00e9xico); Elsie Rockwell (Centro de Investigaci\u00f3n y de Estudios Avanzados del IPN, M\u00e9xico) y Lygia Sigaud (Museo Nacional, Universidad Federal de Rio de Janeiro, Brasil)<o_p><\/o_p><\/SPAN><\/P> <P class=MsoNormal style=\"MARGIN: 0cm 0cm 0pt; LINE-HEIGHT: 14.4pt\"><SPAN lang=ES-TRAD style=\"FONT-SIZE: 10pt; COLOR: black; FONT-FAMILY: Verdana; mso-ansi-language: ES-TRAD\">&nbsp;<o_p><\/o_p><\/SPAN><\/P> <H1 style=\"MARGIN: 0cm 0cm 0pt\"><SPAN lang=ES-TRAD style=\"FONT-SIZE: 10pt; FONT-FAMILY: Verdana\"><EM>Comit\u00e9 Organizador<o_p><\/o_p><\/EM><\/SPAN><\/H1> <P class=MsoNormal style=\"MARGIN: 0cm 0cm 0pt; LINE-HEIGHT: 14.4pt\"><SPAN lang=ES-TRAD style=\"FONT-SIZE: 10pt; COLOR: black; FONT-FAMILY: Verdana; mso-ansi-language: ES-TRAD\">Carolina Crespo; Noelia Enriz; Guadalupe Garc\u00eda; Florencia Girola; Miranda Gonz\u00e1lez Mart\u00edn; Ana Guglielmucci; Bel\u00e9n Mora; Hern\u00e1n Morel; Elias Prudant Y Erika Terbeck<o_p><\/o_p><\/SPAN><\/P><\/p>\n","protected":false},"excerpt":{"rendered":"<p>Con grupos de trabajo que tratar\u00e1n temas diversos de la antropolog\u00eda y un comit\u00e9 acad\u00e9mico nacional e internacional de amplio reconocimiento, las IV Jornadas de Investigaci\u00f3n en Antropolog\u00eda Social, se llevar\u00e1n a cabo los d\u00edas 2, 3 y 4 de agosto de 2006.<\/p>\n","protected":false},"author":1,"featured_media":0,"comment_status":"open","ping_status":"open","sticky":false,"template":"","format":"standard","meta":{"_acf_changed":false,"site-sidebar-layout":"default","site-content-layout":"default","ast-global-header-display":"","ast-main-header-display":"","ast-hfb-above-header-display":"","ast-hfb-below-header-display":"","ast-hfb-mobile-header-display":"","site-post-title":"","ast-breadcrumbs-content":"","ast-featured-img":"","footer-sml-layout":"","theme-transparent-header-meta":"","adv-header-id-meta":"","stick-header-meta":"","header-above-stick-meta":"","header-main-stick-meta":"","header-below-stick-meta":"","_jetpack_memberships_contains_paid_content":false,"footnotes":""},"categories":[26],"tags":[],"class_list":["post-34547","post","type-post","status-publish","format-standard","hentry","category-oferta-academica"],"acf":[],"yoast_head":"<!-- This site is optimized with the Yoast SEO plugin v26.1.1 - https:\/\/yoast.com\/wordpress\/plugins\/seo\/ -->\n<title>IV Jornadas de Investigaci\u00f3n en Antropolog\u00eda Social - CLAM - ES<\/title>\n<meta name=\"robots\" content=\"index, follow, max-snippet:-1, max-image-preview:large, max-video-preview:-1\" \/>\n<link rel=\"canonical\" href=\"https:\/\/clam.org.br\/es\/oferta-academica\/iv-jornadas-de-investigacion-en-antropologia-social\/34547\/\" \/>\n<meta property=\"og:locale\" content=\"es_ES\" \/>\n<meta property=\"og:type\" content=\"article\" \/>\n<meta property=\"og:title\" content=\"IV Jornadas de Investigaci\u00f3n en Antropolog\u00eda Social - CLAM - ES\" \/>\n<meta property=\"og:description\" content=\"Con grupos de trabajo que tratar\u00e1n temas diversos de la antropolog\u00eda y un comit\u00e9 acad\u00e9mico nacional e internacional de amplio reconocimiento, las IV Jornadas de Investigaci\u00f3n en Antropolog\u00eda Social, se llevar\u00e1n a cabo los d\u00edas 2, 3 y 4 de agosto de 2006.\" \/>\n<meta property=\"og:url\" content=\"https:\/\/clam.org.br\/es\/oferta-academica\/iv-jornadas-de-investigacion-en-antropologia-social\/34547\/\" \/>\n<meta property=\"og:site_name\" content=\"CLAM - ES\" \/>\n<meta property=\"article:published_time\" content=\"2006-06-06T03:00:00+00:00\" \/>\n<meta name=\"author\" content=\"fw2\" \/>\n<meta name=\"twitter:card\" content=\"summary_large_image\" \/>\n<meta name=\"twitter:label1\" content=\"Escrito por\" \/>\n\t<meta name=\"twitter:data1\" content=\"fw2\" \/>\n\t<meta name=\"twitter:label2\" content=\"Tiempo de lectura\" \/>\n\t<meta name=\"twitter:data2\" content=\"2 minutos\" \/>\n<script type=\"application\/ld+json\" class=\"yoast-schema-graph\">{\"@context\":\"https:\/\/schema.org\",\"@graph\":[{\"@type\":\"WebPage\",\"@id\":\"https:\/\/clam.org.br\/es\/oferta-academica\/iv-jornadas-de-investigacion-en-antropologia-social\/34547\/\",\"url\":\"https:\/\/clam.org.br\/es\/oferta-academica\/iv-jornadas-de-investigacion-en-antropologia-social\/34547\/\",\"name\":\"IV Jornadas de Investigaci\u00f3n en Antropolog\u00eda Social - CLAM - ES\",\"isPartOf\":{\"@id\":\"https:\/\/clam.org.br\/es\/#website\"},\"datePublished\":\"2006-06-06T03:00:00+00:00\",\"author\":{\"@id\":\"https:\/\/clam.org.br\/es\/#\/schema\/person\/fbd9a86032bf7479f94b0ded196f1010\"},\"breadcrumb\":{\"@id\":\"https:\/\/clam.org.br\/es\/oferta-academica\/iv-jornadas-de-investigacion-en-antropologia-social\/34547\/#breadcrumb\"},\"inLanguage\":\"es\",\"potentialAction\":[{\"@type\":\"ReadAction\",\"target\":[\"https:\/\/clam.org.br\/es\/oferta-academica\/iv-jornadas-de-investigacion-en-antropologia-social\/34547\/\"]}]},{\"@type\":\"BreadcrumbList\",\"@id\":\"https:\/\/clam.org.br\/es\/oferta-academica\/iv-jornadas-de-investigacion-en-antropologia-social\/34547\/#breadcrumb\",\"itemListElement\":[{\"@type\":\"ListItem\",\"position\":1,\"name\":\"In\u00edcio\",\"item\":\"https:\/\/clam.org.br\/es\/\"},{\"@type\":\"ListItem\",\"position\":2,\"name\":\"IV Jornadas de Investigaci\u00f3n en Antropolog\u00eda Social\"}]},{\"@type\":\"WebSite\",\"@id\":\"https:\/\/clam.org.br\/es\/#website\",\"url\":\"https:\/\/clam.org.br\/es\/\",\"name\":\"CLAM - ES\",\"description\":\"S\u00f3 mais um site CLAM - Centro Latino-Americano em Sexualidade e Direitos Humanos sites\",\"potentialAction\":[{\"@type\":\"SearchAction\",\"target\":{\"@type\":\"EntryPoint\",\"urlTemplate\":\"https:\/\/clam.org.br\/es\/?s={search_term_string}\"},\"query-input\":{\"@type\":\"PropertyValueSpecification\",\"valueRequired\":true,\"valueName\":\"search_term_string\"}}],\"inLanguage\":\"es\"},{\"@type\":\"Person\",\"@id\":\"https:\/\/clam.org.br\/es\/#\/schema\/person\/fbd9a86032bf7479f94b0ded196f1010\",\"name\":\"fw2\",\"image\":{\"@type\":\"ImageObject\",\"inLanguage\":\"es\",\"@id\":\"https:\/\/clam.org.br\/es\/#\/schema\/person\/image\/\",\"url\":\"https:\/\/secure.gravatar.com\/avatar\/c38472c0cdbde82d9b6fcc26adb3779d?s=96&d=mm&r=g\",\"contentUrl\":\"https:\/\/secure.gravatar.com\/avatar\/c38472c0cdbde82d9b6fcc26adb3779d?s=96&d=mm&r=g\",\"caption\":\"fw2\"},\"sameAs\":[\"https:\/\/clam.fw2web.com.br\"],\"url\":\"https:\/\/clam.org.br\/es\/author\/fw2\/\"}]}<\/script>\n<!-- \/ Yoast SEO plugin. -->","yoast_head_json":{"title":"IV Jornadas de Investigaci\u00f3n en Antropolog\u00eda Social - CLAM - ES","robots":{"index":"index","follow":"follow","max-snippet":"max-snippet:-1","max-image-preview":"max-image-preview:large","max-video-preview":"max-video-preview:-1"},"canonical":"https:\/\/clam.org.br\/es\/oferta-academica\/iv-jornadas-de-investigacion-en-antropologia-social\/34547\/","og_locale":"es_ES","og_type":"article","og_title":"IV Jornadas de Investigaci\u00f3n en Antropolog\u00eda Social - CLAM - ES","og_description":"Con grupos de trabajo que tratar\u00e1n temas diversos de la antropolog\u00eda y un comit\u00e9 acad\u00e9mico nacional e internacional de amplio reconocimiento, las IV Jornadas de Investigaci\u00f3n en Antropolog\u00eda Social, se llevar\u00e1n a cabo los d\u00edas 2, 3 y 4 de agosto de 2006.","og_url":"https:\/\/clam.org.br\/es\/oferta-academica\/iv-jornadas-de-investigacion-en-antropologia-social\/34547\/","og_site_name":"CLAM - ES","article_published_time":"2006-06-06T03:00:00+00:00","author":"fw2","twitter_card":"summary_large_image","twitter_misc":{"Escrito por":"fw2","Tiempo de lectura":"2 minutos"},"schema":{"@context":"https:\/\/schema.org","@graph":[{"@type":"WebPage","@id":"https:\/\/clam.org.br\/es\/oferta-academica\/iv-jornadas-de-investigacion-en-antropologia-social\/34547\/","url":"https:\/\/clam.org.br\/es\/oferta-academica\/iv-jornadas-de-investigacion-en-antropologia-social\/34547\/","name":"IV Jornadas de Investigaci\u00f3n en Antropolog\u00eda Social - CLAM - ES","isPartOf":{"@id":"https:\/\/clam.org.br\/es\/#website"},"datePublished":"2006-06-06T03:00:00+00:00","author":{"@id":"https:\/\/clam.org.br\/es\/#\/schema\/person\/fbd9a86032bf7479f94b0ded196f1010"},"breadcrumb":{"@id":"https:\/\/clam.org.br\/es\/oferta-academica\/iv-jornadas-de-investigacion-en-antropologia-social\/34547\/#breadcrumb"},"inLanguage":"es","potentialAction":[{"@type":"ReadAction","target":["https:\/\/clam.org.br\/es\/oferta-academica\/iv-jornadas-de-investigacion-en-antropologia-social\/34547\/"]}]},{"@type":"BreadcrumbList","@id":"https:\/\/clam.org.br\/es\/oferta-academica\/iv-jornadas-de-investigacion-en-antropologia-social\/34547\/#breadcrumb","itemListElement":[{"@type":"ListItem","position":1,"name":"In\u00edcio","item":"https:\/\/clam.org.br\/es\/"},{"@type":"ListItem","position":2,"name":"IV Jornadas de Investigaci\u00f3n en Antropolog\u00eda Social"}]},{"@type":"WebSite","@id":"https:\/\/clam.org.br\/es\/#website","url":"https:\/\/clam.org.br\/es\/","name":"CLAM - ES","description":"S\u00f3 mais um site CLAM - Centro Latino-Americano em Sexualidade e Direitos Humanos sites","potentialAction":[{"@type":"SearchAction","target":{"@type":"EntryPoint","urlTemplate":"https:\/\/clam.org.br\/es\/?s={search_term_string}"},"query-input":{"@type":"PropertyValueSpecification","valueRequired":true,"valueName":"search_term_string"}}],"inLanguage":"es"},{"@type":"Person","@id":"https:\/\/clam.org.br\/es\/#\/schema\/person\/fbd9a86032bf7479f94b0ded196f1010","name":"fw2","image":{"@type":"ImageObject","inLanguage":"es","@id":"https:\/\/clam.org.br\/es\/#\/schema\/person\/image\/","url":"https:\/\/secure.gravatar.com\/avatar\/c38472c0cdbde82d9b6fcc26adb3779d?s=96&d=mm&r=g","contentUrl":"https:\/\/secure.gravatar.com\/avatar\/c38472c0cdbde82d9b6fcc26adb3779d?s=96&d=mm&r=g","caption":"fw2"},"sameAs":["https:\/\/clam.fw2web.com.br"],"url":"https:\/\/clam.org.br\/es\/author\/fw2\/"}]}},"jetpack_featured_media_url":"","jetpack_sharing_enabled":true,"_links":{"self":[{"href":"https:\/\/clam.org.br\/es\/wp-json\/wp\/v2\/posts\/34547","targetHints":{"allow":["GET"]}}],"collection":[{"href":"https:\/\/clam.org.br\/es\/wp-json\/wp\/v2\/posts"}],"about":[{"href":"https:\/\/clam.org.br\/es\/wp-json\/wp\/v2\/types\/post"}],"author":[{"embeddable":true,"href":"https:\/\/clam.org.br\/es\/wp-json\/wp\/v2\/users\/1"}],"replies":[{"embeddable":true,"href":"https:\/\/clam.org.br\/es\/wp-json\/wp\/v2\/comments?post=34547"}],"version-history":[{"count":0,"href":"https:\/\/clam.org.br\/es\/wp-json\/wp\/v2\/posts\/34547\/revisions"}],"wp:attachment":[{"href":"https:\/\/clam.org.br\/es\/wp-json\/wp\/v2\/media?parent=34547"}],"wp:term":[{"taxonomy":"category","embeddable":true,"href":"https:\/\/clam.org.br\/es\/wp-json\/wp\/v2\/categories?post=34547"},{"taxonomy":"post_tag","embeddable":true,"href":"https:\/\/clam.org.br\/es\/wp-json\/wp\/v2\/tags?post=34547"}],"curies":[{"name":"wp","href":"https:\/\/api.w.org\/{rel}","templated":true}]}}