{"id":34549,"date":"2006-06-13T00:00:00","date_gmt":"2006-06-13T03:00:00","guid":{"rendered":"https:\/\/clam.fw2web.com.br\/es\/2006\/06\/13\/vii-cursos-intensivos-de-posgrado-discapacidad-salud-reproductiva-medicamentos-y-experimentacion-con-humanos-en-el-siglo-xxi\/"},"modified":"2006-06-13T00:00:00","modified_gmt":"2006-06-13T03:00:00","slug":"vii-cursos-intensivos-de-posgrado-discapacidad-salud-reproductiva-medicamentos-y-experimentacion-con-humanos-en-el-siglo-xxi","status":"publish","type":"post","link":"https:\/\/clam.org.br\/es\/oferta-academica\/vii-cursos-intensivos-de-posgrado-discapacidad-salud-reproductiva-medicamentos-y-experimentacion-con-humanos-en-el-siglo-xxi\/34549\/","title":{"rendered":"VII Cursos Intensivos de Posgrado \u2018Discapacidad, Salud Reproductiva, Medicamentos y Experimentaci\u00f3n con Humanos en el siglo XXI\u2019"},"content":{"rendered":"<p><P class=MsoNormal style=\"MARGIN: 0cm 0cm 0pt; LINE-HEIGHT: 14.4pt\"><SPAN lang=ES-TRAD style=\"FONT-SIZE: 10pt; COLOR: black; FONT-FAMILY: Verdana; mso-ansi-language: ES-TRAD; mso-bidi-font-size: 12.0pt\">Este curso, organizado por el<SPAN style=\"mso-spacerun: yes\">&nbsp; <\/SPAN>Departamento de Posgrado de la Facultad de Derecho de la Universidad de Buenos Aires, se desarrollar\u00e1 entre el 17 de julio y el 4 de agosto, con una carga horaria de 60 horas y bajo la direcci\u00f3n de Pablo O. Rosales y Maria Silvia Villaverde.<?xml:namespace prefix = o ns = \"urn:schemas-microsoft-com:office:office\" \/><o_p><\/o_p><\/SPAN><\/P> <P class=MsoNormal style=\"MARGIN: 0cm 0cm 0pt; LINE-HEIGHT: 14.4pt\"><SPAN lang=ES-TRAD style=\"FONT-SIZE: 10pt; COLOR: black; FONT-FAMILY: Verdana; mso-ansi-language: ES-TRAD; mso-bidi-font-size: 12.0pt\">Inscripciones hasta el 14 de Julio<o_p><\/o_p><\/SPAN><\/P> <P class=MsoNormal style=\"MARGIN: 0cm 0cm 0pt; LINE-HEIGHT: 14.4pt\"><SPAN lang=ES-TRAD style=\"FONT-SIZE: 10pt; COLOR: black; FONT-FAMILY: Verdana; mso-ansi-language: ES-TRAD; mso-bidi-font-size: 12.0pt\">&nbsp;<o_p><\/o_p><\/SPAN><\/P> <P class=MsoNormal style=\"MARGIN: 0cm 0cm 0pt; LINE-HEIGHT: 14.4pt\"><I><SPAN lang=ES-TRAD style=\"FONT-SIZE: 10pt; COLOR: black; FONT-FAMILY: Verdana; mso-ansi-language: ES-TRAD; mso-bidi-font-size: 12.0pt\">Informes:<o_p><\/o_p><\/SPAN><\/I><\/P> <P class=MsoNormal style=\"MARGIN: 0cm 0cm 0pt; LINE-HEIGHT: 14.4pt\"><SPAN lang=ES-TRAD style=\"FONT-SIZE: 10pt; COLOR: black; FONT-FAMILY: Verdana; mso-ansi-language: ES-TRAD; mso-bidi-font-size: 12.0pt\">Departamento de Posgrado de la Facultad de Derecho de la Universidad de Buenos Aires.<o_p><\/o_p><\/SPAN><\/P> <P class=MsoNormal style=\"MARGIN: 0cm 0cm 0pt; LINE-HEIGHT: 14.4pt\"><SPAN lang=ES-TRAD style=\"FONT-SIZE: 10pt; COLOR: black; FONT-FAMILY: Verdana; mso-ansi-language: ES-TRAD; mso-bidi-font-size: 12.0pt\">Av. Figueroa Alcorta 2263 2\u00ba Piso, Ciudad de Buenos Aires, Argentina (C1425CKB).<o_p><\/o_p><\/SPAN><\/P> <P class=MsoNormal style=\"MARGIN: 0cm 0cm 0pt; LINE-HEIGHT: 14.4pt\"><SPAN lang=ES-TRAD style=\"FONT-SIZE: 10pt; COLOR: black; FONT-FAMILY: Verdana; mso-ansi-language: ES-TRAD; mso-bidi-font-size: 12.0pt\">TEL\/FAX: (54-11) 4809-5610\/5607\/5609<o_p><\/o_p><\/SPAN><\/P> <P class=MsoNormal style=\"MARGIN: 0cm 0cm 0pt; LINE-HEIGHT: 14.4pt\"><SPAN lang=ES-TRAD style=\"FONT-SIZE: 10pt; COLOR: black; FONT-FAMILY: Verdana; mso-ansi-language: ES-TRAD; mso-bidi-font-size: 12.0pt\">Correo electr\u00f3nico: <\/SPAN><SPAN style=\"FONT-SIZE: 10pt; COLOR: blue; FONT-FAMILY: Verdana; mso-bidi-font-size: 12.0pt\"><a href=\"http:\/\/us.f603.mail.yahoo.com\/ym\/Compose?To=cursopos@derecho.uba.ar\" target=\"_blank\" rel=\"noopener\"><SPAN lang=ES-TRAD style=\"COLOR: blue; mso-ansi-language: ES-TRAD\">cursopos@derecho.uba.ar<\/SPAN><\/A><\/SPAN><SPAN lang=ES-TRAD style=\"FONT-SIZE: 10pt; COLOR: blue; FONT-FAMILY: Verdana; mso-ansi-language: ES-TRAD; mso-bidi-font-size: 12.0pt\">; <\/SPAN><SPAN style=\"FONT-SIZE: 10pt; COLOR: blue; FONT-FAMILY: Verdana; mso-bidi-font-size: 12.0pt\"><a href=\"http:\/\/us.f603.mail.yahoo.com\/ym\/Compose?To=pablorosales@ciudad.com.ar\" target=\"_blank\" rel=\"noopener\"><SPAN lang=ES-TRAD style=\"COLOR: blue; mso-ansi-language: ES-TRAD\">pablorosales@ciudad.com.ar<\/SPAN><\/A><\/SPAN><SPAN lang=ES-TRAD style=\"FONT-SIZE: 10pt; COLOR: blue; FONT-FAMILY: Verdana; mso-ansi-language: ES-TRAD; mso-bidi-font-size: 12.0pt\"><o_p><\/o_p><\/SPAN><\/P> <P class=MsoNormal style=\"MARGIN: 0cm 0cm 0pt; LINE-HEIGHT: 14.4pt\"><SPAN lang=ES-TRAD style=\"FONT-SIZE: 10pt; COLOR: black; FONT-FAMILY: Verdana; mso-ansi-language: ES-TRAD; mso-bidi-font-size: 12.0pt\">P\u00e1gina web: <\/SPAN><U><SPAN style=\"FONT-SIZE: 10pt; COLOR: blue; FONT-FAMILY: Verdana; mso-bidi-font-size: 12.0pt\"><a href=\"http:\/\/www.derecho.uba.ar\/\" target=\"_blank\" rel=\"noopener\"><U><SPAN lang=ES-TRAD style=\"COLOR: blue; mso-ansi-language: ES-TRAD\">www.derecho.uba.ar<\/SPAN><\/U><\/A><\/SPAN><\/U><SPAN lang=ES-TRAD style=\"FONT-SIZE: 10pt; COLOR: black; FONT-FAMILY: Verdana; mso-ansi-language: ES-TRAD; mso-bidi-font-size: 12.0pt\"><o_p><\/o_p><\/SPAN><\/P> <P class=MsoNormal style=\"MARGIN: 0cm 0cm 0pt; LINE-HEIGHT: 14.4pt\"><SPAN lang=ES-TRAD style=\"FONT-SIZE: 10pt; COLOR: black; FONT-FAMILY: Verdana; mso-ansi-language: ES-TRAD; mso-bidi-font-size: 12.0pt\">&nbsp;<o_p><\/o_p><\/SPAN><\/P> <P class=MsoNormal style=\"MARGIN: 0cm 0cm 0pt; LINE-HEIGHT: 14.4pt\"><B><SPAN lang=ES-TRAD style=\"FONT-SIZE: 10pt; COLOR: black; FONT-FAMILY: Verdana; mso-ansi-language: ES-TRAD; mso-bidi-font-size: 12.0pt\">Tem\u00e1ticas que aborda:<o_p><\/o_p><\/SPAN><\/B><\/P> <P class=MsoNormal style=\"MARGIN: 0cm 0cm 0pt; LINE-HEIGHT: 14.4pt; tab-stops: list 36.0pt\"><SPAN lang=ES-TRAD style=\"FONT-SIZE: 10pt; COLOR: black; FONT-FAMILY: Verdana; mso-ansi-language: ES-TRAD; mso-fareast-font-family: Symbol; mso-bidi-font-size: 12.0pt\">&nbsp;<o_p><\/o_p><\/SPAN><\/P> <P class=MsoNormal style=\"MARGIN: 0cm 0cm 0pt; LINE-HEIGHT: 14.4pt; tab-stops: list 36.0pt\"><SPAN lang=ES-TRAD style=\"FONT-SIZE: 10pt; COLOR: black; FONT-FAMILY: Verdana; mso-ansi-language: ES-TRAD; mso-fareast-font-family: Symbol; mso-bidi-font-size: 12.0pt\">* <\/SPAN><SPAN lang=ES-TRAD style=\"FONT-SIZE: 10pt; COLOR: black; FONT-FAMILY: Verdana; mso-ansi-language: ES-TRAD; mso-fareast-font-family: Symbol; mso-bidi-font-size: 7.0pt\"><SPAN style=\"mso-spacerun: yes\">&nbsp;<\/SPAN><\/SPAN><SPAN lang=ES-TRAD style=\"FONT-SIZE: 10pt; COLOR: black; FONT-FAMILY: Verdana; mso-ansi-language: ES-TRAD; mso-bidi-font-size: 12.0pt\">Los Derechos Humanos, los Derechos Sexuales y la Salud Reproductiva. <o_p><\/o_p><\/SPAN><\/P> <P class=MsoNormal style=\"MARGIN: 0cm 0cm 0pt; LINE-HEIGHT: 14.4pt; tab-stops: list 36.0pt\"><SPAN lang=ES-TRAD style=\"FONT-SIZE: 10pt; COLOR: black; FONT-FAMILY: Verdana; mso-ansi-language: ES-TRAD; mso-fareast-font-family: Symbol; mso-bidi-font-size: 7.0pt\">* <SPAN style=\"mso-spacerun: yes\">&nbsp;<\/SPAN><\/SPAN><SPAN lang=ES-TRAD style=\"FONT-SIZE: 10pt; COLOR: black; FONT-FAMILY: Verdana; mso-ansi-language: ES-TRAD; mso-bidi-font-size: 12.0pt\">Los derechos sexuales y reproductivos desde una perspectiva de g\u00e9nero.<o_p><\/o_p><\/SPAN><\/P> <P class=MsoNormal style=\"MARGIN: 0cm 0cm 0pt; LINE-HEIGHT: 14.4pt; tab-stops: list 36.0pt\"><SPAN lang=ES-TRAD style=\"FONT-SIZE: 10pt; COLOR: black; FONT-FAMILY: Verdana; mso-ansi-language: ES-TRAD; mso-fareast-font-family: Symbol; mso-bidi-font-size: 7.0pt\">* <SPAN style=\"mso-spacerun: yes\">&nbsp;<\/SPAN><\/SPAN><SPAN lang=ES-TRAD style=\"FONT-SIZE: 10pt; COLOR: black; FONT-FAMILY: Verdana; mso-ansi-language: ES-TRAD; mso-bidi-font-size: 12.0pt\">Las personas con discapacidad y los Derechos Humanos: La problem\u00e1tica socio-pol\u00edtica de la discapacidad.<o_p><\/o_p><\/SPAN><\/P> <P class=MsoNormal style=\"MARGIN: 0cm 0cm 0pt; LINE-HEIGHT: 14.4pt; tab-stops: list 36.0pt\"><SPAN lang=ES-TRAD style=\"FONT-SIZE: 10pt; COLOR: black; FONT-FAMILY: Verdana; mso-ansi-language: ES-TRAD; mso-fareast-font-family: Symbol; mso-bidi-font-size: 12.0pt\">* <\/SPAN><SPAN lang=ES-TRAD style=\"FONT-SIZE: 10pt; COLOR: black; FONT-FAMILY: Verdana; mso-ansi-language: ES-TRAD; mso-fareast-font-family: Symbol; mso-bidi-font-size: 7.0pt\"><SPAN style=\"mso-spacerun: yes\">&nbsp;<\/SPAN><\/SPAN><SPAN lang=ES-TRAD style=\"FONT-SIZE: 10pt; COLOR: black; FONT-FAMILY: Verdana; mso-ansi-language: ES-TRAD; mso-bidi-font-size: 12.0pt\">Prevenci\u00f3n, Rehabilitaci\u00f3n y Equiparaci\u00f3n de Oportunidades de las personas con discapacidad.<o_p><\/o_p><\/SPAN><\/P> <P class=MsoNormal style=\"MARGIN: 0cm 0cm 0pt; LINE-HEIGHT: 14.4pt; tab-stops: list 36.0pt\"><SPAN lang=ES-TRAD style=\"FONT-SIZE: 10pt; COLOR: black; FONT-FAMILY: Verdana; mso-ansi-language: ES-TRAD; mso-fareast-font-family: Symbol; mso-bidi-font-size: 12.0pt\">*<SPAN style=\"mso-spacerun: yes\">&nbsp; <\/SPAN><\/SPAN><SPAN lang=ES-TRAD style=\"FONT-SIZE: 10pt; COLOR: black; FONT-FAMILY: Verdana; mso-ansi-language: ES-TRAD; mso-bidi-font-size: 12.0pt\">Bio\u00e9tica aplicada a las decisiones en discapacidad y salud reproductiva: Los Comit\u00e9s de \u00c9tica.<o_p><\/o_p><\/SPAN><\/P> <P class=MsoNormal style=\"MARGIN: 0cm 0cm 0pt; LINE-HEIGHT: 14.4pt; tab-stops: list 36.0pt\"><SPAN lang=ES-TRAD style=\"FONT-SIZE: 10pt; COLOR: black; FONT-FAMILY: Verdana; mso-ansi-language: ES-TRAD; mso-fareast-font-family: Symbol; mso-bidi-font-size: 12.0pt\">*<SPAN style=\"mso-spacerun: yes\">&nbsp; <\/SPAN><\/SPAN><SPAN lang=ES-TRAD style=\"FONT-SIZE: 10pt; COLOR: black; FONT-FAMILY: Verdana; mso-ansi-language: ES-TRAD; mso-bidi-font-size: 12.0pt\">La discapacidad en el derecho Internacional y el derecho comparado.<o_p><\/o_p><\/SPAN><\/P> <P class=MsoNormal style=\"MARGIN: 0cm 0cm 0pt; LINE-HEIGHT: 14.4pt; tab-stops: list 36.0pt\"><SPAN lang=ES-TRAD style=\"FONT-SIZE: 10pt; COLOR: black; FONT-FAMILY: Verdana; mso-ansi-language: ES-TRAD; mso-fareast-font-family: Symbol; mso-bidi-font-size: 12.0pt\">*<SPAN style=\"mso-spacerun: yes\">&nbsp; <\/SPAN><\/SPAN><SPAN lang=ES-TRAD style=\"FONT-SIZE: 10pt; COLOR: black; FONT-FAMILY: Verdana; mso-ansi-language: ES-TRAD; mso-bidi-font-size: 12.0pt\">Experimentaci\u00f3n con seres humanos. Ensayos cl\u00ednicos: aspectos \u00e9ticos y jur\u00eddicos de la investigaci\u00f3n cient\u00edfica. Derechos humanos<o_p><\/o_p><\/SPAN><\/P> <P class=MsoNormal style=\"MARGIN: 0cm 0cm 0pt; LINE-HEIGHT: 14.4pt; tab-stops: list 36.0pt\"><SPAN lang=ES-TRAD style=\"FONT-SIZE: 10pt; COLOR: black; FONT-FAMILY: Verdana; mso-ansi-language: ES-TRAD; mso-fareast-font-family: Symbol; mso-bidi-font-size: 12.0pt\">*<SPAN style=\"mso-spacerun: yes\">&nbsp; <\/SPAN><\/SPAN><SPAN lang=ES-TRAD style=\"FONT-SIZE: 10pt; COLOR: black; FONT-FAMILY: Verdana; mso-ansi-language: ES-TRAD; mso-bidi-font-size: 12.0pt\">Experimentaci\u00f3n con animales: Principios \u00e9ticos internacionales para la investigaci\u00f3n biom\u00e9dica con animales<o_p><\/o_p><\/SPAN><\/P> <P class=MsoNormal style=\"MARGIN: 0cm 0cm 0pt; LINE-HEIGHT: 14.4pt; tab-stops: list 36.0pt\"><SPAN lang=ES-TRAD style=\"FONT-SIZE: 10pt; COLOR: black; FONT-FAMILY: Verdana; mso-ansi-language: ES-TRAD; mso-fareast-font-family: Symbol; mso-bidi-font-size: 7.0pt\">*&nbsp;&nbsp; <\/SPAN><SPAN lang=ES-TRAD style=\"FONT-SIZE: 10pt; COLOR: black; FONT-FAMILY: Verdana; mso-ansi-language: ES-TRAD; mso-bidi-font-size: 12.0pt\">Pol\u00edtica de medicamentos y Medicamentos Gen\u00e9ricos: Derecho al tratamiento medico y al acceso al medicamento. <o_p><\/o_p><\/SPAN><\/P> <P class=MsoNormal style=\"MARGIN: 0cm 0cm 0pt; LINE-HEIGHT: 14.4pt; tab-stops: list 36.0pt\"><SPAN lang=ES-TRAD style=\"FONT-SIZE: 10pt; COLOR: black; FONT-FAMILY: Verdana; mso-ansi-language: ES-TRAD; mso-fareast-font-family: Symbol; mso-bidi-font-size: 12.0pt\">*<SPAN style=\"mso-spacerun: yes\">&nbsp; <\/SPAN><\/SPAN><SPAN lang=ES-TRAD style=\"FONT-SIZE: 10pt; COLOR: black; FONT-FAMILY: Verdana; mso-ansi-language: ES-TRAD; mso-bidi-font-size: 12.0pt\">El mercado de medicamentos en el mundo. <o_p><\/o_p><\/SPAN><\/P><\/p>\n","protected":false},"excerpt":{"rendered":"<p>Este curso, organizado por el&nbsp; Departamento de Posgrado de la Facultad de Derecho de la Universidad de Buenos Aires, se desarrollar\u00e1 entre el 17 de julio y el 4 de agosto, con una carga horaria de 60 horas y bajo la direcci\u00f3n de Pablo O. Rosales y Maria Silvia Villaverde.<\/p>\n","protected":false},"author":1,"featured_media":0,"comment_status":"open","ping_status":"open","sticky":false,"template":"","format":"standard","meta":{"_acf_changed":false,"site-sidebar-layout":"default","site-content-layout":"default","ast-global-header-display":"","ast-main-header-display":"","ast-hfb-above-header-display":"","ast-hfb-below-header-display":"","ast-hfb-mobile-header-display":"","site-post-title":"","ast-breadcrumbs-content":"","ast-featured-img":"","footer-sml-layout":"","theme-transparent-header-meta":"","adv-header-id-meta":"","stick-header-meta":"","header-above-stick-meta":"","header-main-stick-meta":"","header-below-stick-meta":"","_jetpack_memberships_contains_paid_content":false,"footnotes":""},"categories":[26],"tags":[],"class_list":["post-34549","post","type-post","status-publish","format-standard","hentry","category-oferta-academica"],"acf":[],"yoast_head":"<!-- This site is optimized with the Yoast SEO plugin v26.1.1 - https:\/\/yoast.com\/wordpress\/plugins\/seo\/ -->\n<title>VII Cursos Intensivos de Posgrado \u2018Discapacidad, Salud Reproductiva, Medicamentos y Experimentaci\u00f3n con Humanos en el siglo XXI\u2019 - CLAM - ES<\/title>\n<meta name=\"robots\" content=\"index, follow, max-snippet:-1, max-image-preview:large, max-video-preview:-1\" \/>\n<link rel=\"canonical\" href=\"https:\/\/clam.org.br\/es\/oferta-academica\/vii-cursos-intensivos-de-posgrado-discapacidad-salud-reproductiva-medicamentos-y-experimentacion-con-humanos-en-el-siglo-xxi\/34549\/\" \/>\n<meta property=\"og:locale\" content=\"es_ES\" \/>\n<meta property=\"og:type\" content=\"article\" \/>\n<meta property=\"og:title\" content=\"VII Cursos Intensivos de Posgrado \u2018Discapacidad, Salud Reproductiva, Medicamentos y Experimentaci\u00f3n con Humanos en el siglo XXI\u2019 - CLAM - ES\" \/>\n<meta property=\"og:description\" content=\"Este curso, organizado por el&nbsp; Departamento de Posgrado de la Facultad de Derecho de la Universidad de Buenos Aires, se desarrollar\u00e1 entre el 17 de julio y el 4 de agosto, con una carga horaria de 60 horas y bajo la direcci\u00f3n de Pablo O. Rosales y Maria Silvia Villaverde.\" \/>\n<meta property=\"og:url\" content=\"https:\/\/clam.org.br\/es\/oferta-academica\/vii-cursos-intensivos-de-posgrado-discapacidad-salud-reproductiva-medicamentos-y-experimentacion-con-humanos-en-el-siglo-xxi\/34549\/\" \/>\n<meta property=\"og:site_name\" content=\"CLAM - ES\" \/>\n<meta property=\"article:published_time\" content=\"2006-06-13T03:00:00+00:00\" \/>\n<meta name=\"author\" content=\"fw2\" \/>\n<meta name=\"twitter:card\" content=\"summary_large_image\" \/>\n<meta name=\"twitter:label1\" content=\"Escrito por\" \/>\n\t<meta name=\"twitter:data1\" content=\"fw2\" \/>\n\t<meta name=\"twitter:label2\" content=\"Tiempo de lectura\" \/>\n\t<meta name=\"twitter:data2\" content=\"1 minuto\" \/>\n<script type=\"application\/ld+json\" class=\"yoast-schema-graph\">{\"@context\":\"https:\/\/schema.org\",\"@graph\":[{\"@type\":\"WebPage\",\"@id\":\"https:\/\/clam.org.br\/es\/oferta-academica\/vii-cursos-intensivos-de-posgrado-discapacidad-salud-reproductiva-medicamentos-y-experimentacion-con-humanos-en-el-siglo-xxi\/34549\/\",\"url\":\"https:\/\/clam.org.br\/es\/oferta-academica\/vii-cursos-intensivos-de-posgrado-discapacidad-salud-reproductiva-medicamentos-y-experimentacion-con-humanos-en-el-siglo-xxi\/34549\/\",\"name\":\"VII Cursos Intensivos de Posgrado \u2018Discapacidad, Salud Reproductiva, Medicamentos y Experimentaci\u00f3n con Humanos en el siglo XXI\u2019 - CLAM - ES\",\"isPartOf\":{\"@id\":\"https:\/\/clam.org.br\/es\/#website\"},\"datePublished\":\"2006-06-13T03:00:00+00:00\",\"author\":{\"@id\":\"https:\/\/clam.org.br\/es\/#\/schema\/person\/fbd9a86032bf7479f94b0ded196f1010\"},\"breadcrumb\":{\"@id\":\"https:\/\/clam.org.br\/es\/oferta-academica\/vii-cursos-intensivos-de-posgrado-discapacidad-salud-reproductiva-medicamentos-y-experimentacion-con-humanos-en-el-siglo-xxi\/34549\/#breadcrumb\"},\"inLanguage\":\"es\",\"potentialAction\":[{\"@type\":\"ReadAction\",\"target\":[\"https:\/\/clam.org.br\/es\/oferta-academica\/vii-cursos-intensivos-de-posgrado-discapacidad-salud-reproductiva-medicamentos-y-experimentacion-con-humanos-en-el-siglo-xxi\/34549\/\"]}]},{\"@type\":\"BreadcrumbList\",\"@id\":\"https:\/\/clam.org.br\/es\/oferta-academica\/vii-cursos-intensivos-de-posgrado-discapacidad-salud-reproductiva-medicamentos-y-experimentacion-con-humanos-en-el-siglo-xxi\/34549\/#breadcrumb\",\"itemListElement\":[{\"@type\":\"ListItem\",\"position\":1,\"name\":\"In\u00edcio\",\"item\":\"https:\/\/clam.org.br\/es\/\"},{\"@type\":\"ListItem\",\"position\":2,\"name\":\"VII Cursos Intensivos de Posgrado \u2018Discapacidad, Salud Reproductiva, Medicamentos y Experimentaci\u00f3n con Humanos en el siglo XXI\u2019\"}]},{\"@type\":\"WebSite\",\"@id\":\"https:\/\/clam.org.br\/es\/#website\",\"url\":\"https:\/\/clam.org.br\/es\/\",\"name\":\"CLAM - ES\",\"description\":\"S\u00f3 mais um site CLAM - Centro Latino-Americano em Sexualidade e Direitos Humanos sites\",\"potentialAction\":[{\"@type\":\"SearchAction\",\"target\":{\"@type\":\"EntryPoint\",\"urlTemplate\":\"https:\/\/clam.org.br\/es\/?s={search_term_string}\"},\"query-input\":{\"@type\":\"PropertyValueSpecification\",\"valueRequired\":true,\"valueName\":\"search_term_string\"}}],\"inLanguage\":\"es\"},{\"@type\":\"Person\",\"@id\":\"https:\/\/clam.org.br\/es\/#\/schema\/person\/fbd9a86032bf7479f94b0ded196f1010\",\"name\":\"fw2\",\"image\":{\"@type\":\"ImageObject\",\"inLanguage\":\"es\",\"@id\":\"https:\/\/clam.org.br\/es\/#\/schema\/person\/image\/\",\"url\":\"https:\/\/secure.gravatar.com\/avatar\/c38472c0cdbde82d9b6fcc26adb3779d?s=96&d=mm&r=g\",\"contentUrl\":\"https:\/\/secure.gravatar.com\/avatar\/c38472c0cdbde82d9b6fcc26adb3779d?s=96&d=mm&r=g\",\"caption\":\"fw2\"},\"sameAs\":[\"https:\/\/clam.fw2web.com.br\"],\"url\":\"https:\/\/clam.org.br\/es\/author\/fw2\/\"}]}<\/script>\n<!-- \/ Yoast SEO plugin. -->","yoast_head_json":{"title":"VII Cursos Intensivos de Posgrado \u2018Discapacidad, Salud Reproductiva, Medicamentos y Experimentaci\u00f3n con Humanos en el siglo XXI\u2019 - CLAM - ES","robots":{"index":"index","follow":"follow","max-snippet":"max-snippet:-1","max-image-preview":"max-image-preview:large","max-video-preview":"max-video-preview:-1"},"canonical":"https:\/\/clam.org.br\/es\/oferta-academica\/vii-cursos-intensivos-de-posgrado-discapacidad-salud-reproductiva-medicamentos-y-experimentacion-con-humanos-en-el-siglo-xxi\/34549\/","og_locale":"es_ES","og_type":"article","og_title":"VII Cursos Intensivos de Posgrado \u2018Discapacidad, Salud Reproductiva, Medicamentos y Experimentaci\u00f3n con Humanos en el siglo XXI\u2019 - CLAM - ES","og_description":"Este curso, organizado por el&nbsp; Departamento de Posgrado de la Facultad de Derecho de la Universidad de Buenos Aires, se desarrollar\u00e1 entre el 17 de julio y el 4 de agosto, con una carga horaria de 60 horas y bajo la direcci\u00f3n de Pablo O. Rosales y Maria Silvia Villaverde.","og_url":"https:\/\/clam.org.br\/es\/oferta-academica\/vii-cursos-intensivos-de-posgrado-discapacidad-salud-reproductiva-medicamentos-y-experimentacion-con-humanos-en-el-siglo-xxi\/34549\/","og_site_name":"CLAM - ES","article_published_time":"2006-06-13T03:00:00+00:00","author":"fw2","twitter_card":"summary_large_image","twitter_misc":{"Escrito por":"fw2","Tiempo de lectura":"1 minuto"},"schema":{"@context":"https:\/\/schema.org","@graph":[{"@type":"WebPage","@id":"https:\/\/clam.org.br\/es\/oferta-academica\/vii-cursos-intensivos-de-posgrado-discapacidad-salud-reproductiva-medicamentos-y-experimentacion-con-humanos-en-el-siglo-xxi\/34549\/","url":"https:\/\/clam.org.br\/es\/oferta-academica\/vii-cursos-intensivos-de-posgrado-discapacidad-salud-reproductiva-medicamentos-y-experimentacion-con-humanos-en-el-siglo-xxi\/34549\/","name":"VII Cursos Intensivos de Posgrado \u2018Discapacidad, Salud Reproductiva, Medicamentos y Experimentaci\u00f3n con Humanos en el siglo XXI\u2019 - CLAM - ES","isPartOf":{"@id":"https:\/\/clam.org.br\/es\/#website"},"datePublished":"2006-06-13T03:00:00+00:00","author":{"@id":"https:\/\/clam.org.br\/es\/#\/schema\/person\/fbd9a86032bf7479f94b0ded196f1010"},"breadcrumb":{"@id":"https:\/\/clam.org.br\/es\/oferta-academica\/vii-cursos-intensivos-de-posgrado-discapacidad-salud-reproductiva-medicamentos-y-experimentacion-con-humanos-en-el-siglo-xxi\/34549\/#breadcrumb"},"inLanguage":"es","potentialAction":[{"@type":"ReadAction","target":["https:\/\/clam.org.br\/es\/oferta-academica\/vii-cursos-intensivos-de-posgrado-discapacidad-salud-reproductiva-medicamentos-y-experimentacion-con-humanos-en-el-siglo-xxi\/34549\/"]}]},{"@type":"BreadcrumbList","@id":"https:\/\/clam.org.br\/es\/oferta-academica\/vii-cursos-intensivos-de-posgrado-discapacidad-salud-reproductiva-medicamentos-y-experimentacion-con-humanos-en-el-siglo-xxi\/34549\/#breadcrumb","itemListElement":[{"@type":"ListItem","position":1,"name":"In\u00edcio","item":"https:\/\/clam.org.br\/es\/"},{"@type":"ListItem","position":2,"name":"VII Cursos Intensivos de Posgrado \u2018Discapacidad, Salud Reproductiva, Medicamentos y Experimentaci\u00f3n con Humanos en el siglo XXI\u2019"}]},{"@type":"WebSite","@id":"https:\/\/clam.org.br\/es\/#website","url":"https:\/\/clam.org.br\/es\/","name":"CLAM - ES","description":"S\u00f3 mais um site CLAM - Centro Latino-Americano em Sexualidade e Direitos Humanos sites","potentialAction":[{"@type":"SearchAction","target":{"@type":"EntryPoint","urlTemplate":"https:\/\/clam.org.br\/es\/?s={search_term_string}"},"query-input":{"@type":"PropertyValueSpecification","valueRequired":true,"valueName":"search_term_string"}}],"inLanguage":"es"},{"@type":"Person","@id":"https:\/\/clam.org.br\/es\/#\/schema\/person\/fbd9a86032bf7479f94b0ded196f1010","name":"fw2","image":{"@type":"ImageObject","inLanguage":"es","@id":"https:\/\/clam.org.br\/es\/#\/schema\/person\/image\/","url":"https:\/\/secure.gravatar.com\/avatar\/c38472c0cdbde82d9b6fcc26adb3779d?s=96&d=mm&r=g","contentUrl":"https:\/\/secure.gravatar.com\/avatar\/c38472c0cdbde82d9b6fcc26adb3779d?s=96&d=mm&r=g","caption":"fw2"},"sameAs":["https:\/\/clam.fw2web.com.br"],"url":"https:\/\/clam.org.br\/es\/author\/fw2\/"}]}},"jetpack_featured_media_url":"","jetpack_sharing_enabled":true,"_links":{"self":[{"href":"https:\/\/clam.org.br\/es\/wp-json\/wp\/v2\/posts\/34549","targetHints":{"allow":["GET"]}}],"collection":[{"href":"https:\/\/clam.org.br\/es\/wp-json\/wp\/v2\/posts"}],"about":[{"href":"https:\/\/clam.org.br\/es\/wp-json\/wp\/v2\/types\/post"}],"author":[{"embeddable":true,"href":"https:\/\/clam.org.br\/es\/wp-json\/wp\/v2\/users\/1"}],"replies":[{"embeddable":true,"href":"https:\/\/clam.org.br\/es\/wp-json\/wp\/v2\/comments?post=34549"}],"version-history":[{"count":0,"href":"https:\/\/clam.org.br\/es\/wp-json\/wp\/v2\/posts\/34549\/revisions"}],"wp:attachment":[{"href":"https:\/\/clam.org.br\/es\/wp-json\/wp\/v2\/media?parent=34549"}],"wp:term":[{"taxonomy":"category","embeddable":true,"href":"https:\/\/clam.org.br\/es\/wp-json\/wp\/v2\/categories?post=34549"},{"taxonomy":"post_tag","embeddable":true,"href":"https:\/\/clam.org.br\/es\/wp-json\/wp\/v2\/tags?post=34549"}],"curies":[{"name":"wp","href":"https:\/\/api.w.org\/{rel}","templated":true}]}}