{"id":34586,"date":"2007-02-27T00:00:00","date_gmt":"2007-02-27T03:00:00","guid":{"rendered":"https:\/\/clam.fw2web.com.br\/es\/2007\/02\/27\/postitulo-cuerpo-y-sexualidad-en-la-adolescencia\/"},"modified":"2007-02-27T00:00:00","modified_gmt":"2007-02-27T03:00:00","slug":"postitulo-cuerpo-y-sexualidad-en-la-adolescencia","status":"publish","type":"post","link":"https:\/\/clam.org.br\/es\/oferta-academica\/postitulo-cuerpo-y-sexualidad-en-la-adolescencia\/34586\/","title":{"rendered":"Post\u00edtulo Cuerpo y Sexualidad en la Adolescencia"},"content":{"rendered":"<p>Este curso busca generar un espacio de reflexi\u00f3n, sostenida en la discusi\u00f3n te\u00f3rica, sobre el cuerpo, en su historicidad y complejidad como categor\u00eda social, y la problem\u00e1tica de la sexualidad, especialmente entre los adolescentes.<BR>  <P>En este sentido, traduce el compromiso de la Facultad de Humanidades de la UNSa a fin de convocar especialistas de su planta docente y de otras instituciones para debatir &#8211; junto a educadores y educadoras que trabajan con adolescentes &#8211; una cuesti\u00f3n que nos convoca a todos como sociedad y como instituci\u00f3n educativa a discutir pautas para una mejor calidad de vida de las generaciones presentes y futuras. Adem\u00e1s, resulta un valioso aporte para los\/as docentes en relaci\u00f3n a la Ley N\u00ba 26.150, recientemente aprobada, a trav\u00e9s de la cual se crea el Programa Nacional de Educaci\u00f3n Sexual Integral que deber\u00e1 ser implementado en el \u00e1mbito provincial y nacional en un plazo de 180 d\u00edas.<BR>  <P>Informes e inscripciones:<BR>  <P>Departamento de Posgrado Facultad de Humanidades<BR>  <P>Avda. Bolivia 5.150. 3\u00ba Piso Edificio Central<BR>  <P>Tel\u00e9fono (0387) 425-5369<BR>  <P>Correo electr\u00f3nico: posthum@unsa.edu.ar<BR>  <P>Horario de atenci\u00f3n: 9 a 12 y 15 a 18 hs.<BR>  <P>&nbsp;<BR>  <P>ESTRUCTURA CURRICULAR<BR>  <P>M\u00f3dulo introductorio<BR>  <P>M\u00f3dulo I: Construcci\u00f3n social y cosmovisiones culturales sobre el cuerpo y la sexualidad.<BR>  <P>M\u00f3dulo II: G\u00e9nero, cuerpo y ciudadan\u00eda<BR>  <P>M\u00f3dulo III: Salud sexual y reproductiva<BR>  <P>M\u00f3dulo IV: Religi\u00f3n, creencias y sexualidad.<BR>  <P>M\u00f3dulo V: Culturas juveniles y cuerpo en el NOA. Adolescencia y\/ o adolescencias: \u00bfFen\u00f3meno biops\u00edquico \u00abuniversal\u00bb y\/ o efecto espec\u00edfico de construcciones hist\u00f3rico antropol\u00f3gicas contextuales?<BR>  <P>Modulo VI: Taller de Trabajo final<BR>  <P>&nbsp;<BR>  <P>Destinatarios: Docentes de Tercer Ciclo de Educaci\u00f3n General B\u00e1sica y Nivel Polimodal, Profesionales del \u00e1rea de la Salud y de la Educaci\u00f3n<BR>  <P>Carga horaria Total: 240 horas<BR>  <P>Modalidad de cursado: S\u00e1bado de 9 a 19 hs., cada quince d\u00edas<BR>  <P>Fechas: Abril &ndash; Diciembre 2007<BR>  <P>Lugar: Campo Casta\u00f1ares<BR>  <P>Aranceles: Inscripci\u00f3n $ 10; Matr\u00edcula $ 40; 9 cuotas de $ 40<BR>  <P>Inscripciones: Hasta el 16 de Marzo<BR>  <P><\/P><\/p>\n","protected":false},"excerpt":{"rendered":"<p>El Departamento de Posgrado de la Facultad de Humanidades de la Universidad Nacional de Salta informa que hasta el 16 de marzo se encuentran abiertas las inscripciones para el Post\u00edtulo de Actualizaci\u00f3n Acad\u00e9mica: Cuerpo y Sexualidad en la Adolescencia que comenzar\u00e1 en abril.<\/p>\n","protected":false},"author":1,"featured_media":0,"comment_status":"open","ping_status":"open","sticky":false,"template":"","format":"standard","meta":{"_acf_changed":false,"site-sidebar-layout":"default","site-content-layout":"default","ast-global-header-display":"","ast-main-header-display":"","ast-hfb-above-header-display":"","ast-hfb-below-header-display":"","ast-hfb-mobile-header-display":"","site-post-title":"","ast-breadcrumbs-content":"","ast-featured-img":"","footer-sml-layout":"","theme-transparent-header-meta":"","adv-header-id-meta":"","stick-header-meta":"","header-above-stick-meta":"","header-main-stick-meta":"","header-below-stick-meta":"","_jetpack_memberships_contains_paid_content":false,"footnotes":""},"categories":[26],"tags":[],"class_list":["post-34586","post","type-post","status-publish","format-standard","hentry","category-oferta-academica"],"acf":[],"yoast_head":"<!-- This site is optimized with the Yoast SEO plugin v26.1.1 - https:\/\/yoast.com\/wordpress\/plugins\/seo\/ -->\n<title>Post\u00edtulo Cuerpo y Sexualidad en la Adolescencia - CLAM - ES<\/title>\n<meta name=\"robots\" content=\"index, follow, max-snippet:-1, max-image-preview:large, max-video-preview:-1\" \/>\n<link rel=\"canonical\" href=\"https:\/\/clam.org.br\/es\/oferta-academica\/postitulo-cuerpo-y-sexualidad-en-la-adolescencia\/34586\/\" \/>\n<meta property=\"og:locale\" content=\"es_ES\" \/>\n<meta property=\"og:type\" content=\"article\" \/>\n<meta property=\"og:title\" content=\"Post\u00edtulo Cuerpo y Sexualidad en la Adolescencia - CLAM - ES\" \/>\n<meta property=\"og:description\" content=\"El Departamento de Posgrado de la Facultad de Humanidades de la Universidad Nacional de Salta informa que hasta el 16 de marzo se encuentran abiertas las inscripciones para el Post\u00edtulo de Actualizaci\u00f3n Acad\u00e9mica: Cuerpo y Sexualidad en la Adolescencia que comenzar\u00e1 en abril.\" \/>\n<meta property=\"og:url\" content=\"https:\/\/clam.org.br\/es\/oferta-academica\/postitulo-cuerpo-y-sexualidad-en-la-adolescencia\/34586\/\" \/>\n<meta property=\"og:site_name\" content=\"CLAM - ES\" \/>\n<meta property=\"article:published_time\" content=\"2007-02-27T03:00:00+00:00\" \/>\n<meta name=\"author\" content=\"fw2\" \/>\n<meta name=\"twitter:card\" content=\"summary_large_image\" \/>\n<meta name=\"twitter:label1\" content=\"Escrito por\" \/>\n\t<meta name=\"twitter:data1\" content=\"fw2\" \/>\n\t<meta name=\"twitter:label2\" content=\"Tiempo de lectura\" \/>\n\t<meta name=\"twitter:data2\" content=\"2 minutos\" \/>\n<script type=\"application\/ld+json\" class=\"yoast-schema-graph\">{\"@context\":\"https:\/\/schema.org\",\"@graph\":[{\"@type\":\"WebPage\",\"@id\":\"https:\/\/clam.org.br\/es\/oferta-academica\/postitulo-cuerpo-y-sexualidad-en-la-adolescencia\/34586\/\",\"url\":\"https:\/\/clam.org.br\/es\/oferta-academica\/postitulo-cuerpo-y-sexualidad-en-la-adolescencia\/34586\/\",\"name\":\"Post\u00edtulo Cuerpo y Sexualidad en la Adolescencia - CLAM - ES\",\"isPartOf\":{\"@id\":\"https:\/\/clam.org.br\/es\/#website\"},\"datePublished\":\"2007-02-27T03:00:00+00:00\",\"author\":{\"@id\":\"https:\/\/clam.org.br\/es\/#\/schema\/person\/fbd9a86032bf7479f94b0ded196f1010\"},\"breadcrumb\":{\"@id\":\"https:\/\/clam.org.br\/es\/oferta-academica\/postitulo-cuerpo-y-sexualidad-en-la-adolescencia\/34586\/#breadcrumb\"},\"inLanguage\":\"es\",\"potentialAction\":[{\"@type\":\"ReadAction\",\"target\":[\"https:\/\/clam.org.br\/es\/oferta-academica\/postitulo-cuerpo-y-sexualidad-en-la-adolescencia\/34586\/\"]}]},{\"@type\":\"BreadcrumbList\",\"@id\":\"https:\/\/clam.org.br\/es\/oferta-academica\/postitulo-cuerpo-y-sexualidad-en-la-adolescencia\/34586\/#breadcrumb\",\"itemListElement\":[{\"@type\":\"ListItem\",\"position\":1,\"name\":\"In\u00edcio\",\"item\":\"https:\/\/clam.org.br\/es\/\"},{\"@type\":\"ListItem\",\"position\":2,\"name\":\"Post\u00edtulo Cuerpo y Sexualidad en la Adolescencia\"}]},{\"@type\":\"WebSite\",\"@id\":\"https:\/\/clam.org.br\/es\/#website\",\"url\":\"https:\/\/clam.org.br\/es\/\",\"name\":\"CLAM - ES\",\"description\":\"S\u00f3 mais um site CLAM - Centro Latino-Americano em Sexualidade e Direitos Humanos sites\",\"potentialAction\":[{\"@type\":\"SearchAction\",\"target\":{\"@type\":\"EntryPoint\",\"urlTemplate\":\"https:\/\/clam.org.br\/es\/?s={search_term_string}\"},\"query-input\":{\"@type\":\"PropertyValueSpecification\",\"valueRequired\":true,\"valueName\":\"search_term_string\"}}],\"inLanguage\":\"es\"},{\"@type\":\"Person\",\"@id\":\"https:\/\/clam.org.br\/es\/#\/schema\/person\/fbd9a86032bf7479f94b0ded196f1010\",\"name\":\"fw2\",\"image\":{\"@type\":\"ImageObject\",\"inLanguage\":\"es\",\"@id\":\"https:\/\/clam.org.br\/es\/#\/schema\/person\/image\/\",\"url\":\"https:\/\/secure.gravatar.com\/avatar\/c38472c0cdbde82d9b6fcc26adb3779d?s=96&d=mm&r=g\",\"contentUrl\":\"https:\/\/secure.gravatar.com\/avatar\/c38472c0cdbde82d9b6fcc26adb3779d?s=96&d=mm&r=g\",\"caption\":\"fw2\"},\"sameAs\":[\"https:\/\/clam.fw2web.com.br\"],\"url\":\"https:\/\/clam.org.br\/es\/author\/fw2\/\"}]}<\/script>\n<!-- \/ Yoast SEO plugin. -->","yoast_head_json":{"title":"Post\u00edtulo Cuerpo y Sexualidad en la Adolescencia - CLAM - ES","robots":{"index":"index","follow":"follow","max-snippet":"max-snippet:-1","max-image-preview":"max-image-preview:large","max-video-preview":"max-video-preview:-1"},"canonical":"https:\/\/clam.org.br\/es\/oferta-academica\/postitulo-cuerpo-y-sexualidad-en-la-adolescencia\/34586\/","og_locale":"es_ES","og_type":"article","og_title":"Post\u00edtulo Cuerpo y Sexualidad en la Adolescencia - CLAM - ES","og_description":"El Departamento de Posgrado de la Facultad de Humanidades de la Universidad Nacional de Salta informa que hasta el 16 de marzo se encuentran abiertas las inscripciones para el Post\u00edtulo de Actualizaci\u00f3n Acad\u00e9mica: Cuerpo y Sexualidad en la Adolescencia que comenzar\u00e1 en abril.","og_url":"https:\/\/clam.org.br\/es\/oferta-academica\/postitulo-cuerpo-y-sexualidad-en-la-adolescencia\/34586\/","og_site_name":"CLAM - ES","article_published_time":"2007-02-27T03:00:00+00:00","author":"fw2","twitter_card":"summary_large_image","twitter_misc":{"Escrito por":"fw2","Tiempo de lectura":"2 minutos"},"schema":{"@context":"https:\/\/schema.org","@graph":[{"@type":"WebPage","@id":"https:\/\/clam.org.br\/es\/oferta-academica\/postitulo-cuerpo-y-sexualidad-en-la-adolescencia\/34586\/","url":"https:\/\/clam.org.br\/es\/oferta-academica\/postitulo-cuerpo-y-sexualidad-en-la-adolescencia\/34586\/","name":"Post\u00edtulo Cuerpo y Sexualidad en la Adolescencia - CLAM - ES","isPartOf":{"@id":"https:\/\/clam.org.br\/es\/#website"},"datePublished":"2007-02-27T03:00:00+00:00","author":{"@id":"https:\/\/clam.org.br\/es\/#\/schema\/person\/fbd9a86032bf7479f94b0ded196f1010"},"breadcrumb":{"@id":"https:\/\/clam.org.br\/es\/oferta-academica\/postitulo-cuerpo-y-sexualidad-en-la-adolescencia\/34586\/#breadcrumb"},"inLanguage":"es","potentialAction":[{"@type":"ReadAction","target":["https:\/\/clam.org.br\/es\/oferta-academica\/postitulo-cuerpo-y-sexualidad-en-la-adolescencia\/34586\/"]}]},{"@type":"BreadcrumbList","@id":"https:\/\/clam.org.br\/es\/oferta-academica\/postitulo-cuerpo-y-sexualidad-en-la-adolescencia\/34586\/#breadcrumb","itemListElement":[{"@type":"ListItem","position":1,"name":"In\u00edcio","item":"https:\/\/clam.org.br\/es\/"},{"@type":"ListItem","position":2,"name":"Post\u00edtulo Cuerpo y Sexualidad en la Adolescencia"}]},{"@type":"WebSite","@id":"https:\/\/clam.org.br\/es\/#website","url":"https:\/\/clam.org.br\/es\/","name":"CLAM - ES","description":"S\u00f3 mais um site CLAM - Centro Latino-Americano em Sexualidade e Direitos Humanos sites","potentialAction":[{"@type":"SearchAction","target":{"@type":"EntryPoint","urlTemplate":"https:\/\/clam.org.br\/es\/?s={search_term_string}"},"query-input":{"@type":"PropertyValueSpecification","valueRequired":true,"valueName":"search_term_string"}}],"inLanguage":"es"},{"@type":"Person","@id":"https:\/\/clam.org.br\/es\/#\/schema\/person\/fbd9a86032bf7479f94b0ded196f1010","name":"fw2","image":{"@type":"ImageObject","inLanguage":"es","@id":"https:\/\/clam.org.br\/es\/#\/schema\/person\/image\/","url":"https:\/\/secure.gravatar.com\/avatar\/c38472c0cdbde82d9b6fcc26adb3779d?s=96&d=mm&r=g","contentUrl":"https:\/\/secure.gravatar.com\/avatar\/c38472c0cdbde82d9b6fcc26adb3779d?s=96&d=mm&r=g","caption":"fw2"},"sameAs":["https:\/\/clam.fw2web.com.br"],"url":"https:\/\/clam.org.br\/es\/author\/fw2\/"}]}},"jetpack_featured_media_url":"","jetpack_sharing_enabled":true,"_links":{"self":[{"href":"https:\/\/clam.org.br\/es\/wp-json\/wp\/v2\/posts\/34586","targetHints":{"allow":["GET"]}}],"collection":[{"href":"https:\/\/clam.org.br\/es\/wp-json\/wp\/v2\/posts"}],"about":[{"href":"https:\/\/clam.org.br\/es\/wp-json\/wp\/v2\/types\/post"}],"author":[{"embeddable":true,"href":"https:\/\/clam.org.br\/es\/wp-json\/wp\/v2\/users\/1"}],"replies":[{"embeddable":true,"href":"https:\/\/clam.org.br\/es\/wp-json\/wp\/v2\/comments?post=34586"}],"version-history":[{"count":0,"href":"https:\/\/clam.org.br\/es\/wp-json\/wp\/v2\/posts\/34586\/revisions"}],"wp:attachment":[{"href":"https:\/\/clam.org.br\/es\/wp-json\/wp\/v2\/media?parent=34586"}],"wp:term":[{"taxonomy":"category","embeddable":true,"href":"https:\/\/clam.org.br\/es\/wp-json\/wp\/v2\/categories?post=34586"},{"taxonomy":"post_tag","embeddable":true,"href":"https:\/\/clam.org.br\/es\/wp-json\/wp\/v2\/tags?post=34586"}],"curies":[{"name":"wp","href":"https:\/\/api.w.org\/{rel}","templated":true}]}}