{"id":34592,"date":"2007-04-10T00:00:00","date_gmt":"2007-04-10T03:00:00","guid":{"rendered":"https:\/\/clam.fw2web.com.br\/es\/2007\/04\/10\/derechos-humanos-genero-y-violencia\/"},"modified":"2007-04-10T00:00:00","modified_gmt":"2007-04-10T03:00:00","slug":"derechos-humanos-genero-y-violencia","status":"publish","type":"post","link":"https:\/\/clam.org.br\/es\/oferta-academica\/derechos-humanos-genero-y-violencia\/34592\/","title":{"rendered":"Derechos humanos, g\u00e9nero y violencia"},"content":{"rendered":"<p>O II Curso <I>Estudos e Pesquisas em Direitos Humanos, G\u00eanero e Viol\u00eancia<\/I> objetiva aprimorar o conhecimento nesta \u00e1rea tem\u00e1tica atrav\u00e9s da forma\u00e7\u00e3o de investigadores interessados em articular os atuais debates das ci\u00eancias sociais com os desafios colocados no plano das experi\u00eancias de formula\u00e7\u00e3o e execu\u00e7\u00e3o de pol\u00edticas de g\u00eanero. O evento \u00e9 realizado pelo N\u00facleo de Estudos de Sexualidade e G\u00eanero (NESEG), do Instituto de Filosofia e Ci\u00eancias Sociais (IFCS\/UFRJ), em parceria com o Centro de Estudos de Seguran\u00e7a e Cidadania (CESEC\/Universidade C\u00e2ndido Mendes) e o Centro Latino-Americano em Sexualidade e Direitos Humanos (CLAM\/IMS\/UERJ).<BR>  <P>Direcionado a estudantes de gradua\u00e7\u00e3o e de p\u00f3s-gradua\u00e7\u00e3o das institui\u00e7\u00f5es promotoras e de outras organiza\u00e7\u00f5es, o curso visa incentivar a forma\u00e7\u00e3o de pesquisadores na \u00e1rea das rela\u00e7\u00f5es de g\u00eanero, direitos humanos e viol\u00eancia. Segundo as coordenadoras, Aparecida Fonseca Moraes e Bila Sorj (NESEG\/IFCS\/UFRJ), B\u00e1rbara Musumeci Soares (CESEC\/UCAM) e Maria Luiza Heilborn (CLAM\/IMS\/UERJ), a proposta \u00e9 propiciar a reflex\u00e3o e o debate em torno de experi\u00eancias relacionadas \u00e0s pol\u00edticas de g\u00eanero no Brasil, nos \u00faltimos 20 anos.<BR>  <P>O curso ter\u00e1 carga hor\u00e1ria de 10 horas\/aula em cinco encontros, disponibilizando 50 vagas &ndash; 15 vagas para o IFCS\/UFRJ, 10 vagas para o CESEC\/UCAM, 15 vagas IMS\/UERJ e 10 vagas para afiliados de outras institui\u00e7\u00f5es. Os encontros ocorrer\u00e3o \u00e0s quintas-feiras (19 e 26 de abril; 03, 10 e 17 de maio), entre 17h e 19h, na sala 109 do IFCS\/UFRJ.<BR>  <P>Clique <a href=\"http:\/\/www.ppgsa.ifcs.ufrj.br\/eventos\/programa_eventos_curso_neseg.htm\" target=\"_blank\" rel=\"noopener\">aqui <\/A>para fazer a inscri\u00e7\u00e3o <\/P> <P>Veja a programa\u00e7\u00e3o abaixo:<BR> <\/P> <P><B>Programa<\/B>  <P><B>Dia 19 de abril &#8211; Direitos humanos e feminismo: trajet\u00f3rias, abordagens e pesquisas<\/B>  <P>Expositoras: Clara Ara\u00fajo (Depto. de Ci\u00eancias Sociais\/UERJ) e Jacqueline Pitanguy (CEPIA)<BR>  <P>Debatedora: Lena Lavinas (Instituto de Economia\/UFRJ)<BR>  <P><B>Dia 26 de abril &ndash; Direitos, discrimina\u00e7\u00e3o e viol\u00eancia na Am\u00e9rica Latina: a marcha do orgulho GLBT no Brasil e Argentina<\/B>  <P>Expositores: Horacio S\u00edvori (CLAM\/IMS\/UERJ) e S\u00e9rgio Carrara (CLAM\/IMS\/UERJ)<BR>  <P>Debatedora: Maria Luiza Heilborn (CLAM\/IMS\/UERJ)<BR>  <P><B>Dia 03 de maio &#8211; Direitos humanos e desenvolvimento de pol\u00edticas de g\u00eanero: perspectiva global e respostas locais <\/B> <P>Expositoras: Aparecida Fonseca Moraes (NESEG\/IFCS\/UFRJ) e Adriana de Resende Vianna (Programa de P\u00f3s-gradua\u00e7\u00e3o em Antropologia Social (PPGAS)\/Museu Nacional)<BR>  <P>Debatedora: S\u00f4nia Correa (Associa\u00e7\u00e3o Brasileira Interdisciplinar de AIDS &#8211; ABIA e Rede Dawn)<BR>  <P><B>Dia 10 de maio &#8211; Juventudes, g\u00eanero e viol\u00eancia<\/B>  <P>Expositoras: Tatiana Moura (Centro de Estudos Sociais\/Universidade de Coimbra)<BR>  <P>Silvia Ramos (CESEC\/UCAM) e Cristiane da Silva Cabral (CLAM\/IMS\/UERJ)<BR>  <P>Debatedora: Rosilene Alvim (NEPI\/IFCS\/UFRJ)<BR>  <P><B>Dia 17 de maio &#8211; Vinte anos de pol\u00edticas de g\u00eanero e a Lei Maria da Penha de combate \u00e0 viol\u00eancia contra a mulher: expectativas e desafios<\/B>  <P>Expositoras: B\u00e1rbara M. Soares (CESEC\/UCAM) e W\u00e2nia Pasinato (Pagu\/UNICAMP)<BR>  <P>Debatedora: Elaine Reis Brand\u00e3o (Departamento de Medicina Preventiva e Instituto de Estudos de Sa\u00fade Coletiva &#8211; IESC\/UFRJ)<BR> <\/P><\/p>\n","protected":false},"excerpt":{"rendered":"<p>Est\u00e1n abiertas las inscripciones para el II Curso Estudos e Pesquisas em Direitos Humanos, G\u00eanero e Viol\u00eancia, promovido por el IFCS\/UFRJ en colaboraci\u00f3n con el CESEC\/UCAM y el CLAM. El curso propiciar\u00e1 el debate en torno a las pol\u00edticas de g\u00e9nero en Brasil. Texto en portugu\u00e9s.<\/p>\n","protected":false},"author":1,"featured_media":0,"comment_status":"open","ping_status":"open","sticky":false,"template":"","format":"standard","meta":{"_acf_changed":false,"site-sidebar-layout":"default","site-content-layout":"default","ast-global-header-display":"","ast-main-header-display":"","ast-hfb-above-header-display":"","ast-hfb-below-header-display":"","ast-hfb-mobile-header-display":"","site-post-title":"","ast-breadcrumbs-content":"","ast-featured-img":"","footer-sml-layout":"","theme-transparent-header-meta":"","adv-header-id-meta":"","stick-header-meta":"","header-above-stick-meta":"","header-main-stick-meta":"","header-below-stick-meta":"","_jetpack_memberships_contains_paid_content":false,"footnotes":""},"categories":[26],"tags":[],"class_list":["post-34592","post","type-post","status-publish","format-standard","hentry","category-oferta-academica"],"acf":[],"yoast_head":"<!-- This site is optimized with the Yoast SEO plugin v26.1.1 - https:\/\/yoast.com\/wordpress\/plugins\/seo\/ -->\n<title>Derechos humanos, g\u00e9nero y violencia - CLAM - ES<\/title>\n<meta name=\"robots\" content=\"index, follow, max-snippet:-1, max-image-preview:large, max-video-preview:-1\" \/>\n<link rel=\"canonical\" href=\"https:\/\/clam.org.br\/es\/oferta-academica\/derechos-humanos-genero-y-violencia\/34592\/\" \/>\n<meta property=\"og:locale\" content=\"es_ES\" \/>\n<meta property=\"og:type\" content=\"article\" \/>\n<meta property=\"og:title\" content=\"Derechos humanos, g\u00e9nero y violencia - CLAM - ES\" \/>\n<meta property=\"og:description\" content=\"Est\u00e1n abiertas las inscripciones para el II Curso Estudos e Pesquisas em Direitos Humanos, G\u00eanero e Viol\u00eancia, promovido por el IFCS\/UFRJ en colaboraci\u00f3n con el CESEC\/UCAM y el CLAM. El curso propiciar\u00e1 el debate en torno a las pol\u00edticas de g\u00e9nero en Brasil. Texto en portugu\u00e9s.\" \/>\n<meta property=\"og:url\" content=\"https:\/\/clam.org.br\/es\/oferta-academica\/derechos-humanos-genero-y-violencia\/34592\/\" \/>\n<meta property=\"og:site_name\" content=\"CLAM - ES\" \/>\n<meta property=\"article:published_time\" content=\"2007-04-10T03:00:00+00:00\" \/>\n<meta name=\"author\" content=\"fw2\" \/>\n<meta name=\"twitter:card\" content=\"summary_large_image\" \/>\n<meta name=\"twitter:label1\" content=\"Escrito por\" \/>\n\t<meta name=\"twitter:data1\" content=\"fw2\" \/>\n\t<meta name=\"twitter:label2\" content=\"Tiempo de lectura\" \/>\n\t<meta name=\"twitter:data2\" content=\"3 minutos\" \/>\n<script type=\"application\/ld+json\" class=\"yoast-schema-graph\">{\"@context\":\"https:\/\/schema.org\",\"@graph\":[{\"@type\":\"WebPage\",\"@id\":\"https:\/\/clam.org.br\/es\/oferta-academica\/derechos-humanos-genero-y-violencia\/34592\/\",\"url\":\"https:\/\/clam.org.br\/es\/oferta-academica\/derechos-humanos-genero-y-violencia\/34592\/\",\"name\":\"Derechos humanos, g\u00e9nero y violencia - CLAM - ES\",\"isPartOf\":{\"@id\":\"https:\/\/clam.org.br\/es\/#website\"},\"datePublished\":\"2007-04-10T03:00:00+00:00\",\"author\":{\"@id\":\"https:\/\/clam.org.br\/es\/#\/schema\/person\/fbd9a86032bf7479f94b0ded196f1010\"},\"breadcrumb\":{\"@id\":\"https:\/\/clam.org.br\/es\/oferta-academica\/derechos-humanos-genero-y-violencia\/34592\/#breadcrumb\"},\"inLanguage\":\"es\",\"potentialAction\":[{\"@type\":\"ReadAction\",\"target\":[\"https:\/\/clam.org.br\/es\/oferta-academica\/derechos-humanos-genero-y-violencia\/34592\/\"]}]},{\"@type\":\"BreadcrumbList\",\"@id\":\"https:\/\/clam.org.br\/es\/oferta-academica\/derechos-humanos-genero-y-violencia\/34592\/#breadcrumb\",\"itemListElement\":[{\"@type\":\"ListItem\",\"position\":1,\"name\":\"In\u00edcio\",\"item\":\"https:\/\/clam.org.br\/es\/\"},{\"@type\":\"ListItem\",\"position\":2,\"name\":\"Derechos humanos, g\u00e9nero y violencia\"}]},{\"@type\":\"WebSite\",\"@id\":\"https:\/\/clam.org.br\/es\/#website\",\"url\":\"https:\/\/clam.org.br\/es\/\",\"name\":\"CLAM - ES\",\"description\":\"S\u00f3 mais um site CLAM - Centro Latino-Americano em Sexualidade e Direitos Humanos sites\",\"potentialAction\":[{\"@type\":\"SearchAction\",\"target\":{\"@type\":\"EntryPoint\",\"urlTemplate\":\"https:\/\/clam.org.br\/es\/?s={search_term_string}\"},\"query-input\":{\"@type\":\"PropertyValueSpecification\",\"valueRequired\":true,\"valueName\":\"search_term_string\"}}],\"inLanguage\":\"es\"},{\"@type\":\"Person\",\"@id\":\"https:\/\/clam.org.br\/es\/#\/schema\/person\/fbd9a86032bf7479f94b0ded196f1010\",\"name\":\"fw2\",\"image\":{\"@type\":\"ImageObject\",\"inLanguage\":\"es\",\"@id\":\"https:\/\/clam.org.br\/es\/#\/schema\/person\/image\/\",\"url\":\"https:\/\/secure.gravatar.com\/avatar\/c38472c0cdbde82d9b6fcc26adb3779d?s=96&d=mm&r=g\",\"contentUrl\":\"https:\/\/secure.gravatar.com\/avatar\/c38472c0cdbde82d9b6fcc26adb3779d?s=96&d=mm&r=g\",\"caption\":\"fw2\"},\"sameAs\":[\"https:\/\/clam.fw2web.com.br\"],\"url\":\"https:\/\/clam.org.br\/es\/author\/fw2\/\"}]}<\/script>\n<!-- \/ Yoast SEO plugin. -->","yoast_head_json":{"title":"Derechos humanos, g\u00e9nero y violencia - CLAM - ES","robots":{"index":"index","follow":"follow","max-snippet":"max-snippet:-1","max-image-preview":"max-image-preview:large","max-video-preview":"max-video-preview:-1"},"canonical":"https:\/\/clam.org.br\/es\/oferta-academica\/derechos-humanos-genero-y-violencia\/34592\/","og_locale":"es_ES","og_type":"article","og_title":"Derechos humanos, g\u00e9nero y violencia - CLAM - ES","og_description":"Est\u00e1n abiertas las inscripciones para el II Curso Estudos e Pesquisas em Direitos Humanos, G\u00eanero e Viol\u00eancia, promovido por el IFCS\/UFRJ en colaboraci\u00f3n con el CESEC\/UCAM y el CLAM. El curso propiciar\u00e1 el debate en torno a las pol\u00edticas de g\u00e9nero en Brasil. Texto en portugu\u00e9s.","og_url":"https:\/\/clam.org.br\/es\/oferta-academica\/derechos-humanos-genero-y-violencia\/34592\/","og_site_name":"CLAM - ES","article_published_time":"2007-04-10T03:00:00+00:00","author":"fw2","twitter_card":"summary_large_image","twitter_misc":{"Escrito por":"fw2","Tiempo de lectura":"3 minutos"},"schema":{"@context":"https:\/\/schema.org","@graph":[{"@type":"WebPage","@id":"https:\/\/clam.org.br\/es\/oferta-academica\/derechos-humanos-genero-y-violencia\/34592\/","url":"https:\/\/clam.org.br\/es\/oferta-academica\/derechos-humanos-genero-y-violencia\/34592\/","name":"Derechos humanos, g\u00e9nero y violencia - CLAM - ES","isPartOf":{"@id":"https:\/\/clam.org.br\/es\/#website"},"datePublished":"2007-04-10T03:00:00+00:00","author":{"@id":"https:\/\/clam.org.br\/es\/#\/schema\/person\/fbd9a86032bf7479f94b0ded196f1010"},"breadcrumb":{"@id":"https:\/\/clam.org.br\/es\/oferta-academica\/derechos-humanos-genero-y-violencia\/34592\/#breadcrumb"},"inLanguage":"es","potentialAction":[{"@type":"ReadAction","target":["https:\/\/clam.org.br\/es\/oferta-academica\/derechos-humanos-genero-y-violencia\/34592\/"]}]},{"@type":"BreadcrumbList","@id":"https:\/\/clam.org.br\/es\/oferta-academica\/derechos-humanos-genero-y-violencia\/34592\/#breadcrumb","itemListElement":[{"@type":"ListItem","position":1,"name":"In\u00edcio","item":"https:\/\/clam.org.br\/es\/"},{"@type":"ListItem","position":2,"name":"Derechos humanos, g\u00e9nero y violencia"}]},{"@type":"WebSite","@id":"https:\/\/clam.org.br\/es\/#website","url":"https:\/\/clam.org.br\/es\/","name":"CLAM - ES","description":"S\u00f3 mais um site CLAM - Centro Latino-Americano em Sexualidade e Direitos Humanos sites","potentialAction":[{"@type":"SearchAction","target":{"@type":"EntryPoint","urlTemplate":"https:\/\/clam.org.br\/es\/?s={search_term_string}"},"query-input":{"@type":"PropertyValueSpecification","valueRequired":true,"valueName":"search_term_string"}}],"inLanguage":"es"},{"@type":"Person","@id":"https:\/\/clam.org.br\/es\/#\/schema\/person\/fbd9a86032bf7479f94b0ded196f1010","name":"fw2","image":{"@type":"ImageObject","inLanguage":"es","@id":"https:\/\/clam.org.br\/es\/#\/schema\/person\/image\/","url":"https:\/\/secure.gravatar.com\/avatar\/c38472c0cdbde82d9b6fcc26adb3779d?s=96&d=mm&r=g","contentUrl":"https:\/\/secure.gravatar.com\/avatar\/c38472c0cdbde82d9b6fcc26adb3779d?s=96&d=mm&r=g","caption":"fw2"},"sameAs":["https:\/\/clam.fw2web.com.br"],"url":"https:\/\/clam.org.br\/es\/author\/fw2\/"}]}},"jetpack_featured_media_url":"","jetpack_sharing_enabled":true,"_links":{"self":[{"href":"https:\/\/clam.org.br\/es\/wp-json\/wp\/v2\/posts\/34592","targetHints":{"allow":["GET"]}}],"collection":[{"href":"https:\/\/clam.org.br\/es\/wp-json\/wp\/v2\/posts"}],"about":[{"href":"https:\/\/clam.org.br\/es\/wp-json\/wp\/v2\/types\/post"}],"author":[{"embeddable":true,"href":"https:\/\/clam.org.br\/es\/wp-json\/wp\/v2\/users\/1"}],"replies":[{"embeddable":true,"href":"https:\/\/clam.org.br\/es\/wp-json\/wp\/v2\/comments?post=34592"}],"version-history":[{"count":0,"href":"https:\/\/clam.org.br\/es\/wp-json\/wp\/v2\/posts\/34592\/revisions"}],"wp:attachment":[{"href":"https:\/\/clam.org.br\/es\/wp-json\/wp\/v2\/media?parent=34592"}],"wp:term":[{"taxonomy":"category","embeddable":true,"href":"https:\/\/clam.org.br\/es\/wp-json\/wp\/v2\/categories?post=34592"},{"taxonomy":"post_tag","embeddable":true,"href":"https:\/\/clam.org.br\/es\/wp-json\/wp\/v2\/tags?post=34592"}],"curies":[{"name":"wp","href":"https:\/\/api.w.org\/{rel}","templated":true}]}}