{"id":34609,"date":"2007-06-05T00:00:00","date_gmt":"2007-06-05T03:00:00","guid":{"rendered":"https:\/\/clam.fw2web.com.br\/es\/2007\/06\/05\/seminario-generos-y-politicas-culturales-en-latino-america\/"},"modified":"2007-06-05T00:00:00","modified_gmt":"2007-06-05T03:00:00","slug":"seminario-generos-y-politicas-culturales-en-latino-america","status":"publish","type":"post","link":"https:\/\/clam.org.br\/es\/oferta-academica\/seminario-generos-y-politicas-culturales-en-latino-america\/34609\/","title":{"rendered":"Seminario G\u00e9nero(s) y Pol\u00edticas Culturales en Latino Am\u00e9rica"},"content":{"rendered":"<p><P>Profesor Coordinador: Pedro Di Pietro (FLACSO- PRIGEPP; SUNY-Binghamton, CONICET-UNJu)  <P>Conferencistas Invitadas:  <P>Ochy Curiel (Universidad Nacional de Colombia) Marisa Belausteguigoitia Ruis (Universidad Nacional Aut\u00f3noma de M\u00e9xico- PUEG) Laura Elisa P\u00e9rez (University of California &ndash; Berkeley)  <P>El seminario es una propuesta cr\u00edtica y constructiva sobre las pol\u00edticas culturales que se despliegan en Latino Am\u00e9rica alrededor de sus espec\u00edficas relaciones de g\u00e9nero. Estudiaremos el \u00e1mbito de las pol\u00edticas como espacio de intervenci\u00f3n en torno a los arreglos sociales que se imponen como hegem\u00f3nicos. Estos modos de intervenci\u00f3n consisten de un conjunto de pr\u00e1cticas y procesos que toman cuerpo en diferentes niveles institucionales, o no, de la vida social (el estado, la sociedad civil, lo cotidiano, el campo de lo infrapol\u00edtico, la esfera p\u00fablica y la llamada esfera privada). En esta instancia de formaci\u00f3n, nos enfocaremos en:  <P>Deshilvanar las hebras que dan cuerpo a la categor\u00eda de g\u00e9nero a trav\u00e9s de la discusi\u00f3n, comprensi\u00f3n y aplicaci\u00f3n, de un marco intercultural y descolonizador de entendimiento de las relaciones de g\u00e9nero como emplazadas en la trama hist\u00f3rica y geopol\u00edtica de la unidad que llamamos Latino Am\u00e9rica. Es decir que indagaremos la epistemolog\u00eda de &ldquo;la colonialidad del G\u00e9nero&rdquo;.  <P>Recuperar el potencial epist\u00e9mico, anal\u00edtico y pol\u00edtico de la categor\u00eda \u00abg\u00e9nero\u00bb y de las luchas que, animadas por la disputa regional actual, se orientan a la justicia social y a la de g\u00e9nero. Para ello, se discutir\u00e1n y analizar\u00e1n saberes, pr\u00e1cticas, y pol\u00edticas \u00ablatinoamericanos\u00bb que resisten la perpetuaci\u00f3n de un patr\u00f3n colonial de poder en las Am\u00e9ricas. <P>Indagar, discutir, y conformar instrumentos, modos y mecanismos de intervenci\u00f3n en el campo pol\u00edtico-cultural y educativo que se acomoden a una pol\u00edtica intercultural y translocal de justicia social y de g\u00e9nero para la regi\u00f3n.  <P>Sostener y propiciar modos colectivos de discusi\u00f3n, ense\u00f1anza-aprendizaje, y evaluaci\u00f3n que redefinan la distinci\u00f3n entre teor\u00eda y pr\u00e1ctica. Espec\u00edficamente, haremos lugar para interrogar y abordar nuestros posicionamientos sociales y nuestras conexiones emotivas, est\u00e9ticas, y &ldquo;espirituales&rdquo; con el proceso colectivo de formaci\u00f3n virtual.  <P>Arancel: $ 600 <P>Informes: Ayacucho 551 CP (1026) Ciudad de Buenos Aires, Argentina <P>Tel.: (5411) 5238-9300 int. 337  <P>Fax: (5411) 4375-1373  <P>Correo electr\u00f3nico: <A href=\"mailto:prigepp@prigepp.org\">prigepp@prigepp.org<\/A>  <P>P\u00e1gina web: <A href=\"http:\/\/www.prigepp.org\">www.prigepp.org<\/A>  <P>Inscripci\u00f3n: <A href=\"http:\/\/www.prigepp.org\/site\/presentacion\/inscripcion.asp\">http:\/\/www.prigepp.org\/site\/presentacion\/inscripcion.asp<\/A> &nbsp;<\/P><\/p>\n","protected":false},"excerpt":{"rendered":"<p>La Maestr\u00eda en G\u00e9nero, Sociedad y Pol\u00edticas (Modalidad Virtual) de la Facultad Latinoamericana de Ciencias Sociales (FLACSO) sede Argentina informa que se encuentra abierta la inscripci\u00f3n al &ldquo;Seminario G\u00e9nero(s) y Pol\u00edticas Culturales en Latino Am\u00e9rica&rdquo; a cargo del Profesor Pedro Di Pietro. El seminario se dictar\u00e1 en la modalidad virtual del 25 de Junio al 19 de Agosto.<\/p>\n","protected":false},"author":1,"featured_media":0,"comment_status":"open","ping_status":"open","sticky":false,"template":"","format":"standard","meta":{"_acf_changed":false,"site-sidebar-layout":"default","site-content-layout":"default","ast-global-header-display":"","ast-main-header-display":"","ast-hfb-above-header-display":"","ast-hfb-below-header-display":"","ast-hfb-mobile-header-display":"","site-post-title":"","ast-breadcrumbs-content":"","ast-featured-img":"","footer-sml-layout":"","theme-transparent-header-meta":"","adv-header-id-meta":"","stick-header-meta":"","header-above-stick-meta":"","header-main-stick-meta":"","header-below-stick-meta":"","_jetpack_memberships_contains_paid_content":false,"footnotes":""},"categories":[26],"tags":[],"class_list":["post-34609","post","type-post","status-publish","format-standard","hentry","category-oferta-academica"],"acf":[],"yoast_head":"<!-- This site is optimized with the Yoast SEO plugin v26.1.1 - https:\/\/yoast.com\/wordpress\/plugins\/seo\/ -->\n<title>Seminario G\u00e9nero(s) y Pol\u00edticas Culturales en Latino Am\u00e9rica - CLAM - ES<\/title>\n<meta name=\"robots\" content=\"index, follow, max-snippet:-1, max-image-preview:large, max-video-preview:-1\" \/>\n<link rel=\"canonical\" href=\"https:\/\/clam.org.br\/es\/oferta-academica\/seminario-generos-y-politicas-culturales-en-latino-america\/34609\/\" \/>\n<meta property=\"og:locale\" content=\"es_ES\" \/>\n<meta property=\"og:type\" content=\"article\" \/>\n<meta property=\"og:title\" content=\"Seminario G\u00e9nero(s) y Pol\u00edticas Culturales en Latino Am\u00e9rica - CLAM - ES\" \/>\n<meta property=\"og:description\" content=\"La Maestr\u00eda en G\u00e9nero, Sociedad y Pol\u00edticas (Modalidad Virtual) de la Facultad Latinoamericana de Ciencias Sociales (FLACSO) sede Argentina informa que se encuentra abierta la inscripci\u00f3n al &ldquo;Seminario G\u00e9nero(s) y Pol\u00edticas Culturales en Latino Am\u00e9rica&rdquo; a cargo del Profesor Pedro Di Pietro. El seminario se dictar\u00e1 en la modalidad virtual del 25 de Junio al 19 de Agosto.\" \/>\n<meta property=\"og:url\" content=\"https:\/\/clam.org.br\/es\/oferta-academica\/seminario-generos-y-politicas-culturales-en-latino-america\/34609\/\" \/>\n<meta property=\"og:site_name\" content=\"CLAM - ES\" \/>\n<meta property=\"article:published_time\" content=\"2007-06-05T03:00:00+00:00\" \/>\n<meta name=\"author\" content=\"fw2\" \/>\n<meta name=\"twitter:card\" content=\"summary_large_image\" \/>\n<meta name=\"twitter:label1\" content=\"Escrito por\" \/>\n\t<meta name=\"twitter:data1\" content=\"fw2\" \/>\n\t<meta name=\"twitter:label2\" content=\"Tiempo de lectura\" \/>\n\t<meta name=\"twitter:data2\" content=\"2 minutos\" \/>\n<script type=\"application\/ld+json\" class=\"yoast-schema-graph\">{\"@context\":\"https:\/\/schema.org\",\"@graph\":[{\"@type\":\"WebPage\",\"@id\":\"https:\/\/clam.org.br\/es\/oferta-academica\/seminario-generos-y-politicas-culturales-en-latino-america\/34609\/\",\"url\":\"https:\/\/clam.org.br\/es\/oferta-academica\/seminario-generos-y-politicas-culturales-en-latino-america\/34609\/\",\"name\":\"Seminario G\u00e9nero(s) y Pol\u00edticas Culturales en Latino Am\u00e9rica - CLAM - ES\",\"isPartOf\":{\"@id\":\"https:\/\/clam.org.br\/es\/#website\"},\"datePublished\":\"2007-06-05T03:00:00+00:00\",\"author\":{\"@id\":\"https:\/\/clam.org.br\/es\/#\/schema\/person\/fbd9a86032bf7479f94b0ded196f1010\"},\"breadcrumb\":{\"@id\":\"https:\/\/clam.org.br\/es\/oferta-academica\/seminario-generos-y-politicas-culturales-en-latino-america\/34609\/#breadcrumb\"},\"inLanguage\":\"es\",\"potentialAction\":[{\"@type\":\"ReadAction\",\"target\":[\"https:\/\/clam.org.br\/es\/oferta-academica\/seminario-generos-y-politicas-culturales-en-latino-america\/34609\/\"]}]},{\"@type\":\"BreadcrumbList\",\"@id\":\"https:\/\/clam.org.br\/es\/oferta-academica\/seminario-generos-y-politicas-culturales-en-latino-america\/34609\/#breadcrumb\",\"itemListElement\":[{\"@type\":\"ListItem\",\"position\":1,\"name\":\"In\u00edcio\",\"item\":\"https:\/\/clam.org.br\/es\/\"},{\"@type\":\"ListItem\",\"position\":2,\"name\":\"Seminario G\u00e9nero(s) y Pol\u00edticas Culturales en Latino Am\u00e9rica\"}]},{\"@type\":\"WebSite\",\"@id\":\"https:\/\/clam.org.br\/es\/#website\",\"url\":\"https:\/\/clam.org.br\/es\/\",\"name\":\"CLAM - ES\",\"description\":\"S\u00f3 mais um site CLAM - Centro Latino-Americano em Sexualidade e Direitos Humanos sites\",\"potentialAction\":[{\"@type\":\"SearchAction\",\"target\":{\"@type\":\"EntryPoint\",\"urlTemplate\":\"https:\/\/clam.org.br\/es\/?s={search_term_string}\"},\"query-input\":{\"@type\":\"PropertyValueSpecification\",\"valueRequired\":true,\"valueName\":\"search_term_string\"}}],\"inLanguage\":\"es\"},{\"@type\":\"Person\",\"@id\":\"https:\/\/clam.org.br\/es\/#\/schema\/person\/fbd9a86032bf7479f94b0ded196f1010\",\"name\":\"fw2\",\"image\":{\"@type\":\"ImageObject\",\"inLanguage\":\"es\",\"@id\":\"https:\/\/clam.org.br\/es\/#\/schema\/person\/image\/\",\"url\":\"https:\/\/secure.gravatar.com\/avatar\/c38472c0cdbde82d9b6fcc26adb3779d?s=96&d=mm&r=g\",\"contentUrl\":\"https:\/\/secure.gravatar.com\/avatar\/c38472c0cdbde82d9b6fcc26adb3779d?s=96&d=mm&r=g\",\"caption\":\"fw2\"},\"sameAs\":[\"https:\/\/clam.fw2web.com.br\"],\"url\":\"https:\/\/clam.org.br\/es\/author\/fw2\/\"}]}<\/script>\n<!-- \/ Yoast SEO plugin. -->","yoast_head_json":{"title":"Seminario G\u00e9nero(s) y Pol\u00edticas Culturales en Latino Am\u00e9rica - CLAM - ES","robots":{"index":"index","follow":"follow","max-snippet":"max-snippet:-1","max-image-preview":"max-image-preview:large","max-video-preview":"max-video-preview:-1"},"canonical":"https:\/\/clam.org.br\/es\/oferta-academica\/seminario-generos-y-politicas-culturales-en-latino-america\/34609\/","og_locale":"es_ES","og_type":"article","og_title":"Seminario G\u00e9nero(s) y Pol\u00edticas Culturales en Latino Am\u00e9rica - CLAM - ES","og_description":"La Maestr\u00eda en G\u00e9nero, Sociedad y Pol\u00edticas (Modalidad Virtual) de la Facultad Latinoamericana de Ciencias Sociales (FLACSO) sede Argentina informa que se encuentra abierta la inscripci\u00f3n al &ldquo;Seminario G\u00e9nero(s) y Pol\u00edticas Culturales en Latino Am\u00e9rica&rdquo; a cargo del Profesor Pedro Di Pietro. El seminario se dictar\u00e1 en la modalidad virtual del 25 de Junio al 19 de Agosto.","og_url":"https:\/\/clam.org.br\/es\/oferta-academica\/seminario-generos-y-politicas-culturales-en-latino-america\/34609\/","og_site_name":"CLAM - ES","article_published_time":"2007-06-05T03:00:00+00:00","author":"fw2","twitter_card":"summary_large_image","twitter_misc":{"Escrito por":"fw2","Tiempo de lectura":"2 minutos"},"schema":{"@context":"https:\/\/schema.org","@graph":[{"@type":"WebPage","@id":"https:\/\/clam.org.br\/es\/oferta-academica\/seminario-generos-y-politicas-culturales-en-latino-america\/34609\/","url":"https:\/\/clam.org.br\/es\/oferta-academica\/seminario-generos-y-politicas-culturales-en-latino-america\/34609\/","name":"Seminario G\u00e9nero(s) y Pol\u00edticas Culturales en Latino Am\u00e9rica - CLAM - ES","isPartOf":{"@id":"https:\/\/clam.org.br\/es\/#website"},"datePublished":"2007-06-05T03:00:00+00:00","author":{"@id":"https:\/\/clam.org.br\/es\/#\/schema\/person\/fbd9a86032bf7479f94b0ded196f1010"},"breadcrumb":{"@id":"https:\/\/clam.org.br\/es\/oferta-academica\/seminario-generos-y-politicas-culturales-en-latino-america\/34609\/#breadcrumb"},"inLanguage":"es","potentialAction":[{"@type":"ReadAction","target":["https:\/\/clam.org.br\/es\/oferta-academica\/seminario-generos-y-politicas-culturales-en-latino-america\/34609\/"]}]},{"@type":"BreadcrumbList","@id":"https:\/\/clam.org.br\/es\/oferta-academica\/seminario-generos-y-politicas-culturales-en-latino-america\/34609\/#breadcrumb","itemListElement":[{"@type":"ListItem","position":1,"name":"In\u00edcio","item":"https:\/\/clam.org.br\/es\/"},{"@type":"ListItem","position":2,"name":"Seminario G\u00e9nero(s) y Pol\u00edticas Culturales en Latino Am\u00e9rica"}]},{"@type":"WebSite","@id":"https:\/\/clam.org.br\/es\/#website","url":"https:\/\/clam.org.br\/es\/","name":"CLAM - ES","description":"S\u00f3 mais um site CLAM - Centro Latino-Americano em Sexualidade e Direitos Humanos sites","potentialAction":[{"@type":"SearchAction","target":{"@type":"EntryPoint","urlTemplate":"https:\/\/clam.org.br\/es\/?s={search_term_string}"},"query-input":{"@type":"PropertyValueSpecification","valueRequired":true,"valueName":"search_term_string"}}],"inLanguage":"es"},{"@type":"Person","@id":"https:\/\/clam.org.br\/es\/#\/schema\/person\/fbd9a86032bf7479f94b0ded196f1010","name":"fw2","image":{"@type":"ImageObject","inLanguage":"es","@id":"https:\/\/clam.org.br\/es\/#\/schema\/person\/image\/","url":"https:\/\/secure.gravatar.com\/avatar\/c38472c0cdbde82d9b6fcc26adb3779d?s=96&d=mm&r=g","contentUrl":"https:\/\/secure.gravatar.com\/avatar\/c38472c0cdbde82d9b6fcc26adb3779d?s=96&d=mm&r=g","caption":"fw2"},"sameAs":["https:\/\/clam.fw2web.com.br"],"url":"https:\/\/clam.org.br\/es\/author\/fw2\/"}]}},"jetpack_featured_media_url":"","jetpack_sharing_enabled":true,"_links":{"self":[{"href":"https:\/\/clam.org.br\/es\/wp-json\/wp\/v2\/posts\/34609","targetHints":{"allow":["GET"]}}],"collection":[{"href":"https:\/\/clam.org.br\/es\/wp-json\/wp\/v2\/posts"}],"about":[{"href":"https:\/\/clam.org.br\/es\/wp-json\/wp\/v2\/types\/post"}],"author":[{"embeddable":true,"href":"https:\/\/clam.org.br\/es\/wp-json\/wp\/v2\/users\/1"}],"replies":[{"embeddable":true,"href":"https:\/\/clam.org.br\/es\/wp-json\/wp\/v2\/comments?post=34609"}],"version-history":[{"count":0,"href":"https:\/\/clam.org.br\/es\/wp-json\/wp\/v2\/posts\/34609\/revisions"}],"wp:attachment":[{"href":"https:\/\/clam.org.br\/es\/wp-json\/wp\/v2\/media?parent=34609"}],"wp:term":[{"taxonomy":"category","embeddable":true,"href":"https:\/\/clam.org.br\/es\/wp-json\/wp\/v2\/categories?post=34609"},{"taxonomy":"post_tag","embeddable":true,"href":"https:\/\/clam.org.br\/es\/wp-json\/wp\/v2\/tags?post=34609"}],"curies":[{"name":"wp","href":"https:\/\/api.w.org\/{rel}","templated":true}]}}