{"id":34614,"date":"2007-07-03T00:00:00","date_gmt":"2007-07-03T03:00:00","guid":{"rendered":"https:\/\/clam.fw2web.com.br\/es\/2007\/07\/03\/seminario-de-filosofia-politica-feminista-feminismo-latinoamericano\/"},"modified":"2007-07-03T00:00:00","modified_gmt":"2007-07-03T03:00:00","slug":"seminario-de-filosofia-politica-feminista-feminismo-latinoamericano","status":"publish","type":"post","link":"https:\/\/clam.org.br\/es\/oferta-academica\/seminario-de-filosofia-politica-feminista-feminismo-latinoamericano\/34614\/","title":{"rendered":"Seminario de Filosof\u00eda Pol\u00edtica Feminista \u201cFeminismo latinoamericano\u201d"},"content":{"rendered":"<p>La regi\u00f3n latinoamericana ha producido varias l\u00edneas originales de pensamiento pol\u00edtico feminista cruzadas por la diversidad. Desde disciplinas tan divergentes como la est\u00e9tica, la pol\u00edtica, la demograf\u00eda, los estudios culturales, la filosof\u00eda, las estructuras de poder y la perspectiva de g\u00e9nero, producen no s\u00f3lo interpretaciones originales de la historia de las luchas pol\u00edticas de la regi\u00f3n, sino propuestas de acci\u00f3n futura vinculadas a pr\u00e1cticas emancipatorias, antihegem\u00f3nicas y plurales. En este seminario seleccionaremos lecturas de varios pa\u00edses latinoamericanos que sirvan de soporte para el debate.<BR>  <P>A cargo de Diana Maff\u00eda y docentes invitadas.<BR>  <P>La primera clase, el 6 de agosto, estar\u00e1 a cargo de Mercedes L\u00f3pez Mart\u00ednez, de M\u00e9xico. Estar\u00e1n invitadas tambi\u00e9n Fernanda Gil Lozano (argentina, historiadora), Yuderkys Espinosa (dominicana, soci\u00f3loga), Paola Di Cori (italiana, historiadora de la cultura), Isabel Rauber (cubana, fil\u00f3sofa), entre otras.<BR>  <P>Diana Maff\u00eda es Doctora en Filosof\u00eda (UBA), docente de la carrera de Filosof\u00eda y de la Maestr\u00eda en administraci\u00f3n P\u00fablica (UBA) y de la Maestr\u00eda en Estudios de G\u00e9nero (Universidad de Rosario). Investigadora del Instituto Interdisciplinario de Estudios de G\u00e9nero (UBA). De 1998 a 2003 fue Defensora del Pueblo en Derechos Humanos y Equidad de G\u00e9nero en la Ciudad de Buenos Aires. En la actualidad es Directora Acad\u00e9mica del instituto Hannah Arendt. Su \u00faltimo libro es B\u00fasquedas de Sentido para una Nueva Pol\u00edtica, en colaboraci\u00f3n con Elisa Carri\u00f3 (Paid\u00f3s, 2005).<BR>  <P>Lunes de 10.30 a 12.30 hs., del 6 de agosto al 28 de noviembre<BR>  <P>Arancel: 40 pesos por mes (4 cuotas)<BR>  <P>Duraci\u00f3n: 15 reuniones de 2 horas<BR>  <P>Instituto de Formaci\u00f3n Cultural y Pol\u00edtica &ldquo;Hannah Arendt&rdquo;<BR>  <P>Rivadavia 1479 1\u00b0 D<BR>  <P>Tel\u00e9fono: (54-11) 4 383-4529\/23<BR>  <P>Correo electr\u00f3nico: <A href=\"mailto:informes@institutoarendt.com.ar\">informes@institutoarendt.com.ar<\/A> <\/P><\/p>\n","protected":false},"excerpt":{"rendered":"<p>El Instituto de Formaci\u00f3n Cultural y Pol\u00edtica &ldquo;Hannah Arendt&rdquo; invita al Seminario de Filosof\u00eda Pol\u00edtica Feminista &ldquo;Feminismo latinoamericano&rdquo; que se realizar\u00e1 en la sede del Instituto todos los lunes a partir del 6 de agosto hasta el 28 de noviembre. Este seminario est\u00e1 a cargo de Diana Maffia y contar\u00e1 con docentes invitadas.<\/p>\n","protected":false},"author":1,"featured_media":0,"comment_status":"open","ping_status":"open","sticky":false,"template":"","format":"standard","meta":{"_acf_changed":false,"site-sidebar-layout":"default","site-content-layout":"default","ast-global-header-display":"","ast-main-header-display":"","ast-hfb-above-header-display":"","ast-hfb-below-header-display":"","ast-hfb-mobile-header-display":"","site-post-title":"","ast-breadcrumbs-content":"","ast-featured-img":"","footer-sml-layout":"","theme-transparent-header-meta":"","adv-header-id-meta":"","stick-header-meta":"","header-above-stick-meta":"","header-main-stick-meta":"","header-below-stick-meta":"","_jetpack_memberships_contains_paid_content":false,"footnotes":""},"categories":[26],"tags":[],"class_list":["post-34614","post","type-post","status-publish","format-standard","hentry","category-oferta-academica"],"acf":[],"yoast_head":"<!-- This site is optimized with the Yoast SEO plugin v26.1.1 - https:\/\/yoast.com\/wordpress\/plugins\/seo\/ -->\n<title>Seminario de Filosof\u00eda Pol\u00edtica Feminista \u201cFeminismo latinoamericano\u201d - CLAM - ES<\/title>\n<meta name=\"robots\" content=\"index, follow, max-snippet:-1, max-image-preview:large, max-video-preview:-1\" \/>\n<link rel=\"canonical\" href=\"https:\/\/clam.org.br\/es\/oferta-academica\/seminario-de-filosofia-politica-feminista-feminismo-latinoamericano\/34614\/\" \/>\n<meta property=\"og:locale\" content=\"es_ES\" \/>\n<meta property=\"og:type\" content=\"article\" \/>\n<meta property=\"og:title\" content=\"Seminario de Filosof\u00eda Pol\u00edtica Feminista \u201cFeminismo latinoamericano\u201d - CLAM - ES\" \/>\n<meta property=\"og:description\" content=\"El Instituto de Formaci\u00f3n Cultural y Pol\u00edtica &ldquo;Hannah Arendt&rdquo; invita al Seminario de Filosof\u00eda Pol\u00edtica Feminista &ldquo;Feminismo latinoamericano&rdquo; que se realizar\u00e1 en la sede del Instituto todos los lunes a partir del 6 de agosto hasta el 28 de noviembre. Este seminario est\u00e1 a cargo de Diana Maffia y contar\u00e1 con docentes invitadas.\" \/>\n<meta property=\"og:url\" content=\"https:\/\/clam.org.br\/es\/oferta-academica\/seminario-de-filosofia-politica-feminista-feminismo-latinoamericano\/34614\/\" \/>\n<meta property=\"og:site_name\" content=\"CLAM - ES\" \/>\n<meta property=\"article:published_time\" content=\"2007-07-03T03:00:00+00:00\" \/>\n<meta name=\"author\" content=\"fw2\" \/>\n<meta name=\"twitter:card\" content=\"summary_large_image\" \/>\n<meta name=\"twitter:label1\" content=\"Escrito por\" \/>\n\t<meta name=\"twitter:data1\" content=\"fw2\" \/>\n\t<meta name=\"twitter:label2\" content=\"Tiempo de lectura\" \/>\n\t<meta name=\"twitter:data2\" content=\"2 minutos\" \/>\n<script type=\"application\/ld+json\" class=\"yoast-schema-graph\">{\"@context\":\"https:\/\/schema.org\",\"@graph\":[{\"@type\":\"WebPage\",\"@id\":\"https:\/\/clam.org.br\/es\/oferta-academica\/seminario-de-filosofia-politica-feminista-feminismo-latinoamericano\/34614\/\",\"url\":\"https:\/\/clam.org.br\/es\/oferta-academica\/seminario-de-filosofia-politica-feminista-feminismo-latinoamericano\/34614\/\",\"name\":\"Seminario de Filosof\u00eda Pol\u00edtica Feminista \u201cFeminismo latinoamericano\u201d - CLAM - ES\",\"isPartOf\":{\"@id\":\"https:\/\/clam.org.br\/es\/#website\"},\"datePublished\":\"2007-07-03T03:00:00+00:00\",\"author\":{\"@id\":\"https:\/\/clam.org.br\/es\/#\/schema\/person\/fbd9a86032bf7479f94b0ded196f1010\"},\"breadcrumb\":{\"@id\":\"https:\/\/clam.org.br\/es\/oferta-academica\/seminario-de-filosofia-politica-feminista-feminismo-latinoamericano\/34614\/#breadcrumb\"},\"inLanguage\":\"es\",\"potentialAction\":[{\"@type\":\"ReadAction\",\"target\":[\"https:\/\/clam.org.br\/es\/oferta-academica\/seminario-de-filosofia-politica-feminista-feminismo-latinoamericano\/34614\/\"]}]},{\"@type\":\"BreadcrumbList\",\"@id\":\"https:\/\/clam.org.br\/es\/oferta-academica\/seminario-de-filosofia-politica-feminista-feminismo-latinoamericano\/34614\/#breadcrumb\",\"itemListElement\":[{\"@type\":\"ListItem\",\"position\":1,\"name\":\"In\u00edcio\",\"item\":\"https:\/\/clam.org.br\/es\/\"},{\"@type\":\"ListItem\",\"position\":2,\"name\":\"Seminario de Filosof\u00eda Pol\u00edtica Feminista \u201cFeminismo latinoamericano\u201d\"}]},{\"@type\":\"WebSite\",\"@id\":\"https:\/\/clam.org.br\/es\/#website\",\"url\":\"https:\/\/clam.org.br\/es\/\",\"name\":\"CLAM - ES\",\"description\":\"S\u00f3 mais um site CLAM - Centro Latino-Americano em Sexualidade e Direitos Humanos sites\",\"potentialAction\":[{\"@type\":\"SearchAction\",\"target\":{\"@type\":\"EntryPoint\",\"urlTemplate\":\"https:\/\/clam.org.br\/es\/?s={search_term_string}\"},\"query-input\":{\"@type\":\"PropertyValueSpecification\",\"valueRequired\":true,\"valueName\":\"search_term_string\"}}],\"inLanguage\":\"es\"},{\"@type\":\"Person\",\"@id\":\"https:\/\/clam.org.br\/es\/#\/schema\/person\/fbd9a86032bf7479f94b0ded196f1010\",\"name\":\"fw2\",\"image\":{\"@type\":\"ImageObject\",\"inLanguage\":\"es\",\"@id\":\"https:\/\/clam.org.br\/es\/#\/schema\/person\/image\/\",\"url\":\"https:\/\/secure.gravatar.com\/avatar\/c38472c0cdbde82d9b6fcc26adb3779d?s=96&d=mm&r=g\",\"contentUrl\":\"https:\/\/secure.gravatar.com\/avatar\/c38472c0cdbde82d9b6fcc26adb3779d?s=96&d=mm&r=g\",\"caption\":\"fw2\"},\"sameAs\":[\"https:\/\/clam.fw2web.com.br\"],\"url\":\"https:\/\/clam.org.br\/es\/author\/fw2\/\"}]}<\/script>\n<!-- \/ Yoast SEO plugin. -->","yoast_head_json":{"title":"Seminario de Filosof\u00eda Pol\u00edtica Feminista \u201cFeminismo latinoamericano\u201d - CLAM - ES","robots":{"index":"index","follow":"follow","max-snippet":"max-snippet:-1","max-image-preview":"max-image-preview:large","max-video-preview":"max-video-preview:-1"},"canonical":"https:\/\/clam.org.br\/es\/oferta-academica\/seminario-de-filosofia-politica-feminista-feminismo-latinoamericano\/34614\/","og_locale":"es_ES","og_type":"article","og_title":"Seminario de Filosof\u00eda Pol\u00edtica Feminista \u201cFeminismo latinoamericano\u201d - CLAM - ES","og_description":"El Instituto de Formaci\u00f3n Cultural y Pol\u00edtica &ldquo;Hannah Arendt&rdquo; invita al Seminario de Filosof\u00eda Pol\u00edtica Feminista &ldquo;Feminismo latinoamericano&rdquo; que se realizar\u00e1 en la sede del Instituto todos los lunes a partir del 6 de agosto hasta el 28 de noviembre. Este seminario est\u00e1 a cargo de Diana Maffia y contar\u00e1 con docentes invitadas.","og_url":"https:\/\/clam.org.br\/es\/oferta-academica\/seminario-de-filosofia-politica-feminista-feminismo-latinoamericano\/34614\/","og_site_name":"CLAM - ES","article_published_time":"2007-07-03T03:00:00+00:00","author":"fw2","twitter_card":"summary_large_image","twitter_misc":{"Escrito por":"fw2","Tiempo de lectura":"2 minutos"},"schema":{"@context":"https:\/\/schema.org","@graph":[{"@type":"WebPage","@id":"https:\/\/clam.org.br\/es\/oferta-academica\/seminario-de-filosofia-politica-feminista-feminismo-latinoamericano\/34614\/","url":"https:\/\/clam.org.br\/es\/oferta-academica\/seminario-de-filosofia-politica-feminista-feminismo-latinoamericano\/34614\/","name":"Seminario de Filosof\u00eda Pol\u00edtica Feminista \u201cFeminismo latinoamericano\u201d - CLAM - ES","isPartOf":{"@id":"https:\/\/clam.org.br\/es\/#website"},"datePublished":"2007-07-03T03:00:00+00:00","author":{"@id":"https:\/\/clam.org.br\/es\/#\/schema\/person\/fbd9a86032bf7479f94b0ded196f1010"},"breadcrumb":{"@id":"https:\/\/clam.org.br\/es\/oferta-academica\/seminario-de-filosofia-politica-feminista-feminismo-latinoamericano\/34614\/#breadcrumb"},"inLanguage":"es","potentialAction":[{"@type":"ReadAction","target":["https:\/\/clam.org.br\/es\/oferta-academica\/seminario-de-filosofia-politica-feminista-feminismo-latinoamericano\/34614\/"]}]},{"@type":"BreadcrumbList","@id":"https:\/\/clam.org.br\/es\/oferta-academica\/seminario-de-filosofia-politica-feminista-feminismo-latinoamericano\/34614\/#breadcrumb","itemListElement":[{"@type":"ListItem","position":1,"name":"In\u00edcio","item":"https:\/\/clam.org.br\/es\/"},{"@type":"ListItem","position":2,"name":"Seminario de Filosof\u00eda Pol\u00edtica Feminista \u201cFeminismo latinoamericano\u201d"}]},{"@type":"WebSite","@id":"https:\/\/clam.org.br\/es\/#website","url":"https:\/\/clam.org.br\/es\/","name":"CLAM - ES","description":"S\u00f3 mais um site CLAM - Centro Latino-Americano em Sexualidade e Direitos Humanos sites","potentialAction":[{"@type":"SearchAction","target":{"@type":"EntryPoint","urlTemplate":"https:\/\/clam.org.br\/es\/?s={search_term_string}"},"query-input":{"@type":"PropertyValueSpecification","valueRequired":true,"valueName":"search_term_string"}}],"inLanguage":"es"},{"@type":"Person","@id":"https:\/\/clam.org.br\/es\/#\/schema\/person\/fbd9a86032bf7479f94b0ded196f1010","name":"fw2","image":{"@type":"ImageObject","inLanguage":"es","@id":"https:\/\/clam.org.br\/es\/#\/schema\/person\/image\/","url":"https:\/\/secure.gravatar.com\/avatar\/c38472c0cdbde82d9b6fcc26adb3779d?s=96&d=mm&r=g","contentUrl":"https:\/\/secure.gravatar.com\/avatar\/c38472c0cdbde82d9b6fcc26adb3779d?s=96&d=mm&r=g","caption":"fw2"},"sameAs":["https:\/\/clam.fw2web.com.br"],"url":"https:\/\/clam.org.br\/es\/author\/fw2\/"}]}},"jetpack_featured_media_url":"","jetpack_sharing_enabled":true,"_links":{"self":[{"href":"https:\/\/clam.org.br\/es\/wp-json\/wp\/v2\/posts\/34614","targetHints":{"allow":["GET"]}}],"collection":[{"href":"https:\/\/clam.org.br\/es\/wp-json\/wp\/v2\/posts"}],"about":[{"href":"https:\/\/clam.org.br\/es\/wp-json\/wp\/v2\/types\/post"}],"author":[{"embeddable":true,"href":"https:\/\/clam.org.br\/es\/wp-json\/wp\/v2\/users\/1"}],"replies":[{"embeddable":true,"href":"https:\/\/clam.org.br\/es\/wp-json\/wp\/v2\/comments?post=34614"}],"version-history":[{"count":0,"href":"https:\/\/clam.org.br\/es\/wp-json\/wp\/v2\/posts\/34614\/revisions"}],"wp:attachment":[{"href":"https:\/\/clam.org.br\/es\/wp-json\/wp\/v2\/media?parent=34614"}],"wp:term":[{"taxonomy":"category","embeddable":true,"href":"https:\/\/clam.org.br\/es\/wp-json\/wp\/v2\/categories?post=34614"},{"taxonomy":"post_tag","embeddable":true,"href":"https:\/\/clam.org.br\/es\/wp-json\/wp\/v2\/tags?post=34614"}],"curies":[{"name":"wp","href":"https:\/\/api.w.org\/{rel}","templated":true}]}}