{"id":34616,"date":"2007-07-24T00:00:00","date_gmt":"2007-07-24T03:00:00","guid":{"rendered":"https:\/\/clam.fw2web.com.br\/es\/2007\/07\/24\/decotidianizar-una-propuesta-antropologica\/"},"modified":"2007-07-24T00:00:00","modified_gmt":"2007-07-24T03:00:00","slug":"decotidianizar-una-propuesta-antropologica","status":"publish","type":"post","link":"https:\/\/clam.org.br\/es\/oferta-academica\/decotidianizar-una-propuesta-antropologica\/34616\/","title":{"rendered":"Decotidianizar una propuesta antropol\u00f3gica"},"content":{"rendered":"<p>La Secretar\u00eda de Extensi\u00f3n y el Programa Antropolog\u00eda y Comunidades de la Facultad de Filosof\u00eda y Humanidades de la UNC informan que se encuentran abiertas las inscripciones para el curso a distancia &ldquo;Decotidianizar una propuesta antropol\u00f3gica&rdquo;, a cargo de Laura Misetich, que se llevar\u00e1 a cabo de manera virtual entre los meses de agosto y septiembre.<BR>  <P>La idea de este curso es reflexionar acerca de muchas cuestiones que naturalizamos a diario, \u00bfQu\u00e9 nos pasa frente al diferente ante quien vemos un &ldquo;Otro&rdquo;?, \u00bf Qu\u00e9 sentidos se ponen en juego cuando se habla de identidades \u00e9tnicas, lugares de memorias e identidades locales\/ globales, de fronteras culturales, de tantos m\u00e1s&#8230;.?.<BR>  <P>Se propone poner en di\u00e1logo nuestros propios procesos con la mirada de la Antropolog\u00eda. De esta manera se invita a mirar &ldquo;con otros ojos&rdquo;, distanciarse y reflexionar sobre las propias pr\u00e1cticas y representaciones, y tal vez, animarse a construir alternativas superadoras de estigmatizaciones y prejuicios sociales.<BR>  <P>Informes e inscripciones:<BR>  <P>Secretar\u00eda de Extensi\u00f3n de la FFyH Pabell\u00f3n Residencial, Planta Baja, Ciudad Universitaria.<BR>  <P>De 9 a 13 y de 15 a 19 horas.<BR>  <P>Tel\u00e9fono: 54&ndash; 0351&ndash; 4333085.<BR>  <P>E mails: <A href=\"mailto:extfilo@ffyh.unc.edu.ar\">extfilo@ffyh.unc.edu.ar<\/A>  <P>P\u00e1gina Web: <a href=\"http:\/\/www.clam.org.br\/publique\/cgi\/cgilua.exe\/sys\/common\/www.ffyh.unc.edu.ar\/extension\" target=\"_blank\" rel=\"noopener\">www.ffyh.unc.edu.ar\/extension<\/A>  <P>Museo de Antropolog\u00eda de la FFyH<BR>  <P>Hip\u00f3lito Yrigoyen 174 C\u00f3rdoba<BR>  <P>Tel\u00e9fono: 54&ndash; 0351&ndash; 4331058.<BR>  <P>E mail: <A href=\"mailto:antropologia.comunidades@gmail.com\">antropologia.comunidades@gmail.com<\/A>  <P>P\u00e1gina Web: <a href=\"http:\/\/www.clam.org.br\/publique\/cgi\/cgilua.exe\/sys\/common\/www.ffyh.unc.edu.ar\/comunidades\" target=\"_blank\" rel=\"noopener\">www.ffyh.unc.edu.ar\/comunidades <\/A><\/P><\/p>\n","protected":false},"excerpt":{"rendered":"<p>La Secretar\u00eda de Extensi\u00f3n y el Programa Antropolog\u00eda y Comunidades de la Facultad de Filosof\u00eda y Humanidades de la UNC informan que se encuentran abiertas las inscripciones para el curso a distancia &ldquo;Decotidianizar una propuesta antropol\u00f3gica&rdquo;, a cargo de Laura Misetich, que se llevar\u00e1 a cabo de manera virtual entre los meses de agosto y septiembre.<\/p>\n","protected":false},"author":1,"featured_media":0,"comment_status":"open","ping_status":"open","sticky":false,"template":"","format":"standard","meta":{"_acf_changed":false,"site-sidebar-layout":"default","site-content-layout":"default","ast-global-header-display":"","ast-main-header-display":"","ast-hfb-above-header-display":"","ast-hfb-below-header-display":"","ast-hfb-mobile-header-display":"","site-post-title":"","ast-breadcrumbs-content":"","ast-featured-img":"","footer-sml-layout":"","theme-transparent-header-meta":"","adv-header-id-meta":"","stick-header-meta":"","header-above-stick-meta":"","header-main-stick-meta":"","header-below-stick-meta":"","_jetpack_memberships_contains_paid_content":false,"footnotes":""},"categories":[26],"tags":[],"class_list":["post-34616","post","type-post","status-publish","format-standard","hentry","category-oferta-academica"],"acf":[],"yoast_head":"<!-- This site is optimized with the Yoast SEO plugin v26.1.1 - https:\/\/yoast.com\/wordpress\/plugins\/seo\/ -->\n<title>Decotidianizar una propuesta antropol\u00f3gica - CLAM - ES<\/title>\n<meta name=\"robots\" content=\"index, follow, max-snippet:-1, max-image-preview:large, max-video-preview:-1\" \/>\n<link rel=\"canonical\" href=\"https:\/\/clam.org.br\/es\/oferta-academica\/decotidianizar-una-propuesta-antropologica\/34616\/\" \/>\n<meta property=\"og:locale\" content=\"es_ES\" \/>\n<meta property=\"og:type\" content=\"article\" \/>\n<meta property=\"og:title\" content=\"Decotidianizar una propuesta antropol\u00f3gica - CLAM - ES\" \/>\n<meta property=\"og:description\" content=\"La Secretar\u00eda de Extensi\u00f3n y el Programa Antropolog\u00eda y Comunidades de la Facultad de Filosof\u00eda y Humanidades de la UNC informan que se encuentran abiertas las inscripciones para el curso a distancia &ldquo;Decotidianizar una propuesta antropol\u00f3gica&rdquo;, a cargo de Laura Misetich, que se llevar\u00e1 a cabo de manera virtual entre los meses de agosto y septiembre.\" \/>\n<meta property=\"og:url\" content=\"https:\/\/clam.org.br\/es\/oferta-academica\/decotidianizar-una-propuesta-antropologica\/34616\/\" \/>\n<meta property=\"og:site_name\" content=\"CLAM - ES\" \/>\n<meta property=\"article:published_time\" content=\"2007-07-24T03:00:00+00:00\" \/>\n<meta name=\"author\" content=\"fw2\" \/>\n<meta name=\"twitter:card\" content=\"summary_large_image\" \/>\n<meta name=\"twitter:label1\" content=\"Escrito por\" \/>\n\t<meta name=\"twitter:data1\" content=\"fw2\" \/>\n\t<meta name=\"twitter:label2\" content=\"Tiempo de lectura\" \/>\n\t<meta name=\"twitter:data2\" content=\"1 minuto\" \/>\n<script type=\"application\/ld+json\" class=\"yoast-schema-graph\">{\"@context\":\"https:\/\/schema.org\",\"@graph\":[{\"@type\":\"WebPage\",\"@id\":\"https:\/\/clam.org.br\/es\/oferta-academica\/decotidianizar-una-propuesta-antropologica\/34616\/\",\"url\":\"https:\/\/clam.org.br\/es\/oferta-academica\/decotidianizar-una-propuesta-antropologica\/34616\/\",\"name\":\"Decotidianizar una propuesta antropol\u00f3gica - CLAM - ES\",\"isPartOf\":{\"@id\":\"https:\/\/clam.org.br\/es\/#website\"},\"datePublished\":\"2007-07-24T03:00:00+00:00\",\"author\":{\"@id\":\"https:\/\/clam.org.br\/es\/#\/schema\/person\/fbd9a86032bf7479f94b0ded196f1010\"},\"breadcrumb\":{\"@id\":\"https:\/\/clam.org.br\/es\/oferta-academica\/decotidianizar-una-propuesta-antropologica\/34616\/#breadcrumb\"},\"inLanguage\":\"es\",\"potentialAction\":[{\"@type\":\"ReadAction\",\"target\":[\"https:\/\/clam.org.br\/es\/oferta-academica\/decotidianizar-una-propuesta-antropologica\/34616\/\"]}]},{\"@type\":\"BreadcrumbList\",\"@id\":\"https:\/\/clam.org.br\/es\/oferta-academica\/decotidianizar-una-propuesta-antropologica\/34616\/#breadcrumb\",\"itemListElement\":[{\"@type\":\"ListItem\",\"position\":1,\"name\":\"In\u00edcio\",\"item\":\"https:\/\/clam.org.br\/es\/\"},{\"@type\":\"ListItem\",\"position\":2,\"name\":\"Decotidianizar una propuesta antropol\u00f3gica\"}]},{\"@type\":\"WebSite\",\"@id\":\"https:\/\/clam.org.br\/es\/#website\",\"url\":\"https:\/\/clam.org.br\/es\/\",\"name\":\"CLAM - ES\",\"description\":\"S\u00f3 mais um site CLAM - Centro Latino-Americano em Sexualidade e Direitos Humanos sites\",\"potentialAction\":[{\"@type\":\"SearchAction\",\"target\":{\"@type\":\"EntryPoint\",\"urlTemplate\":\"https:\/\/clam.org.br\/es\/?s={search_term_string}\"},\"query-input\":{\"@type\":\"PropertyValueSpecification\",\"valueRequired\":true,\"valueName\":\"search_term_string\"}}],\"inLanguage\":\"es\"},{\"@type\":\"Person\",\"@id\":\"https:\/\/clam.org.br\/es\/#\/schema\/person\/fbd9a86032bf7479f94b0ded196f1010\",\"name\":\"fw2\",\"image\":{\"@type\":\"ImageObject\",\"inLanguage\":\"es\",\"@id\":\"https:\/\/clam.org.br\/es\/#\/schema\/person\/image\/\",\"url\":\"https:\/\/secure.gravatar.com\/avatar\/c38472c0cdbde82d9b6fcc26adb3779d?s=96&d=mm&r=g\",\"contentUrl\":\"https:\/\/secure.gravatar.com\/avatar\/c38472c0cdbde82d9b6fcc26adb3779d?s=96&d=mm&r=g\",\"caption\":\"fw2\"},\"sameAs\":[\"https:\/\/clam.fw2web.com.br\"],\"url\":\"https:\/\/clam.org.br\/es\/author\/fw2\/\"}]}<\/script>\n<!-- \/ Yoast SEO plugin. -->","yoast_head_json":{"title":"Decotidianizar una propuesta antropol\u00f3gica - CLAM - ES","robots":{"index":"index","follow":"follow","max-snippet":"max-snippet:-1","max-image-preview":"max-image-preview:large","max-video-preview":"max-video-preview:-1"},"canonical":"https:\/\/clam.org.br\/es\/oferta-academica\/decotidianizar-una-propuesta-antropologica\/34616\/","og_locale":"es_ES","og_type":"article","og_title":"Decotidianizar una propuesta antropol\u00f3gica - CLAM - ES","og_description":"La Secretar\u00eda de Extensi\u00f3n y el Programa Antropolog\u00eda y Comunidades de la Facultad de Filosof\u00eda y Humanidades de la UNC informan que se encuentran abiertas las inscripciones para el curso a distancia &ldquo;Decotidianizar una propuesta antropol\u00f3gica&rdquo;, a cargo de Laura Misetich, que se llevar\u00e1 a cabo de manera virtual entre los meses de agosto y septiembre.","og_url":"https:\/\/clam.org.br\/es\/oferta-academica\/decotidianizar-una-propuesta-antropologica\/34616\/","og_site_name":"CLAM - ES","article_published_time":"2007-07-24T03:00:00+00:00","author":"fw2","twitter_card":"summary_large_image","twitter_misc":{"Escrito por":"fw2","Tiempo de lectura":"1 minuto"},"schema":{"@context":"https:\/\/schema.org","@graph":[{"@type":"WebPage","@id":"https:\/\/clam.org.br\/es\/oferta-academica\/decotidianizar-una-propuesta-antropologica\/34616\/","url":"https:\/\/clam.org.br\/es\/oferta-academica\/decotidianizar-una-propuesta-antropologica\/34616\/","name":"Decotidianizar una propuesta antropol\u00f3gica - CLAM - ES","isPartOf":{"@id":"https:\/\/clam.org.br\/es\/#website"},"datePublished":"2007-07-24T03:00:00+00:00","author":{"@id":"https:\/\/clam.org.br\/es\/#\/schema\/person\/fbd9a86032bf7479f94b0ded196f1010"},"breadcrumb":{"@id":"https:\/\/clam.org.br\/es\/oferta-academica\/decotidianizar-una-propuesta-antropologica\/34616\/#breadcrumb"},"inLanguage":"es","potentialAction":[{"@type":"ReadAction","target":["https:\/\/clam.org.br\/es\/oferta-academica\/decotidianizar-una-propuesta-antropologica\/34616\/"]}]},{"@type":"BreadcrumbList","@id":"https:\/\/clam.org.br\/es\/oferta-academica\/decotidianizar-una-propuesta-antropologica\/34616\/#breadcrumb","itemListElement":[{"@type":"ListItem","position":1,"name":"In\u00edcio","item":"https:\/\/clam.org.br\/es\/"},{"@type":"ListItem","position":2,"name":"Decotidianizar una propuesta antropol\u00f3gica"}]},{"@type":"WebSite","@id":"https:\/\/clam.org.br\/es\/#website","url":"https:\/\/clam.org.br\/es\/","name":"CLAM - ES","description":"S\u00f3 mais um site CLAM - Centro Latino-Americano em Sexualidade e Direitos Humanos sites","potentialAction":[{"@type":"SearchAction","target":{"@type":"EntryPoint","urlTemplate":"https:\/\/clam.org.br\/es\/?s={search_term_string}"},"query-input":{"@type":"PropertyValueSpecification","valueRequired":true,"valueName":"search_term_string"}}],"inLanguage":"es"},{"@type":"Person","@id":"https:\/\/clam.org.br\/es\/#\/schema\/person\/fbd9a86032bf7479f94b0ded196f1010","name":"fw2","image":{"@type":"ImageObject","inLanguage":"es","@id":"https:\/\/clam.org.br\/es\/#\/schema\/person\/image\/","url":"https:\/\/secure.gravatar.com\/avatar\/c38472c0cdbde82d9b6fcc26adb3779d?s=96&d=mm&r=g","contentUrl":"https:\/\/secure.gravatar.com\/avatar\/c38472c0cdbde82d9b6fcc26adb3779d?s=96&d=mm&r=g","caption":"fw2"},"sameAs":["https:\/\/clam.fw2web.com.br"],"url":"https:\/\/clam.org.br\/es\/author\/fw2\/"}]}},"jetpack_featured_media_url":"","jetpack_sharing_enabled":true,"_links":{"self":[{"href":"https:\/\/clam.org.br\/es\/wp-json\/wp\/v2\/posts\/34616","targetHints":{"allow":["GET"]}}],"collection":[{"href":"https:\/\/clam.org.br\/es\/wp-json\/wp\/v2\/posts"}],"about":[{"href":"https:\/\/clam.org.br\/es\/wp-json\/wp\/v2\/types\/post"}],"author":[{"embeddable":true,"href":"https:\/\/clam.org.br\/es\/wp-json\/wp\/v2\/users\/1"}],"replies":[{"embeddable":true,"href":"https:\/\/clam.org.br\/es\/wp-json\/wp\/v2\/comments?post=34616"}],"version-history":[{"count":0,"href":"https:\/\/clam.org.br\/es\/wp-json\/wp\/v2\/posts\/34616\/revisions"}],"wp:attachment":[{"href":"https:\/\/clam.org.br\/es\/wp-json\/wp\/v2\/media?parent=34616"}],"wp:term":[{"taxonomy":"category","embeddable":true,"href":"https:\/\/clam.org.br\/es\/wp-json\/wp\/v2\/categories?post=34616"},{"taxonomy":"post_tag","embeddable":true,"href":"https:\/\/clam.org.br\/es\/wp-json\/wp\/v2\/tags?post=34616"}],"curies":[{"name":"wp","href":"https:\/\/api.w.org\/{rel}","templated":true}]}}