{"id":34659,"date":"2008-04-30T00:00:00","date_gmt":"2008-04-30T03:00:00","guid":{"rendered":"https:\/\/clam.fw2web.com.br\/es\/2008\/04\/30\/curso-de-posgrado-genero-y-etica\/"},"modified":"2008-04-30T00:00:00","modified_gmt":"2008-04-30T03:00:00","slug":"curso-de-posgrado-genero-y-etica","status":"publish","type":"post","link":"https:\/\/clam.org.br\/es\/oferta-academica\/curso-de-posgrado-genero-y-etica\/34659\/","title":{"rendered":"Curso de Posgrado G\u00e9nero y Etica"},"content":{"rendered":"<p><P><STRONG>Contenidos <\/STRONG><\/P> <P>1. \u00c9tica y moral. Precisiones conceptuales. Enlaces de la reflexi\u00f3n moral con el pensamiento feminista.<BR>  <P>2. Revisi\u00f3n de las teor\u00edas \u00e9ticas a la luz de la cr\u00edtica feminista. Los problemas de la igualdad y la diferencia.<BR>  <P>3. Aportes de la teor\u00eda cr\u00edtica feminista al debate \u00e9tico contempor\u00e1neo. \u00c9ticas de la justicia y \u00e9ticas del cuidado.<BR>  <P>4. Los derechos humanos desde la perspectiva de g\u00e9nero. Derechos humanos de las mujeres.<BR>  <P>Fecha: 2 y 3 mayo<BR>  <P>Horario: de 9 a 19 hs.<BR>  <P>Lugar: Viernes: Aula FH2 (Facultad de Humanidades- 3er. Piso), S\u00e1bado: Aula Savic<BR>  <P>Aranceles: Curso de posgrado con evaluaci\u00f3n: $ 100. Asistencia: $ 60<BR>  <P>Descuento del 40% para Graduados Recientes &ndash; \u00faltimos 4 a\u00f1os &ndash; de la U.N.Sa<BR>  <P><STRONG>Informes y Preinscripci\u00f3n:<\/STRONG><BR>  <P>Dpto. de Posgrado. Avda. Bolivia 5.150. 3\u00ba Piso<BR>  <P>Edificio Central de Bibliotecas.<BR>  <P>Horario de atenci\u00f3n: Lunes a Viernes de 9 a 12 y de 15 a 18 hs.<BR>  <P>Tel: 0387 &ndash; 4255369. E-mail: <A href=\"mailto:posthum@unsa.edu.ar\">posthum@unsa.edu.ar<\/A> &nbsp; <\/P><\/p>\n","protected":false},"excerpt":{"rendered":"<p>El Departamento de Posgrado de la Facultad de Humanidades de la Universidad Nacional de Salta informa que se encuentran abiertas las pre-inscripciones para el Curso de Posgrado G\u00e9nero y \u00c9tica a cargo de la Lic. Violeta Carrique (U.N.Sa) y a realizarse el 2 y 3 de mayo de 9 a 19 hs en dicha Facultad.&nbsp;<\/p>\n","protected":false},"author":1,"featured_media":0,"comment_status":"open","ping_status":"open","sticky":false,"template":"","format":"standard","meta":{"_acf_changed":false,"site-sidebar-layout":"default","site-content-layout":"default","ast-global-header-display":"","ast-main-header-display":"","ast-hfb-above-header-display":"","ast-hfb-below-header-display":"","ast-hfb-mobile-header-display":"","site-post-title":"","ast-breadcrumbs-content":"","ast-featured-img":"","footer-sml-layout":"","theme-transparent-header-meta":"","adv-header-id-meta":"","stick-header-meta":"","header-above-stick-meta":"","header-main-stick-meta":"","header-below-stick-meta":"","_jetpack_memberships_contains_paid_content":false,"footnotes":""},"categories":[26],"tags":[],"class_list":["post-34659","post","type-post","status-publish","format-standard","hentry","category-oferta-academica"],"acf":[],"yoast_head":"<!-- This site is optimized with the Yoast SEO plugin v26.1.1 - https:\/\/yoast.com\/wordpress\/plugins\/seo\/ -->\n<title>Curso de Posgrado G\u00e9nero y Etica - CLAM - ES<\/title>\n<meta name=\"robots\" content=\"index, follow, max-snippet:-1, max-image-preview:large, max-video-preview:-1\" \/>\n<link rel=\"canonical\" href=\"https:\/\/clam.org.br\/es\/oferta-academica\/curso-de-posgrado-genero-y-etica\/34659\/\" \/>\n<meta property=\"og:locale\" content=\"es_ES\" \/>\n<meta property=\"og:type\" content=\"article\" \/>\n<meta property=\"og:title\" content=\"Curso de Posgrado G\u00e9nero y Etica - CLAM - ES\" \/>\n<meta property=\"og:description\" content=\"El Departamento de Posgrado de la Facultad de Humanidades de la Universidad Nacional de Salta informa que se encuentran abiertas las pre-inscripciones para el Curso de Posgrado G\u00e9nero y \u00c9tica a cargo de la Lic. Violeta Carrique (U.N.Sa) y a realizarse el 2 y 3 de mayo de 9 a 19 hs en dicha Facultad.&nbsp;\" \/>\n<meta property=\"og:url\" content=\"https:\/\/clam.org.br\/es\/oferta-academica\/curso-de-posgrado-genero-y-etica\/34659\/\" \/>\n<meta property=\"og:site_name\" content=\"CLAM - ES\" \/>\n<meta property=\"article:published_time\" content=\"2008-04-30T03:00:00+00:00\" \/>\n<meta name=\"author\" content=\"fw2\" \/>\n<meta name=\"twitter:card\" content=\"summary_large_image\" \/>\n<meta name=\"twitter:label1\" content=\"Escrito por\" \/>\n\t<meta name=\"twitter:data1\" content=\"fw2\" \/>\n\t<meta name=\"twitter:label2\" content=\"Tiempo de lectura\" \/>\n\t<meta name=\"twitter:data2\" content=\"1 minuto\" \/>\n<script type=\"application\/ld+json\" class=\"yoast-schema-graph\">{\"@context\":\"https:\/\/schema.org\",\"@graph\":[{\"@type\":\"WebPage\",\"@id\":\"https:\/\/clam.org.br\/es\/oferta-academica\/curso-de-posgrado-genero-y-etica\/34659\/\",\"url\":\"https:\/\/clam.org.br\/es\/oferta-academica\/curso-de-posgrado-genero-y-etica\/34659\/\",\"name\":\"Curso de Posgrado G\u00e9nero y Etica - CLAM - ES\",\"isPartOf\":{\"@id\":\"https:\/\/clam.org.br\/es\/#website\"},\"datePublished\":\"2008-04-30T03:00:00+00:00\",\"author\":{\"@id\":\"https:\/\/clam.org.br\/es\/#\/schema\/person\/fbd9a86032bf7479f94b0ded196f1010\"},\"breadcrumb\":{\"@id\":\"https:\/\/clam.org.br\/es\/oferta-academica\/curso-de-posgrado-genero-y-etica\/34659\/#breadcrumb\"},\"inLanguage\":\"es\",\"potentialAction\":[{\"@type\":\"ReadAction\",\"target\":[\"https:\/\/clam.org.br\/es\/oferta-academica\/curso-de-posgrado-genero-y-etica\/34659\/\"]}]},{\"@type\":\"BreadcrumbList\",\"@id\":\"https:\/\/clam.org.br\/es\/oferta-academica\/curso-de-posgrado-genero-y-etica\/34659\/#breadcrumb\",\"itemListElement\":[{\"@type\":\"ListItem\",\"position\":1,\"name\":\"In\u00edcio\",\"item\":\"https:\/\/clam.org.br\/es\/\"},{\"@type\":\"ListItem\",\"position\":2,\"name\":\"Curso de Posgrado G\u00e9nero y Etica\"}]},{\"@type\":\"WebSite\",\"@id\":\"https:\/\/clam.org.br\/es\/#website\",\"url\":\"https:\/\/clam.org.br\/es\/\",\"name\":\"CLAM - ES\",\"description\":\"S\u00f3 mais um site CLAM - Centro Latino-Americano em Sexualidade e Direitos Humanos sites\",\"potentialAction\":[{\"@type\":\"SearchAction\",\"target\":{\"@type\":\"EntryPoint\",\"urlTemplate\":\"https:\/\/clam.org.br\/es\/?s={search_term_string}\"},\"query-input\":{\"@type\":\"PropertyValueSpecification\",\"valueRequired\":true,\"valueName\":\"search_term_string\"}}],\"inLanguage\":\"es\"},{\"@type\":\"Person\",\"@id\":\"https:\/\/clam.org.br\/es\/#\/schema\/person\/fbd9a86032bf7479f94b0ded196f1010\",\"name\":\"fw2\",\"image\":{\"@type\":\"ImageObject\",\"inLanguage\":\"es\",\"@id\":\"https:\/\/clam.org.br\/es\/#\/schema\/person\/image\/\",\"url\":\"https:\/\/secure.gravatar.com\/avatar\/c38472c0cdbde82d9b6fcc26adb3779d?s=96&d=mm&r=g\",\"contentUrl\":\"https:\/\/secure.gravatar.com\/avatar\/c38472c0cdbde82d9b6fcc26adb3779d?s=96&d=mm&r=g\",\"caption\":\"fw2\"},\"sameAs\":[\"https:\/\/clam.fw2web.com.br\"],\"url\":\"https:\/\/clam.org.br\/es\/author\/fw2\/\"}]}<\/script>\n<!-- \/ Yoast SEO plugin. -->","yoast_head_json":{"title":"Curso de Posgrado G\u00e9nero y Etica - CLAM - ES","robots":{"index":"index","follow":"follow","max-snippet":"max-snippet:-1","max-image-preview":"max-image-preview:large","max-video-preview":"max-video-preview:-1"},"canonical":"https:\/\/clam.org.br\/es\/oferta-academica\/curso-de-posgrado-genero-y-etica\/34659\/","og_locale":"es_ES","og_type":"article","og_title":"Curso de Posgrado G\u00e9nero y Etica - CLAM - ES","og_description":"El Departamento de Posgrado de la Facultad de Humanidades de la Universidad Nacional de Salta informa que se encuentran abiertas las pre-inscripciones para el Curso de Posgrado G\u00e9nero y \u00c9tica a cargo de la Lic. Violeta Carrique (U.N.Sa) y a realizarse el 2 y 3 de mayo de 9 a 19 hs en dicha Facultad.&nbsp;","og_url":"https:\/\/clam.org.br\/es\/oferta-academica\/curso-de-posgrado-genero-y-etica\/34659\/","og_site_name":"CLAM - ES","article_published_time":"2008-04-30T03:00:00+00:00","author":"fw2","twitter_card":"summary_large_image","twitter_misc":{"Escrito por":"fw2","Tiempo de lectura":"1 minuto"},"schema":{"@context":"https:\/\/schema.org","@graph":[{"@type":"WebPage","@id":"https:\/\/clam.org.br\/es\/oferta-academica\/curso-de-posgrado-genero-y-etica\/34659\/","url":"https:\/\/clam.org.br\/es\/oferta-academica\/curso-de-posgrado-genero-y-etica\/34659\/","name":"Curso de Posgrado G\u00e9nero y Etica - CLAM - ES","isPartOf":{"@id":"https:\/\/clam.org.br\/es\/#website"},"datePublished":"2008-04-30T03:00:00+00:00","author":{"@id":"https:\/\/clam.org.br\/es\/#\/schema\/person\/fbd9a86032bf7479f94b0ded196f1010"},"breadcrumb":{"@id":"https:\/\/clam.org.br\/es\/oferta-academica\/curso-de-posgrado-genero-y-etica\/34659\/#breadcrumb"},"inLanguage":"es","potentialAction":[{"@type":"ReadAction","target":["https:\/\/clam.org.br\/es\/oferta-academica\/curso-de-posgrado-genero-y-etica\/34659\/"]}]},{"@type":"BreadcrumbList","@id":"https:\/\/clam.org.br\/es\/oferta-academica\/curso-de-posgrado-genero-y-etica\/34659\/#breadcrumb","itemListElement":[{"@type":"ListItem","position":1,"name":"In\u00edcio","item":"https:\/\/clam.org.br\/es\/"},{"@type":"ListItem","position":2,"name":"Curso de Posgrado G\u00e9nero y Etica"}]},{"@type":"WebSite","@id":"https:\/\/clam.org.br\/es\/#website","url":"https:\/\/clam.org.br\/es\/","name":"CLAM - ES","description":"S\u00f3 mais um site CLAM - Centro Latino-Americano em Sexualidade e Direitos Humanos sites","potentialAction":[{"@type":"SearchAction","target":{"@type":"EntryPoint","urlTemplate":"https:\/\/clam.org.br\/es\/?s={search_term_string}"},"query-input":{"@type":"PropertyValueSpecification","valueRequired":true,"valueName":"search_term_string"}}],"inLanguage":"es"},{"@type":"Person","@id":"https:\/\/clam.org.br\/es\/#\/schema\/person\/fbd9a86032bf7479f94b0ded196f1010","name":"fw2","image":{"@type":"ImageObject","inLanguage":"es","@id":"https:\/\/clam.org.br\/es\/#\/schema\/person\/image\/","url":"https:\/\/secure.gravatar.com\/avatar\/c38472c0cdbde82d9b6fcc26adb3779d?s=96&d=mm&r=g","contentUrl":"https:\/\/secure.gravatar.com\/avatar\/c38472c0cdbde82d9b6fcc26adb3779d?s=96&d=mm&r=g","caption":"fw2"},"sameAs":["https:\/\/clam.fw2web.com.br"],"url":"https:\/\/clam.org.br\/es\/author\/fw2\/"}]}},"jetpack_featured_media_url":"","jetpack_sharing_enabled":true,"_links":{"self":[{"href":"https:\/\/clam.org.br\/es\/wp-json\/wp\/v2\/posts\/34659","targetHints":{"allow":["GET"]}}],"collection":[{"href":"https:\/\/clam.org.br\/es\/wp-json\/wp\/v2\/posts"}],"about":[{"href":"https:\/\/clam.org.br\/es\/wp-json\/wp\/v2\/types\/post"}],"author":[{"embeddable":true,"href":"https:\/\/clam.org.br\/es\/wp-json\/wp\/v2\/users\/1"}],"replies":[{"embeddable":true,"href":"https:\/\/clam.org.br\/es\/wp-json\/wp\/v2\/comments?post=34659"}],"version-history":[{"count":0,"href":"https:\/\/clam.org.br\/es\/wp-json\/wp\/v2\/posts\/34659\/revisions"}],"wp:attachment":[{"href":"https:\/\/clam.org.br\/es\/wp-json\/wp\/v2\/media?parent=34659"}],"wp:term":[{"taxonomy":"category","embeddable":true,"href":"https:\/\/clam.org.br\/es\/wp-json\/wp\/v2\/categories?post=34659"},{"taxonomy":"post_tag","embeddable":true,"href":"https:\/\/clam.org.br\/es\/wp-json\/wp\/v2\/tags?post=34659"}],"curies":[{"name":"wp","href":"https:\/\/api.w.org\/{rel}","templated":true}]}}