{"id":3466,"date":"2007-09-18T00:00:00","date_gmt":"2007-09-18T03:00:00","guid":{"rendered":"https:\/\/clam.fw2web.com.br\/es\/2007\/09\/18\/el-padre-apelo-y-el-caso-va-a-la-corte\/"},"modified":"2023-06-14T07:52:47","modified_gmt":"2023-06-14T10:52:47","slug":"el-padre-apelo-y-el-caso-va-a-la-corte","status":"publish","type":"post","link":"https:\/\/clam.org.br\/es\/en-los-medios\/el-padre-apelo-y-el-caso-va-a-la-corte\/3466\/","title":{"rendered":"El padre apel\u00f3 y el caso va a la Corte"},"content":{"rendered":"<p><P>&nbsp;Nuevamente demorado el permiso para que aborte la menor MFC. El Superior Tribunal de Justicia de Entre R\u00edos ser\u00e1 quien tendr\u00e1 ahora que decidir si MFC, la joven de 19 a\u00f1os que sufre una discapacidad mental severa y qued\u00f3 embarazada en una violaci\u00f3n, puede acceder al derecho previsto en la ley de interrumpir esa gestaci\u00f3n forzosa. El padre biol\u00f3gico, con el patrocinio de un activo militante cat\u00f3lico, esper\u00f3 a \u00faltimo momento para recurrir la sentencia de la C\u00e1mara en lo Civil de Paran\u00e1, que una semana atr\u00e1s levant\u00f3 la prohibici\u00f3n de realizarle la intervenci\u00f3n m\u00e9dica. Ayer, al borde del plazo legal previsto para apelar, present\u00f3 el recurso y consigui\u00f3 as\u00ed estirar y dilatar a\u00fan m\u00e1s los tiempos jur\u00eddicos. Con esta jugada el abogado Mario Mart\u00ednez busca que cada vez sea m\u00e1s compleja la pr\u00e1ctica del aborto no punible, por lo avanzado de la gestaci\u00f3n. <\/P> <P><a href=\"http:\/\/www.pagina12.com.ar\/diario\/sociedad\/3-91435-2007-09-16.html\" target=\"_blank\" rel=\"noopener\">Texto completo<\/A><\/P><\/p>\n","protected":false},"excerpt":{"rendered":"<p>Nuevamente demorado el permiso para que aborte la menor MFC. El Superior Tribunal de Justicia de Entre R\u00edos ser\u00e1 quien tendr\u00e1 ahora que decidir si MFC, la joven de 19 a\u00f1os que sufre una discapacidad mental severa y qued\u00f3 embarazada en una violaci\u00f3n, puede acceder al derecho previsto en la ley de interrumpir esa gestaci\u00f3n forzosa. El padre biol\u00f3gico, con el patrocinio de un activo militante cat\u00f3lico, esper\u00f3 a \u00faltimo momento para recurrir la sentencia de la C\u00e1mara en lo Civil de Paran\u00e1, que una semana atr\u00e1s levant\u00f3 la prohibici\u00f3n de realizarle la intervenci\u00f3n m\u00e9dica. Ayer, al borde del plazo legal previsto para apelar, present\u00f3 el recurso y consigui\u00f3 as\u00ed estirar y dilatar a\u00fan m\u00e1s los tiempos jur\u00eddicos. Con esta jugada el abogado Mario Mart\u00ednez busca que cada vez sea m\u00e1s compleja la pr\u00e1ctica del aborto no punible, por lo avanzado de la gestaci\u00f3n<\/p>\n","protected":false},"author":1,"featured_media":0,"comment_status":"open","ping_status":"open","sticky":false,"template":"","format":"standard","meta":{"_acf_changed":false,"site-sidebar-layout":"default","site-content-layout":"default","ast-global-header-display":"","ast-main-header-display":"","ast-hfb-above-header-display":"","ast-hfb-below-header-display":"","ast-hfb-mobile-header-display":"","site-post-title":"","ast-breadcrumbs-content":"","ast-featured-img":"","footer-sml-layout":"","theme-transparent-header-meta":"","adv-header-id-meta":"","stick-header-meta":"","header-above-stick-meta":"","header-main-stick-meta":"","header-below-stick-meta":"","_jetpack_memberships_contains_paid_content":false,"footnotes":""},"categories":[27],"tags":[],"class_list":["post-3466","post","type-post","status-publish","format-standard","hentry","category-en-los-medios"],"acf":[],"yoast_head":"<!-- This site is optimized with the Yoast SEO plugin v26.1.1 - https:\/\/yoast.com\/wordpress\/plugins\/seo\/ -->\n<title>El padre apel\u00f3 y el caso va a la Corte - CLAM - ES<\/title>\n<meta name=\"robots\" content=\"index, follow, max-snippet:-1, max-image-preview:large, max-video-preview:-1\" \/>\n<link rel=\"canonical\" href=\"https:\/\/clam.org.br\/es\/en-los-medios\/el-padre-apelo-y-el-caso-va-a-la-corte\/3466\/\" \/>\n<meta property=\"og:locale\" content=\"es_ES\" \/>\n<meta property=\"og:type\" content=\"article\" \/>\n<meta property=\"og:title\" content=\"El padre apel\u00f3 y el caso va a la Corte - CLAM - ES\" \/>\n<meta property=\"og:description\" content=\"Nuevamente demorado el permiso para que aborte la menor MFC. El Superior Tribunal de Justicia de Entre R\u00edos ser\u00e1 quien tendr\u00e1 ahora que decidir si MFC, la joven de 19 a\u00f1os que sufre una discapacidad mental severa y qued\u00f3 embarazada en una violaci\u00f3n, puede acceder al derecho previsto en la ley de interrumpir esa gestaci\u00f3n forzosa. El padre biol\u00f3gico, con el patrocinio de un activo militante cat\u00f3lico, esper\u00f3 a \u00faltimo momento para recurrir la sentencia de la C\u00e1mara en lo Civil de Paran\u00e1, que una semana atr\u00e1s levant\u00f3 la prohibici\u00f3n de realizarle la intervenci\u00f3n m\u00e9dica. Ayer, al borde del plazo legal previsto para apelar, present\u00f3 el recurso y consigui\u00f3 as\u00ed estirar y dilatar a\u00fan m\u00e1s los tiempos jur\u00eddicos. Con esta jugada el abogado Mario Mart\u00ednez busca que cada vez sea m\u00e1s compleja la pr\u00e1ctica del aborto no punible, por lo avanzado de la gestaci\u00f3n\" \/>\n<meta property=\"og:url\" content=\"https:\/\/clam.org.br\/es\/en-los-medios\/el-padre-apelo-y-el-caso-va-a-la-corte\/3466\/\" \/>\n<meta property=\"og:site_name\" content=\"CLAM - ES\" \/>\n<meta property=\"article:published_time\" content=\"2007-09-18T03:00:00+00:00\" \/>\n<meta property=\"article:modified_time\" content=\"2023-06-14T10:52:47+00:00\" \/>\n<meta name=\"author\" content=\"fw2\" \/>\n<meta name=\"twitter:card\" content=\"summary_large_image\" \/>\n<meta name=\"twitter:label1\" content=\"Escrito por\" \/>\n\t<meta name=\"twitter:data1\" content=\"fw2\" \/>\n\t<meta name=\"twitter:label2\" content=\"Tiempo de lectura\" \/>\n\t<meta name=\"twitter:data2\" content=\"1 minuto\" \/>\n<script type=\"application\/ld+json\" class=\"yoast-schema-graph\">{\"@context\":\"https:\/\/schema.org\",\"@graph\":[{\"@type\":\"WebPage\",\"@id\":\"https:\/\/clam.org.br\/es\/en-los-medios\/el-padre-apelo-y-el-caso-va-a-la-corte\/3466\/\",\"url\":\"https:\/\/clam.org.br\/es\/en-los-medios\/el-padre-apelo-y-el-caso-va-a-la-corte\/3466\/\",\"name\":\"El padre apel\u00f3 y el caso va a la Corte - CLAM - ES\",\"isPartOf\":{\"@id\":\"https:\/\/clam.org.br\/es\/#website\"},\"datePublished\":\"2007-09-18T03:00:00+00:00\",\"dateModified\":\"2023-06-14T10:52:47+00:00\",\"author\":{\"@id\":\"https:\/\/clam.org.br\/es\/#\/schema\/person\/fbd9a86032bf7479f94b0ded196f1010\"},\"breadcrumb\":{\"@id\":\"https:\/\/clam.org.br\/es\/en-los-medios\/el-padre-apelo-y-el-caso-va-a-la-corte\/3466\/#breadcrumb\"},\"inLanguage\":\"es\",\"potentialAction\":[{\"@type\":\"ReadAction\",\"target\":[\"https:\/\/clam.org.br\/es\/en-los-medios\/el-padre-apelo-y-el-caso-va-a-la-corte\/3466\/\"]}]},{\"@type\":\"BreadcrumbList\",\"@id\":\"https:\/\/clam.org.br\/es\/en-los-medios\/el-padre-apelo-y-el-caso-va-a-la-corte\/3466\/#breadcrumb\",\"itemListElement\":[{\"@type\":\"ListItem\",\"position\":1,\"name\":\"In\u00edcio\",\"item\":\"https:\/\/clam.org.br\/es\/\"},{\"@type\":\"ListItem\",\"position\":2,\"name\":\"El padre apel\u00f3 y el caso va a la Corte\"}]},{\"@type\":\"WebSite\",\"@id\":\"https:\/\/clam.org.br\/es\/#website\",\"url\":\"https:\/\/clam.org.br\/es\/\",\"name\":\"CLAM - ES\",\"description\":\"S\u00f3 mais um site CLAM - Centro Latino-Americano em Sexualidade e Direitos Humanos sites\",\"potentialAction\":[{\"@type\":\"SearchAction\",\"target\":{\"@type\":\"EntryPoint\",\"urlTemplate\":\"https:\/\/clam.org.br\/es\/?s={search_term_string}\"},\"query-input\":{\"@type\":\"PropertyValueSpecification\",\"valueRequired\":true,\"valueName\":\"search_term_string\"}}],\"inLanguage\":\"es\"},{\"@type\":\"Person\",\"@id\":\"https:\/\/clam.org.br\/es\/#\/schema\/person\/fbd9a86032bf7479f94b0ded196f1010\",\"name\":\"fw2\",\"image\":{\"@type\":\"ImageObject\",\"inLanguage\":\"es\",\"@id\":\"https:\/\/clam.org.br\/es\/#\/schema\/person\/image\/\",\"url\":\"https:\/\/secure.gravatar.com\/avatar\/c38472c0cdbde82d9b6fcc26adb3779d?s=96&d=mm&r=g\",\"contentUrl\":\"https:\/\/secure.gravatar.com\/avatar\/c38472c0cdbde82d9b6fcc26adb3779d?s=96&d=mm&r=g\",\"caption\":\"fw2\"},\"sameAs\":[\"https:\/\/clam.fw2web.com.br\"],\"url\":\"https:\/\/clam.org.br\/es\/author\/fw2\/\"}]}<\/script>\n<!-- \/ Yoast SEO plugin. -->","yoast_head_json":{"title":"El padre apel\u00f3 y el caso va a la Corte - CLAM - ES","robots":{"index":"index","follow":"follow","max-snippet":"max-snippet:-1","max-image-preview":"max-image-preview:large","max-video-preview":"max-video-preview:-1"},"canonical":"https:\/\/clam.org.br\/es\/en-los-medios\/el-padre-apelo-y-el-caso-va-a-la-corte\/3466\/","og_locale":"es_ES","og_type":"article","og_title":"El padre apel\u00f3 y el caso va a la Corte - CLAM - ES","og_description":"Nuevamente demorado el permiso para que aborte la menor MFC. El Superior Tribunal de Justicia de Entre R\u00edos ser\u00e1 quien tendr\u00e1 ahora que decidir si MFC, la joven de 19 a\u00f1os que sufre una discapacidad mental severa y qued\u00f3 embarazada en una violaci\u00f3n, puede acceder al derecho previsto en la ley de interrumpir esa gestaci\u00f3n forzosa. El padre biol\u00f3gico, con el patrocinio de un activo militante cat\u00f3lico, esper\u00f3 a \u00faltimo momento para recurrir la sentencia de la C\u00e1mara en lo Civil de Paran\u00e1, que una semana atr\u00e1s levant\u00f3 la prohibici\u00f3n de realizarle la intervenci\u00f3n m\u00e9dica. Ayer, al borde del plazo legal previsto para apelar, present\u00f3 el recurso y consigui\u00f3 as\u00ed estirar y dilatar a\u00fan m\u00e1s los tiempos jur\u00eddicos. Con esta jugada el abogado Mario Mart\u00ednez busca que cada vez sea m\u00e1s compleja la pr\u00e1ctica del aborto no punible, por lo avanzado de la gestaci\u00f3n","og_url":"https:\/\/clam.org.br\/es\/en-los-medios\/el-padre-apelo-y-el-caso-va-a-la-corte\/3466\/","og_site_name":"CLAM - ES","article_published_time":"2007-09-18T03:00:00+00:00","article_modified_time":"2023-06-14T10:52:47+00:00","author":"fw2","twitter_card":"summary_large_image","twitter_misc":{"Escrito por":"fw2","Tiempo de lectura":"1 minuto"},"schema":{"@context":"https:\/\/schema.org","@graph":[{"@type":"WebPage","@id":"https:\/\/clam.org.br\/es\/en-los-medios\/el-padre-apelo-y-el-caso-va-a-la-corte\/3466\/","url":"https:\/\/clam.org.br\/es\/en-los-medios\/el-padre-apelo-y-el-caso-va-a-la-corte\/3466\/","name":"El padre apel\u00f3 y el caso va a la Corte - CLAM - ES","isPartOf":{"@id":"https:\/\/clam.org.br\/es\/#website"},"datePublished":"2007-09-18T03:00:00+00:00","dateModified":"2023-06-14T10:52:47+00:00","author":{"@id":"https:\/\/clam.org.br\/es\/#\/schema\/person\/fbd9a86032bf7479f94b0ded196f1010"},"breadcrumb":{"@id":"https:\/\/clam.org.br\/es\/en-los-medios\/el-padre-apelo-y-el-caso-va-a-la-corte\/3466\/#breadcrumb"},"inLanguage":"es","potentialAction":[{"@type":"ReadAction","target":["https:\/\/clam.org.br\/es\/en-los-medios\/el-padre-apelo-y-el-caso-va-a-la-corte\/3466\/"]}]},{"@type":"BreadcrumbList","@id":"https:\/\/clam.org.br\/es\/en-los-medios\/el-padre-apelo-y-el-caso-va-a-la-corte\/3466\/#breadcrumb","itemListElement":[{"@type":"ListItem","position":1,"name":"In\u00edcio","item":"https:\/\/clam.org.br\/es\/"},{"@type":"ListItem","position":2,"name":"El padre apel\u00f3 y el caso va a la Corte"}]},{"@type":"WebSite","@id":"https:\/\/clam.org.br\/es\/#website","url":"https:\/\/clam.org.br\/es\/","name":"CLAM - ES","description":"S\u00f3 mais um site CLAM - Centro Latino-Americano em Sexualidade e Direitos Humanos sites","potentialAction":[{"@type":"SearchAction","target":{"@type":"EntryPoint","urlTemplate":"https:\/\/clam.org.br\/es\/?s={search_term_string}"},"query-input":{"@type":"PropertyValueSpecification","valueRequired":true,"valueName":"search_term_string"}}],"inLanguage":"es"},{"@type":"Person","@id":"https:\/\/clam.org.br\/es\/#\/schema\/person\/fbd9a86032bf7479f94b0ded196f1010","name":"fw2","image":{"@type":"ImageObject","inLanguage":"es","@id":"https:\/\/clam.org.br\/es\/#\/schema\/person\/image\/","url":"https:\/\/secure.gravatar.com\/avatar\/c38472c0cdbde82d9b6fcc26adb3779d?s=96&d=mm&r=g","contentUrl":"https:\/\/secure.gravatar.com\/avatar\/c38472c0cdbde82d9b6fcc26adb3779d?s=96&d=mm&r=g","caption":"fw2"},"sameAs":["https:\/\/clam.fw2web.com.br"],"url":"https:\/\/clam.org.br\/es\/author\/fw2\/"}]}},"jetpack_featured_media_url":"","jetpack_sharing_enabled":true,"_links":{"self":[{"href":"https:\/\/clam.org.br\/es\/wp-json\/wp\/v2\/posts\/3466","targetHints":{"allow":["GET"]}}],"collection":[{"href":"https:\/\/clam.org.br\/es\/wp-json\/wp\/v2\/posts"}],"about":[{"href":"https:\/\/clam.org.br\/es\/wp-json\/wp\/v2\/types\/post"}],"author":[{"embeddable":true,"href":"https:\/\/clam.org.br\/es\/wp-json\/wp\/v2\/users\/1"}],"replies":[{"embeddable":true,"href":"https:\/\/clam.org.br\/es\/wp-json\/wp\/v2\/comments?post=3466"}],"version-history":[{"count":1,"href":"https:\/\/clam.org.br\/es\/wp-json\/wp\/v2\/posts\/3466\/revisions"}],"predecessor-version":[{"id":28965,"href":"https:\/\/clam.org.br\/es\/wp-json\/wp\/v2\/posts\/3466\/revisions\/28965"}],"wp:attachment":[{"href":"https:\/\/clam.org.br\/es\/wp-json\/wp\/v2\/media?parent=3466"}],"wp:term":[{"taxonomy":"category","embeddable":true,"href":"https:\/\/clam.org.br\/es\/wp-json\/wp\/v2\/categories?post=3466"},{"taxonomy":"post_tag","embeddable":true,"href":"https:\/\/clam.org.br\/es\/wp-json\/wp\/v2\/tags?post=3466"}],"curies":[{"name":"wp","href":"https:\/\/api.w.org\/{rel}","templated":true}]}}