{"id":34752,"date":"2009-07-27T00:00:00","date_gmt":"2009-07-27T03:00:00","guid":{"rendered":"https:\/\/clam.fw2web.com.br\/es\/2009\/07\/27\/convocatoria-a-inscripcion-al-programa-de-posdoctorado-en-ciencias-sociales\/"},"modified":"2009-07-27T00:00:00","modified_gmt":"2009-07-27T03:00:00","slug":"convocatoria-a-inscripcion-al-programa-de-posdoctorado-en-ciencias-sociales","status":"publish","type":"post","link":"https:\/\/clam.org.br\/es\/oferta-academica\/convocatoria-a-inscripcion-al-programa-de-posdoctorado-en-ciencias-sociales\/34752\/","title":{"rendered":"Convocatoria a Inscripci\u00f3n al Programa de Posdoctorado en Ciencias Sociales"},"content":{"rendered":"<p><P>El Programa de Posdoctorado est\u00e1 destinado a Doctores y Doctoras graduados\/as en Universidades p\u00fablicas nacionales o instituciones similares del exterior del pa\u00eds que soliciten plazas de posdoctorado para continuar su formaci\u00f3n. Se podr\u00e1 admitir a doctores y doctoras egresados\/as de otras universidades que sean docentes de grado o posgrado de la Facultad o de otras Facultades de Ciencias Sociales, investigadores o becarios\/as del Consejo Nacional de Investigaciones Cient\u00edficas y T\u00e9cnicas o de instituciones an\u00e1logas.  <P>Las solicitudes de plazas para el Programa de Posdoctorado ser\u00e1n presentadas en la Secretar\u00eda de Posgrado de la Facultad, mediante la presentaci\u00f3n de:  <P>1) una nota solicitando la inscripci\u00f3n <P>2) un CV completo <P>3) una nota del director\/a propuesto\/a aceptando la nominaci\u00f3n. El\/la directora\/a del\/a posdoctorando\/a deber\u00e1 ser profesor\/a titular, consulto\/a o em\u00e9rito\/a de la Facultad o investigador\/a superior, principal o independiente del Consejo Nacional de Investigaciones Cient\u00edficas y T\u00e9cnicas, con t\u00edtulo de doctor y con sede en la misma. En ning\u00fan caso el\/la directora\/a de los estudios de posdoctorado podr\u00e1 haber sido director\/a de la Tesis de Doctorado del\/la aspirante.  <P>4) el proyecto de investigaci\u00f3n que se desee llevar a cabo durante el tiempo de duraci\u00f3n de la plaza peticionada. El proyecto deber\u00e1 indicar tema, objetivos, director propuesto, estado del arte, duraci\u00f3n, metodolog\u00eda y programaci\u00f3n de las tareas acad\u00e9micas y de investigaci\u00f3n.  <P>La duraci\u00f3n de las plazas posdoctorales puede ser de un m\u00ednimo de tres (3) meses a un m\u00e1ximo de dos (2) a\u00f1os, dependiendo del proyecto y de la planificaci\u00f3n del trabajo. Los per\u00edodos de referencia m\u00ednimos pueden ser renovados por razones fundadas.  <P>El\/la Posdoctorando\/a que cumpla con todas las actividades organizadas para su plaza por la Comisi\u00f3n de Posdoctorado, incluyendo un informe final evaluado por dos evaluadores\/as, podr\u00e1 solicitar la expedici\u00f3n de un certificado emitido por la Facultad de Ciencias Sociales donde conste que ha aprobado el Programa de Posdoctorado de la Facultad de Ciencias Sociales de la Universidad de Buenos Aires referido al tema respectivo.  <P>La inscripci\u00f3n se realiza por v\u00eda electr\u00f3nica a la casilla <A href=\"mailto:posdoctorado@mail.fsoc.uba.ar\">posdoctorado@mail.fsoc.uba.ar<\/A>, enviando los archivos se\u00f1alados (las notas firmadas deben adjuntarse en formato pdf), debiendo entregarse una copia impresa en la Secretar\u00eda de Posgrado de la Facultad, en Marcelo T. de Alvear 2230, 1\u00ba piso Of. 107, los d\u00edas martes, jueves o viernes de 10 a 13.30 y de 14.30 a 19 hs, o por v\u00eda postal.  <P>M\u00e1s informaci\u00f3n en: <A href=\"http:\/\/www.fsoc.uba.ar\/modules\/ffd\/article.php?storyid=36\">http:\/\/www.fsoc.uba.ar\/modules\/ffd\/article.php?storyid=36<\/A> <\/P><\/p>\n","protected":false},"excerpt":{"rendered":"<p>&nbsp;El Programa de Posdoctorado en Ciencias Sociales de la Universidad de Buenos Aires, con sede en su Facultad de Ciencias Sociales, anuncia que hasta el 31 de julio de 2009 se encuentra abierta la inscripci\u00f3n para el a\u00f1o acad\u00e9mico 2009, (confirmar con el Programa la ampliaci\u00f3n de plazos con motivo de la cancelaci\u00f3n de actividades por la pandemia de Gripe A).<\/p>\n","protected":false},"author":1,"featured_media":0,"comment_status":"open","ping_status":"open","sticky":false,"template":"","format":"standard","meta":{"_acf_changed":false,"site-sidebar-layout":"default","site-content-layout":"default","ast-global-header-display":"","ast-main-header-display":"","ast-hfb-above-header-display":"","ast-hfb-below-header-display":"","ast-hfb-mobile-header-display":"","site-post-title":"","ast-breadcrumbs-content":"","ast-featured-img":"","footer-sml-layout":"","theme-transparent-header-meta":"","adv-header-id-meta":"","stick-header-meta":"","header-above-stick-meta":"","header-main-stick-meta":"","header-below-stick-meta":"","_jetpack_memberships_contains_paid_content":false,"footnotes":""},"categories":[26],"tags":[],"class_list":["post-34752","post","type-post","status-publish","format-standard","hentry","category-oferta-academica"],"acf":[],"yoast_head":"<!-- This site is optimized with the Yoast SEO plugin v26.1.1 - https:\/\/yoast.com\/wordpress\/plugins\/seo\/ -->\n<title>Convocatoria a Inscripci\u00f3n al Programa de Posdoctorado en Ciencias Sociales - CLAM - ES<\/title>\n<meta name=\"robots\" content=\"index, follow, max-snippet:-1, max-image-preview:large, max-video-preview:-1\" \/>\n<link rel=\"canonical\" href=\"https:\/\/clam.org.br\/es\/oferta-academica\/convocatoria-a-inscripcion-al-programa-de-posdoctorado-en-ciencias-sociales\/34752\/\" \/>\n<meta property=\"og:locale\" content=\"es_ES\" \/>\n<meta property=\"og:type\" content=\"article\" \/>\n<meta property=\"og:title\" content=\"Convocatoria a Inscripci\u00f3n al Programa de Posdoctorado en Ciencias Sociales - CLAM - ES\" \/>\n<meta property=\"og:description\" content=\"&nbsp;El Programa de Posdoctorado en Ciencias Sociales de la Universidad de Buenos Aires, con sede en su Facultad de Ciencias Sociales, anuncia que hasta el 31 de julio de 2009 se encuentra abierta la inscripci\u00f3n para el a\u00f1o acad\u00e9mico 2009, (confirmar con el Programa la ampliaci\u00f3n de plazos con motivo de la cancelaci\u00f3n de actividades por la pandemia de Gripe A).\" \/>\n<meta property=\"og:url\" content=\"https:\/\/clam.org.br\/es\/oferta-academica\/convocatoria-a-inscripcion-al-programa-de-posdoctorado-en-ciencias-sociales\/34752\/\" \/>\n<meta property=\"og:site_name\" content=\"CLAM - ES\" \/>\n<meta property=\"article:published_time\" content=\"2009-07-27T03:00:00+00:00\" \/>\n<meta name=\"author\" content=\"fw2\" \/>\n<meta name=\"twitter:card\" content=\"summary_large_image\" \/>\n<meta name=\"twitter:label1\" content=\"Escrito por\" \/>\n\t<meta name=\"twitter:data1\" content=\"fw2\" \/>\n\t<meta name=\"twitter:label2\" content=\"Tiempo de lectura\" \/>\n\t<meta name=\"twitter:data2\" content=\"2 minutos\" \/>\n<script type=\"application\/ld+json\" class=\"yoast-schema-graph\">{\"@context\":\"https:\/\/schema.org\",\"@graph\":[{\"@type\":\"WebPage\",\"@id\":\"https:\/\/clam.org.br\/es\/oferta-academica\/convocatoria-a-inscripcion-al-programa-de-posdoctorado-en-ciencias-sociales\/34752\/\",\"url\":\"https:\/\/clam.org.br\/es\/oferta-academica\/convocatoria-a-inscripcion-al-programa-de-posdoctorado-en-ciencias-sociales\/34752\/\",\"name\":\"Convocatoria a Inscripci\u00f3n al Programa de Posdoctorado en Ciencias Sociales - CLAM - ES\",\"isPartOf\":{\"@id\":\"https:\/\/clam.org.br\/es\/#website\"},\"datePublished\":\"2009-07-27T03:00:00+00:00\",\"author\":{\"@id\":\"https:\/\/clam.org.br\/es\/#\/schema\/person\/fbd9a86032bf7479f94b0ded196f1010\"},\"breadcrumb\":{\"@id\":\"https:\/\/clam.org.br\/es\/oferta-academica\/convocatoria-a-inscripcion-al-programa-de-posdoctorado-en-ciencias-sociales\/34752\/#breadcrumb\"},\"inLanguage\":\"es\",\"potentialAction\":[{\"@type\":\"ReadAction\",\"target\":[\"https:\/\/clam.org.br\/es\/oferta-academica\/convocatoria-a-inscripcion-al-programa-de-posdoctorado-en-ciencias-sociales\/34752\/\"]}]},{\"@type\":\"BreadcrumbList\",\"@id\":\"https:\/\/clam.org.br\/es\/oferta-academica\/convocatoria-a-inscripcion-al-programa-de-posdoctorado-en-ciencias-sociales\/34752\/#breadcrumb\",\"itemListElement\":[{\"@type\":\"ListItem\",\"position\":1,\"name\":\"In\u00edcio\",\"item\":\"https:\/\/clam.org.br\/es\/\"},{\"@type\":\"ListItem\",\"position\":2,\"name\":\"Convocatoria a Inscripci\u00f3n al Programa de Posdoctorado en Ciencias Sociales\"}]},{\"@type\":\"WebSite\",\"@id\":\"https:\/\/clam.org.br\/es\/#website\",\"url\":\"https:\/\/clam.org.br\/es\/\",\"name\":\"CLAM - ES\",\"description\":\"S\u00f3 mais um site CLAM - Centro Latino-Americano em Sexualidade e Direitos Humanos sites\",\"potentialAction\":[{\"@type\":\"SearchAction\",\"target\":{\"@type\":\"EntryPoint\",\"urlTemplate\":\"https:\/\/clam.org.br\/es\/?s={search_term_string}\"},\"query-input\":{\"@type\":\"PropertyValueSpecification\",\"valueRequired\":true,\"valueName\":\"search_term_string\"}}],\"inLanguage\":\"es\"},{\"@type\":\"Person\",\"@id\":\"https:\/\/clam.org.br\/es\/#\/schema\/person\/fbd9a86032bf7479f94b0ded196f1010\",\"name\":\"fw2\",\"image\":{\"@type\":\"ImageObject\",\"inLanguage\":\"es\",\"@id\":\"https:\/\/clam.org.br\/es\/#\/schema\/person\/image\/\",\"url\":\"https:\/\/secure.gravatar.com\/avatar\/c38472c0cdbde82d9b6fcc26adb3779d?s=96&d=mm&r=g\",\"contentUrl\":\"https:\/\/secure.gravatar.com\/avatar\/c38472c0cdbde82d9b6fcc26adb3779d?s=96&d=mm&r=g\",\"caption\":\"fw2\"},\"sameAs\":[\"https:\/\/clam.fw2web.com.br\"],\"url\":\"https:\/\/clam.org.br\/es\/author\/fw2\/\"}]}<\/script>\n<!-- \/ Yoast SEO plugin. -->","yoast_head_json":{"title":"Convocatoria a Inscripci\u00f3n al Programa de Posdoctorado en Ciencias Sociales - CLAM - ES","robots":{"index":"index","follow":"follow","max-snippet":"max-snippet:-1","max-image-preview":"max-image-preview:large","max-video-preview":"max-video-preview:-1"},"canonical":"https:\/\/clam.org.br\/es\/oferta-academica\/convocatoria-a-inscripcion-al-programa-de-posdoctorado-en-ciencias-sociales\/34752\/","og_locale":"es_ES","og_type":"article","og_title":"Convocatoria a Inscripci\u00f3n al Programa de Posdoctorado en Ciencias Sociales - CLAM - ES","og_description":"&nbsp;El Programa de Posdoctorado en Ciencias Sociales de la Universidad de Buenos Aires, con sede en su Facultad de Ciencias Sociales, anuncia que hasta el 31 de julio de 2009 se encuentra abierta la inscripci\u00f3n para el a\u00f1o acad\u00e9mico 2009, (confirmar con el Programa la ampliaci\u00f3n de plazos con motivo de la cancelaci\u00f3n de actividades por la pandemia de Gripe A).","og_url":"https:\/\/clam.org.br\/es\/oferta-academica\/convocatoria-a-inscripcion-al-programa-de-posdoctorado-en-ciencias-sociales\/34752\/","og_site_name":"CLAM - ES","article_published_time":"2009-07-27T03:00:00+00:00","author":"fw2","twitter_card":"summary_large_image","twitter_misc":{"Escrito por":"fw2","Tiempo de lectura":"2 minutos"},"schema":{"@context":"https:\/\/schema.org","@graph":[{"@type":"WebPage","@id":"https:\/\/clam.org.br\/es\/oferta-academica\/convocatoria-a-inscripcion-al-programa-de-posdoctorado-en-ciencias-sociales\/34752\/","url":"https:\/\/clam.org.br\/es\/oferta-academica\/convocatoria-a-inscripcion-al-programa-de-posdoctorado-en-ciencias-sociales\/34752\/","name":"Convocatoria a Inscripci\u00f3n al Programa de Posdoctorado en Ciencias Sociales - CLAM - ES","isPartOf":{"@id":"https:\/\/clam.org.br\/es\/#website"},"datePublished":"2009-07-27T03:00:00+00:00","author":{"@id":"https:\/\/clam.org.br\/es\/#\/schema\/person\/fbd9a86032bf7479f94b0ded196f1010"},"breadcrumb":{"@id":"https:\/\/clam.org.br\/es\/oferta-academica\/convocatoria-a-inscripcion-al-programa-de-posdoctorado-en-ciencias-sociales\/34752\/#breadcrumb"},"inLanguage":"es","potentialAction":[{"@type":"ReadAction","target":["https:\/\/clam.org.br\/es\/oferta-academica\/convocatoria-a-inscripcion-al-programa-de-posdoctorado-en-ciencias-sociales\/34752\/"]}]},{"@type":"BreadcrumbList","@id":"https:\/\/clam.org.br\/es\/oferta-academica\/convocatoria-a-inscripcion-al-programa-de-posdoctorado-en-ciencias-sociales\/34752\/#breadcrumb","itemListElement":[{"@type":"ListItem","position":1,"name":"In\u00edcio","item":"https:\/\/clam.org.br\/es\/"},{"@type":"ListItem","position":2,"name":"Convocatoria a Inscripci\u00f3n al Programa de Posdoctorado en Ciencias Sociales"}]},{"@type":"WebSite","@id":"https:\/\/clam.org.br\/es\/#website","url":"https:\/\/clam.org.br\/es\/","name":"CLAM - ES","description":"S\u00f3 mais um site CLAM - Centro Latino-Americano em Sexualidade e Direitos Humanos sites","potentialAction":[{"@type":"SearchAction","target":{"@type":"EntryPoint","urlTemplate":"https:\/\/clam.org.br\/es\/?s={search_term_string}"},"query-input":{"@type":"PropertyValueSpecification","valueRequired":true,"valueName":"search_term_string"}}],"inLanguage":"es"},{"@type":"Person","@id":"https:\/\/clam.org.br\/es\/#\/schema\/person\/fbd9a86032bf7479f94b0ded196f1010","name":"fw2","image":{"@type":"ImageObject","inLanguage":"es","@id":"https:\/\/clam.org.br\/es\/#\/schema\/person\/image\/","url":"https:\/\/secure.gravatar.com\/avatar\/c38472c0cdbde82d9b6fcc26adb3779d?s=96&d=mm&r=g","contentUrl":"https:\/\/secure.gravatar.com\/avatar\/c38472c0cdbde82d9b6fcc26adb3779d?s=96&d=mm&r=g","caption":"fw2"},"sameAs":["https:\/\/clam.fw2web.com.br"],"url":"https:\/\/clam.org.br\/es\/author\/fw2\/"}]}},"jetpack_featured_media_url":"","jetpack_sharing_enabled":true,"_links":{"self":[{"href":"https:\/\/clam.org.br\/es\/wp-json\/wp\/v2\/posts\/34752","targetHints":{"allow":["GET"]}}],"collection":[{"href":"https:\/\/clam.org.br\/es\/wp-json\/wp\/v2\/posts"}],"about":[{"href":"https:\/\/clam.org.br\/es\/wp-json\/wp\/v2\/types\/post"}],"author":[{"embeddable":true,"href":"https:\/\/clam.org.br\/es\/wp-json\/wp\/v2\/users\/1"}],"replies":[{"embeddable":true,"href":"https:\/\/clam.org.br\/es\/wp-json\/wp\/v2\/comments?post=34752"}],"version-history":[{"count":0,"href":"https:\/\/clam.org.br\/es\/wp-json\/wp\/v2\/posts\/34752\/revisions"}],"wp:attachment":[{"href":"https:\/\/clam.org.br\/es\/wp-json\/wp\/v2\/media?parent=34752"}],"wp:term":[{"taxonomy":"category","embeddable":true,"href":"https:\/\/clam.org.br\/es\/wp-json\/wp\/v2\/categories?post=34752"},{"taxonomy":"post_tag","embeddable":true,"href":"https:\/\/clam.org.br\/es\/wp-json\/wp\/v2\/tags?post=34752"}],"curies":[{"name":"wp","href":"https:\/\/api.w.org\/{rel}","templated":true}]}}