{"id":3477,"date":"2007-09-26T00:00:00","date_gmt":"2007-09-26T03:00:00","guid":{"rendered":"https:\/\/clam.fw2web.com.br\/es\/2007\/09\/26\/alertan-cifras-de-mortandad-por-sida\/"},"modified":"2023-06-14T07:52:53","modified_gmt":"2023-06-14T10:52:53","slug":"alertan-cifras-de-mortandad-por-sida","status":"publish","type":"post","link":"https:\/\/clam.org.br\/es\/en-los-medios\/alertan-cifras-de-mortandad-por-sida\/3477\/","title":{"rendered":"Alertan cifras de mortandad por sida"},"content":{"rendered":"<p>Una gran controversia se ha originado en la ciudad de Barranquilla, por un informe que se\u00f1ala que en las \u00faltimas semanas habr\u00edan muerto 16 personas infectadas con Sida, la Secretaria de Salud P\u00fablica Sara Romero desminti\u00f3 este informe y se\u00f1al\u00f3 que el n\u00famero de fallecidos por VIH, son s\u00f3lo seis y agreg\u00f3 que la mayor parte de ellos fueron diagnosticados por tuberculosis. <P>A ra\u00edz de este informe Jorge de La Hoz, vocero de Grupo Caribe de enfermos de VIH Sida denunci\u00f3 p\u00fablicamente irregularidades que se ven\u00edan presentando con la compra de medicamentos para los enfermos con Sida, pero en las \u00faltimas horas De la Hoz recibi\u00f3 varias llamadas en donde le aseguran que va terminar como sus compa\u00f1eros, en la Morgue de un hospital si continuaba con sus denuncias\u2026 <P><a href=\"http:\/\/www.lafm.com.co\/noticia.php3?nt=24021\" target=\"_blank\" rel=\"noopener\">Texto completo<\/A><\/P><\/p>\n","protected":false},"excerpt":{"rendered":"<p>Una gran controversia se ha originado en la ciudad de Barranquilla, por un informe que se\u00f1ala que en las \u00faltimas semanas habr\u00edan muerto 16 personas infectadas con Sida, la Secretaria de Salud P\u00fablica Sara Romero desminti\u00f3 este informe y se\u00f1al\u00f3 que el n\u00famero de fallecidos por VIH, son s\u00f3lo seis y agreg\u00f3 que la mayor parte de ellos fueron diagnosticados por tuberculosis. A ra\u00edz de este informe Jorge de La Hoz, vocero de Grupo Caribe de enfermos de VIH Sida denunci\u00f3 p\u00fablicamente irregularidades que se ven\u00edan presentando con la compra de medicamentos para los enfermos con Sida, pero en las \u00faltimas horas De la Hoz recibi\u00f3 varias llamadas en donde le aseguran que va terminar como sus compa\u00f1eros, en la Morgue de un hospital si continuaba con sus denuncias\u2026<\/p>\n","protected":false},"author":1,"featured_media":0,"comment_status":"open","ping_status":"open","sticky":false,"template":"","format":"standard","meta":{"_acf_changed":false,"site-sidebar-layout":"default","site-content-layout":"default","ast-global-header-display":"","ast-main-header-display":"","ast-hfb-above-header-display":"","ast-hfb-below-header-display":"","ast-hfb-mobile-header-display":"","site-post-title":"","ast-breadcrumbs-content":"","ast-featured-img":"","footer-sml-layout":"","theme-transparent-header-meta":"","adv-header-id-meta":"","stick-header-meta":"","header-above-stick-meta":"","header-main-stick-meta":"","header-below-stick-meta":"","_jetpack_memberships_contains_paid_content":false,"footnotes":""},"categories":[27],"tags":[],"class_list":["post-3477","post","type-post","status-publish","format-standard","hentry","category-en-los-medios"],"acf":[],"yoast_head":"<!-- This site is optimized with the Yoast SEO plugin v26.1.1 - https:\/\/yoast.com\/wordpress\/plugins\/seo\/ -->\n<title>Alertan cifras de mortandad por sida - CLAM - ES<\/title>\n<meta name=\"robots\" content=\"index, follow, max-snippet:-1, max-image-preview:large, max-video-preview:-1\" \/>\n<link rel=\"canonical\" href=\"https:\/\/clam.org.br\/es\/en-los-medios\/alertan-cifras-de-mortandad-por-sida\/3477\/\" \/>\n<meta property=\"og:locale\" content=\"es_ES\" \/>\n<meta property=\"og:type\" content=\"article\" \/>\n<meta property=\"og:title\" content=\"Alertan cifras de mortandad por sida - CLAM - ES\" \/>\n<meta property=\"og:description\" content=\"Una gran controversia se ha originado en la ciudad de Barranquilla, por un informe que se\u00f1ala que en las \u00faltimas semanas habr\u00edan muerto 16 personas infectadas con Sida, la Secretaria de Salud P\u00fablica Sara Romero desminti\u00f3 este informe y se\u00f1al\u00f3 que el n\u00famero de fallecidos por VIH, son s\u00f3lo seis y agreg\u00f3 que la mayor parte de ellos fueron diagnosticados por tuberculosis. A ra\u00edz de este informe Jorge de La Hoz, vocero de Grupo Caribe de enfermos de VIH Sida denunci\u00f3 p\u00fablicamente irregularidades que se ven\u00edan presentando con la compra de medicamentos para los enfermos con Sida, pero en las \u00faltimas horas De la Hoz recibi\u00f3 varias llamadas en donde le aseguran que va terminar como sus compa\u00f1eros, en la Morgue de un hospital si continuaba con sus denuncias\u2026\" \/>\n<meta property=\"og:url\" content=\"https:\/\/clam.org.br\/es\/en-los-medios\/alertan-cifras-de-mortandad-por-sida\/3477\/\" \/>\n<meta property=\"og:site_name\" content=\"CLAM - ES\" \/>\n<meta property=\"article:published_time\" content=\"2007-09-26T03:00:00+00:00\" \/>\n<meta property=\"article:modified_time\" content=\"2023-06-14T10:52:53+00:00\" \/>\n<meta name=\"author\" content=\"fw2\" \/>\n<meta name=\"twitter:card\" content=\"summary_large_image\" \/>\n<meta name=\"twitter:label1\" content=\"Escrito por\" \/>\n\t<meta name=\"twitter:data1\" content=\"fw2\" \/>\n\t<meta name=\"twitter:label2\" content=\"Tiempo de lectura\" \/>\n\t<meta name=\"twitter:data2\" content=\"1 minuto\" \/>\n<script type=\"application\/ld+json\" class=\"yoast-schema-graph\">{\"@context\":\"https:\/\/schema.org\",\"@graph\":[{\"@type\":\"WebPage\",\"@id\":\"https:\/\/clam.org.br\/es\/en-los-medios\/alertan-cifras-de-mortandad-por-sida\/3477\/\",\"url\":\"https:\/\/clam.org.br\/es\/en-los-medios\/alertan-cifras-de-mortandad-por-sida\/3477\/\",\"name\":\"Alertan cifras de mortandad por sida - CLAM - ES\",\"isPartOf\":{\"@id\":\"https:\/\/clam.org.br\/es\/#website\"},\"datePublished\":\"2007-09-26T03:00:00+00:00\",\"dateModified\":\"2023-06-14T10:52:53+00:00\",\"author\":{\"@id\":\"https:\/\/clam.org.br\/es\/#\/schema\/person\/fbd9a86032bf7479f94b0ded196f1010\"},\"breadcrumb\":{\"@id\":\"https:\/\/clam.org.br\/es\/en-los-medios\/alertan-cifras-de-mortandad-por-sida\/3477\/#breadcrumb\"},\"inLanguage\":\"es\",\"potentialAction\":[{\"@type\":\"ReadAction\",\"target\":[\"https:\/\/clam.org.br\/es\/en-los-medios\/alertan-cifras-de-mortandad-por-sida\/3477\/\"]}]},{\"@type\":\"BreadcrumbList\",\"@id\":\"https:\/\/clam.org.br\/es\/en-los-medios\/alertan-cifras-de-mortandad-por-sida\/3477\/#breadcrumb\",\"itemListElement\":[{\"@type\":\"ListItem\",\"position\":1,\"name\":\"In\u00edcio\",\"item\":\"https:\/\/clam.org.br\/es\/\"},{\"@type\":\"ListItem\",\"position\":2,\"name\":\"Alertan cifras de mortandad por sida\"}]},{\"@type\":\"WebSite\",\"@id\":\"https:\/\/clam.org.br\/es\/#website\",\"url\":\"https:\/\/clam.org.br\/es\/\",\"name\":\"CLAM - ES\",\"description\":\"S\u00f3 mais um site CLAM - Centro Latino-Americano em Sexualidade e Direitos Humanos sites\",\"potentialAction\":[{\"@type\":\"SearchAction\",\"target\":{\"@type\":\"EntryPoint\",\"urlTemplate\":\"https:\/\/clam.org.br\/es\/?s={search_term_string}\"},\"query-input\":{\"@type\":\"PropertyValueSpecification\",\"valueRequired\":true,\"valueName\":\"search_term_string\"}}],\"inLanguage\":\"es\"},{\"@type\":\"Person\",\"@id\":\"https:\/\/clam.org.br\/es\/#\/schema\/person\/fbd9a86032bf7479f94b0ded196f1010\",\"name\":\"fw2\",\"image\":{\"@type\":\"ImageObject\",\"inLanguage\":\"es\",\"@id\":\"https:\/\/clam.org.br\/es\/#\/schema\/person\/image\/\",\"url\":\"https:\/\/secure.gravatar.com\/avatar\/c38472c0cdbde82d9b6fcc26adb3779d?s=96&d=mm&r=g\",\"contentUrl\":\"https:\/\/secure.gravatar.com\/avatar\/c38472c0cdbde82d9b6fcc26adb3779d?s=96&d=mm&r=g\",\"caption\":\"fw2\"},\"sameAs\":[\"https:\/\/clam.fw2web.com.br\"],\"url\":\"https:\/\/clam.org.br\/es\/author\/fw2\/\"}]}<\/script>\n<!-- \/ Yoast SEO plugin. -->","yoast_head_json":{"title":"Alertan cifras de mortandad por sida - CLAM - ES","robots":{"index":"index","follow":"follow","max-snippet":"max-snippet:-1","max-image-preview":"max-image-preview:large","max-video-preview":"max-video-preview:-1"},"canonical":"https:\/\/clam.org.br\/es\/en-los-medios\/alertan-cifras-de-mortandad-por-sida\/3477\/","og_locale":"es_ES","og_type":"article","og_title":"Alertan cifras de mortandad por sida - CLAM - ES","og_description":"Una gran controversia se ha originado en la ciudad de Barranquilla, por un informe que se\u00f1ala que en las \u00faltimas semanas habr\u00edan muerto 16 personas infectadas con Sida, la Secretaria de Salud P\u00fablica Sara Romero desminti\u00f3 este informe y se\u00f1al\u00f3 que el n\u00famero de fallecidos por VIH, son s\u00f3lo seis y agreg\u00f3 que la mayor parte de ellos fueron diagnosticados por tuberculosis. A ra\u00edz de este informe Jorge de La Hoz, vocero de Grupo Caribe de enfermos de VIH Sida denunci\u00f3 p\u00fablicamente irregularidades que se ven\u00edan presentando con la compra de medicamentos para los enfermos con Sida, pero en las \u00faltimas horas De la Hoz recibi\u00f3 varias llamadas en donde le aseguran que va terminar como sus compa\u00f1eros, en la Morgue de un hospital si continuaba con sus denuncias\u2026","og_url":"https:\/\/clam.org.br\/es\/en-los-medios\/alertan-cifras-de-mortandad-por-sida\/3477\/","og_site_name":"CLAM - ES","article_published_time":"2007-09-26T03:00:00+00:00","article_modified_time":"2023-06-14T10:52:53+00:00","author":"fw2","twitter_card":"summary_large_image","twitter_misc":{"Escrito por":"fw2","Tiempo de lectura":"1 minuto"},"schema":{"@context":"https:\/\/schema.org","@graph":[{"@type":"WebPage","@id":"https:\/\/clam.org.br\/es\/en-los-medios\/alertan-cifras-de-mortandad-por-sida\/3477\/","url":"https:\/\/clam.org.br\/es\/en-los-medios\/alertan-cifras-de-mortandad-por-sida\/3477\/","name":"Alertan cifras de mortandad por sida - CLAM - ES","isPartOf":{"@id":"https:\/\/clam.org.br\/es\/#website"},"datePublished":"2007-09-26T03:00:00+00:00","dateModified":"2023-06-14T10:52:53+00:00","author":{"@id":"https:\/\/clam.org.br\/es\/#\/schema\/person\/fbd9a86032bf7479f94b0ded196f1010"},"breadcrumb":{"@id":"https:\/\/clam.org.br\/es\/en-los-medios\/alertan-cifras-de-mortandad-por-sida\/3477\/#breadcrumb"},"inLanguage":"es","potentialAction":[{"@type":"ReadAction","target":["https:\/\/clam.org.br\/es\/en-los-medios\/alertan-cifras-de-mortandad-por-sida\/3477\/"]}]},{"@type":"BreadcrumbList","@id":"https:\/\/clam.org.br\/es\/en-los-medios\/alertan-cifras-de-mortandad-por-sida\/3477\/#breadcrumb","itemListElement":[{"@type":"ListItem","position":1,"name":"In\u00edcio","item":"https:\/\/clam.org.br\/es\/"},{"@type":"ListItem","position":2,"name":"Alertan cifras de mortandad por sida"}]},{"@type":"WebSite","@id":"https:\/\/clam.org.br\/es\/#website","url":"https:\/\/clam.org.br\/es\/","name":"CLAM - ES","description":"S\u00f3 mais um site CLAM - Centro Latino-Americano em Sexualidade e Direitos Humanos sites","potentialAction":[{"@type":"SearchAction","target":{"@type":"EntryPoint","urlTemplate":"https:\/\/clam.org.br\/es\/?s={search_term_string}"},"query-input":{"@type":"PropertyValueSpecification","valueRequired":true,"valueName":"search_term_string"}}],"inLanguage":"es"},{"@type":"Person","@id":"https:\/\/clam.org.br\/es\/#\/schema\/person\/fbd9a86032bf7479f94b0ded196f1010","name":"fw2","image":{"@type":"ImageObject","inLanguage":"es","@id":"https:\/\/clam.org.br\/es\/#\/schema\/person\/image\/","url":"https:\/\/secure.gravatar.com\/avatar\/c38472c0cdbde82d9b6fcc26adb3779d?s=96&d=mm&r=g","contentUrl":"https:\/\/secure.gravatar.com\/avatar\/c38472c0cdbde82d9b6fcc26adb3779d?s=96&d=mm&r=g","caption":"fw2"},"sameAs":["https:\/\/clam.fw2web.com.br"],"url":"https:\/\/clam.org.br\/es\/author\/fw2\/"}]}},"jetpack_featured_media_url":"","jetpack_sharing_enabled":true,"_links":{"self":[{"href":"https:\/\/clam.org.br\/es\/wp-json\/wp\/v2\/posts\/3477","targetHints":{"allow":["GET"]}}],"collection":[{"href":"https:\/\/clam.org.br\/es\/wp-json\/wp\/v2\/posts"}],"about":[{"href":"https:\/\/clam.org.br\/es\/wp-json\/wp\/v2\/types\/post"}],"author":[{"embeddable":true,"href":"https:\/\/clam.org.br\/es\/wp-json\/wp\/v2\/users\/1"}],"replies":[{"embeddable":true,"href":"https:\/\/clam.org.br\/es\/wp-json\/wp\/v2\/comments?post=3477"}],"version-history":[{"count":1,"href":"https:\/\/clam.org.br\/es\/wp-json\/wp\/v2\/posts\/3477\/revisions"}],"predecessor-version":[{"id":28976,"href":"https:\/\/clam.org.br\/es\/wp-json\/wp\/v2\/posts\/3477\/revisions\/28976"}],"wp:attachment":[{"href":"https:\/\/clam.org.br\/es\/wp-json\/wp\/v2\/media?parent=3477"}],"wp:term":[{"taxonomy":"category","embeddable":true,"href":"https:\/\/clam.org.br\/es\/wp-json\/wp\/v2\/categories?post=3477"},{"taxonomy":"post_tag","embeddable":true,"href":"https:\/\/clam.org.br\/es\/wp-json\/wp\/v2\/tags?post=3477"}],"curies":[{"name":"wp","href":"https:\/\/api.w.org\/{rel}","templated":true}]}}