{"id":34839,"date":"2011-01-17T00:00:00","date_gmt":"2011-01-17T02:00:00","guid":{"rendered":"https:\/\/clam.fw2web.com.br\/es\/2011\/01\/17\/dossier-revista-iconos-como-se-piensa-lo-queer-en-america-latina\/"},"modified":"2011-01-17T00:00:00","modified_gmt":"2011-01-17T02:00:00","slug":"dossier-revista-iconos-como-se-piensa-lo-queer-en-america-latina","status":"publish","type":"post","link":"https:\/\/clam.org.br\/es\/oferta-academica\/dossier-revista-iconos-como-se-piensa-lo-queer-en-america-latina\/34839\/","title":{"rendered":"Dossier revista ICONOS \u00bfC\u00f3mo se piensa lo queer en Am\u00e9rica Latina?"},"content":{"rendered":"<p><B>\u00cdconos. Revista de Ciencias Sociales No. 39.<BR> \u00bfC\u00f3mo se piensa lo queer en Am\u00e9rica Latina?<BR> Director: Mauro Cerbino<BR> Editora: P\u00eda Vera<BR>  <P>Descripci\u00f3n:<\/B>  <P>Este dossier interroga lo <I>queer<\/I> como teor\u00edas y pr\u00e1cticas pol\u00edticas de contestaci\u00f3n y resistencia a las pol\u00edticas de identidad, particularmente aquellas basadas en la reivindicaci\u00f3n del \u00b4orgullo gay\u00b4. Interactuando con lo racial, lo \u00e9tnico y la clase, dichas teor\u00edas y pr\u00e1cticas historizan las categor\u00edas que definen los sujetos y evidencian su maleabilidad y creatividad pol\u00edtica. Lo <I>queer<\/I> funciona como una forma de ubicarse en los debates sobre sexualidades y g\u00e9nero y observar sus \u00b4m\u00e1rgenes\u00b4, normas y hegemon\u00edas.<BR>  <P>Este dossier ubica la discusi\u00f3n de lo <I>queer <\/I>en una epistemolog\u00eda local\/regional latinoamericana y en los debates Norte-Sur y Sur-Sur, entendiendo lo regional no solo como geograf\u00eda sino como posici\u00f3n de producci\u00f3n de conocimientos. Adem\u00e1s problematiza lo <I>queer<\/I> desde las relaciones fluidas entre identidades y pr\u00e1cticas que cuestionan la naturalizaci\u00f3n de la heterosexualidad y la homogenizaci\u00f3n de comunidades a trav\u00e9s de categor\u00edas r\u00edgidas que hacen parte de la producci\u00f3n de conocimiento sobre sexualidades y g\u00e9neros en Latinoam\u00e9rica.<BR>  <P>Este dossier propone una serie de textos que complejizan las lecturas de temas y objetos de an\u00e1lisis ya trabajados en Am\u00e9rica Latina, avanzando tanto en lo metodol\u00f3gico como en lo conceptual. En lo primero, a trav\u00e9s de la incorporaci\u00f3n de trabajo etnogr\u00e1fico a los abordajes <I>queer<\/I> y en los segundo, al explorar desde diversas perspectivas los sentidos de tales abordajes. Los art\u00edculos aqu\u00ed compilados abren, tambi\u00e9n, rutas latentes sobre el rol de movimientos y organizaciones de base en las interpelaciones a lo <I>queer<\/I>.<BR>  <P><U><a href=\"http:\/\/www.flacsoandes.org\/dspace\/handle\/10469\/2710\" target=\"_blank\" rel=\"noopener\">Para descargar este n\u00famero de la revista \u00cdconos, haga click aqu\u00ed<\/A><\/U><\/P><\/p>\n","protected":false},"excerpt":{"rendered":"<p>Este dossier interroga lo queer como teor\u00edas y pr\u00e1cticas pol\u00edticas de contestaci\u00f3n y resistencia a las pol\u00edticas de identidad, particularmente aquellas basadas en la reivindicaci\u00f3n del \u00b4orgullo gay\u00b4. Interactuando con lo racial, lo \u00e9tnico y la clase, dichas teor\u00edas y pr\u00e1cticas historizan las categor\u00edas que definen los sujetos y evidencian su maleabilidad y creatividad pol\u00edtica. Lo queer funciona como una forma de ubicarse en los debates sobre sexualidades y g\u00e9nero y observar sus \u00b4m\u00e1rgenes\u00b4, normas y hegemon\u00edas.<\/p>\n","protected":false},"author":1,"featured_media":0,"comment_status":"open","ping_status":"open","sticky":false,"template":"","format":"standard","meta":{"_acf_changed":false,"site-sidebar-layout":"default","site-content-layout":"default","ast-global-header-display":"","ast-main-header-display":"","ast-hfb-above-header-display":"","ast-hfb-below-header-display":"","ast-hfb-mobile-header-display":"","site-post-title":"","ast-breadcrumbs-content":"","ast-featured-img":"","footer-sml-layout":"","theme-transparent-header-meta":"","adv-header-id-meta":"","stick-header-meta":"","header-above-stick-meta":"","header-main-stick-meta":"","header-below-stick-meta":"","_jetpack_memberships_contains_paid_content":false,"footnotes":""},"categories":[26],"tags":[],"class_list":["post-34839","post","type-post","status-publish","format-standard","hentry","category-oferta-academica"],"acf":[],"yoast_head":"<!-- This site is optimized with the Yoast SEO plugin v26.1.1 - https:\/\/yoast.com\/wordpress\/plugins\/seo\/ -->\n<title>Dossier revista ICONOS \u00bfC\u00f3mo se piensa lo queer en Am\u00e9rica Latina? - CLAM - ES<\/title>\n<meta name=\"robots\" content=\"index, follow, max-snippet:-1, max-image-preview:large, max-video-preview:-1\" \/>\n<link rel=\"canonical\" href=\"https:\/\/clam.org.br\/es\/oferta-academica\/dossier-revista-iconos-como-se-piensa-lo-queer-en-america-latina\/34839\/\" \/>\n<meta property=\"og:locale\" content=\"es_ES\" \/>\n<meta property=\"og:type\" content=\"article\" \/>\n<meta property=\"og:title\" content=\"Dossier revista ICONOS \u00bfC\u00f3mo se piensa lo queer en Am\u00e9rica Latina? - CLAM - ES\" \/>\n<meta property=\"og:description\" content=\"Este dossier interroga lo queer como teor\u00edas y pr\u00e1cticas pol\u00edticas de contestaci\u00f3n y resistencia a las pol\u00edticas de identidad, particularmente aquellas basadas en la reivindicaci\u00f3n del \u00b4orgullo gay\u00b4. Interactuando con lo racial, lo \u00e9tnico y la clase, dichas teor\u00edas y pr\u00e1cticas historizan las categor\u00edas que definen los sujetos y evidencian su maleabilidad y creatividad pol\u00edtica. Lo queer funciona como una forma de ubicarse en los debates sobre sexualidades y g\u00e9nero y observar sus \u00b4m\u00e1rgenes\u00b4, normas y hegemon\u00edas.\" \/>\n<meta property=\"og:url\" content=\"https:\/\/clam.org.br\/es\/oferta-academica\/dossier-revista-iconos-como-se-piensa-lo-queer-en-america-latina\/34839\/\" \/>\n<meta property=\"og:site_name\" content=\"CLAM - ES\" \/>\n<meta property=\"article:published_time\" content=\"2011-01-17T02:00:00+00:00\" \/>\n<meta name=\"author\" content=\"fw2\" \/>\n<meta name=\"twitter:card\" content=\"summary_large_image\" \/>\n<meta name=\"twitter:label1\" content=\"Escrito por\" \/>\n\t<meta name=\"twitter:data1\" content=\"fw2\" \/>\n\t<meta name=\"twitter:label2\" content=\"Tiempo de lectura\" \/>\n\t<meta name=\"twitter:data2\" content=\"2 minutos\" \/>\n<script type=\"application\/ld+json\" class=\"yoast-schema-graph\">{\"@context\":\"https:\/\/schema.org\",\"@graph\":[{\"@type\":\"WebPage\",\"@id\":\"https:\/\/clam.org.br\/es\/oferta-academica\/dossier-revista-iconos-como-se-piensa-lo-queer-en-america-latina\/34839\/\",\"url\":\"https:\/\/clam.org.br\/es\/oferta-academica\/dossier-revista-iconos-como-se-piensa-lo-queer-en-america-latina\/34839\/\",\"name\":\"Dossier revista ICONOS \u00bfC\u00f3mo se piensa lo queer en Am\u00e9rica Latina? - CLAM - ES\",\"isPartOf\":{\"@id\":\"https:\/\/clam.org.br\/es\/#website\"},\"datePublished\":\"2011-01-17T02:00:00+00:00\",\"author\":{\"@id\":\"https:\/\/clam.org.br\/es\/#\/schema\/person\/fbd9a86032bf7479f94b0ded196f1010\"},\"breadcrumb\":{\"@id\":\"https:\/\/clam.org.br\/es\/oferta-academica\/dossier-revista-iconos-como-se-piensa-lo-queer-en-america-latina\/34839\/#breadcrumb\"},\"inLanguage\":\"es\",\"potentialAction\":[{\"@type\":\"ReadAction\",\"target\":[\"https:\/\/clam.org.br\/es\/oferta-academica\/dossier-revista-iconos-como-se-piensa-lo-queer-en-america-latina\/34839\/\"]}]},{\"@type\":\"BreadcrumbList\",\"@id\":\"https:\/\/clam.org.br\/es\/oferta-academica\/dossier-revista-iconos-como-se-piensa-lo-queer-en-america-latina\/34839\/#breadcrumb\",\"itemListElement\":[{\"@type\":\"ListItem\",\"position\":1,\"name\":\"In\u00edcio\",\"item\":\"https:\/\/clam.org.br\/es\/\"},{\"@type\":\"ListItem\",\"position\":2,\"name\":\"Dossier revista ICONOS \u00bfC\u00f3mo se piensa lo queer en Am\u00e9rica Latina?\"}]},{\"@type\":\"WebSite\",\"@id\":\"https:\/\/clam.org.br\/es\/#website\",\"url\":\"https:\/\/clam.org.br\/es\/\",\"name\":\"CLAM - ES\",\"description\":\"S\u00f3 mais um site CLAM - Centro Latino-Americano em Sexualidade e Direitos Humanos sites\",\"potentialAction\":[{\"@type\":\"SearchAction\",\"target\":{\"@type\":\"EntryPoint\",\"urlTemplate\":\"https:\/\/clam.org.br\/es\/?s={search_term_string}\"},\"query-input\":{\"@type\":\"PropertyValueSpecification\",\"valueRequired\":true,\"valueName\":\"search_term_string\"}}],\"inLanguage\":\"es\"},{\"@type\":\"Person\",\"@id\":\"https:\/\/clam.org.br\/es\/#\/schema\/person\/fbd9a86032bf7479f94b0ded196f1010\",\"name\":\"fw2\",\"image\":{\"@type\":\"ImageObject\",\"inLanguage\":\"es\",\"@id\":\"https:\/\/clam.org.br\/es\/#\/schema\/person\/image\/\",\"url\":\"https:\/\/secure.gravatar.com\/avatar\/c38472c0cdbde82d9b6fcc26adb3779d?s=96&d=mm&r=g\",\"contentUrl\":\"https:\/\/secure.gravatar.com\/avatar\/c38472c0cdbde82d9b6fcc26adb3779d?s=96&d=mm&r=g\",\"caption\":\"fw2\"},\"sameAs\":[\"https:\/\/clam.fw2web.com.br\"],\"url\":\"https:\/\/clam.org.br\/es\/author\/fw2\/\"}]}<\/script>\n<!-- \/ Yoast SEO plugin. -->","yoast_head_json":{"title":"Dossier revista ICONOS \u00bfC\u00f3mo se piensa lo queer en Am\u00e9rica Latina? - CLAM - ES","robots":{"index":"index","follow":"follow","max-snippet":"max-snippet:-1","max-image-preview":"max-image-preview:large","max-video-preview":"max-video-preview:-1"},"canonical":"https:\/\/clam.org.br\/es\/oferta-academica\/dossier-revista-iconos-como-se-piensa-lo-queer-en-america-latina\/34839\/","og_locale":"es_ES","og_type":"article","og_title":"Dossier revista ICONOS \u00bfC\u00f3mo se piensa lo queer en Am\u00e9rica Latina? - CLAM - ES","og_description":"Este dossier interroga lo queer como teor\u00edas y pr\u00e1cticas pol\u00edticas de contestaci\u00f3n y resistencia a las pol\u00edticas de identidad, particularmente aquellas basadas en la reivindicaci\u00f3n del \u00b4orgullo gay\u00b4. Interactuando con lo racial, lo \u00e9tnico y la clase, dichas teor\u00edas y pr\u00e1cticas historizan las categor\u00edas que definen los sujetos y evidencian su maleabilidad y creatividad pol\u00edtica. Lo queer funciona como una forma de ubicarse en los debates sobre sexualidades y g\u00e9nero y observar sus \u00b4m\u00e1rgenes\u00b4, normas y hegemon\u00edas.","og_url":"https:\/\/clam.org.br\/es\/oferta-academica\/dossier-revista-iconos-como-se-piensa-lo-queer-en-america-latina\/34839\/","og_site_name":"CLAM - ES","article_published_time":"2011-01-17T02:00:00+00:00","author":"fw2","twitter_card":"summary_large_image","twitter_misc":{"Escrito por":"fw2","Tiempo de lectura":"2 minutos"},"schema":{"@context":"https:\/\/schema.org","@graph":[{"@type":"WebPage","@id":"https:\/\/clam.org.br\/es\/oferta-academica\/dossier-revista-iconos-como-se-piensa-lo-queer-en-america-latina\/34839\/","url":"https:\/\/clam.org.br\/es\/oferta-academica\/dossier-revista-iconos-como-se-piensa-lo-queer-en-america-latina\/34839\/","name":"Dossier revista ICONOS \u00bfC\u00f3mo se piensa lo queer en Am\u00e9rica Latina? - CLAM - ES","isPartOf":{"@id":"https:\/\/clam.org.br\/es\/#website"},"datePublished":"2011-01-17T02:00:00+00:00","author":{"@id":"https:\/\/clam.org.br\/es\/#\/schema\/person\/fbd9a86032bf7479f94b0ded196f1010"},"breadcrumb":{"@id":"https:\/\/clam.org.br\/es\/oferta-academica\/dossier-revista-iconos-como-se-piensa-lo-queer-en-america-latina\/34839\/#breadcrumb"},"inLanguage":"es","potentialAction":[{"@type":"ReadAction","target":["https:\/\/clam.org.br\/es\/oferta-academica\/dossier-revista-iconos-como-se-piensa-lo-queer-en-america-latina\/34839\/"]}]},{"@type":"BreadcrumbList","@id":"https:\/\/clam.org.br\/es\/oferta-academica\/dossier-revista-iconos-como-se-piensa-lo-queer-en-america-latina\/34839\/#breadcrumb","itemListElement":[{"@type":"ListItem","position":1,"name":"In\u00edcio","item":"https:\/\/clam.org.br\/es\/"},{"@type":"ListItem","position":2,"name":"Dossier revista ICONOS \u00bfC\u00f3mo se piensa lo queer en Am\u00e9rica Latina?"}]},{"@type":"WebSite","@id":"https:\/\/clam.org.br\/es\/#website","url":"https:\/\/clam.org.br\/es\/","name":"CLAM - ES","description":"S\u00f3 mais um site CLAM - Centro Latino-Americano em Sexualidade e Direitos Humanos sites","potentialAction":[{"@type":"SearchAction","target":{"@type":"EntryPoint","urlTemplate":"https:\/\/clam.org.br\/es\/?s={search_term_string}"},"query-input":{"@type":"PropertyValueSpecification","valueRequired":true,"valueName":"search_term_string"}}],"inLanguage":"es"},{"@type":"Person","@id":"https:\/\/clam.org.br\/es\/#\/schema\/person\/fbd9a86032bf7479f94b0ded196f1010","name":"fw2","image":{"@type":"ImageObject","inLanguage":"es","@id":"https:\/\/clam.org.br\/es\/#\/schema\/person\/image\/","url":"https:\/\/secure.gravatar.com\/avatar\/c38472c0cdbde82d9b6fcc26adb3779d?s=96&d=mm&r=g","contentUrl":"https:\/\/secure.gravatar.com\/avatar\/c38472c0cdbde82d9b6fcc26adb3779d?s=96&d=mm&r=g","caption":"fw2"},"sameAs":["https:\/\/clam.fw2web.com.br"],"url":"https:\/\/clam.org.br\/es\/author\/fw2\/"}]}},"jetpack_featured_media_url":"","jetpack_sharing_enabled":true,"_links":{"self":[{"href":"https:\/\/clam.org.br\/es\/wp-json\/wp\/v2\/posts\/34839","targetHints":{"allow":["GET"]}}],"collection":[{"href":"https:\/\/clam.org.br\/es\/wp-json\/wp\/v2\/posts"}],"about":[{"href":"https:\/\/clam.org.br\/es\/wp-json\/wp\/v2\/types\/post"}],"author":[{"embeddable":true,"href":"https:\/\/clam.org.br\/es\/wp-json\/wp\/v2\/users\/1"}],"replies":[{"embeddable":true,"href":"https:\/\/clam.org.br\/es\/wp-json\/wp\/v2\/comments?post=34839"}],"version-history":[{"count":0,"href":"https:\/\/clam.org.br\/es\/wp-json\/wp\/v2\/posts\/34839\/revisions"}],"wp:attachment":[{"href":"https:\/\/clam.org.br\/es\/wp-json\/wp\/v2\/media?parent=34839"}],"wp:term":[{"taxonomy":"category","embeddable":true,"href":"https:\/\/clam.org.br\/es\/wp-json\/wp\/v2\/categories?post=34839"},{"taxonomy":"post_tag","embeddable":true,"href":"https:\/\/clam.org.br\/es\/wp-json\/wp\/v2\/tags?post=34839"}],"curies":[{"name":"wp","href":"https:\/\/api.w.org\/{rel}","templated":true}]}}