{"id":34843,"date":"2011-01-31T00:00:00","date_gmt":"2011-01-31T02:00:00","guid":{"rendered":"https:\/\/clam.fw2web.com.br\/es\/2011\/01\/31\/trabajos-para-la-ram-2011\/"},"modified":"2011-01-31T00:00:00","modified_gmt":"2011-01-31T02:00:00","slug":"trabajos-para-la-ram-2011","status":"publish","type":"post","link":"https:\/\/clam.org.br\/es\/oferta-academica\/trabajos-para-la-ram-2011\/34843\/","title":{"rendered":"Trabajos para la RAM 2011"},"content":{"rendered":"<p>A IX Reuni\u00e3o de Antropologia do Mercosul (RAM) 2011, que ser\u00e1 sediada na Universidade Federal do Paran\u00e1 entre os dias 10 e 13 de julho, est\u00e1 com inscri\u00e7\u00f5es abertas para envio de propostas de trabalho.<BR> <BR> Ser\u00e3o 70 Grupos de Trabalho (GT) nos quais ser\u00e3o discutidos, entre outros temas, sexualidade, feminismo, aborto e masculinidade. A data limite para o envio das propostas \u00e9 03\/03\/2011.<BR>  <P>Clique <U><a href=\"http:\/\/www.ram2011.org\/\" target=\"_blank\" rel=\"noopener\">aqui<\/A><\/U> para mais informa\u00e7\u00f5es.<BR>  <P><B>GT02 &#8211; Aborto: pr\u00e1ticas, discursos e significados<\/B>  <P>Rozeli Maria Porto (UFRN)<BR> Flavia de Mattos Motta (UDESC)<BR> Susana Rostagnol (Universidad de la Rep\u00fablica &#8211; Uruguay)<BR>  <P>O aborto, tema cuja discuss\u00e3o envolve aspectos \u00e9ticos, jur\u00eddicos, morais e religiosos, ocupa, neste momento, posi\u00e7\u00e3o de destaque nas agendas pol\u00edticas dos pa\u00edses do MERCOSUL. Na academia, o tema tem sido objeto de investiga\u00e7\u00e3o de v\u00e1rios campos disciplinares, notadamente nos estudos contempor\u00e2neos sobre rela\u00e7\u00f5es de g\u00eanero e feminismo. A antropologia tem abordado a tem\u00e1tica do aborto desde m\u00faltiplas dimens\u00f5es. Nosso objetivo \u00e9 propor uma agenda de discuss\u00e3o sobre aborto, considerando os avan\u00e7os e os desafios a serem enfrentados, articulando dimens\u00f5es do fen\u00f4meno nos mais diversos eixos tem\u00e1ticos: sa\u00fade e direitos reprodutivos; Tecnologias Reprodutivas; Aspectos jur\u00eddicos, religiosos e bio\u00e9ticos, campo pol\u00edtico, viol\u00eancia sexual, anomalias graves, perspectivas masculinas, estado laico.<BR>  <P><B>GT08 &#8211; Antropologia das Emo\u00e7\u00f5es<\/B>  <P>Rachel Aisengart Menezes (UFRJ)<BR> Mar\u00eda Epele (UBA)<BR>  <P>O GT visa desenvolver distintas abordagens sobre as emo\u00e7\u00f5es, como tema de estudos antropol\u00f3gicos. Recentemente o tema vem se consolidando como \u00e1rea aut\u00f4noma de investiga\u00e7\u00e3o e elabora\u00e7\u00e3o te\u00f3rica, uma vez que a dimens\u00e3o emotiva \u00e9 tida como esfera central da vida dos sujeitos e da estrutura que rege o funcionamento das institui\u00e7\u00f5es. A proposta objetiva debater a emo\u00e7\u00e3o como objeto antropol\u00f3gico, enfocando: 1. a articula\u00e7\u00e3o entre corpo e emo\u00e7\u00e3o no adoecimento e na produ\u00e7\u00e3o de saberes sobre a doen\u00e7a; 2. as formas e significados de cuidado, e seus v\u00ednculos com as mudan\u00e7as das emo\u00e7\u00f5es; 3. os nexos entre corpo e sensorialidade; 4. o papel da politiza\u00e7\u00e3o das emo\u00e7\u00f5es em processos micro ou macrossociais, no que tange \u00e0 proposi\u00e7\u00e3o e implementa\u00e7\u00e3o de pol\u00edticas e a\u00e7\u00f5es p\u00fablicas; 5. os nexos entre emo\u00e7\u00f5es e as pr\u00e1ticas que modelam as subjetividades (esportes, lazer, artes).<BR>  <P><B>GT17 &#8211; Antropologia e Pol\u00edticas Globais: Perspectivas Transnacionais sobre a Desigualdade<\/B>  <P>Ondina Fachel Leal (UFRGS)<BR> Javier Taks (Universidad de la Rep\u00fablica Uruguay)<BR> Jo\u00e3o Rickli (University Amsterdam)<BR>  <P>A discuss\u00e3o aqui proposta sobre Antropologia e pol\u00edticas globais se centrar\u00e1 em tr\u00eas eixos tem\u00e1ticos: (1) Ag\u00eancias internacionais e agendas de desenvolvimento; (2) Regime Global de Propriedade Intelectual: Movimentos Sociais e Propostas Alternativas; (3) Regime de Globais e Mudan\u00e7a Clim\u00e1tica e Desenvolvimento Sustent\u00e1vel. Este GT busca agregar trabalhos e constituir uma discuss\u00e3o antropol\u00f3gica que aborde o papel de ag\u00eancias multilaterais (tais como OMC, OMS, Banco Mundial, Fundo Global) na formula\u00e7\u00e3o de regimes jur\u00eddicos e diretrizes pol\u00edticas globais e transnacionais; e o papel de agencias ou funda\u00e7\u00f5es filantr\u00f3picas privadas com atua\u00e7\u00e3o internacional e a rede de ONGs que se constituem em torno destas. O objetivo \u00e9 o de problematizar os modos como diferentes organiza\u00e7\u00f5es enfrentam os dilemas e assimetrias inerentes \u00e0s rela\u00e7\u00f5es constitu\u00eddas nesta arena. Assim, queremos investigar como as desigualdades expressas em dicotomias tais como Norte\/Sul, desenvolvido\/em desenvolvimento e global\/local s\u00e3o reproduzidas e\/ou combatidas.<BR>  <P><B>GT28 &#8211; Desejos que Confrontam &#8211; Antropologia e sexualidades dissidentes<\/B>  <P>Jorge Leite Junior (UFSCAR)<BR> Mauricio List Reyes (Universidad Aut\u00f3noma de Puebla)<BR> Camilo Albuquerque de Braz (UFG)<BR>  <P>O objetivo deste GT \u00e9 apresentar um panorama de pesquisas s\u00f3cio-antropol\u00f3gicas desenvolvidas no \u00e2mbito do Mercosul sobre g\u00eanero e sexualidade, que auxiliem na problematiza\u00e7\u00e3o do termo dissid\u00eancia. Nosso interesse \u00e9 ressaltar tanto a abrang\u00eancia de reflex\u00f5es te\u00f3ricas e interpretativas quanto a especificidade e riqueza de investiga\u00e7\u00f5es etnogr\u00e1ficas. Desejos e pr\u00e1ticas sexuais consideradas &ldquo;perversas&rdquo; ou &ldquo;paraf\u00edlicas&rdquo;; corpos que questionam ou transgridem a dicotomia natureza\/cultura; jogos de poder que dialogam, instituem ou mant\u00e9m hierarquias entre sexos e g\u00eaneros fazem parte da presente proposta, dando continuidade \u00e0s reflex\u00f5es estabelecidas nas \u00faltimas edi\u00e7\u00f5es da RAM acerca de corpos, desejos e prazeres potencialmente lim\u00edtrofes ou fronteiri\u00e7os.<BR>  <P><B>GT32 &#8211; Diversidades del Desarrollo<\/B>  <P>Noelia Carrasco Henr\u00edquez (Universidad de Concepci\u00f3n &#8211; Chile)<BR> Juan Carlos Gimeno Martin (Universidad Aut\u00f3noma de Madrid)<BR>  <P>En los \u00faltimos a\u00f1os, los aportes de la investigaci\u00f3n y el trabajo antropol\u00f3gico en el campo del desarrollo han tenido un importante despliegue. Tanto los proyectos de investigaci\u00f3n disciplinaria o interdisciplinaria como el trabajo profesional de los antrop\u00f3logos en organismos p\u00fablicos y privados del desarrollo, est\u00e1n generando una gama de reflexiones que permiten sostener que el principal problema en la actualidad no es \u00fanicamente la identificaci\u00f3n y promoci\u00f3n de distintas formas de comprender y vivir el desarrollo. El debate actual parece m\u00e1s bien apuntar a conocer y abordar las maneras en que las distintas expresiones o versiones del desarrollo se comunican e interact\u00faan entre si, con todos los desaf\u00edos metodol\u00f3gicos, te\u00f3ricos y \u00e9tico &ndash; pol\u00edticos que ello implica.<BR>  <P><B>GT34 &#8211; Educa\u00e7\u00e3o das Rela\u00e7\u00f5es \u00c9tnicorraciais no Brasil e na \u00c1frica: Desafios Contempor\u00e2neos<\/B>  <P>Jamisse Uilson Taimo (Minist\u00e9rio da Ci\u00eancia e Tecnologia de Mo\u00e7ambique)<BR> Paulo Alberto dos Santos Vieira (UFMT)<BR> Priscila Martins Medeiros (UFMT)<BR>  <P>A altera\u00e7\u00e3o da LDB proporcionada pelas Leis 10.639\/03 e 11.645\/08 traz para o centro do debate educacional aspectos relevantes que pouca aten\u00e7\u00e3o t\u00eam recebido. A obrigatoriedade do ensino de hist\u00f3ria e cultura afro-brasileira, africana e dos povos ind\u00edgenas, possibilita a amplia\u00e7\u00e3o do escopo da educa\u00e7\u00e3o em todos os n\u00edveis. Define configura\u00e7\u00f5es no que se refere \u00e0s rela\u00e7\u00f5es que se estabelecem entre educa\u00e7\u00e3o, ra\u00e7a, etnia e na\u00e7\u00e3o. Presente desde as primeiras formula\u00e7\u00f5es de um sistema de educa\u00e7\u00e3o nacional, a sociedade brasileira fez uma op\u00e7\u00e3o expl\u00edcita entre as vari\u00e1veis mencionadas. Nesta formata\u00e7\u00e3o, a \u00c1frica foi constru\u00edda como um continente distante e todas as etnias foram &ldquo;reduzidas&rdquo; a um s\u00f3 termo &ndash; negro. Propomos abrigar trabalhos que se dediquem ao estudo da educa\u00e7\u00e3o das rela\u00e7\u00f5es \u00e9tnicorraciais e como tal angula\u00e7\u00e3o reverbera nas forma\u00e7\u00f5es nacionais, no Brasil ou em \u00c1frica.<BR>  <P><B>GT45 &#8211; Mercado del sexo, masculinidades y feminismos<\/B>  <P>Larissa Pel\u00facio (UNESP)<BR> Jorge Pavez Ojeda (Universidad Cat\u00f3lica del Norte)<BR> Jos\u00e9 Miguel Nieto Olivar (UNICAMP)<BR>  <P>O desafio desta proposta est\u00e1 em trazer para o debate temas relacionados, mas que nem sempre s\u00e3o tratados como tal, buscando-se ampliar a pr\u00f3pria defini\u00e7\u00e3o de mercado do sexo, incluindo nele homens, travestis, transexuais, mulheres, tratados tanto como prestadores de servi\u00e7os como consumidores, e entrela\u00e7ar a essa leitura os distintos olhares te\u00f3ricos que os estudos feministas (em suas diferentes vertentes) e os estudo de g\u00e9nero t\u00eam lan\u00e7ado para este terreno. Pensar o fluxo de pessoas, informa\u00e7\u00f5es, dinheiro e afetos pelos distintos espa\u00e7os de comercializa\u00e7\u00e3o de desejos (em espa\u00e7os on e off-line) requer refinamento conceitual sobre g\u00eanero, sexualidades, masculinidades, prostitui\u00e7\u00e3o, constitui\u00e7\u00e3o de rela\u00e7\u00f5es, fluxos territoriais, modos de produ\u00e7\u00e3o econ\u00f4mica e consumo. Exige, ainda, que se problematize as distintas abordagens te\u00f3ricas, destacando-se as provenientes dos estudos feministas, que v\u00eam se debru\u00e7ando sobre as rela\u00e7\u00f5es entre sujeitos nesse concorrido e complexo mercado.<BR>  <P><B>GT54 &#8211; Pol\u00edtica e Cultura: identidade e diversidade na Am\u00e9rica Latina<\/B>  <P>Antonio Albino Canelas Rubim (UFBA)<BR> Jos\u00e9 Marcio Barros (UEMG)<BR> Rubens Bayardo (Universidade San Martin)<BR>  <P>O objetivo do Grupo de Trabalho \u00e9 abrigar pesquisas e reflex\u00f5es, a partir de uma perspectiva interdisciplinar, sobre as pol\u00edticas culturais e seu papel no desenvolvimento da diversidade nas sociedades contempor\u00e2neas. As discuss\u00f5es envolvem a presen\u00e7a do Estado na formula\u00e7\u00e3o e execu\u00e7\u00e3o destas pol\u00edticas e a rela\u00e7\u00e3o com a sociedade civil e os movimentos sociais, bem como suas interfaces com o mercado de bens simb\u00f3licos, o processo de mundializa\u00e7\u00e3o cultural, as pol\u00edticas de identidade e as rela\u00e7\u00f5es entre diversidade cultural, desigualdade e desenvolvimento. O objetivo do Grupo de Trabalho n\u00e3o \u00e9 apenas dar visibilidade \u00e0s pesquisas, mas possibilitar a elabora\u00e7\u00e3o de quadros conceituais, de pesquisas comparadas, de projetos coordenados entre institui\u00e7\u00f5es dos pa\u00edses do MERCOSUL e outros pa\u00edses, bem como fornecer subs\u00eddios para os formuladores de pol\u00edticas p\u00fablicas de cultura.<\/P><\/p>\n","protected":false},"excerpt":{"rendered":"<p>La IX Reuni\u00f3n de Antropolog\u00eda del Mercosur (RAM) 2011, se realizar\u00e1 del 10 al 13 de julio en la Universidad Federal de Paran\u00e1. Las propuestas de trabajo ser\u00e1n recibidas hasta el d\u00eda 3 de marzo. (Texto en portugu\u00e9s)<\/p>\n","protected":false},"author":1,"featured_media":0,"comment_status":"open","ping_status":"open","sticky":false,"template":"","format":"standard","meta":{"_acf_changed":false,"site-sidebar-layout":"default","site-content-layout":"default","ast-global-header-display":"","ast-main-header-display":"","ast-hfb-above-header-display":"","ast-hfb-below-header-display":"","ast-hfb-mobile-header-display":"","site-post-title":"","ast-breadcrumbs-content":"","ast-featured-img":"","footer-sml-layout":"","theme-transparent-header-meta":"","adv-header-id-meta":"","stick-header-meta":"","header-above-stick-meta":"","header-main-stick-meta":"","header-below-stick-meta":"","_jetpack_memberships_contains_paid_content":false,"footnotes":""},"categories":[26],"tags":[],"class_list":["post-34843","post","type-post","status-publish","format-standard","hentry","category-oferta-academica"],"acf":[],"yoast_head":"<!-- This site is optimized with the Yoast SEO plugin v26.1.1 - https:\/\/yoast.com\/wordpress\/plugins\/seo\/ -->\n<title>Trabajos para la RAM 2011 - CLAM - ES<\/title>\n<meta name=\"robots\" content=\"index, follow, max-snippet:-1, max-image-preview:large, max-video-preview:-1\" \/>\n<link rel=\"canonical\" href=\"https:\/\/clam.org.br\/es\/oferta-academica\/trabajos-para-la-ram-2011\/34843\/\" \/>\n<meta property=\"og:locale\" content=\"es_ES\" \/>\n<meta property=\"og:type\" content=\"article\" \/>\n<meta property=\"og:title\" content=\"Trabajos para la RAM 2011 - CLAM - ES\" \/>\n<meta property=\"og:description\" content=\"La IX Reuni\u00f3n de Antropolog\u00eda del Mercosur (RAM) 2011, se realizar\u00e1 del 10 al 13 de julio en la Universidad Federal de Paran\u00e1. Las propuestas de trabajo ser\u00e1n recibidas hasta el d\u00eda 3 de marzo. (Texto en portugu\u00e9s)\" \/>\n<meta property=\"og:url\" content=\"https:\/\/clam.org.br\/es\/oferta-academica\/trabajos-para-la-ram-2011\/34843\/\" \/>\n<meta property=\"og:site_name\" content=\"CLAM - ES\" \/>\n<meta property=\"article:published_time\" content=\"2011-01-31T02:00:00+00:00\" \/>\n<meta name=\"author\" content=\"fw2\" \/>\n<meta name=\"twitter:card\" content=\"summary_large_image\" \/>\n<meta name=\"twitter:label1\" content=\"Escrito por\" \/>\n\t<meta name=\"twitter:data1\" content=\"fw2\" \/>\n\t<meta name=\"twitter:label2\" content=\"Tiempo de lectura\" \/>\n\t<meta name=\"twitter:data2\" content=\"7 minutos\" \/>\n<script type=\"application\/ld+json\" class=\"yoast-schema-graph\">{\"@context\":\"https:\/\/schema.org\",\"@graph\":[{\"@type\":\"WebPage\",\"@id\":\"https:\/\/clam.org.br\/es\/oferta-academica\/trabajos-para-la-ram-2011\/34843\/\",\"url\":\"https:\/\/clam.org.br\/es\/oferta-academica\/trabajos-para-la-ram-2011\/34843\/\",\"name\":\"Trabajos para la RAM 2011 - CLAM - ES\",\"isPartOf\":{\"@id\":\"https:\/\/clam.org.br\/es\/#website\"},\"datePublished\":\"2011-01-31T02:00:00+00:00\",\"author\":{\"@id\":\"https:\/\/clam.org.br\/es\/#\/schema\/person\/fbd9a86032bf7479f94b0ded196f1010\"},\"breadcrumb\":{\"@id\":\"https:\/\/clam.org.br\/es\/oferta-academica\/trabajos-para-la-ram-2011\/34843\/#breadcrumb\"},\"inLanguage\":\"es\",\"potentialAction\":[{\"@type\":\"ReadAction\",\"target\":[\"https:\/\/clam.org.br\/es\/oferta-academica\/trabajos-para-la-ram-2011\/34843\/\"]}]},{\"@type\":\"BreadcrumbList\",\"@id\":\"https:\/\/clam.org.br\/es\/oferta-academica\/trabajos-para-la-ram-2011\/34843\/#breadcrumb\",\"itemListElement\":[{\"@type\":\"ListItem\",\"position\":1,\"name\":\"In\u00edcio\",\"item\":\"https:\/\/clam.org.br\/es\/\"},{\"@type\":\"ListItem\",\"position\":2,\"name\":\"Trabajos para la RAM 2011\"}]},{\"@type\":\"WebSite\",\"@id\":\"https:\/\/clam.org.br\/es\/#website\",\"url\":\"https:\/\/clam.org.br\/es\/\",\"name\":\"CLAM - ES\",\"description\":\"S\u00f3 mais um site CLAM - Centro Latino-Americano em Sexualidade e Direitos Humanos sites\",\"potentialAction\":[{\"@type\":\"SearchAction\",\"target\":{\"@type\":\"EntryPoint\",\"urlTemplate\":\"https:\/\/clam.org.br\/es\/?s={search_term_string}\"},\"query-input\":{\"@type\":\"PropertyValueSpecification\",\"valueRequired\":true,\"valueName\":\"search_term_string\"}}],\"inLanguage\":\"es\"},{\"@type\":\"Person\",\"@id\":\"https:\/\/clam.org.br\/es\/#\/schema\/person\/fbd9a86032bf7479f94b0ded196f1010\",\"name\":\"fw2\",\"image\":{\"@type\":\"ImageObject\",\"inLanguage\":\"es\",\"@id\":\"https:\/\/clam.org.br\/es\/#\/schema\/person\/image\/\",\"url\":\"https:\/\/secure.gravatar.com\/avatar\/c38472c0cdbde82d9b6fcc26adb3779d?s=96&d=mm&r=g\",\"contentUrl\":\"https:\/\/secure.gravatar.com\/avatar\/c38472c0cdbde82d9b6fcc26adb3779d?s=96&d=mm&r=g\",\"caption\":\"fw2\"},\"sameAs\":[\"https:\/\/clam.fw2web.com.br\"],\"url\":\"https:\/\/clam.org.br\/es\/author\/fw2\/\"}]}<\/script>\n<!-- \/ Yoast SEO plugin. -->","yoast_head_json":{"title":"Trabajos para la RAM 2011 - CLAM - ES","robots":{"index":"index","follow":"follow","max-snippet":"max-snippet:-1","max-image-preview":"max-image-preview:large","max-video-preview":"max-video-preview:-1"},"canonical":"https:\/\/clam.org.br\/es\/oferta-academica\/trabajos-para-la-ram-2011\/34843\/","og_locale":"es_ES","og_type":"article","og_title":"Trabajos para la RAM 2011 - CLAM - ES","og_description":"La IX Reuni\u00f3n de Antropolog\u00eda del Mercosur (RAM) 2011, se realizar\u00e1 del 10 al 13 de julio en la Universidad Federal de Paran\u00e1. Las propuestas de trabajo ser\u00e1n recibidas hasta el d\u00eda 3 de marzo. (Texto en portugu\u00e9s)","og_url":"https:\/\/clam.org.br\/es\/oferta-academica\/trabajos-para-la-ram-2011\/34843\/","og_site_name":"CLAM - ES","article_published_time":"2011-01-31T02:00:00+00:00","author":"fw2","twitter_card":"summary_large_image","twitter_misc":{"Escrito por":"fw2","Tiempo de lectura":"7 minutos"},"schema":{"@context":"https:\/\/schema.org","@graph":[{"@type":"WebPage","@id":"https:\/\/clam.org.br\/es\/oferta-academica\/trabajos-para-la-ram-2011\/34843\/","url":"https:\/\/clam.org.br\/es\/oferta-academica\/trabajos-para-la-ram-2011\/34843\/","name":"Trabajos para la RAM 2011 - CLAM - ES","isPartOf":{"@id":"https:\/\/clam.org.br\/es\/#website"},"datePublished":"2011-01-31T02:00:00+00:00","author":{"@id":"https:\/\/clam.org.br\/es\/#\/schema\/person\/fbd9a86032bf7479f94b0ded196f1010"},"breadcrumb":{"@id":"https:\/\/clam.org.br\/es\/oferta-academica\/trabajos-para-la-ram-2011\/34843\/#breadcrumb"},"inLanguage":"es","potentialAction":[{"@type":"ReadAction","target":["https:\/\/clam.org.br\/es\/oferta-academica\/trabajos-para-la-ram-2011\/34843\/"]}]},{"@type":"BreadcrumbList","@id":"https:\/\/clam.org.br\/es\/oferta-academica\/trabajos-para-la-ram-2011\/34843\/#breadcrumb","itemListElement":[{"@type":"ListItem","position":1,"name":"In\u00edcio","item":"https:\/\/clam.org.br\/es\/"},{"@type":"ListItem","position":2,"name":"Trabajos para la RAM 2011"}]},{"@type":"WebSite","@id":"https:\/\/clam.org.br\/es\/#website","url":"https:\/\/clam.org.br\/es\/","name":"CLAM - ES","description":"S\u00f3 mais um site CLAM - Centro Latino-Americano em Sexualidade e Direitos Humanos sites","potentialAction":[{"@type":"SearchAction","target":{"@type":"EntryPoint","urlTemplate":"https:\/\/clam.org.br\/es\/?s={search_term_string}"},"query-input":{"@type":"PropertyValueSpecification","valueRequired":true,"valueName":"search_term_string"}}],"inLanguage":"es"},{"@type":"Person","@id":"https:\/\/clam.org.br\/es\/#\/schema\/person\/fbd9a86032bf7479f94b0ded196f1010","name":"fw2","image":{"@type":"ImageObject","inLanguage":"es","@id":"https:\/\/clam.org.br\/es\/#\/schema\/person\/image\/","url":"https:\/\/secure.gravatar.com\/avatar\/c38472c0cdbde82d9b6fcc26adb3779d?s=96&d=mm&r=g","contentUrl":"https:\/\/secure.gravatar.com\/avatar\/c38472c0cdbde82d9b6fcc26adb3779d?s=96&d=mm&r=g","caption":"fw2"},"sameAs":["https:\/\/clam.fw2web.com.br"],"url":"https:\/\/clam.org.br\/es\/author\/fw2\/"}]}},"jetpack_featured_media_url":"","jetpack_sharing_enabled":true,"_links":{"self":[{"href":"https:\/\/clam.org.br\/es\/wp-json\/wp\/v2\/posts\/34843","targetHints":{"allow":["GET"]}}],"collection":[{"href":"https:\/\/clam.org.br\/es\/wp-json\/wp\/v2\/posts"}],"about":[{"href":"https:\/\/clam.org.br\/es\/wp-json\/wp\/v2\/types\/post"}],"author":[{"embeddable":true,"href":"https:\/\/clam.org.br\/es\/wp-json\/wp\/v2\/users\/1"}],"replies":[{"embeddable":true,"href":"https:\/\/clam.org.br\/es\/wp-json\/wp\/v2\/comments?post=34843"}],"version-history":[{"count":0,"href":"https:\/\/clam.org.br\/es\/wp-json\/wp\/v2\/posts\/34843\/revisions"}],"wp:attachment":[{"href":"https:\/\/clam.org.br\/es\/wp-json\/wp\/v2\/media?parent=34843"}],"wp:term":[{"taxonomy":"category","embeddable":true,"href":"https:\/\/clam.org.br\/es\/wp-json\/wp\/v2\/categories?post=34843"},{"taxonomy":"post_tag","embeddable":true,"href":"https:\/\/clam.org.br\/es\/wp-json\/wp\/v2\/tags?post=34843"}],"curies":[{"name":"wp","href":"https:\/\/api.w.org\/{rel}","templated":true}]}}