{"id":34855,"date":"2011-03-01T00:00:00","date_gmt":"2011-03-01T03:00:00","guid":{"rendered":"https:\/\/clam.fw2web.com.br\/es\/2011\/03\/01\/seminario-cuerpo-infancia-voz\/"},"modified":"2011-03-01T00:00:00","modified_gmt":"2011-03-01T03:00:00","slug":"seminario-cuerpo-infancia-voz","status":"publish","type":"post","link":"https:\/\/clam.org.br\/es\/oferta-academica\/seminario-cuerpo-infancia-voz\/34855\/","title":{"rendered":"Seminario: Cuerpo, infancia, voz"},"content":{"rendered":"<p><P>El Instituto Interdisciplinario de Estudios de G\u00e9nero de la Facultad de Filosof\u00eda y Humanidades de la UBA invita al Seminario &ldquo;Cuerpo, infancia, voz&rdquo; dictado por el Dr. Juan Carlos Gorlier. El curso tendr\u00e1 lugar a partir del 5 de abril en la sede del Instituto, Pu\u00e1n 480, Ciudad de Buenos Aires.<\/P> <P>Inicio: 5 de abril<BR> Finaliza: 21 de junio<BR> D\u00edas y horarios: martes de 11 a 14 hs<BR> Aula: 15 del 5to. piso<BR> M\u00e1s informaci\u00f3n: iiege@filo.uba.ar <P>CUERPO, INFANCIA, VOZ<BR> Juan Carlos Gorlier*  <P>a. Fundamentos y objetivosA partir del &ldquo;giro del lenguaje&rdquo; en las ciencias sociales y las humanidades, han comenzado a desdibujarse las fronteras que separaban los \u00e1mbitos de la filosof\u00eda, la ling\u00fc\u00edstica, el psicoan\u00e1lisis, la antropolog\u00eda, la cr\u00edtica literaria y la teor\u00eda del arte, entre otros. Este proceso tiene por epicentro la producci\u00f3n de un grupo de autores y autoras franceses, durante las d\u00e9cadas del 60 y el 70, pero se extiende hasta la actualidad. Se trata de un n\u00famero considerable de textos heterog\u00e9neos, dif\u00edciles de rotular. Sin embargo, es posible vislumbrar la presencia de algunas estrategias recurrentes, entre ellas: el uso del estructuralismo (Saussure) contra la fenomenolog\u00eda (Husserl); la influencia de los &ldquo;maestros de la sospecha&rdquo; (Marx, Nietzsche, Freud) en la cr\u00edtica al humanismo; y la gravitaci\u00f3n de la filosof\u00eda de Heidegger en la deconstrucci\u00f3n de la metaf\u00edsica de la presencia. A estas estrategias se agrega la aparici\u00f3n de nuevos estilos de escritura que cuestionan los c\u00e1nones establecidos, especialmente la distinci\u00f3n entre obra acad\u00e9mica y ensayo literario.El curso tiene por objetivo familiarizar a las\/os participantes con las principales ideas fuerza de este campo interdisciplinario todav\u00eda en gestaci\u00f3n, usando como hilo conductor tres n\u00facleos tem\u00e1ticos: cuerpo, infancia y voz. La Primera Unidad est\u00e1 dirigida a introducir a los\/as participantes a un repertorio relativamente amplio de abordajes a la problem\u00e1tica del cuerpo. Durante la \u00faltima d\u00e9cada de su vida, bajo la influencia del Heidegger de Ser y tiempo (1927), Merleau-Ponty comienza a tomar distancia de los supuestos fenomenol\u00f3gicos contenidos en su Fenomenolog\u00eda de la percepci\u00f3n (1945). Como resultado de ello elabora, entre otros trabajos, Lo visible y lo invisible (Merleau Ponty, 1964), uno de los textos claves de esta Primera Unidad. En este texto exploramos las nociones de percepci\u00f3n, visi\u00f3n y reversibilidad que conducen a la formulaci\u00f3n, un tanto enigm\u00e1tica, de la idea de &ldquo;carne&rdquo;, que inmediatamente se erige en un punto de referencia obligado para los autores enrolados en diversas corrientes &ldquo;post-fenomenol\u00f3gicas&rdquo; y &ldquo;post-estructuralistas&rdquo;. En esta Unidad tambi\u00e9n mostramos c\u00f3mo hay autores que, mucho m\u00e1s marcados por la influencia de Nietzsche, ensayan otras estrategias para distanciarse de la fenomenolog\u00eda de Husserl y el estructuralismo de Saussure. Tal el caso de la noci\u00f3n de &ldquo;cuerpo sin \u00f3rganos&rdquo; en Deleuze &ndash; Guattari (1980). Concluimos esta Primera Unidad con el an\u00e1lisis de un texto extra\u00eddo de una de las obras m\u00e1s importantes y recientes de Alain Badiou (2006). Usando como hilo conductor la idea seg\u00fan la cual &ldquo;un acontecimiento irrumpe a trav\u00e9s de un cuerpo&rdquo;, los\/as participantes en el seminario podr\u00e1n incorporar varias nociones claves para introducirse al pensamiento de este autor. En la Segunda Unidad seleccionamos un repertorio de contribuciones sobre la problem\u00e1tica de la infancia que &ldquo;dialogan&rdquo;, de maneras complejas y heterog\u00e9neas, con las principales proposiciones de Tres ensayos sobre una teor\u00eda sexual (Freud, 1905) y El estadio del espejo\u2026 Lacan, 1949), dos textos fundamentales de la tradici\u00f3n psicoanal\u00edtica. En esta Segunda Unidad usamos como hilo conductor la idea seg\u00fan la cual la &ldquo;infancia&rdquo; no es tanto la primera fase del desarrollo individual sino m\u00e1s bien un estrato fundamental del psiquismo, que no se abandona ni supera nunca. Un estrato en el cual el psiquismo est\u00e1 inerme y expuesto &ldquo;prematuramente&rdquo; a lo real, sin tener a su disposici\u00f3n los medios para significarlo. Comparamos aqu\u00ed las contribuciones de Merleau-Ponty (1975), Lyotard (1991) y Deleuze-Guattari (1980). Asimismo, suministramos una gu\u00eda de lectura para el uso de los conceptos acu\u00f1ados por estos autores a algunos textos autobiogr\u00e1ficos sobre recuerdos de infancia de Silvina Ocampo (Ocampo, 1994). Por \u00faltimo en la Tercera Unidad abordamos la problem\u00e1tica de la voz. Aqu\u00ed el hilo conductor lo suministra la cr\u00edtica &ldquo;deconstructiva&rdquo; de las nociones de signo (Saussure) y de intencionalidad (Husserl) realizada por Derrida (1967). Como se sabe, las contribuciones realizadas por este autor durante la d\u00e9cada de los sesenta y los setenta ejercieron una influencia decisiva para el advenimiento del pos-estructuralismo franc\u00e9s. Asimismo, en esta Tercera Unidad, usando como trasfondo la noci\u00f3n psicoanal\u00edtica de &ldquo;atenci\u00f3n flotante&rdquo; (Freud, 1912) analizamos las contribuciones de Barthes (1977) y Nancy (2002) a la escucha de la voz. A trav\u00e9s de este an\u00e1lisis, los\/as participantes podr\u00e1n rastrear la presencia activa en estos dos autores de algunas intuiciones acu\u00f1adas por Merleau-Ponty en la d\u00e9cada de los sesenta. En efecto, la voz puede abordarse como un fen\u00f3meno singular donde el sonido material y el sentido inmaterial se unen, sin fusionarse.  <P>b. Contenidos <P>Unidad 1. CuerpoCarne (Merleau-Ponty, 1964). Marionetas (Barthes, 1977). Cuerpo sin \u00f3rganos (Deleuze &ndash; Guattari, 1980). Escribir el cuerpo (Nancy, 1992). Cuerpo, sitio del acontecimiento (Badiou, 2006). <P>Unidad 2. InfanciaDevenir infante (Deleuze &ndash; Guattari, 1980). Deuda con el acontecimiento (Lyotard, 1991). Anamnesis (Lyotard, 2000). Punctum (Barthes). Relatos de infancia (Ocampo, 2006). <P>Unidad 3. VozEl grano de la voz (Barthes, 1977). Escuchar (Barthes, 1977). Voces (Lyotard, 1991). A la escucha (Nancy, 2002). Tartamudear (Deleuze, 1992). <P>*Doctor en Sociolog\u00eda, University of Massachusetts; Masters en Trabajo Social Cl\u00ednico,Boston University; Licenciado en Filosof\u00eda, Universidad del Salvador.  <P>c. Bibliograf\u00eda<\/P> <P>Los\/as participantes podr\u00e1n disponer de versiones digitalizadas de algunos textos fuentes y de una selecci\u00f3n de fragmentos traducidos al castellano.<\/P> <P>Badiou, Alain (2006). Naissance, forme, et destine des corps subjectivables. EnLogiques des mondes. Paris: Seuil: 476-497. Hay versi\u00f3n en castellano.<\/P> <P>Barthes, Roland (1977). The grain of the voice y Lesson in writing. En Image, music,text. London: Fontana. Hay versi\u00f3n en castellano.<\/P> <P>Barthes, Roland (1973). Voix. En Le plaisir du text. Paris: Seuil. Versi\u00f3n en ingl\u00e9s,1975, New York: Hill and Wang: 66-7. Hay versi\u00f3n en castellano.<\/P> <P>Barthes, Roland (1994). L&rsquo;Empire des signes. En Oeuvres completes. Tome II.1966-1973. Paris: Seuil: 744ss [1977].<\/P> <P>Barthes, Roland (1995a). Ecoute. En Oeuvres completes. Tome III. 1972-1980. Paris:Seuil: 727-736 [1977].<\/P> <P>Barthes, Roland (1995b). La chambre claire. En Oeuvres completes. Tome III.1972-1980. Paris: Seuil: 1105-1194 [1979]. Hay version en castellano.<\/P> <P>Deleuze, Gilles (1993a). B\u00e9gaya-t-il. En Critique et Clinique. Paris: Minuit: 135-143.Cr\u00edtica y cl\u00ednica, Barcelona: Anagrama, 1996.<\/P> <P>Deleuze, Gilles y Guattari, Felix (1980a). Comment se faire un corps sans organes? En Mille Plateaux. Paris: Minuit. Meseta 6. Hay versi\u00f3n en castellano.<\/P> <P>Deleuze, Gilles y Guattari, Felix (1980b). Devenir-intense, devenir-animal, devenir-imperceptible. En Mille Plateaux. Paris: Minuit. Meseta 10. Hay versi\u00f3n en castellano.<\/P> <P>Derrida, Jacques (1967). Linguistique et grammatologie. En De la grammatologie. Paris: Minuit (cap\u00edtulo 2). Hay versi\u00f3n en castellano.<\/P> <P>Dolar, Mladen (2007). Una voz y nada m\u00e1s. Buenos Aires: Manantial [2006].<\/P> <P>Kristeva, Julia (1974). La chora s\u00e9miotique: ordonnancement des pulsions. En La r\u00e9volution du langage po\u00e9tique. Paris: Editions du Seuil: 22-30. Hay versi\u00f3n en castellano.<\/P> <P>Lyotard, Jean-Fran\u00e7ois (1991). Lectures d&#8217;enfance. Paris: Galil\u00e9e. Hay versi\u00f3n en castellano: Lecturas de infancia. Buenos Aires: Eudeba (1997).<\/P> <P>Lyotard, Jean-Fran\u00e7ois (1993). Moralit\u00e9s postmodernes. Paris: Galil\u00e9e. Hay traducci\u00f3n al castellano, Editorial Tecnos, 1996.<\/P> <P>Lyotard, Jean-Fran\u00e7ois (2000). La peinture, anamn\u00e8se du visible. En Mis\u00e8re de la philosophie. Paris: Galil\u00e9e: 97-115.<\/P> <P>Merleau-Ponty, Maurice (1964). Le visible et l&rsquo;invisible. Paris: Gallimard. Hay versi\u00f3n en castellano.<\/P> <P>Merleau-Ponty, Maurice (1975). Cours de psychologie de l&rsquo;enfant: Les relations avec autrui chez l&rsquo;enfant. Paris: Centre de Documentation universitaire.Psychologie et P\u00e9dagogie de l&#8217;enfant &#8211; Cours De Sorbonne, 1949-1952. <\/P> <P>Nancy, Jean-Luc (1992). Corpus. Paris: M\u00e9tailli\u00e9. Hay traducci\u00f3n al castellano, Arena Libros, 2003.<\/P> <P>Nancy, Jean-Luc (2002). A l&rsquo;\u00e9coute. Paris: Galil\u00e9e.Ocampo, Silvina (2006). Invenciones del recuerdo. Buenos Aires: Sudamericana. <\/P> <P>d. R\u00e9gimen de acreditaci\u00f3n <\/P> <P>Asistencia al 80% de las clasesLectura de la bibliograf\u00eda para su discusi\u00f3n en cada clase.Presentaciones breves sobre textos a seleccionarAprobar una monograf\u00eda de un m\u00e1ximo de 6.000 palabras (tema a acordar con el docente)<\/P><\/p>\n","protected":false},"excerpt":{"rendered":"<p>El Instituto Interdisciplinario de Estudios de G\u00e9nero de la Facultad de Filosof\u00eda y Humanidades de la UBA invita al Seminario &ldquo;Cuerpo, infancia, voz&rdquo; dictado por el Dr. Juan Carlos Gorlier. El curso tendr\u00e1 lugar a partir del 5 de abril en la sede del Instituto, Pu\u00e1n 480, Ciudad de Buenos Aires.<\/p>\n","protected":false},"author":1,"featured_media":0,"comment_status":"open","ping_status":"open","sticky":false,"template":"","format":"standard","meta":{"_acf_changed":false,"site-sidebar-layout":"default","site-content-layout":"default","ast-global-header-display":"","ast-main-header-display":"","ast-hfb-above-header-display":"","ast-hfb-below-header-display":"","ast-hfb-mobile-header-display":"","site-post-title":"","ast-breadcrumbs-content":"","ast-featured-img":"","footer-sml-layout":"","theme-transparent-header-meta":"","adv-header-id-meta":"","stick-header-meta":"","header-above-stick-meta":"","header-main-stick-meta":"","header-below-stick-meta":"","_jetpack_memberships_contains_paid_content":false,"footnotes":""},"categories":[26],"tags":[],"class_list":["post-34855","post","type-post","status-publish","format-standard","hentry","category-oferta-academica"],"acf":[],"yoast_head":"<!-- This site is optimized with the Yoast SEO plugin v26.1.1 - https:\/\/yoast.com\/wordpress\/plugins\/seo\/ -->\n<title>Seminario: Cuerpo, infancia, voz - CLAM - ES<\/title>\n<meta name=\"robots\" content=\"index, follow, max-snippet:-1, max-image-preview:large, max-video-preview:-1\" \/>\n<link rel=\"canonical\" href=\"https:\/\/clam.org.br\/es\/oferta-academica\/seminario-cuerpo-infancia-voz\/34855\/\" \/>\n<meta property=\"og:locale\" content=\"es_ES\" \/>\n<meta property=\"og:type\" content=\"article\" \/>\n<meta property=\"og:title\" content=\"Seminario: Cuerpo, infancia, voz - CLAM - ES\" \/>\n<meta property=\"og:description\" content=\"El Instituto Interdisciplinario de Estudios de G\u00e9nero de la Facultad de Filosof\u00eda y Humanidades de la UBA invita al Seminario &ldquo;Cuerpo, infancia, voz&rdquo; dictado por el Dr. Juan Carlos Gorlier. El curso tendr\u00e1 lugar a partir del 5 de abril en la sede del Instituto, Pu\u00e1n 480, Ciudad de Buenos Aires.\" \/>\n<meta property=\"og:url\" content=\"https:\/\/clam.org.br\/es\/oferta-academica\/seminario-cuerpo-infancia-voz\/34855\/\" \/>\n<meta property=\"og:site_name\" content=\"CLAM - ES\" \/>\n<meta property=\"article:published_time\" content=\"2011-03-01T03:00:00+00:00\" \/>\n<meta name=\"author\" content=\"fw2\" \/>\n<meta name=\"twitter:card\" content=\"summary_large_image\" \/>\n<meta name=\"twitter:label1\" content=\"Escrito por\" \/>\n\t<meta name=\"twitter:data1\" content=\"fw2\" \/>\n\t<meta name=\"twitter:label2\" content=\"Tiempo de lectura\" \/>\n\t<meta name=\"twitter:data2\" content=\"7 minutos\" \/>\n<script type=\"application\/ld+json\" class=\"yoast-schema-graph\">{\"@context\":\"https:\/\/schema.org\",\"@graph\":[{\"@type\":\"WebPage\",\"@id\":\"https:\/\/clam.org.br\/es\/oferta-academica\/seminario-cuerpo-infancia-voz\/34855\/\",\"url\":\"https:\/\/clam.org.br\/es\/oferta-academica\/seminario-cuerpo-infancia-voz\/34855\/\",\"name\":\"Seminario: Cuerpo, infancia, voz - CLAM - ES\",\"isPartOf\":{\"@id\":\"https:\/\/clam.org.br\/es\/#website\"},\"datePublished\":\"2011-03-01T03:00:00+00:00\",\"author\":{\"@id\":\"https:\/\/clam.org.br\/es\/#\/schema\/person\/fbd9a86032bf7479f94b0ded196f1010\"},\"breadcrumb\":{\"@id\":\"https:\/\/clam.org.br\/es\/oferta-academica\/seminario-cuerpo-infancia-voz\/34855\/#breadcrumb\"},\"inLanguage\":\"es\",\"potentialAction\":[{\"@type\":\"ReadAction\",\"target\":[\"https:\/\/clam.org.br\/es\/oferta-academica\/seminario-cuerpo-infancia-voz\/34855\/\"]}]},{\"@type\":\"BreadcrumbList\",\"@id\":\"https:\/\/clam.org.br\/es\/oferta-academica\/seminario-cuerpo-infancia-voz\/34855\/#breadcrumb\",\"itemListElement\":[{\"@type\":\"ListItem\",\"position\":1,\"name\":\"In\u00edcio\",\"item\":\"https:\/\/clam.org.br\/es\/\"},{\"@type\":\"ListItem\",\"position\":2,\"name\":\"Seminario: Cuerpo, infancia, voz\"}]},{\"@type\":\"WebSite\",\"@id\":\"https:\/\/clam.org.br\/es\/#website\",\"url\":\"https:\/\/clam.org.br\/es\/\",\"name\":\"CLAM - ES\",\"description\":\"S\u00f3 mais um site CLAM - Centro Latino-Americano em Sexualidade e Direitos Humanos sites\",\"potentialAction\":[{\"@type\":\"SearchAction\",\"target\":{\"@type\":\"EntryPoint\",\"urlTemplate\":\"https:\/\/clam.org.br\/es\/?s={search_term_string}\"},\"query-input\":{\"@type\":\"PropertyValueSpecification\",\"valueRequired\":true,\"valueName\":\"search_term_string\"}}],\"inLanguage\":\"es\"},{\"@type\":\"Person\",\"@id\":\"https:\/\/clam.org.br\/es\/#\/schema\/person\/fbd9a86032bf7479f94b0ded196f1010\",\"name\":\"fw2\",\"image\":{\"@type\":\"ImageObject\",\"inLanguage\":\"es\",\"@id\":\"https:\/\/clam.org.br\/es\/#\/schema\/person\/image\/\",\"url\":\"https:\/\/secure.gravatar.com\/avatar\/c38472c0cdbde82d9b6fcc26adb3779d?s=96&d=mm&r=g\",\"contentUrl\":\"https:\/\/secure.gravatar.com\/avatar\/c38472c0cdbde82d9b6fcc26adb3779d?s=96&d=mm&r=g\",\"caption\":\"fw2\"},\"sameAs\":[\"https:\/\/clam.fw2web.com.br\"],\"url\":\"https:\/\/clam.org.br\/es\/author\/fw2\/\"}]}<\/script>\n<!-- \/ Yoast SEO plugin. -->","yoast_head_json":{"title":"Seminario: Cuerpo, infancia, voz - CLAM - ES","robots":{"index":"index","follow":"follow","max-snippet":"max-snippet:-1","max-image-preview":"max-image-preview:large","max-video-preview":"max-video-preview:-1"},"canonical":"https:\/\/clam.org.br\/es\/oferta-academica\/seminario-cuerpo-infancia-voz\/34855\/","og_locale":"es_ES","og_type":"article","og_title":"Seminario: Cuerpo, infancia, voz - CLAM - ES","og_description":"El Instituto Interdisciplinario de Estudios de G\u00e9nero de la Facultad de Filosof\u00eda y Humanidades de la UBA invita al Seminario &ldquo;Cuerpo, infancia, voz&rdquo; dictado por el Dr. Juan Carlos Gorlier. El curso tendr\u00e1 lugar a partir del 5 de abril en la sede del Instituto, Pu\u00e1n 480, Ciudad de Buenos Aires.","og_url":"https:\/\/clam.org.br\/es\/oferta-academica\/seminario-cuerpo-infancia-voz\/34855\/","og_site_name":"CLAM - ES","article_published_time":"2011-03-01T03:00:00+00:00","author":"fw2","twitter_card":"summary_large_image","twitter_misc":{"Escrito por":"fw2","Tiempo de lectura":"7 minutos"},"schema":{"@context":"https:\/\/schema.org","@graph":[{"@type":"WebPage","@id":"https:\/\/clam.org.br\/es\/oferta-academica\/seminario-cuerpo-infancia-voz\/34855\/","url":"https:\/\/clam.org.br\/es\/oferta-academica\/seminario-cuerpo-infancia-voz\/34855\/","name":"Seminario: Cuerpo, infancia, voz - CLAM - ES","isPartOf":{"@id":"https:\/\/clam.org.br\/es\/#website"},"datePublished":"2011-03-01T03:00:00+00:00","author":{"@id":"https:\/\/clam.org.br\/es\/#\/schema\/person\/fbd9a86032bf7479f94b0ded196f1010"},"breadcrumb":{"@id":"https:\/\/clam.org.br\/es\/oferta-academica\/seminario-cuerpo-infancia-voz\/34855\/#breadcrumb"},"inLanguage":"es","potentialAction":[{"@type":"ReadAction","target":["https:\/\/clam.org.br\/es\/oferta-academica\/seminario-cuerpo-infancia-voz\/34855\/"]}]},{"@type":"BreadcrumbList","@id":"https:\/\/clam.org.br\/es\/oferta-academica\/seminario-cuerpo-infancia-voz\/34855\/#breadcrumb","itemListElement":[{"@type":"ListItem","position":1,"name":"In\u00edcio","item":"https:\/\/clam.org.br\/es\/"},{"@type":"ListItem","position":2,"name":"Seminario: Cuerpo, infancia, voz"}]},{"@type":"WebSite","@id":"https:\/\/clam.org.br\/es\/#website","url":"https:\/\/clam.org.br\/es\/","name":"CLAM - ES","description":"S\u00f3 mais um site CLAM - Centro Latino-Americano em Sexualidade e Direitos Humanos sites","potentialAction":[{"@type":"SearchAction","target":{"@type":"EntryPoint","urlTemplate":"https:\/\/clam.org.br\/es\/?s={search_term_string}"},"query-input":{"@type":"PropertyValueSpecification","valueRequired":true,"valueName":"search_term_string"}}],"inLanguage":"es"},{"@type":"Person","@id":"https:\/\/clam.org.br\/es\/#\/schema\/person\/fbd9a86032bf7479f94b0ded196f1010","name":"fw2","image":{"@type":"ImageObject","inLanguage":"es","@id":"https:\/\/clam.org.br\/es\/#\/schema\/person\/image\/","url":"https:\/\/secure.gravatar.com\/avatar\/c38472c0cdbde82d9b6fcc26adb3779d?s=96&d=mm&r=g","contentUrl":"https:\/\/secure.gravatar.com\/avatar\/c38472c0cdbde82d9b6fcc26adb3779d?s=96&d=mm&r=g","caption":"fw2"},"sameAs":["https:\/\/clam.fw2web.com.br"],"url":"https:\/\/clam.org.br\/es\/author\/fw2\/"}]}},"jetpack_featured_media_url":"","jetpack_sharing_enabled":true,"_links":{"self":[{"href":"https:\/\/clam.org.br\/es\/wp-json\/wp\/v2\/posts\/34855","targetHints":{"allow":["GET"]}}],"collection":[{"href":"https:\/\/clam.org.br\/es\/wp-json\/wp\/v2\/posts"}],"about":[{"href":"https:\/\/clam.org.br\/es\/wp-json\/wp\/v2\/types\/post"}],"author":[{"embeddable":true,"href":"https:\/\/clam.org.br\/es\/wp-json\/wp\/v2\/users\/1"}],"replies":[{"embeddable":true,"href":"https:\/\/clam.org.br\/es\/wp-json\/wp\/v2\/comments?post=34855"}],"version-history":[{"count":0,"href":"https:\/\/clam.org.br\/es\/wp-json\/wp\/v2\/posts\/34855\/revisions"}],"wp:attachment":[{"href":"https:\/\/clam.org.br\/es\/wp-json\/wp\/v2\/media?parent=34855"}],"wp:term":[{"taxonomy":"category","embeddable":true,"href":"https:\/\/clam.org.br\/es\/wp-json\/wp\/v2\/categories?post=34855"},{"taxonomy":"post_tag","embeddable":true,"href":"https:\/\/clam.org.br\/es\/wp-json\/wp\/v2\/tags?post=34855"}],"curies":[{"name":"wp","href":"https:\/\/api.w.org\/{rel}","templated":true}]}}