{"id":34856,"date":"2011-03-01T00:00:00","date_gmt":"2011-03-01T03:00:00","guid":{"rendered":"https:\/\/clam.fw2web.com.br\/es\/2011\/03\/01\/seminario-de-postgrado-pensar-los-anos-setenta-familia-sexualidad-y-genero-en-la-argentina\/"},"modified":"2011-03-01T00:00:00","modified_gmt":"2011-03-01T03:00:00","slug":"seminario-de-postgrado-pensar-los-anos-setenta-familia-sexualidad-y-genero-en-la-argentina","status":"publish","type":"post","link":"https:\/\/clam.org.br\/es\/oferta-academica\/seminario-de-postgrado-pensar-los-anos-setenta-familia-sexualidad-y-genero-en-la-argentina\/34856\/","title":{"rendered":"Seminario de postgrado \u201cPensar los a\u00f1os setenta: familia, sexualidad y g\u00e9nero en la Argentina\u201d"},"content":{"rendered":"<p><P>La Maestr\u00eda en estudios de Familia de la UNSAM invita al Seminario de postgrado &ldquo;Pensar los a\u00f1os setenta: familia, sexualidad y g\u00e9nero en la Argentina&rdquo; a cargo de la Dra Isabella Cosse. El cursado comienza el 9 de abril y se llevar\u00e1 a cabo en Paran\u00e1 145 2\u00b0 piso, Ciudad de Buenos Aires<\/P>FECHA Y HORARIO: s\u00e1bados 9 y 30 de abril, 14 y 28 de mayo, 25 de junio y 16 y 30 de julio. <P>INFORMES E INSCRIPCION: 4372 3990 de 12 a 18 hs<BR> <A href=\"mailto:familias@unsam.edu.ar\">familias@unsam.edu.ar<\/A> <P>DIRIGIDO A: estudiantes de especializaci\u00f3n, posgrado y doctorado de carreras de Historia, Ciencias Sociales, Pol\u00edticas p\u00fablicas, Sociolog\u00eda, Ciencias Pol\u00edticas, Antropolog\u00eda y Psicolog\u00eda. <P>OBJETIVOS <P>Ofrecer un panorama organizado de los problemas y las potencialidades de una historia de la d\u00e9cada del 60, centrada en los cambios en las costumbres, las sensibilidades y la vida cotidiana. <P>Promover la discusi\u00f3n sobre la significaci\u00f3n de los a\u00f1os sesenta y los tempranos setenta, en el marco de los cambios de largo plazo en los modelos familiares, los patrones de g\u00e9nero y la moral sexual. <P>Articular los avances de investigaci\u00f3n sobre el per\u00edodo para la Argentina con las interpretaciones e insumos de investigaci\u00f3n producidos para otros pa\u00edses, en especial para Europa y Latinoam\u00e9rica. <P>CONTENIDOS <P>Unidad 1. Definir una \u00e9poca y pensarla desde Am\u00e9rica Latina y Argentina.<BR> Periodizaci\u00f3n, caracter\u00edsticas y problemas de los a\u00f1os sesenta. Las singularidades locales. La escala de la comparaci\u00f3n. Una sociedad escindida en un contexto de autoritarismo. <P>Unidad 2. Una \u00e9poca bisagra<BR> La hegemon\u00eda de la domesticidad. El familiarismo de posguerra y la reversi\u00f3n de las tendencias seculares: natalidad, nupcialidad y divorcio. Cuestionamientos: nuevas expectativas y viejas realidades. <P>Unidad 3. Brechas generacionales<BR> La noci\u00f3n de generaciones. El sistema educativo y la socializaci\u00f3n de los j\u00f3venes. Culturas e identidades juveniles. <P>Unidad 4. La dimensi\u00f3n cultural<BR> Caracter\u00edsticas de una \u00e9poca de cambio de las sensibilidades. Interconexi\u00f3n de diferentes actores culturales y escala trasnacional. <P>Unidad 5. \u00bfQu\u00e9 significa una revoluci\u00f3n sexual?<BR> Conceptualizaci\u00f3n: liberaci\u00f3n sexual versus la redefinici\u00f3n de los controles sexuales. M\u00faltiples intersecciones: sexualidad, pol\u00edtica, cultura y mercado. <P>Unidad 6. Izquierda y utop\u00edas en la vida privada<BR> Una moral militante. G\u00e9nero, equidad y liberaci\u00f3n sexual: rechazos, contradicciones y postergaciones. <P>Cierre y recapitulaci\u00f3n <P>CARGA HORARIA*: 7 reuniones de tres horas cada una.<\/P><\/p>\n","protected":false},"excerpt":{"rendered":"<p>La Maestr\u00eda en estudios de Familia de la UNSAM invita al Seminario de postgrado &ldquo;Pensar los a\u00f1os setenta: familia, sexualidad y g\u00e9nero en la Argentina&rdquo; a cargo de la Dra Isabella Cosse. El cursado comienza el 9 de abril y se llevar\u00e1 a cabo en Paran\u00e1 145 2\u00b0 piso, Ciudad de Buenos Aires<\/p>\n","protected":false},"author":1,"featured_media":0,"comment_status":"open","ping_status":"open","sticky":false,"template":"","format":"standard","meta":{"_acf_changed":false,"site-sidebar-layout":"default","site-content-layout":"default","ast-global-header-display":"","ast-main-header-display":"","ast-hfb-above-header-display":"","ast-hfb-below-header-display":"","ast-hfb-mobile-header-display":"","site-post-title":"","ast-breadcrumbs-content":"","ast-featured-img":"","footer-sml-layout":"","theme-transparent-header-meta":"","adv-header-id-meta":"","stick-header-meta":"","header-above-stick-meta":"","header-main-stick-meta":"","header-below-stick-meta":"","_jetpack_memberships_contains_paid_content":false,"footnotes":""},"categories":[26],"tags":[],"class_list":["post-34856","post","type-post","status-publish","format-standard","hentry","category-oferta-academica"],"acf":[],"yoast_head":"<!-- This site is optimized with the Yoast SEO plugin v26.1.1 - https:\/\/yoast.com\/wordpress\/plugins\/seo\/ -->\n<title>Seminario de postgrado \u201cPensar los a\u00f1os setenta: familia, sexualidad y g\u00e9nero en la Argentina\u201d - CLAM - ES<\/title>\n<meta name=\"robots\" content=\"index, follow, max-snippet:-1, max-image-preview:large, max-video-preview:-1\" \/>\n<link rel=\"canonical\" href=\"https:\/\/clam.org.br\/es\/oferta-academica\/seminario-de-postgrado-pensar-los-anos-setenta-familia-sexualidad-y-genero-en-la-argentina\/34856\/\" \/>\n<meta property=\"og:locale\" content=\"es_ES\" \/>\n<meta property=\"og:type\" content=\"article\" \/>\n<meta property=\"og:title\" content=\"Seminario de postgrado \u201cPensar los a\u00f1os setenta: familia, sexualidad y g\u00e9nero en la Argentina\u201d - CLAM - ES\" \/>\n<meta property=\"og:description\" content=\"La Maestr\u00eda en estudios de Familia de la UNSAM invita al Seminario de postgrado &ldquo;Pensar los a\u00f1os setenta: familia, sexualidad y g\u00e9nero en la Argentina&rdquo; a cargo de la Dra Isabella Cosse. El cursado comienza el 9 de abril y se llevar\u00e1 a cabo en Paran\u00e1 145 2\u00b0 piso, Ciudad de Buenos Aires\" \/>\n<meta property=\"og:url\" content=\"https:\/\/clam.org.br\/es\/oferta-academica\/seminario-de-postgrado-pensar-los-anos-setenta-familia-sexualidad-y-genero-en-la-argentina\/34856\/\" \/>\n<meta property=\"og:site_name\" content=\"CLAM - ES\" \/>\n<meta property=\"article:published_time\" content=\"2011-03-01T03:00:00+00:00\" \/>\n<meta name=\"author\" content=\"fw2\" \/>\n<meta name=\"twitter:card\" content=\"summary_large_image\" \/>\n<meta name=\"twitter:label1\" content=\"Escrito por\" \/>\n\t<meta name=\"twitter:data1\" content=\"fw2\" \/>\n\t<meta name=\"twitter:label2\" content=\"Tiempo de lectura\" \/>\n\t<meta name=\"twitter:data2\" content=\"2 minutos\" \/>\n<script type=\"application\/ld+json\" class=\"yoast-schema-graph\">{\"@context\":\"https:\/\/schema.org\",\"@graph\":[{\"@type\":\"WebPage\",\"@id\":\"https:\/\/clam.org.br\/es\/oferta-academica\/seminario-de-postgrado-pensar-los-anos-setenta-familia-sexualidad-y-genero-en-la-argentina\/34856\/\",\"url\":\"https:\/\/clam.org.br\/es\/oferta-academica\/seminario-de-postgrado-pensar-los-anos-setenta-familia-sexualidad-y-genero-en-la-argentina\/34856\/\",\"name\":\"Seminario de postgrado \u201cPensar los a\u00f1os setenta: familia, sexualidad y g\u00e9nero en la Argentina\u201d - CLAM - ES\",\"isPartOf\":{\"@id\":\"https:\/\/clam.org.br\/es\/#website\"},\"datePublished\":\"2011-03-01T03:00:00+00:00\",\"author\":{\"@id\":\"https:\/\/clam.org.br\/es\/#\/schema\/person\/fbd9a86032bf7479f94b0ded196f1010\"},\"breadcrumb\":{\"@id\":\"https:\/\/clam.org.br\/es\/oferta-academica\/seminario-de-postgrado-pensar-los-anos-setenta-familia-sexualidad-y-genero-en-la-argentina\/34856\/#breadcrumb\"},\"inLanguage\":\"es\",\"potentialAction\":[{\"@type\":\"ReadAction\",\"target\":[\"https:\/\/clam.org.br\/es\/oferta-academica\/seminario-de-postgrado-pensar-los-anos-setenta-familia-sexualidad-y-genero-en-la-argentina\/34856\/\"]}]},{\"@type\":\"BreadcrumbList\",\"@id\":\"https:\/\/clam.org.br\/es\/oferta-academica\/seminario-de-postgrado-pensar-los-anos-setenta-familia-sexualidad-y-genero-en-la-argentina\/34856\/#breadcrumb\",\"itemListElement\":[{\"@type\":\"ListItem\",\"position\":1,\"name\":\"In\u00edcio\",\"item\":\"https:\/\/clam.org.br\/es\/\"},{\"@type\":\"ListItem\",\"position\":2,\"name\":\"Seminario de postgrado \u201cPensar los a\u00f1os setenta: familia, sexualidad y g\u00e9nero en la Argentina\u201d\"}]},{\"@type\":\"WebSite\",\"@id\":\"https:\/\/clam.org.br\/es\/#website\",\"url\":\"https:\/\/clam.org.br\/es\/\",\"name\":\"CLAM - ES\",\"description\":\"S\u00f3 mais um site CLAM - Centro Latino-Americano em Sexualidade e Direitos Humanos sites\",\"potentialAction\":[{\"@type\":\"SearchAction\",\"target\":{\"@type\":\"EntryPoint\",\"urlTemplate\":\"https:\/\/clam.org.br\/es\/?s={search_term_string}\"},\"query-input\":{\"@type\":\"PropertyValueSpecification\",\"valueRequired\":true,\"valueName\":\"search_term_string\"}}],\"inLanguage\":\"es\"},{\"@type\":\"Person\",\"@id\":\"https:\/\/clam.org.br\/es\/#\/schema\/person\/fbd9a86032bf7479f94b0ded196f1010\",\"name\":\"fw2\",\"image\":{\"@type\":\"ImageObject\",\"inLanguage\":\"es\",\"@id\":\"https:\/\/clam.org.br\/es\/#\/schema\/person\/image\/\",\"url\":\"https:\/\/secure.gravatar.com\/avatar\/c38472c0cdbde82d9b6fcc26adb3779d?s=96&d=mm&r=g\",\"contentUrl\":\"https:\/\/secure.gravatar.com\/avatar\/c38472c0cdbde82d9b6fcc26adb3779d?s=96&d=mm&r=g\",\"caption\":\"fw2\"},\"sameAs\":[\"https:\/\/clam.fw2web.com.br\"],\"url\":\"https:\/\/clam.org.br\/es\/author\/fw2\/\"}]}<\/script>\n<!-- \/ Yoast SEO plugin. -->","yoast_head_json":{"title":"Seminario de postgrado \u201cPensar los a\u00f1os setenta: familia, sexualidad y g\u00e9nero en la Argentina\u201d - CLAM - ES","robots":{"index":"index","follow":"follow","max-snippet":"max-snippet:-1","max-image-preview":"max-image-preview:large","max-video-preview":"max-video-preview:-1"},"canonical":"https:\/\/clam.org.br\/es\/oferta-academica\/seminario-de-postgrado-pensar-los-anos-setenta-familia-sexualidad-y-genero-en-la-argentina\/34856\/","og_locale":"es_ES","og_type":"article","og_title":"Seminario de postgrado \u201cPensar los a\u00f1os setenta: familia, sexualidad y g\u00e9nero en la Argentina\u201d - CLAM - ES","og_description":"La Maestr\u00eda en estudios de Familia de la UNSAM invita al Seminario de postgrado &ldquo;Pensar los a\u00f1os setenta: familia, sexualidad y g\u00e9nero en la Argentina&rdquo; a cargo de la Dra Isabella Cosse. El cursado comienza el 9 de abril y se llevar\u00e1 a cabo en Paran\u00e1 145 2\u00b0 piso, Ciudad de Buenos Aires","og_url":"https:\/\/clam.org.br\/es\/oferta-academica\/seminario-de-postgrado-pensar-los-anos-setenta-familia-sexualidad-y-genero-en-la-argentina\/34856\/","og_site_name":"CLAM - ES","article_published_time":"2011-03-01T03:00:00+00:00","author":"fw2","twitter_card":"summary_large_image","twitter_misc":{"Escrito por":"fw2","Tiempo de lectura":"2 minutos"},"schema":{"@context":"https:\/\/schema.org","@graph":[{"@type":"WebPage","@id":"https:\/\/clam.org.br\/es\/oferta-academica\/seminario-de-postgrado-pensar-los-anos-setenta-familia-sexualidad-y-genero-en-la-argentina\/34856\/","url":"https:\/\/clam.org.br\/es\/oferta-academica\/seminario-de-postgrado-pensar-los-anos-setenta-familia-sexualidad-y-genero-en-la-argentina\/34856\/","name":"Seminario de postgrado \u201cPensar los a\u00f1os setenta: familia, sexualidad y g\u00e9nero en la Argentina\u201d - CLAM - ES","isPartOf":{"@id":"https:\/\/clam.org.br\/es\/#website"},"datePublished":"2011-03-01T03:00:00+00:00","author":{"@id":"https:\/\/clam.org.br\/es\/#\/schema\/person\/fbd9a86032bf7479f94b0ded196f1010"},"breadcrumb":{"@id":"https:\/\/clam.org.br\/es\/oferta-academica\/seminario-de-postgrado-pensar-los-anos-setenta-familia-sexualidad-y-genero-en-la-argentina\/34856\/#breadcrumb"},"inLanguage":"es","potentialAction":[{"@type":"ReadAction","target":["https:\/\/clam.org.br\/es\/oferta-academica\/seminario-de-postgrado-pensar-los-anos-setenta-familia-sexualidad-y-genero-en-la-argentina\/34856\/"]}]},{"@type":"BreadcrumbList","@id":"https:\/\/clam.org.br\/es\/oferta-academica\/seminario-de-postgrado-pensar-los-anos-setenta-familia-sexualidad-y-genero-en-la-argentina\/34856\/#breadcrumb","itemListElement":[{"@type":"ListItem","position":1,"name":"In\u00edcio","item":"https:\/\/clam.org.br\/es\/"},{"@type":"ListItem","position":2,"name":"Seminario de postgrado \u201cPensar los a\u00f1os setenta: familia, sexualidad y g\u00e9nero en la Argentina\u201d"}]},{"@type":"WebSite","@id":"https:\/\/clam.org.br\/es\/#website","url":"https:\/\/clam.org.br\/es\/","name":"CLAM - ES","description":"S\u00f3 mais um site CLAM - Centro Latino-Americano em Sexualidade e Direitos Humanos sites","potentialAction":[{"@type":"SearchAction","target":{"@type":"EntryPoint","urlTemplate":"https:\/\/clam.org.br\/es\/?s={search_term_string}"},"query-input":{"@type":"PropertyValueSpecification","valueRequired":true,"valueName":"search_term_string"}}],"inLanguage":"es"},{"@type":"Person","@id":"https:\/\/clam.org.br\/es\/#\/schema\/person\/fbd9a86032bf7479f94b0ded196f1010","name":"fw2","image":{"@type":"ImageObject","inLanguage":"es","@id":"https:\/\/clam.org.br\/es\/#\/schema\/person\/image\/","url":"https:\/\/secure.gravatar.com\/avatar\/c38472c0cdbde82d9b6fcc26adb3779d?s=96&d=mm&r=g","contentUrl":"https:\/\/secure.gravatar.com\/avatar\/c38472c0cdbde82d9b6fcc26adb3779d?s=96&d=mm&r=g","caption":"fw2"},"sameAs":["https:\/\/clam.fw2web.com.br"],"url":"https:\/\/clam.org.br\/es\/author\/fw2\/"}]}},"jetpack_featured_media_url":"","jetpack_sharing_enabled":true,"_links":{"self":[{"href":"https:\/\/clam.org.br\/es\/wp-json\/wp\/v2\/posts\/34856","targetHints":{"allow":["GET"]}}],"collection":[{"href":"https:\/\/clam.org.br\/es\/wp-json\/wp\/v2\/posts"}],"about":[{"href":"https:\/\/clam.org.br\/es\/wp-json\/wp\/v2\/types\/post"}],"author":[{"embeddable":true,"href":"https:\/\/clam.org.br\/es\/wp-json\/wp\/v2\/users\/1"}],"replies":[{"embeddable":true,"href":"https:\/\/clam.org.br\/es\/wp-json\/wp\/v2\/comments?post=34856"}],"version-history":[{"count":0,"href":"https:\/\/clam.org.br\/es\/wp-json\/wp\/v2\/posts\/34856\/revisions"}],"wp:attachment":[{"href":"https:\/\/clam.org.br\/es\/wp-json\/wp\/v2\/media?parent=34856"}],"wp:term":[{"taxonomy":"category","embeddable":true,"href":"https:\/\/clam.org.br\/es\/wp-json\/wp\/v2\/categories?post=34856"},{"taxonomy":"post_tag","embeddable":true,"href":"https:\/\/clam.org.br\/es\/wp-json\/wp\/v2\/tags?post=34856"}],"curies":[{"name":"wp","href":"https:\/\/api.w.org\/{rel}","templated":true}]}}