{"id":34857,"date":"2011-03-01T00:00:00","date_gmt":"2011-03-01T03:00:00","guid":{"rendered":"https:\/\/clam.fw2web.com.br\/es\/2011\/03\/01\/genero-violencia-y-naturaleza-ontologias-y-debates-contemporaneos\/"},"modified":"2011-03-01T00:00:00","modified_gmt":"2011-03-01T03:00:00","slug":"genero-violencia-y-naturaleza-ontologias-y-debates-contemporaneos","status":"publish","type":"post","link":"https:\/\/clam.org.br\/es\/oferta-academica\/genero-violencia-y-naturaleza-ontologias-y-debates-contemporaneos\/34857\/","title":{"rendered":"G\u00e9nero, violencia y naturaleza: ontolog\u00edas y debates contempor\u00e1neos"},"content":{"rendered":"<p>El Doctorado en Ciencias Sociales de la UBA invita a participar del seminario &ldquo;G\u00e9nero, violencia y naturaleza: ontolog\u00edas y debates contempor\u00e1neos&rdquo; a cargo de Daniel Jones y Sara Barro L\u00f3pez que se llevar\u00e1 a cabo en Marcelo T. de Alvear 2230, Buenos Aires, a partir del 5 de mayo. Las inscripciones comienzan el 21 de marzo. <P><B>Carga Horaria:<\/B> 32 horas (8 encuentros de 4 horas)<BR> <B>Calendario:<\/B> Mayo-Junio de 2011 (jueves y viernes de 13 a 17hs, cada 15 d\u00edas)<BR> <B>\u00c1reas tem\u00e1ticas:<\/B> Teor\u00eda social \/ Teor\u00eda pol\u00edtica \/ Estudios culturales <P>Nuestra propuesta pretende ejercitar la reflexi\u00f3n anal\u00edtica a trav\u00e9s de las expresiones culturales que dan sentido emp\u00edrico a la teorizaci\u00f3n sociol\u00f3gica y pol\u00edtica. De ah\u00ed, que nos parece oportuno no circunscribir el seminario s\u00f3lo a bibliograf\u00eda especializada, m\u00e1xime cuando muchas facetas de los procesos arriba descriptos no han sido todav\u00eda objeto de an\u00e1lisis y producci\u00f3n acad\u00e9mica. En este sentido, se tomar\u00e1n como est\u00edmulos dinamizadores de las sesiones docentes materiales &ldquo;vivos&rdquo; y &ldquo;legos&rdquo; tales como fanzines, blogs, sitios web, videos, gr\u00e1fica publicitaria, extractos f\u00edlmicos y proyectos del campo de la industria pornogr\u00e1fica, art\u00edstica y cultural, de procedencia latinoamericana y espa\u00f1ola principalmente. <P>Las inscripciones deben realizarse \u00fanicamente enviando por e-mail a inscripcionseminarios@sociales.uba.ar la Ficha de inscripci\u00f3n disponible en la p\u00e1gina web <U><a href=\"http:\/\/www.sociales.uba.ar\/\" target=\"_blank\" rel=\"noopener\">www.sociales.uba.ar<\/A><\/U>, donde tambi\u00e9n encontrar\u00e1n el cuadro arancelario.<\/P><\/p>\n","protected":false},"excerpt":{"rendered":"<p>El Doctorado en Ciencias Sociales de la UBA invita a participar del seminario &ldquo;G\u00e9nero, violencia y naturaleza: ontolog\u00edas y debates contempor\u00e1neos&rdquo; a cargo de Daniel Jones y Sara Barro L\u00f3pez que se llevar\u00e1 a cabo en Marcelo T. de Alvear 2230, Buenos Aires, a partir del 5 de mayo. Las inscripciones comienzan el 21 de marzo.<\/p>\n","protected":false},"author":1,"featured_media":0,"comment_status":"open","ping_status":"open","sticky":false,"template":"","format":"standard","meta":{"_acf_changed":false,"site-sidebar-layout":"default","site-content-layout":"default","ast-global-header-display":"","ast-main-header-display":"","ast-hfb-above-header-display":"","ast-hfb-below-header-display":"","ast-hfb-mobile-header-display":"","site-post-title":"","ast-breadcrumbs-content":"","ast-featured-img":"","footer-sml-layout":"","theme-transparent-header-meta":"","adv-header-id-meta":"","stick-header-meta":"","header-above-stick-meta":"","header-main-stick-meta":"","header-below-stick-meta":"","_jetpack_memberships_contains_paid_content":false,"footnotes":""},"categories":[26],"tags":[],"class_list":["post-34857","post","type-post","status-publish","format-standard","hentry","category-oferta-academica"],"acf":[],"yoast_head":"<!-- This site is optimized with the Yoast SEO plugin v26.1.1 - https:\/\/yoast.com\/wordpress\/plugins\/seo\/ -->\n<title>G\u00e9nero, violencia y naturaleza: ontolog\u00edas y debates contempor\u00e1neos - CLAM - ES<\/title>\n<meta name=\"robots\" content=\"index, follow, max-snippet:-1, max-image-preview:large, max-video-preview:-1\" \/>\n<link rel=\"canonical\" href=\"https:\/\/clam.org.br\/es\/oferta-academica\/genero-violencia-y-naturaleza-ontologias-y-debates-contemporaneos\/34857\/\" \/>\n<meta property=\"og:locale\" content=\"es_ES\" \/>\n<meta property=\"og:type\" content=\"article\" \/>\n<meta property=\"og:title\" content=\"G\u00e9nero, violencia y naturaleza: ontolog\u00edas y debates contempor\u00e1neos - CLAM - ES\" \/>\n<meta property=\"og:description\" content=\"El Doctorado en Ciencias Sociales de la UBA invita a participar del seminario &ldquo;G\u00e9nero, violencia y naturaleza: ontolog\u00edas y debates contempor\u00e1neos&rdquo; a cargo de Daniel Jones y Sara Barro L\u00f3pez que se llevar\u00e1 a cabo en Marcelo T. de Alvear 2230, Buenos Aires, a partir del 5 de mayo. Las inscripciones comienzan el 21 de marzo.\" \/>\n<meta property=\"og:url\" content=\"https:\/\/clam.org.br\/es\/oferta-academica\/genero-violencia-y-naturaleza-ontologias-y-debates-contemporaneos\/34857\/\" \/>\n<meta property=\"og:site_name\" content=\"CLAM - ES\" \/>\n<meta property=\"article:published_time\" content=\"2011-03-01T03:00:00+00:00\" \/>\n<meta name=\"author\" content=\"fw2\" \/>\n<meta name=\"twitter:card\" content=\"summary_large_image\" \/>\n<meta name=\"twitter:label1\" content=\"Escrito por\" \/>\n\t<meta name=\"twitter:data1\" content=\"fw2\" \/>\n\t<meta name=\"twitter:label2\" content=\"Tiempo de lectura\" \/>\n\t<meta name=\"twitter:data2\" content=\"1 minuto\" \/>\n<script type=\"application\/ld+json\" class=\"yoast-schema-graph\">{\"@context\":\"https:\/\/schema.org\",\"@graph\":[{\"@type\":\"WebPage\",\"@id\":\"https:\/\/clam.org.br\/es\/oferta-academica\/genero-violencia-y-naturaleza-ontologias-y-debates-contemporaneos\/34857\/\",\"url\":\"https:\/\/clam.org.br\/es\/oferta-academica\/genero-violencia-y-naturaleza-ontologias-y-debates-contemporaneos\/34857\/\",\"name\":\"G\u00e9nero, violencia y naturaleza: ontolog\u00edas y debates contempor\u00e1neos - CLAM - ES\",\"isPartOf\":{\"@id\":\"https:\/\/clam.org.br\/es\/#website\"},\"datePublished\":\"2011-03-01T03:00:00+00:00\",\"author\":{\"@id\":\"https:\/\/clam.org.br\/es\/#\/schema\/person\/fbd9a86032bf7479f94b0ded196f1010\"},\"breadcrumb\":{\"@id\":\"https:\/\/clam.org.br\/es\/oferta-academica\/genero-violencia-y-naturaleza-ontologias-y-debates-contemporaneos\/34857\/#breadcrumb\"},\"inLanguage\":\"es\",\"potentialAction\":[{\"@type\":\"ReadAction\",\"target\":[\"https:\/\/clam.org.br\/es\/oferta-academica\/genero-violencia-y-naturaleza-ontologias-y-debates-contemporaneos\/34857\/\"]}]},{\"@type\":\"BreadcrumbList\",\"@id\":\"https:\/\/clam.org.br\/es\/oferta-academica\/genero-violencia-y-naturaleza-ontologias-y-debates-contemporaneos\/34857\/#breadcrumb\",\"itemListElement\":[{\"@type\":\"ListItem\",\"position\":1,\"name\":\"In\u00edcio\",\"item\":\"https:\/\/clam.org.br\/es\/\"},{\"@type\":\"ListItem\",\"position\":2,\"name\":\"G\u00e9nero, violencia y naturaleza: ontolog\u00edas y debates contempor\u00e1neos\"}]},{\"@type\":\"WebSite\",\"@id\":\"https:\/\/clam.org.br\/es\/#website\",\"url\":\"https:\/\/clam.org.br\/es\/\",\"name\":\"CLAM - ES\",\"description\":\"S\u00f3 mais um site CLAM - Centro Latino-Americano em Sexualidade e Direitos Humanos sites\",\"potentialAction\":[{\"@type\":\"SearchAction\",\"target\":{\"@type\":\"EntryPoint\",\"urlTemplate\":\"https:\/\/clam.org.br\/es\/?s={search_term_string}\"},\"query-input\":{\"@type\":\"PropertyValueSpecification\",\"valueRequired\":true,\"valueName\":\"search_term_string\"}}],\"inLanguage\":\"es\"},{\"@type\":\"Person\",\"@id\":\"https:\/\/clam.org.br\/es\/#\/schema\/person\/fbd9a86032bf7479f94b0ded196f1010\",\"name\":\"fw2\",\"image\":{\"@type\":\"ImageObject\",\"inLanguage\":\"es\",\"@id\":\"https:\/\/clam.org.br\/es\/#\/schema\/person\/image\/\",\"url\":\"https:\/\/secure.gravatar.com\/avatar\/c38472c0cdbde82d9b6fcc26adb3779d?s=96&d=mm&r=g\",\"contentUrl\":\"https:\/\/secure.gravatar.com\/avatar\/c38472c0cdbde82d9b6fcc26adb3779d?s=96&d=mm&r=g\",\"caption\":\"fw2\"},\"sameAs\":[\"https:\/\/clam.fw2web.com.br\"],\"url\":\"https:\/\/clam.org.br\/es\/author\/fw2\/\"}]}<\/script>\n<!-- \/ Yoast SEO plugin. -->","yoast_head_json":{"title":"G\u00e9nero, violencia y naturaleza: ontolog\u00edas y debates contempor\u00e1neos - CLAM - ES","robots":{"index":"index","follow":"follow","max-snippet":"max-snippet:-1","max-image-preview":"max-image-preview:large","max-video-preview":"max-video-preview:-1"},"canonical":"https:\/\/clam.org.br\/es\/oferta-academica\/genero-violencia-y-naturaleza-ontologias-y-debates-contemporaneos\/34857\/","og_locale":"es_ES","og_type":"article","og_title":"G\u00e9nero, violencia y naturaleza: ontolog\u00edas y debates contempor\u00e1neos - CLAM - ES","og_description":"El Doctorado en Ciencias Sociales de la UBA invita a participar del seminario &ldquo;G\u00e9nero, violencia y naturaleza: ontolog\u00edas y debates contempor\u00e1neos&rdquo; a cargo de Daniel Jones y Sara Barro L\u00f3pez que se llevar\u00e1 a cabo en Marcelo T. de Alvear 2230, Buenos Aires, a partir del 5 de mayo. Las inscripciones comienzan el 21 de marzo.","og_url":"https:\/\/clam.org.br\/es\/oferta-academica\/genero-violencia-y-naturaleza-ontologias-y-debates-contemporaneos\/34857\/","og_site_name":"CLAM - ES","article_published_time":"2011-03-01T03:00:00+00:00","author":"fw2","twitter_card":"summary_large_image","twitter_misc":{"Escrito por":"fw2","Tiempo de lectura":"1 minuto"},"schema":{"@context":"https:\/\/schema.org","@graph":[{"@type":"WebPage","@id":"https:\/\/clam.org.br\/es\/oferta-academica\/genero-violencia-y-naturaleza-ontologias-y-debates-contemporaneos\/34857\/","url":"https:\/\/clam.org.br\/es\/oferta-academica\/genero-violencia-y-naturaleza-ontologias-y-debates-contemporaneos\/34857\/","name":"G\u00e9nero, violencia y naturaleza: ontolog\u00edas y debates contempor\u00e1neos - CLAM - ES","isPartOf":{"@id":"https:\/\/clam.org.br\/es\/#website"},"datePublished":"2011-03-01T03:00:00+00:00","author":{"@id":"https:\/\/clam.org.br\/es\/#\/schema\/person\/fbd9a86032bf7479f94b0ded196f1010"},"breadcrumb":{"@id":"https:\/\/clam.org.br\/es\/oferta-academica\/genero-violencia-y-naturaleza-ontologias-y-debates-contemporaneos\/34857\/#breadcrumb"},"inLanguage":"es","potentialAction":[{"@type":"ReadAction","target":["https:\/\/clam.org.br\/es\/oferta-academica\/genero-violencia-y-naturaleza-ontologias-y-debates-contemporaneos\/34857\/"]}]},{"@type":"BreadcrumbList","@id":"https:\/\/clam.org.br\/es\/oferta-academica\/genero-violencia-y-naturaleza-ontologias-y-debates-contemporaneos\/34857\/#breadcrumb","itemListElement":[{"@type":"ListItem","position":1,"name":"In\u00edcio","item":"https:\/\/clam.org.br\/es\/"},{"@type":"ListItem","position":2,"name":"G\u00e9nero, violencia y naturaleza: ontolog\u00edas y debates contempor\u00e1neos"}]},{"@type":"WebSite","@id":"https:\/\/clam.org.br\/es\/#website","url":"https:\/\/clam.org.br\/es\/","name":"CLAM - ES","description":"S\u00f3 mais um site CLAM - Centro Latino-Americano em Sexualidade e Direitos Humanos sites","potentialAction":[{"@type":"SearchAction","target":{"@type":"EntryPoint","urlTemplate":"https:\/\/clam.org.br\/es\/?s={search_term_string}"},"query-input":{"@type":"PropertyValueSpecification","valueRequired":true,"valueName":"search_term_string"}}],"inLanguage":"es"},{"@type":"Person","@id":"https:\/\/clam.org.br\/es\/#\/schema\/person\/fbd9a86032bf7479f94b0ded196f1010","name":"fw2","image":{"@type":"ImageObject","inLanguage":"es","@id":"https:\/\/clam.org.br\/es\/#\/schema\/person\/image\/","url":"https:\/\/secure.gravatar.com\/avatar\/c38472c0cdbde82d9b6fcc26adb3779d?s=96&d=mm&r=g","contentUrl":"https:\/\/secure.gravatar.com\/avatar\/c38472c0cdbde82d9b6fcc26adb3779d?s=96&d=mm&r=g","caption":"fw2"},"sameAs":["https:\/\/clam.fw2web.com.br"],"url":"https:\/\/clam.org.br\/es\/author\/fw2\/"}]}},"jetpack_featured_media_url":"","jetpack_sharing_enabled":true,"_links":{"self":[{"href":"https:\/\/clam.org.br\/es\/wp-json\/wp\/v2\/posts\/34857","targetHints":{"allow":["GET"]}}],"collection":[{"href":"https:\/\/clam.org.br\/es\/wp-json\/wp\/v2\/posts"}],"about":[{"href":"https:\/\/clam.org.br\/es\/wp-json\/wp\/v2\/types\/post"}],"author":[{"embeddable":true,"href":"https:\/\/clam.org.br\/es\/wp-json\/wp\/v2\/users\/1"}],"replies":[{"embeddable":true,"href":"https:\/\/clam.org.br\/es\/wp-json\/wp\/v2\/comments?post=34857"}],"version-history":[{"count":0,"href":"https:\/\/clam.org.br\/es\/wp-json\/wp\/v2\/posts\/34857\/revisions"}],"wp:attachment":[{"href":"https:\/\/clam.org.br\/es\/wp-json\/wp\/v2\/media?parent=34857"}],"wp:term":[{"taxonomy":"category","embeddable":true,"href":"https:\/\/clam.org.br\/es\/wp-json\/wp\/v2\/categories?post=34857"},{"taxonomy":"post_tag","embeddable":true,"href":"https:\/\/clam.org.br\/es\/wp-json\/wp\/v2\/tags?post=34857"}],"curies":[{"name":"wp","href":"https:\/\/api.w.org\/{rel}","templated":true}]}}