{"id":34858,"date":"2011-03-01T00:00:00","date_gmt":"2011-03-01T03:00:00","guid":{"rendered":"https:\/\/clam.fw2web.com.br\/es\/2011\/03\/01\/formacion-en-derechos-humanos-de-la-secretaria-de-derechos-humanos-de-nacion\/"},"modified":"2011-03-01T00:00:00","modified_gmt":"2011-03-01T03:00:00","slug":"formacion-en-derechos-humanos-de-la-secretaria-de-derechos-humanos-de-nacion","status":"publish","type":"post","link":"https:\/\/clam.org.br\/es\/oferta-academica\/formacion-en-derechos-humanos-de-la-secretaria-de-derechos-humanos-de-nacion\/34858\/","title":{"rendered":"Formaci\u00f3n en Derechos Humanos de la Secretar\u00eda de Derechos Humanos de Naci\u00f3n"},"content":{"rendered":"<p>La Direcci\u00f3n Nacional de Formaci\u00f3n en Derechos Humanos de la Secretar\u00eda de Derechos Humanos de Naci\u00f3n informa que est\u00e1n abiertas las pre-inscripciones a los cursos virtuales con tutor\u00eda para el primer cuatrimestre de 2011. Las mismas se realizar\u00e1n hasta el 6 de marzo exclusivamente a trav\u00e9s de su <U><a href=\"http:\/\/www.campusdh.gov.ar\/\" target=\"_blank\" rel=\"noopener\">campus virtual<\/A><\/U>  <P>Los cursos que se ofertan son:<BR>  <P>\u00b7 G\u00e9nero y Derechos Humanos<BR> \u00b7 Derechos Humanos, Igualdad y Lucha contra la Discriminaci\u00f3n<BR> \u00b7 Derechos Humanos y Gesti\u00f3n de Conflictos<BR>  <P>Los programas de los cursos se pueden consultar en el Campus, en el bot\u00f3n de &ldquo;Cursos&rdquo;, y a trav\u00e9s del enlace: <a href=\"http:\/\/campusdh.gov.ar\/mod\/resource\/view.php?id=33\" target=\"_blank\" rel=\"noopener\">http:\/\/campusdh.gov.ar\/mod\/resource\/view.php?id=33 <\/A> <P>Las capacitaciones que se ofertan son gratuitas y cuentan con certificaci\u00f3n de asistencia o aprobaci\u00f3n para las personas que cumplan con los requisitos establecidos para cada curso. Se encuentra en tr\u00e1mite la asignaci\u00f3n de cr\u00e9ditos a trav\u00e9s del Instituto Nacional de la Administraci\u00f3n P\u00fablica &ndash; INAP<BR>  <P>Podr\u00e1 acceder al <U><a href=\"http:\/\/campusdh.gov.ar\/form\/pre_inscripcion.html\" target=\"_blank\" rel=\"noopener\">Formulario de Pre-inscripci\u00f3n<\/A><\/U> <INGRESANDO&#8232;AL\">ingresando al Campus. Presionando el bot\u00f3n &ldquo;Inscripci\u00f3n&rdquo;, abrir\u00e1 una p\u00e1gina en donde encontrar\u00e1 las indicaciones para completar el procedimiento.<BR>  <P>Recomendamos especialmente leer el <a href=\"http:\/\/campusdh.gov.ar\/file.php\/1\/CampusDH_PARTICIPACION_CONDICIONES_DE_USO.pdf\" target=\"_blank\" rel=\"noopener\">&ldquo;Reglamento de Participaci\u00f3n y Condiciones de Uso del Campusdh&rdquo;<\/A>&nbsp;antes de completar y enviar el Formulario de Pre-inscripci\u00f3n.<BR>  <P>La confirmaci\u00f3n de asignaci\u00f3n de vacante al curso se realizar\u00e1 entre el 17 y el 21 de marzo, v\u00eda correo electr\u00f3nico<BR>  <P>CRONOGRAMA 1\u00b0 CONVOCATORIA 2011<BR>  <P>Pre-inscripci\u00f3n: 22\/febrero al 6\/marzo<BR>  <P>Confirmaci\u00f3n de inscripci\u00f3n: 17 al 21\/marzo<BR>  <P>Inicio de la cursada: 28\/marzo<BR>  <P>Finalizaci\u00f3n de la cursada: 17\/junio<BR>  <P>Para mayor informaci\u00f3n: campusdh@jus.gov.ar <\/P><\/p>\n","protected":false},"excerpt":{"rendered":"<p>La Direcci\u00f3n Nacional de Formaci\u00f3n en Derechos Humanos de la Secretar\u00eda de Derechos Humanos de Naci\u00f3n informa que est\u00e1n abiertas las pre-inscripciones a los cursos virtuales con tutor\u00eda para el primer cuatrimestre de 2011. Las mismas se realizar\u00e1n hasta el 6 de marzo exclusivamente a trav\u00e9s de su campus virtual<\/p>\n","protected":false},"author":1,"featured_media":0,"comment_status":"open","ping_status":"open","sticky":false,"template":"","format":"standard","meta":{"_acf_changed":false,"site-sidebar-layout":"default","site-content-layout":"default","ast-global-header-display":"","ast-main-header-display":"","ast-hfb-above-header-display":"","ast-hfb-below-header-display":"","ast-hfb-mobile-header-display":"","site-post-title":"","ast-breadcrumbs-content":"","ast-featured-img":"","footer-sml-layout":"","theme-transparent-header-meta":"","adv-header-id-meta":"","stick-header-meta":"","header-above-stick-meta":"","header-main-stick-meta":"","header-below-stick-meta":"","_jetpack_memberships_contains_paid_content":false,"footnotes":""},"categories":[26],"tags":[],"class_list":["post-34858","post","type-post","status-publish","format-standard","hentry","category-oferta-academica"],"acf":[],"yoast_head":"<!-- This site is optimized with the Yoast SEO plugin v26.1.1 - https:\/\/yoast.com\/wordpress\/plugins\/seo\/ -->\n<title>Formaci\u00f3n en Derechos Humanos de la Secretar\u00eda de Derechos Humanos de Naci\u00f3n - CLAM - ES<\/title>\n<meta name=\"robots\" content=\"index, follow, max-snippet:-1, max-image-preview:large, max-video-preview:-1\" \/>\n<link rel=\"canonical\" href=\"https:\/\/clam.org.br\/es\/oferta-academica\/formacion-en-derechos-humanos-de-la-secretaria-de-derechos-humanos-de-nacion\/34858\/\" \/>\n<meta property=\"og:locale\" content=\"es_ES\" \/>\n<meta property=\"og:type\" content=\"article\" \/>\n<meta property=\"og:title\" content=\"Formaci\u00f3n en Derechos Humanos de la Secretar\u00eda de Derechos Humanos de Naci\u00f3n - CLAM - ES\" \/>\n<meta property=\"og:description\" content=\"La Direcci\u00f3n Nacional de Formaci\u00f3n en Derechos Humanos de la Secretar\u00eda de Derechos Humanos de Naci\u00f3n informa que est\u00e1n abiertas las pre-inscripciones a los cursos virtuales con tutor\u00eda para el primer cuatrimestre de 2011. Las mismas se realizar\u00e1n hasta el 6 de marzo exclusivamente a trav\u00e9s de su campus virtual\" \/>\n<meta property=\"og:url\" content=\"https:\/\/clam.org.br\/es\/oferta-academica\/formacion-en-derechos-humanos-de-la-secretaria-de-derechos-humanos-de-nacion\/34858\/\" \/>\n<meta property=\"og:site_name\" content=\"CLAM - ES\" \/>\n<meta property=\"article:published_time\" content=\"2011-03-01T03:00:00+00:00\" \/>\n<meta name=\"author\" content=\"fw2\" \/>\n<meta name=\"twitter:card\" content=\"summary_large_image\" \/>\n<meta name=\"twitter:label1\" content=\"Escrito por\" \/>\n\t<meta name=\"twitter:data1\" content=\"fw2\" \/>\n\t<meta name=\"twitter:label2\" content=\"Tiempo de lectura\" \/>\n\t<meta name=\"twitter:data2\" content=\"1 minuto\" \/>\n<script type=\"application\/ld+json\" class=\"yoast-schema-graph\">{\"@context\":\"https:\/\/schema.org\",\"@graph\":[{\"@type\":\"WebPage\",\"@id\":\"https:\/\/clam.org.br\/es\/oferta-academica\/formacion-en-derechos-humanos-de-la-secretaria-de-derechos-humanos-de-nacion\/34858\/\",\"url\":\"https:\/\/clam.org.br\/es\/oferta-academica\/formacion-en-derechos-humanos-de-la-secretaria-de-derechos-humanos-de-nacion\/34858\/\",\"name\":\"Formaci\u00f3n en Derechos Humanos de la Secretar\u00eda de Derechos Humanos de Naci\u00f3n - CLAM - ES\",\"isPartOf\":{\"@id\":\"https:\/\/clam.org.br\/es\/#website\"},\"datePublished\":\"2011-03-01T03:00:00+00:00\",\"author\":{\"@id\":\"https:\/\/clam.org.br\/es\/#\/schema\/person\/fbd9a86032bf7479f94b0ded196f1010\"},\"breadcrumb\":{\"@id\":\"https:\/\/clam.org.br\/es\/oferta-academica\/formacion-en-derechos-humanos-de-la-secretaria-de-derechos-humanos-de-nacion\/34858\/#breadcrumb\"},\"inLanguage\":\"es\",\"potentialAction\":[{\"@type\":\"ReadAction\",\"target\":[\"https:\/\/clam.org.br\/es\/oferta-academica\/formacion-en-derechos-humanos-de-la-secretaria-de-derechos-humanos-de-nacion\/34858\/\"]}]},{\"@type\":\"BreadcrumbList\",\"@id\":\"https:\/\/clam.org.br\/es\/oferta-academica\/formacion-en-derechos-humanos-de-la-secretaria-de-derechos-humanos-de-nacion\/34858\/#breadcrumb\",\"itemListElement\":[{\"@type\":\"ListItem\",\"position\":1,\"name\":\"In\u00edcio\",\"item\":\"https:\/\/clam.org.br\/es\/\"},{\"@type\":\"ListItem\",\"position\":2,\"name\":\"Formaci\u00f3n en Derechos Humanos de la Secretar\u00eda de Derechos Humanos de Naci\u00f3n\"}]},{\"@type\":\"WebSite\",\"@id\":\"https:\/\/clam.org.br\/es\/#website\",\"url\":\"https:\/\/clam.org.br\/es\/\",\"name\":\"CLAM - ES\",\"description\":\"S\u00f3 mais um site CLAM - Centro Latino-Americano em Sexualidade e Direitos Humanos sites\",\"potentialAction\":[{\"@type\":\"SearchAction\",\"target\":{\"@type\":\"EntryPoint\",\"urlTemplate\":\"https:\/\/clam.org.br\/es\/?s={search_term_string}\"},\"query-input\":{\"@type\":\"PropertyValueSpecification\",\"valueRequired\":true,\"valueName\":\"search_term_string\"}}],\"inLanguage\":\"es\"},{\"@type\":\"Person\",\"@id\":\"https:\/\/clam.org.br\/es\/#\/schema\/person\/fbd9a86032bf7479f94b0ded196f1010\",\"name\":\"fw2\",\"image\":{\"@type\":\"ImageObject\",\"inLanguage\":\"es\",\"@id\":\"https:\/\/clam.org.br\/es\/#\/schema\/person\/image\/\",\"url\":\"https:\/\/secure.gravatar.com\/avatar\/c38472c0cdbde82d9b6fcc26adb3779d?s=96&d=mm&r=g\",\"contentUrl\":\"https:\/\/secure.gravatar.com\/avatar\/c38472c0cdbde82d9b6fcc26adb3779d?s=96&d=mm&r=g\",\"caption\":\"fw2\"},\"sameAs\":[\"https:\/\/clam.fw2web.com.br\"],\"url\":\"https:\/\/clam.org.br\/es\/author\/fw2\/\"}]}<\/script>\n<!-- \/ Yoast SEO plugin. -->","yoast_head_json":{"title":"Formaci\u00f3n en Derechos Humanos de la Secretar\u00eda de Derechos Humanos de Naci\u00f3n - CLAM - ES","robots":{"index":"index","follow":"follow","max-snippet":"max-snippet:-1","max-image-preview":"max-image-preview:large","max-video-preview":"max-video-preview:-1"},"canonical":"https:\/\/clam.org.br\/es\/oferta-academica\/formacion-en-derechos-humanos-de-la-secretaria-de-derechos-humanos-de-nacion\/34858\/","og_locale":"es_ES","og_type":"article","og_title":"Formaci\u00f3n en Derechos Humanos de la Secretar\u00eda de Derechos Humanos de Naci\u00f3n - CLAM - ES","og_description":"La Direcci\u00f3n Nacional de Formaci\u00f3n en Derechos Humanos de la Secretar\u00eda de Derechos Humanos de Naci\u00f3n informa que est\u00e1n abiertas las pre-inscripciones a los cursos virtuales con tutor\u00eda para el primer cuatrimestre de 2011. Las mismas se realizar\u00e1n hasta el 6 de marzo exclusivamente a trav\u00e9s de su campus virtual","og_url":"https:\/\/clam.org.br\/es\/oferta-academica\/formacion-en-derechos-humanos-de-la-secretaria-de-derechos-humanos-de-nacion\/34858\/","og_site_name":"CLAM - ES","article_published_time":"2011-03-01T03:00:00+00:00","author":"fw2","twitter_card":"summary_large_image","twitter_misc":{"Escrito por":"fw2","Tiempo de lectura":"1 minuto"},"schema":{"@context":"https:\/\/schema.org","@graph":[{"@type":"WebPage","@id":"https:\/\/clam.org.br\/es\/oferta-academica\/formacion-en-derechos-humanos-de-la-secretaria-de-derechos-humanos-de-nacion\/34858\/","url":"https:\/\/clam.org.br\/es\/oferta-academica\/formacion-en-derechos-humanos-de-la-secretaria-de-derechos-humanos-de-nacion\/34858\/","name":"Formaci\u00f3n en Derechos Humanos de la Secretar\u00eda de Derechos Humanos de Naci\u00f3n - CLAM - ES","isPartOf":{"@id":"https:\/\/clam.org.br\/es\/#website"},"datePublished":"2011-03-01T03:00:00+00:00","author":{"@id":"https:\/\/clam.org.br\/es\/#\/schema\/person\/fbd9a86032bf7479f94b0ded196f1010"},"breadcrumb":{"@id":"https:\/\/clam.org.br\/es\/oferta-academica\/formacion-en-derechos-humanos-de-la-secretaria-de-derechos-humanos-de-nacion\/34858\/#breadcrumb"},"inLanguage":"es","potentialAction":[{"@type":"ReadAction","target":["https:\/\/clam.org.br\/es\/oferta-academica\/formacion-en-derechos-humanos-de-la-secretaria-de-derechos-humanos-de-nacion\/34858\/"]}]},{"@type":"BreadcrumbList","@id":"https:\/\/clam.org.br\/es\/oferta-academica\/formacion-en-derechos-humanos-de-la-secretaria-de-derechos-humanos-de-nacion\/34858\/#breadcrumb","itemListElement":[{"@type":"ListItem","position":1,"name":"In\u00edcio","item":"https:\/\/clam.org.br\/es\/"},{"@type":"ListItem","position":2,"name":"Formaci\u00f3n en Derechos Humanos de la Secretar\u00eda de Derechos Humanos de Naci\u00f3n"}]},{"@type":"WebSite","@id":"https:\/\/clam.org.br\/es\/#website","url":"https:\/\/clam.org.br\/es\/","name":"CLAM - ES","description":"S\u00f3 mais um site CLAM - Centro Latino-Americano em Sexualidade e Direitos Humanos sites","potentialAction":[{"@type":"SearchAction","target":{"@type":"EntryPoint","urlTemplate":"https:\/\/clam.org.br\/es\/?s={search_term_string}"},"query-input":{"@type":"PropertyValueSpecification","valueRequired":true,"valueName":"search_term_string"}}],"inLanguage":"es"},{"@type":"Person","@id":"https:\/\/clam.org.br\/es\/#\/schema\/person\/fbd9a86032bf7479f94b0ded196f1010","name":"fw2","image":{"@type":"ImageObject","inLanguage":"es","@id":"https:\/\/clam.org.br\/es\/#\/schema\/person\/image\/","url":"https:\/\/secure.gravatar.com\/avatar\/c38472c0cdbde82d9b6fcc26adb3779d?s=96&d=mm&r=g","contentUrl":"https:\/\/secure.gravatar.com\/avatar\/c38472c0cdbde82d9b6fcc26adb3779d?s=96&d=mm&r=g","caption":"fw2"},"sameAs":["https:\/\/clam.fw2web.com.br"],"url":"https:\/\/clam.org.br\/es\/author\/fw2\/"}]}},"jetpack_featured_media_url":"","jetpack_sharing_enabled":true,"_links":{"self":[{"href":"https:\/\/clam.org.br\/es\/wp-json\/wp\/v2\/posts\/34858","targetHints":{"allow":["GET"]}}],"collection":[{"href":"https:\/\/clam.org.br\/es\/wp-json\/wp\/v2\/posts"}],"about":[{"href":"https:\/\/clam.org.br\/es\/wp-json\/wp\/v2\/types\/post"}],"author":[{"embeddable":true,"href":"https:\/\/clam.org.br\/es\/wp-json\/wp\/v2\/users\/1"}],"replies":[{"embeddable":true,"href":"https:\/\/clam.org.br\/es\/wp-json\/wp\/v2\/comments?post=34858"}],"version-history":[{"count":0,"href":"https:\/\/clam.org.br\/es\/wp-json\/wp\/v2\/posts\/34858\/revisions"}],"wp:attachment":[{"href":"https:\/\/clam.org.br\/es\/wp-json\/wp\/v2\/media?parent=34858"}],"wp:term":[{"taxonomy":"category","embeddable":true,"href":"https:\/\/clam.org.br\/es\/wp-json\/wp\/v2\/categories?post=34858"},{"taxonomy":"post_tag","embeddable":true,"href":"https:\/\/clam.org.br\/es\/wp-json\/wp\/v2\/tags?post=34858"}],"curies":[{"name":"wp","href":"https:\/\/api.w.org\/{rel}","templated":true}]}}