{"id":34958,"date":"2012-10-30T00:00:00","date_gmt":"2012-10-30T02:00:00","guid":{"rendered":"https:\/\/clam.fw2web.com.br\/es\/2012\/10\/30\/convocatoria-alas-chile-2013\/"},"modified":"2012-10-30T00:00:00","modified_gmt":"2012-10-30T02:00:00","slug":"convocatoria-alas-chile-2013","status":"publish","type":"post","link":"https:\/\/clam.org.br\/es\/oferta-academica\/convocatoria-alas-chile-2013\/34958\/","title":{"rendered":"Convocatoria ALAS Chile 2013"},"content":{"rendered":"<p>La Facultad de Ciencias Sociales &ndash; FACSO de la Universidad de Chile, la Red de Sociolog&iacute;a de las Universidades Chilenas y la Asociaci&oacute;n Latinoamericana de Sociolog&iacute;a &ndash; ALAS invitan a las personas interesadas a la presentaci&oacute;n de res&uacute;menes de trabajos para la participaci&oacute;n en el  XXIX Congreso Latinoamericano de Sociolog&iacute;a &ldquo;Crisis y emergencias sociales en Am&eacute;rica Latina&rdquo;, que se llevar&aacute; a cabo del 30 de septiembre al 4 de octubre de 2013 en Santiago de Chile.<\/p>\n<p>El evento estar&aacute; estructurado a partir de los siguientes ejes:<\/p>\n<ol>\n<li>Am&eacute;rica Latina ante la crisis de los proyectos globales<\/li>\n<li>Actores, sujetos y procesos emergentes: la interpelaci&oacute;n de lo pol&iacute;tico<\/li>\n<li>Mercantilizaci&oacute;n y politizaci&oacute;n de la naturaleza<\/li>\n<li>(In)disciplinas sociol&oacute;gicas en Am&eacute;rica Latina<\/li>\n<li>Memorias e historias en la transformaci&oacute;n de la cultura<\/li>\n<\/ol>\n<p>El env&iacute;o de res&uacute;menes podr&aacute; realizarse de noviembre de 2012 a febrero de 2013. En marzo se dar&aacute;n a conocer los res&uacute;menes aceptados y se abrir&aacute;n las inscripciones al Congreso. Las ponencias completas deber&aacute;n ser remitidas en julio.<\/p>\n<p>Para conocer la convocatoria completa, <a href=\"http:\/\/congresoalaschile.cl\/wp-content\/uploads\/2012\/04\/CONVOCATORIA_CONGRESOALAS20132.pdf\">haga clic aqu&iacute;<\/a>.<\/p>\n<p>Mayor informaci&oacute;n en el <a href=\"http:\/\/congresoalaschile.cl\">sitio web del Congreso ALAS Chile 2013<\/a>.<\/p>\n","protected":false},"excerpt":{"rendered":"<p>A partir de noviembre estar\u00e1 abierta la convocatoria para el env\u00edo de res\u00famenes de trabajos para participar en el XXIX Congreso Latinoamericano de Sociolog\u00eda \u201cCrisis y emergencias sociales en Am\u00e9rica Latina\u201d, que se llevar\u00e1 a cabo del 30 de septiembre al 4 de octubre de 2013 en Santiago de Chile.<\/p>\n","protected":false},"author":1,"featured_media":0,"comment_status":"open","ping_status":"open","sticky":false,"template":"","format":"standard","meta":{"_acf_changed":false,"site-sidebar-layout":"default","site-content-layout":"default","ast-global-header-display":"","ast-main-header-display":"","ast-hfb-above-header-display":"","ast-hfb-below-header-display":"","ast-hfb-mobile-header-display":"","site-post-title":"","ast-breadcrumbs-content":"","ast-featured-img":"","footer-sml-layout":"","theme-transparent-header-meta":"","adv-header-id-meta":"","stick-header-meta":"","header-above-stick-meta":"","header-main-stick-meta":"","header-below-stick-meta":"","_jetpack_memberships_contains_paid_content":false,"footnotes":""},"categories":[26],"tags":[],"class_list":["post-34958","post","type-post","status-publish","format-standard","hentry","category-oferta-academica"],"acf":[],"yoast_head":"<!-- This site is optimized with the Yoast SEO plugin v26.1.1 - https:\/\/yoast.com\/wordpress\/plugins\/seo\/ -->\n<title>Convocatoria ALAS Chile 2013 - CLAM - ES<\/title>\n<meta name=\"robots\" content=\"index, follow, max-snippet:-1, max-image-preview:large, max-video-preview:-1\" \/>\n<link rel=\"canonical\" href=\"https:\/\/clam.org.br\/es\/oferta-academica\/convocatoria-alas-chile-2013\/34958\/\" \/>\n<meta property=\"og:locale\" content=\"es_ES\" \/>\n<meta property=\"og:type\" content=\"article\" \/>\n<meta property=\"og:title\" content=\"Convocatoria ALAS Chile 2013 - CLAM - ES\" \/>\n<meta property=\"og:description\" content=\"A partir de noviembre estar\u00e1 abierta la convocatoria para el env\u00edo de res\u00famenes de trabajos para participar en el XXIX Congreso Latinoamericano de Sociolog\u00eda \u201cCrisis y emergencias sociales en Am\u00e9rica Latina\u201d, que se llevar\u00e1 a cabo del 30 de septiembre al 4 de octubre de 2013 en Santiago de Chile.\" \/>\n<meta property=\"og:url\" content=\"https:\/\/clam.org.br\/es\/oferta-academica\/convocatoria-alas-chile-2013\/34958\/\" \/>\n<meta property=\"og:site_name\" content=\"CLAM - ES\" \/>\n<meta property=\"article:published_time\" content=\"2012-10-30T02:00:00+00:00\" \/>\n<meta name=\"author\" content=\"fw2\" \/>\n<meta name=\"twitter:card\" content=\"summary_large_image\" \/>\n<meta name=\"twitter:label1\" content=\"Escrito por\" \/>\n\t<meta name=\"twitter:data1\" content=\"fw2\" \/>\n\t<meta name=\"twitter:label2\" content=\"Tiempo de lectura\" \/>\n\t<meta name=\"twitter:data2\" content=\"1 minuto\" \/>\n<script type=\"application\/ld+json\" class=\"yoast-schema-graph\">{\"@context\":\"https:\/\/schema.org\",\"@graph\":[{\"@type\":\"WebPage\",\"@id\":\"https:\/\/clam.org.br\/es\/oferta-academica\/convocatoria-alas-chile-2013\/34958\/\",\"url\":\"https:\/\/clam.org.br\/es\/oferta-academica\/convocatoria-alas-chile-2013\/34958\/\",\"name\":\"Convocatoria ALAS Chile 2013 - CLAM - ES\",\"isPartOf\":{\"@id\":\"https:\/\/clam.org.br\/es\/#website\"},\"datePublished\":\"2012-10-30T02:00:00+00:00\",\"author\":{\"@id\":\"https:\/\/clam.org.br\/es\/#\/schema\/person\/fbd9a86032bf7479f94b0ded196f1010\"},\"breadcrumb\":{\"@id\":\"https:\/\/clam.org.br\/es\/oferta-academica\/convocatoria-alas-chile-2013\/34958\/#breadcrumb\"},\"inLanguage\":\"es\",\"potentialAction\":[{\"@type\":\"ReadAction\",\"target\":[\"https:\/\/clam.org.br\/es\/oferta-academica\/convocatoria-alas-chile-2013\/34958\/\"]}]},{\"@type\":\"BreadcrumbList\",\"@id\":\"https:\/\/clam.org.br\/es\/oferta-academica\/convocatoria-alas-chile-2013\/34958\/#breadcrumb\",\"itemListElement\":[{\"@type\":\"ListItem\",\"position\":1,\"name\":\"In\u00edcio\",\"item\":\"https:\/\/clam.org.br\/es\/\"},{\"@type\":\"ListItem\",\"position\":2,\"name\":\"Convocatoria ALAS Chile 2013\"}]},{\"@type\":\"WebSite\",\"@id\":\"https:\/\/clam.org.br\/es\/#website\",\"url\":\"https:\/\/clam.org.br\/es\/\",\"name\":\"CLAM - ES\",\"description\":\"S\u00f3 mais um site CLAM - Centro Latino-Americano em Sexualidade e Direitos Humanos sites\",\"potentialAction\":[{\"@type\":\"SearchAction\",\"target\":{\"@type\":\"EntryPoint\",\"urlTemplate\":\"https:\/\/clam.org.br\/es\/?s={search_term_string}\"},\"query-input\":{\"@type\":\"PropertyValueSpecification\",\"valueRequired\":true,\"valueName\":\"search_term_string\"}}],\"inLanguage\":\"es\"},{\"@type\":\"Person\",\"@id\":\"https:\/\/clam.org.br\/es\/#\/schema\/person\/fbd9a86032bf7479f94b0ded196f1010\",\"name\":\"fw2\",\"image\":{\"@type\":\"ImageObject\",\"inLanguage\":\"es\",\"@id\":\"https:\/\/clam.org.br\/es\/#\/schema\/person\/image\/\",\"url\":\"https:\/\/secure.gravatar.com\/avatar\/c38472c0cdbde82d9b6fcc26adb3779d?s=96&d=mm&r=g\",\"contentUrl\":\"https:\/\/secure.gravatar.com\/avatar\/c38472c0cdbde82d9b6fcc26adb3779d?s=96&d=mm&r=g\",\"caption\":\"fw2\"},\"sameAs\":[\"https:\/\/clam.fw2web.com.br\"],\"url\":\"https:\/\/clam.org.br\/es\/author\/fw2\/\"}]}<\/script>\n<!-- \/ Yoast SEO plugin. -->","yoast_head_json":{"title":"Convocatoria ALAS Chile 2013 - CLAM - ES","robots":{"index":"index","follow":"follow","max-snippet":"max-snippet:-1","max-image-preview":"max-image-preview:large","max-video-preview":"max-video-preview:-1"},"canonical":"https:\/\/clam.org.br\/es\/oferta-academica\/convocatoria-alas-chile-2013\/34958\/","og_locale":"es_ES","og_type":"article","og_title":"Convocatoria ALAS Chile 2013 - CLAM - ES","og_description":"A partir de noviembre estar\u00e1 abierta la convocatoria para el env\u00edo de res\u00famenes de trabajos para participar en el XXIX Congreso Latinoamericano de Sociolog\u00eda \u201cCrisis y emergencias sociales en Am\u00e9rica Latina\u201d, que se llevar\u00e1 a cabo del 30 de septiembre al 4 de octubre de 2013 en Santiago de Chile.","og_url":"https:\/\/clam.org.br\/es\/oferta-academica\/convocatoria-alas-chile-2013\/34958\/","og_site_name":"CLAM - ES","article_published_time":"2012-10-30T02:00:00+00:00","author":"fw2","twitter_card":"summary_large_image","twitter_misc":{"Escrito por":"fw2","Tiempo de lectura":"1 minuto"},"schema":{"@context":"https:\/\/schema.org","@graph":[{"@type":"WebPage","@id":"https:\/\/clam.org.br\/es\/oferta-academica\/convocatoria-alas-chile-2013\/34958\/","url":"https:\/\/clam.org.br\/es\/oferta-academica\/convocatoria-alas-chile-2013\/34958\/","name":"Convocatoria ALAS Chile 2013 - CLAM - ES","isPartOf":{"@id":"https:\/\/clam.org.br\/es\/#website"},"datePublished":"2012-10-30T02:00:00+00:00","author":{"@id":"https:\/\/clam.org.br\/es\/#\/schema\/person\/fbd9a86032bf7479f94b0ded196f1010"},"breadcrumb":{"@id":"https:\/\/clam.org.br\/es\/oferta-academica\/convocatoria-alas-chile-2013\/34958\/#breadcrumb"},"inLanguage":"es","potentialAction":[{"@type":"ReadAction","target":["https:\/\/clam.org.br\/es\/oferta-academica\/convocatoria-alas-chile-2013\/34958\/"]}]},{"@type":"BreadcrumbList","@id":"https:\/\/clam.org.br\/es\/oferta-academica\/convocatoria-alas-chile-2013\/34958\/#breadcrumb","itemListElement":[{"@type":"ListItem","position":1,"name":"In\u00edcio","item":"https:\/\/clam.org.br\/es\/"},{"@type":"ListItem","position":2,"name":"Convocatoria ALAS Chile 2013"}]},{"@type":"WebSite","@id":"https:\/\/clam.org.br\/es\/#website","url":"https:\/\/clam.org.br\/es\/","name":"CLAM - ES","description":"S\u00f3 mais um site CLAM - Centro Latino-Americano em Sexualidade e Direitos Humanos sites","potentialAction":[{"@type":"SearchAction","target":{"@type":"EntryPoint","urlTemplate":"https:\/\/clam.org.br\/es\/?s={search_term_string}"},"query-input":{"@type":"PropertyValueSpecification","valueRequired":true,"valueName":"search_term_string"}}],"inLanguage":"es"},{"@type":"Person","@id":"https:\/\/clam.org.br\/es\/#\/schema\/person\/fbd9a86032bf7479f94b0ded196f1010","name":"fw2","image":{"@type":"ImageObject","inLanguage":"es","@id":"https:\/\/clam.org.br\/es\/#\/schema\/person\/image\/","url":"https:\/\/secure.gravatar.com\/avatar\/c38472c0cdbde82d9b6fcc26adb3779d?s=96&d=mm&r=g","contentUrl":"https:\/\/secure.gravatar.com\/avatar\/c38472c0cdbde82d9b6fcc26adb3779d?s=96&d=mm&r=g","caption":"fw2"},"sameAs":["https:\/\/clam.fw2web.com.br"],"url":"https:\/\/clam.org.br\/es\/author\/fw2\/"}]}},"jetpack_featured_media_url":"","jetpack_sharing_enabled":true,"_links":{"self":[{"href":"https:\/\/clam.org.br\/es\/wp-json\/wp\/v2\/posts\/34958","targetHints":{"allow":["GET"]}}],"collection":[{"href":"https:\/\/clam.org.br\/es\/wp-json\/wp\/v2\/posts"}],"about":[{"href":"https:\/\/clam.org.br\/es\/wp-json\/wp\/v2\/types\/post"}],"author":[{"embeddable":true,"href":"https:\/\/clam.org.br\/es\/wp-json\/wp\/v2\/users\/1"}],"replies":[{"embeddable":true,"href":"https:\/\/clam.org.br\/es\/wp-json\/wp\/v2\/comments?post=34958"}],"version-history":[{"count":0,"href":"https:\/\/clam.org.br\/es\/wp-json\/wp\/v2\/posts\/34958\/revisions"}],"wp:attachment":[{"href":"https:\/\/clam.org.br\/es\/wp-json\/wp\/v2\/media?parent=34958"}],"wp:term":[{"taxonomy":"category","embeddable":true,"href":"https:\/\/clam.org.br\/es\/wp-json\/wp\/v2\/categories?post=34958"},{"taxonomy":"post_tag","embeddable":true,"href":"https:\/\/clam.org.br\/es\/wp-json\/wp\/v2\/tags?post=34958"}],"curies":[{"name":"wp","href":"https:\/\/api.w.org\/{rel}","templated":true}]}}