{"id":34959,"date":"2012-11-12T00:00:00","date_gmt":"2012-11-12T02:00:00","guid":{"rendered":"https:\/\/clam.fw2web.com.br\/es\/2012\/11\/12\/coloquio-internacional-artes-emociones-y-genero\/"},"modified":"2012-11-12T00:00:00","modified_gmt":"2012-11-12T02:00:00","slug":"coloquio-internacional-artes-emociones-y-genero","status":"publish","type":"post","link":"https:\/\/clam.org.br\/es\/oferta-academica\/coloquio-internacional-artes-emociones-y-genero\/34959\/","title":{"rendered":"Coloquio Internacional Artes, Emociones y G\u00e9nero"},"content":{"rendered":"<p>El Grupo Interdisciplinario en Estudios de G&eacute;nero (GIEG) de la Escuela de Estudios de G&eacute;nero de la Universidad Nacional de Colombia y el programa ANR franc&eacute;s &ldquo;Poder del arte: experiencia est&eacute;tica, emociones, saber, comportamiento&rdquo;, convoca a las y los investigadores en ciencias sociales y humanas, a las y los fil&oacute;sofos, las y los literatos, las y los profesores y estudiantes de bellas artes y a las y los artistas en general, a intervenir como ponentes o asistentes al Coloquio Internacional: artes, emociones y g&eacute;nero (la participaci&oacute;n no tiene costo).<\/p>\n<p>El coloquio busca repensar el papel de las emociones y de los cuerpos en el proceso de creaci&oacute;n y de aprehensi&oacute;n de las obras art&iacute;sticas, cruzando vivencias, miradas, disciplinas y experiencias corporales, est&eacute;ticas e intelectuales en torno al tema del &ldquo;poder del arte&rdquo;, a partir de los siguientes ejes tem&aacute;ticos:<\/p>\n<p>1. El papel de las emociones y de los cuerpos en la creaci&oacute;n art&iacute;stica, la experiencia est&eacute;tica y de g&eacute;nero.<\/p>\n<p>2. &iquest;Podemos hablar de emociones &ldquo;generizadas&rdquo;, feministas, o m&aacute;s ampliamente de emociones pol&iacute;ticas?<\/p>\n<p>Contribuci&oacute;n de las mujeres a la exploraci&oacute;n de nuevas dimensiones de la experiencia humana o de nuevas emociones est&eacute;ticas<\/p>\n<p>4. &iquest;De qu&eacute; modo nuestra percepci&oacute;n de las relaciones de sexo o de sexualidad intervienen en la creaci&oacute;n art&iacute;stica y viceversa?<\/p>\n<p>5. Relaci&oacute;n entre las emociones del p&uacute;blico e intenci&oacute;n art&iacute;stica.<\/p>\n<p><b> Las propuestas de ponencias se presentar&aacute;n en idioma espa&ntilde;ol o franc&eacute;s (con traducci&oacute;n) y deber&aacute;n ser enviadas a m&aacute;s tardar el 15 de noviembre de 2012. <\/b><\/p>\n<p><a href=\"http:\/\/www.humanas.unal.edu.co\/sisorg3\/adjuntos\/8\/Convocatoria_Coloquio_Internacional_Artes_emociones_y_genero_EEG-ANR_2013.pdf\"> Haga clic aqu&iacute; para mayor informaci&oacute;n<\/a><\/p>\n","protected":false},"excerpt":{"rendered":"<p>El Grupo Interdisciplinario en Estudios de G\u00e9nero (GIEG) de la Escuela de Estudios de G\u00e9nero de la Universidad Nacional de Colombia y el programa ANR franc\u00e9s \u201cPoder del arte: experiencia est\u00e9tica, emociones, saber, comportamiento\u201d, convoca al Coloquio Internacional \u00abArtes, Emociones y G\u00e9nero\u00bb. Las propuestas de ponencias deber\u00e1n ser enviadas a m\u00e1s tardar el 15 de noviembre de 2012.<\/p>\n","protected":false},"author":1,"featured_media":0,"comment_status":"open","ping_status":"open","sticky":false,"template":"","format":"standard","meta":{"_acf_changed":false,"site-sidebar-layout":"default","site-content-layout":"default","ast-global-header-display":"","ast-main-header-display":"","ast-hfb-above-header-display":"","ast-hfb-below-header-display":"","ast-hfb-mobile-header-display":"","site-post-title":"","ast-breadcrumbs-content":"","ast-featured-img":"","footer-sml-layout":"","theme-transparent-header-meta":"","adv-header-id-meta":"","stick-header-meta":"","header-above-stick-meta":"","header-main-stick-meta":"","header-below-stick-meta":"","_jetpack_memberships_contains_paid_content":false,"footnotes":""},"categories":[26],"tags":[],"class_list":["post-34959","post","type-post","status-publish","format-standard","hentry","category-oferta-academica"],"acf":[],"yoast_head":"<!-- This site is optimized with the Yoast SEO plugin v26.1.1 - https:\/\/yoast.com\/wordpress\/plugins\/seo\/ -->\n<title>Coloquio Internacional Artes, Emociones y G\u00e9nero - CLAM - ES<\/title>\n<meta name=\"robots\" content=\"index, follow, max-snippet:-1, max-image-preview:large, max-video-preview:-1\" \/>\n<link rel=\"canonical\" href=\"https:\/\/clam.org.br\/es\/oferta-academica\/coloquio-internacional-artes-emociones-y-genero\/34959\/\" \/>\n<meta property=\"og:locale\" content=\"es_ES\" \/>\n<meta property=\"og:type\" content=\"article\" \/>\n<meta property=\"og:title\" content=\"Coloquio Internacional Artes, Emociones y G\u00e9nero - CLAM - ES\" \/>\n<meta property=\"og:description\" content=\"El Grupo Interdisciplinario en Estudios de G\u00e9nero (GIEG) de la Escuela de Estudios de G\u00e9nero de la Universidad Nacional de Colombia y el programa ANR franc\u00e9s \u201cPoder del arte: experiencia est\u00e9tica, emociones, saber, comportamiento\u201d, convoca al Coloquio Internacional &quot;Artes, Emociones y G\u00e9nero&quot;. Las propuestas de ponencias deber\u00e1n ser enviadas a m\u00e1s tardar el 15 de noviembre de 2012.\" \/>\n<meta property=\"og:url\" content=\"https:\/\/clam.org.br\/es\/oferta-academica\/coloquio-internacional-artes-emociones-y-genero\/34959\/\" \/>\n<meta property=\"og:site_name\" content=\"CLAM - ES\" \/>\n<meta property=\"article:published_time\" content=\"2012-11-12T02:00:00+00:00\" \/>\n<meta name=\"author\" content=\"fw2\" \/>\n<meta name=\"twitter:card\" content=\"summary_large_image\" \/>\n<meta name=\"twitter:label1\" content=\"Escrito por\" \/>\n\t<meta name=\"twitter:data1\" content=\"fw2\" \/>\n\t<meta name=\"twitter:label2\" content=\"Tiempo de lectura\" \/>\n\t<meta name=\"twitter:data2\" content=\"2 minutos\" \/>\n<script type=\"application\/ld+json\" class=\"yoast-schema-graph\">{\"@context\":\"https:\/\/schema.org\",\"@graph\":[{\"@type\":\"WebPage\",\"@id\":\"https:\/\/clam.org.br\/es\/oferta-academica\/coloquio-internacional-artes-emociones-y-genero\/34959\/\",\"url\":\"https:\/\/clam.org.br\/es\/oferta-academica\/coloquio-internacional-artes-emociones-y-genero\/34959\/\",\"name\":\"Coloquio Internacional Artes, Emociones y G\u00e9nero - CLAM - ES\",\"isPartOf\":{\"@id\":\"https:\/\/clam.org.br\/es\/#website\"},\"datePublished\":\"2012-11-12T02:00:00+00:00\",\"author\":{\"@id\":\"https:\/\/clam.org.br\/es\/#\/schema\/person\/fbd9a86032bf7479f94b0ded196f1010\"},\"breadcrumb\":{\"@id\":\"https:\/\/clam.org.br\/es\/oferta-academica\/coloquio-internacional-artes-emociones-y-genero\/34959\/#breadcrumb\"},\"inLanguage\":\"es\",\"potentialAction\":[{\"@type\":\"ReadAction\",\"target\":[\"https:\/\/clam.org.br\/es\/oferta-academica\/coloquio-internacional-artes-emociones-y-genero\/34959\/\"]}]},{\"@type\":\"BreadcrumbList\",\"@id\":\"https:\/\/clam.org.br\/es\/oferta-academica\/coloquio-internacional-artes-emociones-y-genero\/34959\/#breadcrumb\",\"itemListElement\":[{\"@type\":\"ListItem\",\"position\":1,\"name\":\"In\u00edcio\",\"item\":\"https:\/\/clam.org.br\/es\/\"},{\"@type\":\"ListItem\",\"position\":2,\"name\":\"Coloquio Internacional Artes, Emociones y G\u00e9nero\"}]},{\"@type\":\"WebSite\",\"@id\":\"https:\/\/clam.org.br\/es\/#website\",\"url\":\"https:\/\/clam.org.br\/es\/\",\"name\":\"CLAM - ES\",\"description\":\"S\u00f3 mais um site CLAM - Centro Latino-Americano em Sexualidade e Direitos Humanos sites\",\"potentialAction\":[{\"@type\":\"SearchAction\",\"target\":{\"@type\":\"EntryPoint\",\"urlTemplate\":\"https:\/\/clam.org.br\/es\/?s={search_term_string}\"},\"query-input\":{\"@type\":\"PropertyValueSpecification\",\"valueRequired\":true,\"valueName\":\"search_term_string\"}}],\"inLanguage\":\"es\"},{\"@type\":\"Person\",\"@id\":\"https:\/\/clam.org.br\/es\/#\/schema\/person\/fbd9a86032bf7479f94b0ded196f1010\",\"name\":\"fw2\",\"image\":{\"@type\":\"ImageObject\",\"inLanguage\":\"es\",\"@id\":\"https:\/\/clam.org.br\/es\/#\/schema\/person\/image\/\",\"url\":\"https:\/\/secure.gravatar.com\/avatar\/c38472c0cdbde82d9b6fcc26adb3779d?s=96&d=mm&r=g\",\"contentUrl\":\"https:\/\/secure.gravatar.com\/avatar\/c38472c0cdbde82d9b6fcc26adb3779d?s=96&d=mm&r=g\",\"caption\":\"fw2\"},\"sameAs\":[\"https:\/\/clam.fw2web.com.br\"],\"url\":\"https:\/\/clam.org.br\/es\/author\/fw2\/\"}]}<\/script>\n<!-- \/ Yoast SEO plugin. -->","yoast_head_json":{"title":"Coloquio Internacional Artes, Emociones y G\u00e9nero - CLAM - ES","robots":{"index":"index","follow":"follow","max-snippet":"max-snippet:-1","max-image-preview":"max-image-preview:large","max-video-preview":"max-video-preview:-1"},"canonical":"https:\/\/clam.org.br\/es\/oferta-academica\/coloquio-internacional-artes-emociones-y-genero\/34959\/","og_locale":"es_ES","og_type":"article","og_title":"Coloquio Internacional Artes, Emociones y G\u00e9nero - CLAM - ES","og_description":"El Grupo Interdisciplinario en Estudios de G\u00e9nero (GIEG) de la Escuela de Estudios de G\u00e9nero de la Universidad Nacional de Colombia y el programa ANR franc\u00e9s \u201cPoder del arte: experiencia est\u00e9tica, emociones, saber, comportamiento\u201d, convoca al Coloquio Internacional \"Artes, Emociones y G\u00e9nero\". Las propuestas de ponencias deber\u00e1n ser enviadas a m\u00e1s tardar el 15 de noviembre de 2012.","og_url":"https:\/\/clam.org.br\/es\/oferta-academica\/coloquio-internacional-artes-emociones-y-genero\/34959\/","og_site_name":"CLAM - ES","article_published_time":"2012-11-12T02:00:00+00:00","author":"fw2","twitter_card":"summary_large_image","twitter_misc":{"Escrito por":"fw2","Tiempo de lectura":"2 minutos"},"schema":{"@context":"https:\/\/schema.org","@graph":[{"@type":"WebPage","@id":"https:\/\/clam.org.br\/es\/oferta-academica\/coloquio-internacional-artes-emociones-y-genero\/34959\/","url":"https:\/\/clam.org.br\/es\/oferta-academica\/coloquio-internacional-artes-emociones-y-genero\/34959\/","name":"Coloquio Internacional Artes, Emociones y G\u00e9nero - CLAM - ES","isPartOf":{"@id":"https:\/\/clam.org.br\/es\/#website"},"datePublished":"2012-11-12T02:00:00+00:00","author":{"@id":"https:\/\/clam.org.br\/es\/#\/schema\/person\/fbd9a86032bf7479f94b0ded196f1010"},"breadcrumb":{"@id":"https:\/\/clam.org.br\/es\/oferta-academica\/coloquio-internacional-artes-emociones-y-genero\/34959\/#breadcrumb"},"inLanguage":"es","potentialAction":[{"@type":"ReadAction","target":["https:\/\/clam.org.br\/es\/oferta-academica\/coloquio-internacional-artes-emociones-y-genero\/34959\/"]}]},{"@type":"BreadcrumbList","@id":"https:\/\/clam.org.br\/es\/oferta-academica\/coloquio-internacional-artes-emociones-y-genero\/34959\/#breadcrumb","itemListElement":[{"@type":"ListItem","position":1,"name":"In\u00edcio","item":"https:\/\/clam.org.br\/es\/"},{"@type":"ListItem","position":2,"name":"Coloquio Internacional Artes, Emociones y G\u00e9nero"}]},{"@type":"WebSite","@id":"https:\/\/clam.org.br\/es\/#website","url":"https:\/\/clam.org.br\/es\/","name":"CLAM - ES","description":"S\u00f3 mais um site CLAM - Centro Latino-Americano em Sexualidade e Direitos Humanos sites","potentialAction":[{"@type":"SearchAction","target":{"@type":"EntryPoint","urlTemplate":"https:\/\/clam.org.br\/es\/?s={search_term_string}"},"query-input":{"@type":"PropertyValueSpecification","valueRequired":true,"valueName":"search_term_string"}}],"inLanguage":"es"},{"@type":"Person","@id":"https:\/\/clam.org.br\/es\/#\/schema\/person\/fbd9a86032bf7479f94b0ded196f1010","name":"fw2","image":{"@type":"ImageObject","inLanguage":"es","@id":"https:\/\/clam.org.br\/es\/#\/schema\/person\/image\/","url":"https:\/\/secure.gravatar.com\/avatar\/c38472c0cdbde82d9b6fcc26adb3779d?s=96&d=mm&r=g","contentUrl":"https:\/\/secure.gravatar.com\/avatar\/c38472c0cdbde82d9b6fcc26adb3779d?s=96&d=mm&r=g","caption":"fw2"},"sameAs":["https:\/\/clam.fw2web.com.br"],"url":"https:\/\/clam.org.br\/es\/author\/fw2\/"}]}},"jetpack_featured_media_url":"","jetpack_sharing_enabled":true,"_links":{"self":[{"href":"https:\/\/clam.org.br\/es\/wp-json\/wp\/v2\/posts\/34959","targetHints":{"allow":["GET"]}}],"collection":[{"href":"https:\/\/clam.org.br\/es\/wp-json\/wp\/v2\/posts"}],"about":[{"href":"https:\/\/clam.org.br\/es\/wp-json\/wp\/v2\/types\/post"}],"author":[{"embeddable":true,"href":"https:\/\/clam.org.br\/es\/wp-json\/wp\/v2\/users\/1"}],"replies":[{"embeddable":true,"href":"https:\/\/clam.org.br\/es\/wp-json\/wp\/v2\/comments?post=34959"}],"version-history":[{"count":0,"href":"https:\/\/clam.org.br\/es\/wp-json\/wp\/v2\/posts\/34959\/revisions"}],"wp:attachment":[{"href":"https:\/\/clam.org.br\/es\/wp-json\/wp\/v2\/media?parent=34959"}],"wp:term":[{"taxonomy":"category","embeddable":true,"href":"https:\/\/clam.org.br\/es\/wp-json\/wp\/v2\/categories?post=34959"},{"taxonomy":"post_tag","embeddable":true,"href":"https:\/\/clam.org.br\/es\/wp-json\/wp\/v2\/tags?post=34959"}],"curies":[{"name":"wp","href":"https:\/\/api.w.org\/{rel}","templated":true}]}}