{"id":34961,"date":"2013-01-10T00:00:00","date_gmt":"2013-01-10T02:00:00","guid":{"rendered":"https:\/\/clam.fw2web.com.br\/es\/2013\/01\/10\/debates-en-antropologia-de-la-salud-y-la-enfermedad-ram-2013\/"},"modified":"2013-01-10T00:00:00","modified_gmt":"2013-01-10T02:00:00","slug":"debates-en-antropologia-de-la-salud-y-la-enfermedad-ram-2013","status":"publish","type":"post","link":"https:\/\/clam.org.br\/es\/oferta-academica\/debates-en-antropologia-de-la-salud-y-la-enfermedad-ram-2013\/34961\/","title":{"rendered":"Debates en antropolog\u00eda de la salud y la enfermedad &#8211; RAM 2013"},"content":{"rendered":"<p>X REUNI&Oacute;N DE ANTROPOLOG&Iacute;A DE MERCOSUR, C&oacute;rdoba, 10 a 13 de Julio\/Julho de 2013 (Argentina).<\/p>\n<p><strong>Grupo de Trabajo\/Trabalho 80<br \/> Debates en antropolog&iacute;a de la salud y la enfermedad\/Debates em Antropologia da Sa&uacute;de e da Enfermidade<\/strong><\/p>\n<p>Convocatoria\/Chamada para Trabalhos &#8211; 31 de ENERO\/JANEIRO<\/p>\n<p><b>Coordinadores:<\/b><\/p>\n<p>Dra. Mar&iacute;a Laura Recoder<br \/> Direcci&oacute;n Nacional de Sida y ETS, Ministerio de Salud de la Naci&oacute;n y Programa de Antropolog&iacute;a y Salud<br \/> Facultad de Filosof&iacute;a y Letras<br \/> Universidad de Buenos Aires<br \/> laurecoder@yahoo.com.ar<\/p>\n<p>Dr. Carlos Guilherme Octaviano do Valle<br \/> Programa de P&oacute;s-Gradua&ccedil;&atilde;o em Antropologia Social<br \/> Universidade Federal do Rio Grande do Norte<br \/> cgvalle@gmail.com<\/p>\n<p><b>Comentaristas:<\/b><\/p>\n<p>Dra. Susana Margulies<br \/> Universidad de Buenos Aires (UBA)<\/p>\n<p>Dr. Octavio Bonet<br \/> IFCS\/Instituto de Filosofia e Ci&ecirc;ncias Sociais<br \/> Universidade Federal do Rio de Janeiro<\/p>\n<p>Dra. Mar&iacute;a E. Epele<br \/> Conicet\/Profesora Universidad de Buenos Aires (UBA)<\/p>\n<p>Dra. Rachel Aisengart Menezes<br \/> Instituto de Estudos em Sa&uacute;de Colectiva<br \/> Universidade Federal do Rio de Janeiro<\/p>\n<p>Este grupo de trabajo tiene como objetivo promover el conocimiento y la discusi&oacute;n cr&iacute;tica de investigaciones del campo de la Antropolog&iacute;a de la Salud. Con el reconocimiento de las diferentes especialidades dentro de esta &aacute;rea de estudios, la din&aacute;mica de este grupo de trabajo busca no s&oacute;lo el intercambio de experiencias y resultados de investigaciones sino tambi&eacute;n la discusi&oacute;n de los problemas te&oacute;rico-metodol&oacute;gicos que les sirven de fundamento. Dentro de las tem&aacute;ticas de la Antropolog&iacute;a de la Salud destacamos las siguientes: 1) pol&iacute;ticas, pr&aacute;cticas y saberes relativos a la salud, la enfermedad, la atenci&oacute;n y los cuidados, 2) antropolog&iacute;a de la medicina y de las instituciones m&eacute;dicas, 3) da&ntilde;os, malestares y padecimientos en poblaciones en condiciones de vulnerabilidad social, 4) experiencia, cuerpo y vida cotidiana con padecimientos agudos y cr&oacute;nicos, 5) tecnolog&iacute;as biom&eacute;dicas y biosociabilidades. Al integrar profesores, estudiantes de postgrado y graduados involucrados en esta tem&aacute;tica, este grupo de trabajo se propone como una oportunidad para dar continuidad y para establecer nuevos contactos entre personas, instituciones y centros universitarios que llevan a cabo investigaciones en esta &aacute;rea.<\/p>\n<p>Los res&uacute;menes deben enviarse a los correos electr&oacute;nicos de los dos coordenadores del GT:<\/p>\n<p>Carlos Guilherme Valle &#8211; <u>cgvalle@gmail.com<\/u><br \/> Laura Recoder &#8211; <u>laurecoder@yahoo.com.ar<\/u><\/p>\n","protected":false},"excerpt":{"rendered":"<p>Hasta el 31 de enero se recibir\u00e1n res\u00famenes para participar en este grupo de trabajo, coordinado por Mar\u00eda Laura Recoder (UBA) y Carlos Guilherme Octaviano do Valle (UFRGN).<\/p>\n","protected":false},"author":1,"featured_media":0,"comment_status":"open","ping_status":"open","sticky":false,"template":"","format":"standard","meta":{"_acf_changed":false,"site-sidebar-layout":"default","site-content-layout":"default","ast-global-header-display":"","ast-main-header-display":"","ast-hfb-above-header-display":"","ast-hfb-below-header-display":"","ast-hfb-mobile-header-display":"","site-post-title":"","ast-breadcrumbs-content":"","ast-featured-img":"","footer-sml-layout":"","theme-transparent-header-meta":"","adv-header-id-meta":"","stick-header-meta":"","header-above-stick-meta":"","header-main-stick-meta":"","header-below-stick-meta":"","_jetpack_memberships_contains_paid_content":false,"footnotes":""},"categories":[26],"tags":[],"class_list":["post-34961","post","type-post","status-publish","format-standard","hentry","category-oferta-academica"],"acf":[],"yoast_head":"<!-- This site is optimized with the Yoast SEO plugin v26.1.1 - https:\/\/yoast.com\/wordpress\/plugins\/seo\/ -->\n<title>Debates en antropolog\u00eda de la salud y la enfermedad - RAM 2013 - CLAM - ES<\/title>\n<meta name=\"robots\" content=\"index, follow, max-snippet:-1, max-image-preview:large, max-video-preview:-1\" \/>\n<link rel=\"canonical\" href=\"https:\/\/clam.org.br\/es\/oferta-academica\/debates-en-antropologia-de-la-salud-y-la-enfermedad-ram-2013\/34961\/\" \/>\n<meta property=\"og:locale\" content=\"es_ES\" \/>\n<meta property=\"og:type\" content=\"article\" \/>\n<meta property=\"og:title\" content=\"Debates en antropolog\u00eda de la salud y la enfermedad - RAM 2013 - CLAM - ES\" \/>\n<meta property=\"og:description\" content=\"Hasta el 31 de enero se recibir\u00e1n res\u00famenes para participar en este grupo de trabajo, coordinado por Mar\u00eda Laura Recoder (UBA) y Carlos Guilherme Octaviano do Valle (UFRGN).\" \/>\n<meta property=\"og:url\" content=\"https:\/\/clam.org.br\/es\/oferta-academica\/debates-en-antropologia-de-la-salud-y-la-enfermedad-ram-2013\/34961\/\" \/>\n<meta property=\"og:site_name\" content=\"CLAM - ES\" \/>\n<meta property=\"article:published_time\" content=\"2013-01-10T02:00:00+00:00\" \/>\n<meta name=\"author\" content=\"fw2\" \/>\n<meta name=\"twitter:card\" content=\"summary_large_image\" \/>\n<meta name=\"twitter:label1\" content=\"Escrito por\" \/>\n\t<meta name=\"twitter:data1\" content=\"fw2\" \/>\n\t<meta name=\"twitter:label2\" content=\"Tiempo de lectura\" \/>\n\t<meta name=\"twitter:data2\" content=\"2 minutos\" \/>\n<script type=\"application\/ld+json\" class=\"yoast-schema-graph\">{\"@context\":\"https:\/\/schema.org\",\"@graph\":[{\"@type\":\"WebPage\",\"@id\":\"https:\/\/clam.org.br\/es\/oferta-academica\/debates-en-antropologia-de-la-salud-y-la-enfermedad-ram-2013\/34961\/\",\"url\":\"https:\/\/clam.org.br\/es\/oferta-academica\/debates-en-antropologia-de-la-salud-y-la-enfermedad-ram-2013\/34961\/\",\"name\":\"Debates en antropolog\u00eda de la salud y la enfermedad - RAM 2013 - CLAM - ES\",\"isPartOf\":{\"@id\":\"https:\/\/clam.org.br\/es\/#website\"},\"datePublished\":\"2013-01-10T02:00:00+00:00\",\"author\":{\"@id\":\"https:\/\/clam.org.br\/es\/#\/schema\/person\/fbd9a86032bf7479f94b0ded196f1010\"},\"breadcrumb\":{\"@id\":\"https:\/\/clam.org.br\/es\/oferta-academica\/debates-en-antropologia-de-la-salud-y-la-enfermedad-ram-2013\/34961\/#breadcrumb\"},\"inLanguage\":\"es\",\"potentialAction\":[{\"@type\":\"ReadAction\",\"target\":[\"https:\/\/clam.org.br\/es\/oferta-academica\/debates-en-antropologia-de-la-salud-y-la-enfermedad-ram-2013\/34961\/\"]}]},{\"@type\":\"BreadcrumbList\",\"@id\":\"https:\/\/clam.org.br\/es\/oferta-academica\/debates-en-antropologia-de-la-salud-y-la-enfermedad-ram-2013\/34961\/#breadcrumb\",\"itemListElement\":[{\"@type\":\"ListItem\",\"position\":1,\"name\":\"In\u00edcio\",\"item\":\"https:\/\/clam.org.br\/es\/\"},{\"@type\":\"ListItem\",\"position\":2,\"name\":\"Debates en antropolog\u00eda de la salud y la enfermedad &#8211; RAM 2013\"}]},{\"@type\":\"WebSite\",\"@id\":\"https:\/\/clam.org.br\/es\/#website\",\"url\":\"https:\/\/clam.org.br\/es\/\",\"name\":\"CLAM - ES\",\"description\":\"S\u00f3 mais um site CLAM - Centro Latino-Americano em Sexualidade e Direitos Humanos sites\",\"potentialAction\":[{\"@type\":\"SearchAction\",\"target\":{\"@type\":\"EntryPoint\",\"urlTemplate\":\"https:\/\/clam.org.br\/es\/?s={search_term_string}\"},\"query-input\":{\"@type\":\"PropertyValueSpecification\",\"valueRequired\":true,\"valueName\":\"search_term_string\"}}],\"inLanguage\":\"es\"},{\"@type\":\"Person\",\"@id\":\"https:\/\/clam.org.br\/es\/#\/schema\/person\/fbd9a86032bf7479f94b0ded196f1010\",\"name\":\"fw2\",\"image\":{\"@type\":\"ImageObject\",\"inLanguage\":\"es\",\"@id\":\"https:\/\/clam.org.br\/es\/#\/schema\/person\/image\/\",\"url\":\"https:\/\/secure.gravatar.com\/avatar\/c38472c0cdbde82d9b6fcc26adb3779d?s=96&d=mm&r=g\",\"contentUrl\":\"https:\/\/secure.gravatar.com\/avatar\/c38472c0cdbde82d9b6fcc26adb3779d?s=96&d=mm&r=g\",\"caption\":\"fw2\"},\"sameAs\":[\"https:\/\/clam.fw2web.com.br\"],\"url\":\"https:\/\/clam.org.br\/es\/author\/fw2\/\"}]}<\/script>\n<!-- \/ Yoast SEO plugin. -->","yoast_head_json":{"title":"Debates en antropolog\u00eda de la salud y la enfermedad - RAM 2013 - CLAM - ES","robots":{"index":"index","follow":"follow","max-snippet":"max-snippet:-1","max-image-preview":"max-image-preview:large","max-video-preview":"max-video-preview:-1"},"canonical":"https:\/\/clam.org.br\/es\/oferta-academica\/debates-en-antropologia-de-la-salud-y-la-enfermedad-ram-2013\/34961\/","og_locale":"es_ES","og_type":"article","og_title":"Debates en antropolog\u00eda de la salud y la enfermedad - RAM 2013 - CLAM - ES","og_description":"Hasta el 31 de enero se recibir\u00e1n res\u00famenes para participar en este grupo de trabajo, coordinado por Mar\u00eda Laura Recoder (UBA) y Carlos Guilherme Octaviano do Valle (UFRGN).","og_url":"https:\/\/clam.org.br\/es\/oferta-academica\/debates-en-antropologia-de-la-salud-y-la-enfermedad-ram-2013\/34961\/","og_site_name":"CLAM - ES","article_published_time":"2013-01-10T02:00:00+00:00","author":"fw2","twitter_card":"summary_large_image","twitter_misc":{"Escrito por":"fw2","Tiempo de lectura":"2 minutos"},"schema":{"@context":"https:\/\/schema.org","@graph":[{"@type":"WebPage","@id":"https:\/\/clam.org.br\/es\/oferta-academica\/debates-en-antropologia-de-la-salud-y-la-enfermedad-ram-2013\/34961\/","url":"https:\/\/clam.org.br\/es\/oferta-academica\/debates-en-antropologia-de-la-salud-y-la-enfermedad-ram-2013\/34961\/","name":"Debates en antropolog\u00eda de la salud y la enfermedad - RAM 2013 - CLAM - ES","isPartOf":{"@id":"https:\/\/clam.org.br\/es\/#website"},"datePublished":"2013-01-10T02:00:00+00:00","author":{"@id":"https:\/\/clam.org.br\/es\/#\/schema\/person\/fbd9a86032bf7479f94b0ded196f1010"},"breadcrumb":{"@id":"https:\/\/clam.org.br\/es\/oferta-academica\/debates-en-antropologia-de-la-salud-y-la-enfermedad-ram-2013\/34961\/#breadcrumb"},"inLanguage":"es","potentialAction":[{"@type":"ReadAction","target":["https:\/\/clam.org.br\/es\/oferta-academica\/debates-en-antropologia-de-la-salud-y-la-enfermedad-ram-2013\/34961\/"]}]},{"@type":"BreadcrumbList","@id":"https:\/\/clam.org.br\/es\/oferta-academica\/debates-en-antropologia-de-la-salud-y-la-enfermedad-ram-2013\/34961\/#breadcrumb","itemListElement":[{"@type":"ListItem","position":1,"name":"In\u00edcio","item":"https:\/\/clam.org.br\/es\/"},{"@type":"ListItem","position":2,"name":"Debates en antropolog\u00eda de la salud y la enfermedad &#8211; RAM 2013"}]},{"@type":"WebSite","@id":"https:\/\/clam.org.br\/es\/#website","url":"https:\/\/clam.org.br\/es\/","name":"CLAM - ES","description":"S\u00f3 mais um site CLAM - Centro Latino-Americano em Sexualidade e Direitos Humanos sites","potentialAction":[{"@type":"SearchAction","target":{"@type":"EntryPoint","urlTemplate":"https:\/\/clam.org.br\/es\/?s={search_term_string}"},"query-input":{"@type":"PropertyValueSpecification","valueRequired":true,"valueName":"search_term_string"}}],"inLanguage":"es"},{"@type":"Person","@id":"https:\/\/clam.org.br\/es\/#\/schema\/person\/fbd9a86032bf7479f94b0ded196f1010","name":"fw2","image":{"@type":"ImageObject","inLanguage":"es","@id":"https:\/\/clam.org.br\/es\/#\/schema\/person\/image\/","url":"https:\/\/secure.gravatar.com\/avatar\/c38472c0cdbde82d9b6fcc26adb3779d?s=96&d=mm&r=g","contentUrl":"https:\/\/secure.gravatar.com\/avatar\/c38472c0cdbde82d9b6fcc26adb3779d?s=96&d=mm&r=g","caption":"fw2"},"sameAs":["https:\/\/clam.fw2web.com.br"],"url":"https:\/\/clam.org.br\/es\/author\/fw2\/"}]}},"jetpack_featured_media_url":"","jetpack_sharing_enabled":true,"_links":{"self":[{"href":"https:\/\/clam.org.br\/es\/wp-json\/wp\/v2\/posts\/34961","targetHints":{"allow":["GET"]}}],"collection":[{"href":"https:\/\/clam.org.br\/es\/wp-json\/wp\/v2\/posts"}],"about":[{"href":"https:\/\/clam.org.br\/es\/wp-json\/wp\/v2\/types\/post"}],"author":[{"embeddable":true,"href":"https:\/\/clam.org.br\/es\/wp-json\/wp\/v2\/users\/1"}],"replies":[{"embeddable":true,"href":"https:\/\/clam.org.br\/es\/wp-json\/wp\/v2\/comments?post=34961"}],"version-history":[{"count":0,"href":"https:\/\/clam.org.br\/es\/wp-json\/wp\/v2\/posts\/34961\/revisions"}],"wp:attachment":[{"href":"https:\/\/clam.org.br\/es\/wp-json\/wp\/v2\/media?parent=34961"}],"wp:term":[{"taxonomy":"category","embeddable":true,"href":"https:\/\/clam.org.br\/es\/wp-json\/wp\/v2\/categories?post=34961"},{"taxonomy":"post_tag","embeddable":true,"href":"https:\/\/clam.org.br\/es\/wp-json\/wp\/v2\/tags?post=34961"}],"curies":[{"name":"wp","href":"https:\/\/api.w.org\/{rel}","templated":true}]}}