{"id":3502,"date":"2007-10-10T00:00:00","date_gmt":"2007-10-10T03:00:00","guid":{"rendered":"https:\/\/clam.fw2web.com.br\/es\/2007\/10\/10\/mas-de-80-embarazadas-han-muerto-desde-penalizacion-del-aborto\/"},"modified":"2023-06-14T07:53:10","modified_gmt":"2023-06-14T10:53:10","slug":"mas-de-80-embarazadas-han-muerto-desde-penalizacion-del-aborto","status":"publish","type":"post","link":"https:\/\/clam.org.br\/es\/en-los-medios\/mas-de-80-embarazadas-han-muerto-desde-penalizacion-del-aborto\/3502\/","title":{"rendered":"M\u00e1s de 80 embarazadas han muerto desde penalizaci\u00f3n del aborto"},"content":{"rendered":"<p><P>&nbsp;En un per\u00edodo de once meses han fallecido m\u00e1s de 80 mujeres embarazadas, desde que por ley est\u00e1 prohibido en este pa\u00eds el aborto terap\u00e9utico, seg\u00fan un informe de Human Rights Watch divulgado hoy en Managua. Angela Heimburger, investigadora de Human Rights, present\u00f3 hoy el resultado de un estudio realizado desde que la Asamblea Nacional de Nicaragua, aprob\u00f3 en octubre de 2006 una norma anti-aborto que fue promulgada en noviembre de ese mismo a\u00f1o. El Parlamento reafirm\u00f3 en septiembre pasado la prohibici\u00f3n del aborto terap\u00e9utico, que hasta entonces era permitido en el C\u00f3digo Penal desde 1893. Heimburger precis\u00f3 que once de estas mujeres murieron por razones vinculadas al abort\u00f3 terap\u00e9utico, lo que representa una cifra \u00abmuy alta\u00bb en Nicaragua, donde las estad\u00edsticas sobre muertes maternas son altas, seg\u00fan cifras oficiales. <\/P> <P><a href=\"http:\/\/www.elnuevodiario.com.ni\/2007\/10\/02\/nacionales\/60453\" target=\"_blank\" rel=\"noopener\">Texto completo<\/A><\/P><\/p>\n","protected":false},"excerpt":{"rendered":"<p>En un per\u00edodo de once meses han fallecido m\u00e1s de 80 mujeres embarazadas, desde que por ley est\u00e1 prohibido en este pa\u00eds el aborto terap\u00e9utico, seg\u00fan un informe de Human Rights Watch divulgado hoy en Managua. Angela Heimburger, investigadora de Human Rights, present\u00f3 hoy el resultado de un estudio realizado desde que la Asamblea Nacional de Nicaragua, aprob\u00f3 en octubre de 2006 una norma anti-aborto que fue promulgada en noviembre de ese mismo a\u00f1o. El Parlamento reafirm\u00f3 en septiembre pasado la prohibici\u00f3n del aborto terap\u00e9utico, que hasta entonces era permitido en el C\u00f3digo Penal desde 1893. Heimburger precis\u00f3 que once de estas mujeres murieron por razones vinculadas al abort\u00f3 terap\u00e9utico, lo que representa una cifra \u00abmuy alta\u00bb en Nicaragua, donde las estad\u00edsticas sobre muertes maternas son altas, seg\u00fan cifras oficiales.<\/p>\n","protected":false},"author":1,"featured_media":0,"comment_status":"open","ping_status":"open","sticky":false,"template":"","format":"standard","meta":{"_acf_changed":false,"site-sidebar-layout":"default","site-content-layout":"default","ast-global-header-display":"","ast-main-header-display":"","ast-hfb-above-header-display":"","ast-hfb-below-header-display":"","ast-hfb-mobile-header-display":"","site-post-title":"","ast-breadcrumbs-content":"","ast-featured-img":"","footer-sml-layout":"","theme-transparent-header-meta":"","adv-header-id-meta":"","stick-header-meta":"","header-above-stick-meta":"","header-main-stick-meta":"","header-below-stick-meta":"","_jetpack_memberships_contains_paid_content":false,"footnotes":""},"categories":[27],"tags":[],"class_list":["post-3502","post","type-post","status-publish","format-standard","hentry","category-en-los-medios"],"acf":[],"yoast_head":"<!-- This site is optimized with the Yoast SEO plugin v26.1.1 - https:\/\/yoast.com\/wordpress\/plugins\/seo\/ -->\n<title>M\u00e1s de 80 embarazadas han muerto desde penalizaci\u00f3n del aborto - CLAM - ES<\/title>\n<meta name=\"robots\" content=\"index, follow, max-snippet:-1, max-image-preview:large, max-video-preview:-1\" \/>\n<link rel=\"canonical\" href=\"https:\/\/clam.org.br\/es\/en-los-medios\/mas-de-80-embarazadas-han-muerto-desde-penalizacion-del-aborto\/3502\/\" \/>\n<meta property=\"og:locale\" content=\"es_ES\" \/>\n<meta property=\"og:type\" content=\"article\" \/>\n<meta property=\"og:title\" content=\"M\u00e1s de 80 embarazadas han muerto desde penalizaci\u00f3n del aborto - CLAM - ES\" \/>\n<meta property=\"og:description\" content=\"En un per\u00edodo de once meses han fallecido m\u00e1s de 80 mujeres embarazadas, desde que por ley est\u00e1 prohibido en este pa\u00eds el aborto terap\u00e9utico, seg\u00fan un informe de Human Rights Watch divulgado hoy en Managua. Angela Heimburger, investigadora de Human Rights, present\u00f3 hoy el resultado de un estudio realizado desde que la Asamblea Nacional de Nicaragua, aprob\u00f3 en octubre de 2006 una norma anti-aborto que fue promulgada en noviembre de ese mismo a\u00f1o. El Parlamento reafirm\u00f3 en septiembre pasado la prohibici\u00f3n del aborto terap\u00e9utico, que hasta entonces era permitido en el C\u00f3digo Penal desde 1893. Heimburger precis\u00f3 que once de estas mujeres murieron por razones vinculadas al abort\u00f3 terap\u00e9utico, lo que representa una cifra &quot;muy alta&quot; en Nicaragua, donde las estad\u00edsticas sobre muertes maternas son altas, seg\u00fan cifras oficiales.\" \/>\n<meta property=\"og:url\" content=\"https:\/\/clam.org.br\/es\/en-los-medios\/mas-de-80-embarazadas-han-muerto-desde-penalizacion-del-aborto\/3502\/\" \/>\n<meta property=\"og:site_name\" content=\"CLAM - ES\" \/>\n<meta property=\"article:published_time\" content=\"2007-10-10T03:00:00+00:00\" \/>\n<meta property=\"article:modified_time\" content=\"2023-06-14T10:53:10+00:00\" \/>\n<meta name=\"author\" content=\"fw2\" \/>\n<meta name=\"twitter:card\" content=\"summary_large_image\" \/>\n<meta name=\"twitter:label1\" content=\"Escrito por\" \/>\n\t<meta name=\"twitter:data1\" content=\"fw2\" \/>\n\t<meta name=\"twitter:label2\" content=\"Tiempo de lectura\" \/>\n\t<meta name=\"twitter:data2\" content=\"1 minuto\" \/>\n<script type=\"application\/ld+json\" class=\"yoast-schema-graph\">{\"@context\":\"https:\/\/schema.org\",\"@graph\":[{\"@type\":\"WebPage\",\"@id\":\"https:\/\/clam.org.br\/es\/en-los-medios\/mas-de-80-embarazadas-han-muerto-desde-penalizacion-del-aborto\/3502\/\",\"url\":\"https:\/\/clam.org.br\/es\/en-los-medios\/mas-de-80-embarazadas-han-muerto-desde-penalizacion-del-aborto\/3502\/\",\"name\":\"M\u00e1s de 80 embarazadas han muerto desde penalizaci\u00f3n del aborto - CLAM - ES\",\"isPartOf\":{\"@id\":\"https:\/\/clam.org.br\/es\/#website\"},\"datePublished\":\"2007-10-10T03:00:00+00:00\",\"dateModified\":\"2023-06-14T10:53:10+00:00\",\"author\":{\"@id\":\"https:\/\/clam.org.br\/es\/#\/schema\/person\/fbd9a86032bf7479f94b0ded196f1010\"},\"breadcrumb\":{\"@id\":\"https:\/\/clam.org.br\/es\/en-los-medios\/mas-de-80-embarazadas-han-muerto-desde-penalizacion-del-aborto\/3502\/#breadcrumb\"},\"inLanguage\":\"es\",\"potentialAction\":[{\"@type\":\"ReadAction\",\"target\":[\"https:\/\/clam.org.br\/es\/en-los-medios\/mas-de-80-embarazadas-han-muerto-desde-penalizacion-del-aborto\/3502\/\"]}]},{\"@type\":\"BreadcrumbList\",\"@id\":\"https:\/\/clam.org.br\/es\/en-los-medios\/mas-de-80-embarazadas-han-muerto-desde-penalizacion-del-aborto\/3502\/#breadcrumb\",\"itemListElement\":[{\"@type\":\"ListItem\",\"position\":1,\"name\":\"In\u00edcio\",\"item\":\"https:\/\/clam.org.br\/es\/\"},{\"@type\":\"ListItem\",\"position\":2,\"name\":\"M\u00e1s de 80 embarazadas han muerto desde penalizaci\u00f3n del aborto\"}]},{\"@type\":\"WebSite\",\"@id\":\"https:\/\/clam.org.br\/es\/#website\",\"url\":\"https:\/\/clam.org.br\/es\/\",\"name\":\"CLAM - ES\",\"description\":\"S\u00f3 mais um site CLAM - Centro Latino-Americano em Sexualidade e Direitos Humanos sites\",\"potentialAction\":[{\"@type\":\"SearchAction\",\"target\":{\"@type\":\"EntryPoint\",\"urlTemplate\":\"https:\/\/clam.org.br\/es\/?s={search_term_string}\"},\"query-input\":{\"@type\":\"PropertyValueSpecification\",\"valueRequired\":true,\"valueName\":\"search_term_string\"}}],\"inLanguage\":\"es\"},{\"@type\":\"Person\",\"@id\":\"https:\/\/clam.org.br\/es\/#\/schema\/person\/fbd9a86032bf7479f94b0ded196f1010\",\"name\":\"fw2\",\"image\":{\"@type\":\"ImageObject\",\"inLanguage\":\"es\",\"@id\":\"https:\/\/clam.org.br\/es\/#\/schema\/person\/image\/\",\"url\":\"https:\/\/secure.gravatar.com\/avatar\/c38472c0cdbde82d9b6fcc26adb3779d?s=96&d=mm&r=g\",\"contentUrl\":\"https:\/\/secure.gravatar.com\/avatar\/c38472c0cdbde82d9b6fcc26adb3779d?s=96&d=mm&r=g\",\"caption\":\"fw2\"},\"sameAs\":[\"https:\/\/clam.fw2web.com.br\"],\"url\":\"https:\/\/clam.org.br\/es\/author\/fw2\/\"}]}<\/script>\n<!-- \/ Yoast SEO plugin. -->","yoast_head_json":{"title":"M\u00e1s de 80 embarazadas han muerto desde penalizaci\u00f3n del aborto - CLAM - ES","robots":{"index":"index","follow":"follow","max-snippet":"max-snippet:-1","max-image-preview":"max-image-preview:large","max-video-preview":"max-video-preview:-1"},"canonical":"https:\/\/clam.org.br\/es\/en-los-medios\/mas-de-80-embarazadas-han-muerto-desde-penalizacion-del-aborto\/3502\/","og_locale":"es_ES","og_type":"article","og_title":"M\u00e1s de 80 embarazadas han muerto desde penalizaci\u00f3n del aborto - CLAM - ES","og_description":"En un per\u00edodo de once meses han fallecido m\u00e1s de 80 mujeres embarazadas, desde que por ley est\u00e1 prohibido en este pa\u00eds el aborto terap\u00e9utico, seg\u00fan un informe de Human Rights Watch divulgado hoy en Managua. Angela Heimburger, investigadora de Human Rights, present\u00f3 hoy el resultado de un estudio realizado desde que la Asamblea Nacional de Nicaragua, aprob\u00f3 en octubre de 2006 una norma anti-aborto que fue promulgada en noviembre de ese mismo a\u00f1o. El Parlamento reafirm\u00f3 en septiembre pasado la prohibici\u00f3n del aborto terap\u00e9utico, que hasta entonces era permitido en el C\u00f3digo Penal desde 1893. Heimburger precis\u00f3 que once de estas mujeres murieron por razones vinculadas al abort\u00f3 terap\u00e9utico, lo que representa una cifra \"muy alta\" en Nicaragua, donde las estad\u00edsticas sobre muertes maternas son altas, seg\u00fan cifras oficiales.","og_url":"https:\/\/clam.org.br\/es\/en-los-medios\/mas-de-80-embarazadas-han-muerto-desde-penalizacion-del-aborto\/3502\/","og_site_name":"CLAM - ES","article_published_time":"2007-10-10T03:00:00+00:00","article_modified_time":"2023-06-14T10:53:10+00:00","author":"fw2","twitter_card":"summary_large_image","twitter_misc":{"Escrito por":"fw2","Tiempo de lectura":"1 minuto"},"schema":{"@context":"https:\/\/schema.org","@graph":[{"@type":"WebPage","@id":"https:\/\/clam.org.br\/es\/en-los-medios\/mas-de-80-embarazadas-han-muerto-desde-penalizacion-del-aborto\/3502\/","url":"https:\/\/clam.org.br\/es\/en-los-medios\/mas-de-80-embarazadas-han-muerto-desde-penalizacion-del-aborto\/3502\/","name":"M\u00e1s de 80 embarazadas han muerto desde penalizaci\u00f3n del aborto - CLAM - ES","isPartOf":{"@id":"https:\/\/clam.org.br\/es\/#website"},"datePublished":"2007-10-10T03:00:00+00:00","dateModified":"2023-06-14T10:53:10+00:00","author":{"@id":"https:\/\/clam.org.br\/es\/#\/schema\/person\/fbd9a86032bf7479f94b0ded196f1010"},"breadcrumb":{"@id":"https:\/\/clam.org.br\/es\/en-los-medios\/mas-de-80-embarazadas-han-muerto-desde-penalizacion-del-aborto\/3502\/#breadcrumb"},"inLanguage":"es","potentialAction":[{"@type":"ReadAction","target":["https:\/\/clam.org.br\/es\/en-los-medios\/mas-de-80-embarazadas-han-muerto-desde-penalizacion-del-aborto\/3502\/"]}]},{"@type":"BreadcrumbList","@id":"https:\/\/clam.org.br\/es\/en-los-medios\/mas-de-80-embarazadas-han-muerto-desde-penalizacion-del-aborto\/3502\/#breadcrumb","itemListElement":[{"@type":"ListItem","position":1,"name":"In\u00edcio","item":"https:\/\/clam.org.br\/es\/"},{"@type":"ListItem","position":2,"name":"M\u00e1s de 80 embarazadas han muerto desde penalizaci\u00f3n del aborto"}]},{"@type":"WebSite","@id":"https:\/\/clam.org.br\/es\/#website","url":"https:\/\/clam.org.br\/es\/","name":"CLAM - ES","description":"S\u00f3 mais um site CLAM - Centro Latino-Americano em Sexualidade e Direitos Humanos sites","potentialAction":[{"@type":"SearchAction","target":{"@type":"EntryPoint","urlTemplate":"https:\/\/clam.org.br\/es\/?s={search_term_string}"},"query-input":{"@type":"PropertyValueSpecification","valueRequired":true,"valueName":"search_term_string"}}],"inLanguage":"es"},{"@type":"Person","@id":"https:\/\/clam.org.br\/es\/#\/schema\/person\/fbd9a86032bf7479f94b0ded196f1010","name":"fw2","image":{"@type":"ImageObject","inLanguage":"es","@id":"https:\/\/clam.org.br\/es\/#\/schema\/person\/image\/","url":"https:\/\/secure.gravatar.com\/avatar\/c38472c0cdbde82d9b6fcc26adb3779d?s=96&d=mm&r=g","contentUrl":"https:\/\/secure.gravatar.com\/avatar\/c38472c0cdbde82d9b6fcc26adb3779d?s=96&d=mm&r=g","caption":"fw2"},"sameAs":["https:\/\/clam.fw2web.com.br"],"url":"https:\/\/clam.org.br\/es\/author\/fw2\/"}]}},"jetpack_featured_media_url":"","jetpack_sharing_enabled":true,"_links":{"self":[{"href":"https:\/\/clam.org.br\/es\/wp-json\/wp\/v2\/posts\/3502","targetHints":{"allow":["GET"]}}],"collection":[{"href":"https:\/\/clam.org.br\/es\/wp-json\/wp\/v2\/posts"}],"about":[{"href":"https:\/\/clam.org.br\/es\/wp-json\/wp\/v2\/types\/post"}],"author":[{"embeddable":true,"href":"https:\/\/clam.org.br\/es\/wp-json\/wp\/v2\/users\/1"}],"replies":[{"embeddable":true,"href":"https:\/\/clam.org.br\/es\/wp-json\/wp\/v2\/comments?post=3502"}],"version-history":[{"count":1,"href":"https:\/\/clam.org.br\/es\/wp-json\/wp\/v2\/posts\/3502\/revisions"}],"predecessor-version":[{"id":29001,"href":"https:\/\/clam.org.br\/es\/wp-json\/wp\/v2\/posts\/3502\/revisions\/29001"}],"wp:attachment":[{"href":"https:\/\/clam.org.br\/es\/wp-json\/wp\/v2\/media?parent=3502"}],"wp:term":[{"taxonomy":"category","embeddable":true,"href":"https:\/\/clam.org.br\/es\/wp-json\/wp\/v2\/categories?post=3502"},{"taxonomy":"post_tag","embeddable":true,"href":"https:\/\/clam.org.br\/es\/wp-json\/wp\/v2\/tags?post=3502"}],"curies":[{"name":"wp","href":"https:\/\/api.w.org\/{rel}","templated":true}]}}