{"id":35116,"date":"2024-11-11T11:02:03","date_gmt":"2024-11-11T14:02:03","guid":{"rendered":"https:\/\/clam.org.br\/es\/?p=35116"},"modified":"2024-11-11T11:02:08","modified_gmt":"2024-11-11T14:02:08","slug":"el-clam-lanza-nuevo-sitio-web","status":"publish","type":"post","link":"https:\/\/clam.org.br\/es\/destacados\/el-clam-lanza-nuevo-sitio-web\/35116\/","title":{"rendered":"El CLAM lanza nuevo sitio web"},"content":{"rendered":"\n<p>El sitio web, el principal canal de comunicaci\u00f3n del CLAM durante sus veinte a\u00f1os de existencia, cuenta con una nueva plataforma que ofrece mayor interactividad y una mejor experiencia de navegaci\u00f3n.<\/p>\n\n\n\n<p><\/p>\n\n\n\n<p>El lanzamiento del nuevo sitio coincide con el vig\u00e9simo aniversario del Centro. La plataforma se constituye como el principal canal de comunicaci\u00f3n del CLAM con su p\u00fablico. La nueva plataforma, a trav\u00e9s de la herramienta de edici\u00f3n WordPress, permite una mayor interactividad y una mejor experiencia de navegaci\u00f3n para los usuarios del sitio. Su dise\u00f1o, m\u00e1s din\u00e1mico y actual, prioriza las noticias destacadas y la producci\u00f3n del centro: libros, revista, investigaciones y programas de formaci\u00f3n y asesor\u00eda.<\/p>\n\n\n\n<p><\/p>\n\n\n\n<p>La nueva plataforma seguir\u00e1 divulgando noticias recientes del \u00e1rea, as\u00ed como las producciones de sus miembros e instituciones asociadas. Pronto se actualizar\u00e1n las versiones en espa\u00f1ol e ingl\u00e9s del sitio. Adem\u00e1s de las noticias presentadas con im\u00e1genes de mayor tama\u00f1o en un carrusel en la p\u00e1gina de inicio, el acceso al archivo y al acervo institucional sigue realiz\u00e1ndose a trav\u00e9s de pesta\u00f1as indexadas en la barra superior, cuya organizaci\u00f3n tambi\u00e9n ha sido actualizada.<\/p>\n\n\n\n<p><\/p>\n\n\n\n<p>La secci\u00f3n \u201cQui\u00e9nes somos\u201d ahora incluye minibiograf\u00edas de los integrantes del Centro y ofrece acceso abierto y gratuito a textos de sus investigadores, como art\u00edculos, libros y cap\u00edtulos. Adem\u00e1s, se ha creado una nueva secci\u00f3n para albergar las tesis y disertaciones de egresados de los programas de posgrado de UERJ, supervisadas por profesores del CLAM, a trav\u00e9s de fichas en la \u201cBiblioteca CLAM\u201d que conducen directamente a la ubicaci\u00f3n de las obras en la Biblioteca de Tesis y Disertaciones de UERJ, parte de la Red Sirius de UERJ.<\/p>\n\n\n\n<p><\/p>\n\n\n\n<p>La Colecci\u00f3n Documentos, de distribuci\u00f3n gratuita y acceso libre en l\u00ednea a trav\u00e9s del sitio del CLAM, ha sido incluida en el carrusel de libros de la nueva p\u00e1gina de inicio, para facilitar su acceso. Esta colecci\u00f3n cuenta con 26 t\u00edtulos, la mayor\u00eda resultado de investigaciones desarrolladas en el Centro en colaboraci\u00f3n con otras instituciones. La colecci\u00f3n Sexualidad, G\u00e9nero y Sociedad, actualmente desarrollada en asociaci\u00f3n con EdUERJ, tambi\u00e9n ha sido destacada en un carrusel. Esta \u00faltima consiste en 28 vol\u00famenes monogr\u00e1ficos y antolog\u00edas sobre temas actuales en el \u00e1rea.<\/p>\n\n\n\n<p><\/p>\n\n\n\n<p>Sobre el CLAM: El Centro Latinoamericano en Sexualidad y Derechos Humanos fue creado en 2002, con el objetivo de producir, organizar y difundir conocimientos sobre g\u00e9nero, sexualidad y salud desde la perspectiva de los Derechos Humanos. Desde entonces, el CLAM ha buscado contribuir a la disminuci\u00f3n de las desigualdades de g\u00e9nero y a la lucha contra la discriminaci\u00f3n de las minor\u00edas sexuales y \u00e9tnico-raciales.<\/p>\n\n\n\n<p><\/p>\n\n\n\n<p>El proyecto articula ense\u00f1anza, investigaci\u00f3n y extensi\u00f3n universitaria, desarrollando recursos para estudiantes, investigadores, activistas, profesionales y gestores p\u00fablicos. Difunde conocimientos y contribuye a la construcci\u00f3n de redes a trav\u00e9s de la curadur\u00eda de publicaciones acad\u00e9micas y sus medios de comunicaci\u00f3n social digital. Entre ellos, se destaca la revista acad\u00e9mica triling\u00fce en portugu\u00e9s\/espa\u00f1ol\/ingl\u00e9s, Sexualidad, Salud y Sociedad, Revista Latinoamericana, referencia regional en el \u00e1rea.<\/p>\n\n\n\n<p><\/p>\n\n\n\n<p>El CLAM organiza, apoya y participa en eventos, ofrece cursos y mantiene un acervo bibliogr\u00e1fico y documental digital de acceso abierto en su sitio. Este \u00faltimo, ahora renovado, fue creado en 2005 y ha destacado por su pionerismo en la difusi\u00f3n de contenidos sobre g\u00e9nero, sexualidad y pol\u00edtica en formato digital. Su bolet\u00edn mensual alcanza a cerca de 10,000 activistas, investigadores\/as, estudiantes, gestores p\u00fablicos y profesionales de diversas \u00e1reas de Brasil, Am\u00e9rica Latina y otras regiones del mundo.<\/p>\n\n\n\n<p><\/p>\n\n\n\n<p>A lo largo de su trayectoria, el CLAM ha desarrollado colaboraciones acad\u00e9micas y en comunicaci\u00f3n social de alcance regional, en asociaci\u00f3n con instituciones de investigaci\u00f3n y organizaciones sociales feministas, LGBTQIA+, de lucha contra el SIDA y de Derechos Humanos en Argentina, Chile, Per\u00fa, Colombia y M\u00e9xico, con varias investigaciones regionales y numerosas publicaciones. El Centro tambi\u00e9n ha brindado asesor\u00edas, integrado foros y desarrollado alianzas con ONGs y con el Gobierno Federal y el Gobierno del Estado de R\u00edo de Janeiro, especialmente en el \u00e1rea de formaci\u00f3n continua.<\/p>\n\n\n\n<p>Desde 2018, gracias a un mayor involucramiento de estudiantes de posgrado y pasantes de grado en el CLAM, se ha reforzado la presencia del Centro en las redes sociales Facebook e Instagram. Incluso durante la pandemia de COVID-19, el Centro mantuvo la conexi\u00f3n con su p\u00fablico y activ\u00f3 alianzas con otros n\u00facleos de investigaci\u00f3n a trav\u00e9s de coloquios y seminarios en formato virtual, la publicaci\u00f3n de materiales en su sitio y publicaciones en redes sociales.<\/p>\n\n\n\n<p><\/p>\n\n\n\n<p>Desde su inicio, el CLAM ha ofrecido oportunidades de iniciaci\u00f3n cient\u00edfica (CNPq y UERJ), pasant\u00edas de extensi\u00f3n (Depext\/UERJ) y pasant\u00edas internas complementarias (EIC\/UERJ) para estudiantes de pregrado de UERJ, as\u00ed como para profesionales (Programa Proatec\/UERJ) que forman parte del equipo de comunicaci\u00f3n del n\u00facleo. Este equipo se estructur\u00f3 con el apoyo de becas de extensi\u00f3n, pasant\u00edas internas complementarias y PROATEC. El equipo del CLAM agradece estos programas, as\u00ed como los apoyos peri\u00f3dicos de CAPES, CNPq y FAPERJ.<\/p>\n\n\n\n<p><\/p>\n\n\n\n<p>En 2022, el Centro cambi\u00f3 su coordinaci\u00f3n general, siempre a cargo de docentes del IMS\/UERJ. Bajo la responsabilidad de S\u00e9rgio Carrara y Maria Luiza Heilborn desde su fundaci\u00f3n, luego de Jane Russo y Horacio S\u00edvori desde 2014, pas\u00f3 a estar bajo el cuidado de Claudia Mora. La gesti\u00f3n ejecutiva se comparte actualmente con el excoordinador y la profesora Laura Lowenkron.<\/p>\n\n\n\n<p><\/p>\n\n\n\n<p>CLAM 20 a\u00f1os: En 2023, el Centro cumple veinte a\u00f1os. En conmemoraci\u00f3n, se llevar\u00e1 a cabo el seminario internacional \u201cSexualidad y Derechos Humanos: memoria de la formaci\u00f3n de un campo de estudios\u201d los d\u00edas 6 y 7 de junio de 2024, de manera presencial en el Instituto de Medicina Social de UERJ, sede del CLAM, con transmisi\u00f3n en l\u00ednea, lo que permitir\u00e1 la participaci\u00f3n de forma remota. Tambi\u00e9n se realizar\u00e1 una exhibici\u00f3n con material de archivo del centro en el entorno f\u00edsico y virtual. Se prev\u00e9 la publicaci\u00f3n de un volumen conmemorativo desarrollado a partir de las intervenciones y debates del seminario.<\/p>\n\n\n\n<p><\/p>\n\n\n\n<p>El equipo del CLAM agradece a los profesionales que colaboraron con el Centro en esta tarea y al p\u00fablico que sigue sus trabajos. Invitamos a explorar el nuevo portal y a actualizar su inscripci\u00f3n en el bolet\u00edn para seguir nuestras novedades y pr\u00f3ximos lanzamientos.<\/p>\n","protected":false},"excerpt":{"rendered":"<p>El sitio web, el principal canal de comunicaci\u00f3n del CLAM durante sus veinte a\u00f1os de existencia, cuenta con una nueva plataforma que ofrece mayor interactividad y una mejor experiencia de navegaci\u00f3n. El lanzamiento del nuevo sitio coincide con el vig\u00e9simo aniversario del Centro. La plataforma se constituye como el principal canal de comunicaci\u00f3n del CLAM con su p\u00fablico. La nueva plataforma, a trav\u00e9s de la herramienta de edici\u00f3n WordPress, permite una mayor interactividad y una &hellip;<\/p>\n<p class=\"read-more\"> <a class=\"\" href=\"https:\/\/clam.org.br\/es\/destacados\/el-clam-lanza-nuevo-sitio-web\/35116\/\"> <span class=\"screen-reader-text\">El CLAM lanza nuevo sitio web<\/span> Leer m\u00e1s &raquo;<\/a><\/p>\n","protected":false},"author":2,"featured_media":35117,"comment_status":"open","ping_status":"open","sticky":false,"template":"","format":"standard","meta":{"_acf_changed":false,"site-sidebar-layout":"default","site-content-layout":"default","ast-global-header-display":"","ast-main-header-display":"","ast-hfb-above-header-display":"","ast-hfb-below-header-display":"","ast-hfb-mobile-header-display":"","site-post-title":"","ast-breadcrumbs-content":"","ast-featured-img":"","footer-sml-layout":"","theme-transparent-header-meta":"","adv-header-id-meta":"","stick-header-meta":"","header-above-stick-meta":"","header-main-stick-meta":"","header-below-stick-meta":"","_jetpack_memberships_contains_paid_content":false,"footnotes":""},"categories":[37],"tags":[],"class_list":["post-35116","post","type-post","status-publish","format-standard","has-post-thumbnail","hentry","category-destacados"],"acf":[],"yoast_head":"<!-- This site is optimized with the Yoast SEO plugin v26.1.1 - https:\/\/yoast.com\/wordpress\/plugins\/seo\/ -->\n<title>El CLAM lanza nuevo sitio web - CLAM - ES<\/title>\n<meta name=\"robots\" content=\"index, follow, max-snippet:-1, max-image-preview:large, max-video-preview:-1\" \/>\n<link rel=\"canonical\" href=\"https:\/\/clam.org.br\/es\/destacados\/el-clam-lanza-nuevo-sitio-web\/35116\/\" \/>\n<meta property=\"og:locale\" content=\"es_ES\" \/>\n<meta property=\"og:type\" content=\"article\" \/>\n<meta property=\"og:title\" content=\"El CLAM lanza nuevo sitio web - CLAM - ES\" \/>\n<meta property=\"og:description\" content=\"El sitio web, el principal canal de comunicaci\u00f3n del CLAM durante sus veinte a\u00f1os de existencia, cuenta con una nueva plataforma que ofrece mayor interactividad y una mejor experiencia de navegaci\u00f3n. El lanzamiento del nuevo sitio coincide con el vig\u00e9simo aniversario del Centro. La plataforma se constituye como el principal canal de comunicaci\u00f3n del CLAM con su p\u00fablico. La nueva plataforma, a trav\u00e9s de la herramienta de edici\u00f3n WordPress, permite una mayor interactividad y una &hellip; El CLAM lanza nuevo sitio web Leer m\u00e1s &raquo;\" \/>\n<meta property=\"og:url\" content=\"https:\/\/clam.org.br\/es\/destacados\/el-clam-lanza-nuevo-sitio-web\/35116\/\" \/>\n<meta property=\"og:site_name\" content=\"CLAM - ES\" \/>\n<meta property=\"article:published_time\" content=\"2024-11-11T14:02:03+00:00\" \/>\n<meta property=\"article:modified_time\" content=\"2024-11-11T14:02:08+00:00\" \/>\n<meta property=\"og:image\" content=\"https:\/\/clam.org.br\/es\/wp-content\/uploads\/sites\/3\/2024\/11\/CLAM-lanca-novo-site-2-1.png\" \/>\n\t<meta property=\"og:image:width\" content=\"1024\" \/>\n\t<meta property=\"og:image:height\" content=\"256\" \/>\n\t<meta property=\"og:image:type\" content=\"image\/png\" \/>\n<meta name=\"author\" content=\"clam\" \/>\n<meta name=\"twitter:card\" content=\"summary_large_image\" \/>\n<meta name=\"twitter:label1\" content=\"Escrito por\" \/>\n\t<meta name=\"twitter:data1\" content=\"clam\" \/>\n\t<meta name=\"twitter:label2\" content=\"Tiempo de lectura\" \/>\n\t<meta name=\"twitter:data2\" content=\"5 minutos\" \/>\n<script type=\"application\/ld+json\" class=\"yoast-schema-graph\">{\"@context\":\"https:\/\/schema.org\",\"@graph\":[{\"@type\":\"WebPage\",\"@id\":\"https:\/\/clam.org.br\/es\/destacados\/el-clam-lanza-nuevo-sitio-web\/35116\/\",\"url\":\"https:\/\/clam.org.br\/es\/destacados\/el-clam-lanza-nuevo-sitio-web\/35116\/\",\"name\":\"El CLAM lanza nuevo sitio web - CLAM - ES\",\"isPartOf\":{\"@id\":\"https:\/\/clam.org.br\/es\/#website\"},\"primaryImageOfPage\":{\"@id\":\"https:\/\/clam.org.br\/es\/destacados\/el-clam-lanza-nuevo-sitio-web\/35116\/#primaryimage\"},\"image\":{\"@id\":\"https:\/\/clam.org.br\/es\/destacados\/el-clam-lanza-nuevo-sitio-web\/35116\/#primaryimage\"},\"thumbnailUrl\":\"https:\/\/clam.org.br\/es\/wp-content\/uploads\/sites\/3\/2024\/11\/CLAM-lanca-novo-site-2-1.png\",\"datePublished\":\"2024-11-11T14:02:03+00:00\",\"dateModified\":\"2024-11-11T14:02:08+00:00\",\"author\":{\"@id\":\"https:\/\/clam.org.br\/es\/#\/schema\/person\/bb7ade0266af558f6fdfef28eab3efcd\"},\"breadcrumb\":{\"@id\":\"https:\/\/clam.org.br\/es\/destacados\/el-clam-lanza-nuevo-sitio-web\/35116\/#breadcrumb\"},\"inLanguage\":\"es\",\"potentialAction\":[{\"@type\":\"ReadAction\",\"target\":[\"https:\/\/clam.org.br\/es\/destacados\/el-clam-lanza-nuevo-sitio-web\/35116\/\"]}]},{\"@type\":\"ImageObject\",\"inLanguage\":\"es\",\"@id\":\"https:\/\/clam.org.br\/es\/destacados\/el-clam-lanza-nuevo-sitio-web\/35116\/#primaryimage\",\"url\":\"https:\/\/clam.org.br\/es\/wp-content\/uploads\/sites\/3\/2024\/11\/CLAM-lanca-novo-site-2-1.png\",\"contentUrl\":\"https:\/\/clam.org.br\/es\/wp-content\/uploads\/sites\/3\/2024\/11\/CLAM-lanca-novo-site-2-1.png\",\"width\":1024,\"height\":256},{\"@type\":\"BreadcrumbList\",\"@id\":\"https:\/\/clam.org.br\/es\/destacados\/el-clam-lanza-nuevo-sitio-web\/35116\/#breadcrumb\",\"itemListElement\":[{\"@type\":\"ListItem\",\"position\":1,\"name\":\"In\u00edcio\",\"item\":\"https:\/\/clam.org.br\/es\/\"},{\"@type\":\"ListItem\",\"position\":2,\"name\":\"El CLAM lanza nuevo sitio web\"}]},{\"@type\":\"WebSite\",\"@id\":\"https:\/\/clam.org.br\/es\/#website\",\"url\":\"https:\/\/clam.org.br\/es\/\",\"name\":\"CLAM - ES\",\"description\":\"S\u00f3 mais um site CLAM - Centro Latino-Americano em Sexualidade e Direitos Humanos sites\",\"potentialAction\":[{\"@type\":\"SearchAction\",\"target\":{\"@type\":\"EntryPoint\",\"urlTemplate\":\"https:\/\/clam.org.br\/es\/?s={search_term_string}\"},\"query-input\":{\"@type\":\"PropertyValueSpecification\",\"valueRequired\":true,\"valueName\":\"search_term_string\"}}],\"inLanguage\":\"es\"},{\"@type\":\"Person\",\"@id\":\"https:\/\/clam.org.br\/es\/#\/schema\/person\/bb7ade0266af558f6fdfef28eab3efcd\",\"name\":\"clam\",\"image\":{\"@type\":\"ImageObject\",\"inLanguage\":\"es\",\"@id\":\"https:\/\/clam.org.br\/es\/#\/schema\/person\/image\/\",\"url\":\"https:\/\/secure.gravatar.com\/avatar\/960336c4095eede6adaa27c7bc9c98b5?s=96&d=mm&r=g\",\"contentUrl\":\"https:\/\/secure.gravatar.com\/avatar\/960336c4095eede6adaa27c7bc9c98b5?s=96&d=mm&r=g\",\"caption\":\"clam\"},\"url\":\"https:\/\/clam.org.br\/es\/author\/clam\/\"}]}<\/script>\n<!-- \/ Yoast SEO plugin. -->","yoast_head_json":{"title":"El CLAM lanza nuevo sitio web - CLAM - ES","robots":{"index":"index","follow":"follow","max-snippet":"max-snippet:-1","max-image-preview":"max-image-preview:large","max-video-preview":"max-video-preview:-1"},"canonical":"https:\/\/clam.org.br\/es\/destacados\/el-clam-lanza-nuevo-sitio-web\/35116\/","og_locale":"es_ES","og_type":"article","og_title":"El CLAM lanza nuevo sitio web - CLAM - ES","og_description":"El sitio web, el principal canal de comunicaci\u00f3n del CLAM durante sus veinte a\u00f1os de existencia, cuenta con una nueva plataforma que ofrece mayor interactividad y una mejor experiencia de navegaci\u00f3n. El lanzamiento del nuevo sitio coincide con el vig\u00e9simo aniversario del Centro. La plataforma se constituye como el principal canal de comunicaci\u00f3n del CLAM con su p\u00fablico. La nueva plataforma, a trav\u00e9s de la herramienta de edici\u00f3n WordPress, permite una mayor interactividad y una &hellip; El CLAM lanza nuevo sitio web Leer m\u00e1s &raquo;","og_url":"https:\/\/clam.org.br\/es\/destacados\/el-clam-lanza-nuevo-sitio-web\/35116\/","og_site_name":"CLAM - ES","article_published_time":"2024-11-11T14:02:03+00:00","article_modified_time":"2024-11-11T14:02:08+00:00","og_image":[{"width":1024,"height":256,"url":"https:\/\/clam.org.br\/es\/wp-content\/uploads\/sites\/3\/2024\/11\/CLAM-lanca-novo-site-2-1.png","type":"image\/png"}],"author":"clam","twitter_card":"summary_large_image","twitter_misc":{"Escrito por":"clam","Tiempo de lectura":"5 minutos"},"schema":{"@context":"https:\/\/schema.org","@graph":[{"@type":"WebPage","@id":"https:\/\/clam.org.br\/es\/destacados\/el-clam-lanza-nuevo-sitio-web\/35116\/","url":"https:\/\/clam.org.br\/es\/destacados\/el-clam-lanza-nuevo-sitio-web\/35116\/","name":"El CLAM lanza nuevo sitio web - CLAM - ES","isPartOf":{"@id":"https:\/\/clam.org.br\/es\/#website"},"primaryImageOfPage":{"@id":"https:\/\/clam.org.br\/es\/destacados\/el-clam-lanza-nuevo-sitio-web\/35116\/#primaryimage"},"image":{"@id":"https:\/\/clam.org.br\/es\/destacados\/el-clam-lanza-nuevo-sitio-web\/35116\/#primaryimage"},"thumbnailUrl":"https:\/\/clam.org.br\/es\/wp-content\/uploads\/sites\/3\/2024\/11\/CLAM-lanca-novo-site-2-1.png","datePublished":"2024-11-11T14:02:03+00:00","dateModified":"2024-11-11T14:02:08+00:00","author":{"@id":"https:\/\/clam.org.br\/es\/#\/schema\/person\/bb7ade0266af558f6fdfef28eab3efcd"},"breadcrumb":{"@id":"https:\/\/clam.org.br\/es\/destacados\/el-clam-lanza-nuevo-sitio-web\/35116\/#breadcrumb"},"inLanguage":"es","potentialAction":[{"@type":"ReadAction","target":["https:\/\/clam.org.br\/es\/destacados\/el-clam-lanza-nuevo-sitio-web\/35116\/"]}]},{"@type":"ImageObject","inLanguage":"es","@id":"https:\/\/clam.org.br\/es\/destacados\/el-clam-lanza-nuevo-sitio-web\/35116\/#primaryimage","url":"https:\/\/clam.org.br\/es\/wp-content\/uploads\/sites\/3\/2024\/11\/CLAM-lanca-novo-site-2-1.png","contentUrl":"https:\/\/clam.org.br\/es\/wp-content\/uploads\/sites\/3\/2024\/11\/CLAM-lanca-novo-site-2-1.png","width":1024,"height":256},{"@type":"BreadcrumbList","@id":"https:\/\/clam.org.br\/es\/destacados\/el-clam-lanza-nuevo-sitio-web\/35116\/#breadcrumb","itemListElement":[{"@type":"ListItem","position":1,"name":"In\u00edcio","item":"https:\/\/clam.org.br\/es\/"},{"@type":"ListItem","position":2,"name":"El CLAM lanza nuevo sitio web"}]},{"@type":"WebSite","@id":"https:\/\/clam.org.br\/es\/#website","url":"https:\/\/clam.org.br\/es\/","name":"CLAM - ES","description":"S\u00f3 mais um site CLAM - Centro Latino-Americano em Sexualidade e Direitos Humanos sites","potentialAction":[{"@type":"SearchAction","target":{"@type":"EntryPoint","urlTemplate":"https:\/\/clam.org.br\/es\/?s={search_term_string}"},"query-input":{"@type":"PropertyValueSpecification","valueRequired":true,"valueName":"search_term_string"}}],"inLanguage":"es"},{"@type":"Person","@id":"https:\/\/clam.org.br\/es\/#\/schema\/person\/bb7ade0266af558f6fdfef28eab3efcd","name":"clam","image":{"@type":"ImageObject","inLanguage":"es","@id":"https:\/\/clam.org.br\/es\/#\/schema\/person\/image\/","url":"https:\/\/secure.gravatar.com\/avatar\/960336c4095eede6adaa27c7bc9c98b5?s=96&d=mm&r=g","contentUrl":"https:\/\/secure.gravatar.com\/avatar\/960336c4095eede6adaa27c7bc9c98b5?s=96&d=mm&r=g","caption":"clam"},"url":"https:\/\/clam.org.br\/es\/author\/clam\/"}]}},"jetpack_featured_media_url":"https:\/\/clam.org.br\/es\/wp-content\/uploads\/sites\/3\/2024\/11\/CLAM-lanca-novo-site-2-1.png","jetpack_sharing_enabled":true,"_links":{"self":[{"href":"https:\/\/clam.org.br\/es\/wp-json\/wp\/v2\/posts\/35116","targetHints":{"allow":["GET"]}}],"collection":[{"href":"https:\/\/clam.org.br\/es\/wp-json\/wp\/v2\/posts"}],"about":[{"href":"https:\/\/clam.org.br\/es\/wp-json\/wp\/v2\/types\/post"}],"author":[{"embeddable":true,"href":"https:\/\/clam.org.br\/es\/wp-json\/wp\/v2\/users\/2"}],"replies":[{"embeddable":true,"href":"https:\/\/clam.org.br\/es\/wp-json\/wp\/v2\/comments?post=35116"}],"version-history":[{"count":1,"href":"https:\/\/clam.org.br\/es\/wp-json\/wp\/v2\/posts\/35116\/revisions"}],"predecessor-version":[{"id":35118,"href":"https:\/\/clam.org.br\/es\/wp-json\/wp\/v2\/posts\/35116\/revisions\/35118"}],"wp:featuredmedia":[{"embeddable":true,"href":"https:\/\/clam.org.br\/es\/wp-json\/wp\/v2\/media\/35117"}],"wp:attachment":[{"href":"https:\/\/clam.org.br\/es\/wp-json\/wp\/v2\/media?parent=35116"}],"wp:term":[{"taxonomy":"category","embeddable":true,"href":"https:\/\/clam.org.br\/es\/wp-json\/wp\/v2\/categories?post=35116"},{"taxonomy":"post_tag","embeddable":true,"href":"https:\/\/clam.org.br\/es\/wp-json\/wp\/v2\/tags?post=35116"}],"curies":[{"name":"wp","href":"https:\/\/api.w.org\/{rel}","templated":true}]}}